{"id":103567,"date":"2025-07-16T17:25:37","date_gmt":"2025-07-16T21:25:37","guid":{"rendered":"https:\/\/lasprimeras.com.do\/?p=103567"},"modified":"2025-07-16T17:25:38","modified_gmt":"2025-07-16T21:25:38","slug":"abinader-dice-sometera-nueva-ley-organica-de-la-policia-nacional-el-16-de-agosto","status":"publish","type":"post","link":"https:\/\/lasprimeras.com.do\/index.php\/2025\/07\/16\/abinader-dice-sometera-nueva-ley-organica-de-la-policia-nacional-el-16-de-agosto\/","title":{"rendered":"Abinader dice someter\u00e1 nueva ley org\u00e1nica de la Polic\u00eda Nacional el 16 de agosto"},"content":{"rendered":"\n<p><strong>El gobernante asegur\u00f3 que esa nueva ley ser\u00e1 la base jur\u00eddica para avanzar en los cambios estructurales que demanda el cuerpo del orden.<\/strong><\/p>\n\n\n\n<p>El presidente Luis Abinader anunci\u00f3 este mi\u00e9rcoles que trabajan en la elaboraci\u00f3n de una nueva ley org\u00e1nica de la Polic\u00eda Nacional, que pretende presentar el pr\u00f3ximo 16 de agosto, cuando se inicia la nueva legislatura.<\/p>\n\n\n\n<p>El mandatario sostiene que la pieza servir\u00e1 como pilar para la transformaci\u00f3n y consolidaci\u00f3n de la reforma policial en la Rep\u00fablica Dominicana y que esa ser\u00e1 la base jur\u00eddica para avanzar en los cambios estructurales que demanda el cuerpo del orden.<\/p>\n\n\n\n<p>Abinader hizo el anuncio durante la apertura de la octava Reuni\u00f3n de Ministros en Materia de Seguridad P\u00fablica de las Am\u00e9ricas (Mispa), organizada por la Organizaci\u00f3n de los Estados Americanos (OEA) y celebrada en Santiago de los Caballeros.<\/p>\n\n\n\n<p>Durante su intervenci\u00f3n, Abinader calific\u00f3 la modernizaci\u00f3n de la instituci\u00f3n del orden como &#8220;el ancla del desarrollo, la prosperidad y la seguridad de los pueblos&#8221;.<\/p>\n\n\n\n<p>Logros alcanzados<\/p>\n\n\n\n<p>El jefe de Estado resalt\u00f3 los logros alcanzados por su administraci\u00f3n en materia de seguridad ciudadana, se\u00f1alando que el pa\u00eds cerr\u00f3 el a\u00f1o 2024 con una tasa de homicidios de 9.6 por cada 100,000 habitantes y que esta se redujo a 8.2 en junio de 2025, una de las cifras m\u00e1s bajas registradas en las \u00faltimas d\u00e9cadas.<\/p>\n\n\n\n<p>Atribuy\u00f3 esta disminuci\u00f3n a las reformas implementadas desde 2020 y a la creaci\u00f3n, en 2023, de una fuerza de tarea conjunta integrada por la Polic\u00eda Nacional, el Ministerio de Interior, el Ministerio P\u00fablico y la Direcci\u00f3n Nacional de Control de Drogas (DNCD), que ha permitido una coordinaci\u00f3n m\u00e1s efectiva en la lucha contra el crimen.<\/p>\n\n\n\n<p>Abinader tambi\u00e9n destac\u00f3 inversiones realizadas durante su gesti\u00f3n, como la construcci\u00f3n y renovaci\u00f3n de 72 estaciones de polic\u00eda en todo el pa\u00eds y el aumento de los salarios y beneficios laborales de los agentes, los cuales, seg\u00fan dijo, se han triplicado desde el inicio de su mandato.<\/p>\n\n\n\n<p>Adem\u00e1s, mencion\u00f3 el uso de tecnolog\u00eda de punta, incluyendo inteligencia artificial y drones, as\u00ed como la implementaci\u00f3n de programas de participaci\u00f3n comunitaria con juntas de vecinos, como parte de una estrategia integral de seguridad.<\/p>\n\n\n\n<p>Mispa es un foro estrat\u00e9gico que re\u00fane a ministros y altos responsables de seguridad p\u00fablica del continente americano, con el objetivo de coordinar esfuerzos y compartir experiencias para enfrentar los desaf\u00edos comunes en la regi\u00f3n. El evento se extiende hasta ma\u00f1ana jueves.<\/p>\n","protected":false},"excerpt":{"rendered":"<p>El gobernante asegur\u00f3 que esa nueva ley ser\u00e1 la base jur\u00eddica para avanzar en los cambios estructurales que demanda el cuerpo del orden. El presidente Luis Abinader anunci\u00f3 este mi\u00e9rcoles&hellip;<\/p>\n","protected":false},"author":2,"featured_media":102708,"comment_status":"open","ping_status":"open","sticky":false,"template":"","format":"standard","meta":{"content-type":"","jetpack_post_was_ever_published":false,"_jetpack_newsletter_access":"","_jetpack_dont_email_post_to_subs":false,"_jetpack_newsletter_tier_id":0,"_jetpack_memberships_contains_paywalled_content":false,"_jetpack_memberships_contains_paid_content":false,"footnotes":""},"categories":[35,25],"tags":[6069,21743,4952,67,1157],"class_list":["post-103567","post","type-post","status-publish","format-standard","has-post-thumbnail","hentry","category-nacionales","category-portada","tag-16-de-agosto","tag-base-juridica","tag-ley-organica","tag-luis-abinader","tag-policia-nacional"],"jetpack_featured_media_url":"https:\/\/lasprimeras.com.do\/wp-content\/uploads\/2025\/07\/Luis-Abinader-2-1.jpg","jetpack-related-posts":[{"id":117282,"url":"https:\/\/lasprimeras.com.do\/index.php\/2025\/12\/08\/senado-recibe-del-poder-ejecutivo-anteproyecto-de-ley-organica-de-la-policia-nacional\/","url_meta":{"origin":103567,"position":0},"title":"Senado recibe del Poder Ejecutivo Anteproyecto de Ley Org\u00e1nica de la Polic\u00eda Nacional","author":"Nelson Feliz","date":"8 de diciembre de 2025","format":false,"excerpt":"Ricardo de los Santos garantiz\u00f3 que ma\u00f1ana la pieza ser\u00e1 enviada a una comisi\u00f3n para su estudio El Senado de la Rep\u00fablica recibi\u00f3 del Poder Ejecutivo la tarde de este lunes el Anteproyecto de Ley Org\u00e1nica de la Polic\u00eda Nacional, que busca regular la organizaci\u00f3n y funcionamiento de la uniformada,\u2026","rel":"","context":"En \u00abNACIONALES\u00bb","block_context":{"text":"NACIONALES","link":"https:\/\/lasprimeras.com.do\/index.php\/category\/nacionales\/"},"img":{"alt_text":"","src":"https:\/\/i0.wp.com\/lasprimeras.com.do\/wp-content\/uploads\/2025\/12\/ley-1.jpg?resize=350%2C200&ssl=1","width":350,"height":200,"srcset":"https:\/\/i0.wp.com\/lasprimeras.com.do\/wp-content\/uploads\/2025\/12\/ley-1.jpg?resize=350%2C200&ssl=1 1x, https:\/\/i0.wp.com\/lasprimeras.com.do\/wp-content\/uploads\/2025\/12\/ley-1.jpg?resize=525%2C300&ssl=1 1.5x, https:\/\/i0.wp.com\/lasprimeras.com.do\/wp-content\/uploads\/2025\/12\/ley-1.jpg?resize=700%2C400&ssl=1 2x"},"classes":[]},{"id":105495,"url":"https:\/\/lasprimeras.com.do\/index.php\/2025\/08\/04\/ricardo-de-los-santos-felicita-al-presidente-abinader-por-la-promulgacion-del-codigo-penal\/","url_meta":{"origin":103567,"position":1},"title":"Ricardo de los Santos felicita al presidente Abinader por la promulgaci\u00f3n del C\u00f3digo Penal","author":"Nelson Feliz","date":"4 de agosto de 2025","format":false,"excerpt":"\u00a0El presidente del Senado, Ricardo de los Santos, agradeci\u00f3 al mandatario de la Rep\u00fablica, Luis Abinader, por acoger con responsabilidad y visi\u00f3n de futuro el nuevo C\u00f3digo Penal, una pieza legislativa esperada por la sociedad dominicana. El representante de S\u00e1nchez Ram\u00edrez, a trav\u00e9s de un mensaje en su cuenta de\u2026","rel":"","context":"En \u00abNACIONALES\u00bb","block_context":{"text":"NACIONALES","link":"https:\/\/lasprimeras.com.do\/index.php\/category\/nacionales\/"},"img":{"alt_text":"Ricardo de los Santos","src":"https:\/\/i0.wp.com\/lasprimeras.com.do\/wp-content\/uploads\/2025\/08\/Ricardo-de-los-Santos-1.jpg?resize=350%2C200&ssl=1","width":350,"height":200,"srcset":"https:\/\/i0.wp.com\/lasprimeras.com.do\/wp-content\/uploads\/2025\/08\/Ricardo-de-los-Santos-1.jpg?resize=350%2C200&ssl=1 1x, https:\/\/i0.wp.com\/lasprimeras.com.do\/wp-content\/uploads\/2025\/08\/Ricardo-de-los-Santos-1.jpg?resize=525%2C300&ssl=1 1.5x, https:\/\/i0.wp.com\/lasprimeras.com.do\/wp-content\/uploads\/2025\/08\/Ricardo-de-los-Santos-1.jpg?resize=700%2C400&ssl=1 2x"},"classes":[]},{"id":119022,"url":"https:\/\/lasprimeras.com.do\/index.php\/2026\/01\/06\/abinader-designa-a-jorge-subero-isa-como-consultor-juridico-del-poder-ejecutivo\/","url_meta":{"origin":103567,"position":2},"title":"Abinader designa a Jorge Subero Isa como consultor jur\u00eddico del Poder Ejecutivo","author":"Nelson Feliz","date":"6 de enero de 2026","format":false,"excerpt":"Jorge Subero Isa","rel":"","context":"En \u00abNACIONALES\u00bb","block_context":{"text":"NACIONALES","link":"https:\/\/lasprimeras.com.do\/index.php\/category\/nacionales\/"},"img":{"alt_text":"Jorge Subero Isa","src":"https:\/\/i0.wp.com\/lasprimeras.com.do\/wp-content\/uploads\/2023\/08\/Jorge-Subero-Isa.jpg?resize=350%2C200&ssl=1","width":350,"height":200,"srcset":"https:\/\/i0.wp.com\/lasprimeras.com.do\/wp-content\/uploads\/2023\/08\/Jorge-Subero-Isa.jpg?resize=350%2C200&ssl=1 1x, https:\/\/i0.wp.com\/lasprimeras.com.do\/wp-content\/uploads\/2023\/08\/Jorge-Subero-Isa.jpg?resize=525%2C300&ssl=1 1.5x"},"classes":[]},{"id":114886,"url":"https:\/\/lasprimeras.com.do\/index.php\/2025\/11\/17\/adocco-asegura-abinader-no-violaria-constitucion-al-mantener-a-guzman-peralta-en-la-policia\/","url_meta":{"origin":103567,"position":3},"title":"Adocco asegura Abinader no violar\u00eda Constituci\u00f3n al mantener a Guzm\u00e1n Peralta en la Polic\u00eda","author":"Nelson Feliz","date":"17 de noviembre de 2025","format":false,"excerpt":"Adocco considera oportuno que el presidente Abinader mantenga en el puesto a Guzm\u00e1n Peralta para no afectar el proceso de reforma policial. La Alianza Dominicana Contra la Corrupci\u00f3n (Adocco) asegur\u00f3 este lunes que el presidente Luis Abinader no estar\u00eda infringiendo los mandatos establecidos en la Constituci\u00f3n si decide mantener al\u2026","rel":"","context":"En \u00abNACIONALES\u00bb","block_context":{"text":"NACIONALES","link":"https:\/\/lasprimeras.com.do\/index.php\/category\/nacionales\/"},"img":{"alt_text":"","src":"https:\/\/i0.wp.com\/lasprimeras.com.do\/wp-content\/uploads\/2025\/11\/Julio-Cesar-de-la-Rosa.jpg?resize=350%2C200&ssl=1","width":350,"height":200,"srcset":"https:\/\/i0.wp.com\/lasprimeras.com.do\/wp-content\/uploads\/2025\/11\/Julio-Cesar-de-la-Rosa.jpg?resize=350%2C200&ssl=1 1x, https:\/\/i0.wp.com\/lasprimeras.com.do\/wp-content\/uploads\/2025\/11\/Julio-Cesar-de-la-Rosa.jpg?resize=525%2C300&ssl=1 1.5x, https:\/\/i0.wp.com\/lasprimeras.com.do\/wp-content\/uploads\/2025\/11\/Julio-Cesar-de-la-Rosa.jpg?resize=700%2C400&ssl=1 2x, https:\/\/i0.wp.com\/lasprimeras.com.do\/wp-content\/uploads\/2025\/11\/Julio-Cesar-de-la-Rosa.jpg?resize=1050%2C600&ssl=1 3x"},"classes":[]},{"id":115363,"url":"https:\/\/lasprimeras.com.do\/index.php\/2025\/11\/21\/antoliano-peralta-revela-que-abogados-intimaron-al-poder-ejecutivo-para-sustituir-al-director-de-la-pn\/","url_meta":{"origin":103567,"position":4},"title":"Antoliano Peralta revela que abogados intimaron al Poder Ejecutivo para sustituir al director de la PN","author":"Nelson Feliz","date":"21 de noviembre de 2025","format":false,"excerpt":"El consultor jur\u00eddico del Poder Ejecutivo, Antoliano Peralta, revel\u00f3 este viernes que cuatro abogados, identificados como Manny Sierra, Jhon Guilliani y otras dos personas, han notificado formalmente al Gobierno con una intimaci\u00f3n para que proceda con la sustituci\u00f3n del actual director de la Polic\u00eda Nacional, Mayor General Lic. Ramon Antonio\u2026","rel":"","context":"En \u00abNACIONALES\u00bb","block_context":{"text":"NACIONALES","link":"https:\/\/lasprimeras.com.do\/index.php\/category\/nacionales\/"},"img":{"alt_text":"Antoliano Peralta","src":"https:\/\/i0.wp.com\/lasprimeras.com.do\/wp-content\/uploads\/2025\/02\/Antoliano-Peralta.jpg?resize=350%2C200&ssl=1","width":350,"height":200,"srcset":"https:\/\/i0.wp.com\/lasprimeras.com.do\/wp-content\/uploads\/2025\/02\/Antoliano-Peralta.jpg?resize=350%2C200&ssl=1 1x, https:\/\/i0.wp.com\/lasprimeras.com.do\/wp-content\/uploads\/2025\/02\/Antoliano-Peralta.jpg?resize=525%2C300&ssl=1 1.5x, https:\/\/i0.wp.com\/lasprimeras.com.do\/wp-content\/uploads\/2025\/02\/Antoliano-Peralta.jpg?resize=700%2C400&ssl=1 2x"},"classes":[]},{"id":86045,"url":"https:\/\/lasprimeras.com.do\/index.php\/2024\/07\/15\/gobierno-anunciara-fechas-para-reformas-el-16-de-agosto\/","url_meta":{"origin":103567,"position":5},"title":"Gobierno anunciar\u00e1 fechas para reformas el 16 de agosto","author":"Nelson Feliz","date":"15 de julio de 2024","format":false,"excerpt":"Las reformas han sido un tema central en el nuevo mandato que asumir\u00e1 el presidente Luis Abinader. Estas tienen como objetivo solucionar o corregir \"algo que no funciona\" conforme a una nueva realidad de un pa\u00eds. Este tema ha generado opiniones a favor y en contra, ya que muchos las\u2026","rel":"","context":"En \u00abNACIONALES\u00bb","block_context":{"text":"NACIONALES","link":"https:\/\/lasprimeras.com.do\/index.php\/category\/nacionales\/"},"img":{"alt_text":"","src":"https:\/\/i0.wp.com\/lasprimeras.com.do\/wp-content\/uploads\/2024\/07\/camara.jpg?resize=350%2C200&ssl=1","width":350,"height":200,"srcset":"https:\/\/i0.wp.com\/lasprimeras.com.do\/wp-content\/uploads\/2024\/07\/camara.jpg?resize=350%2C200&ssl=1 1x, https:\/\/i0.wp.com\/lasprimeras.com.do\/wp-content\/uploads\/2024\/07\/camara.jpg?resize=525%2C300&ssl=1 1.5x, https:\/\/i0.wp.com\/lasprimeras.com.do\/wp-content\/uploads\/2024\/07\/camara.jpg?resize=700%2C400&ssl=1 2x"},"classes":[]}],"jetpack_sharing_enabled":true,"_links":{"self":[{"href":"https:\/\/lasprimeras.com.do\/index.php\/wp-json\/wp\/v2\/posts\/103567","targetHints":{"allow":["GET"]}}],"collection":[{"href":"https:\/\/lasprimeras.com.do\/index.php\/wp-json\/wp\/v2\/posts"}],"about":[{"href":"https:\/\/lasprimeras.com.do\/index.php\/wp-json\/wp\/v2\/types\/post"}],"author":[{"embeddable":true,"href":"https:\/\/lasprimeras.com.do\/index.php\/wp-json\/wp\/v2\/users\/2"}],"replies":[{"embeddable":true,"href":"https:\/\/lasprimeras.com.do\/index.php\/wp-json\/wp\/v2\/comments?post=103567"}],"version-history":[{"count":1,"href":"https:\/\/lasprimeras.com.do\/index.php\/wp-json\/wp\/v2\/posts\/103567\/revisions"}],"predecessor-version":[{"id":103568,"href":"https:\/\/lasprimeras.com.do\/index.php\/wp-json\/wp\/v2\/posts\/103567\/revisions\/103568"}],"wp:featuredmedia":[{"embeddable":true,"href":"https:\/\/lasprimeras.com.do\/index.php\/wp-json\/wp\/v2\/media\/102708"}],"wp:attachment":[{"href":"https:\/\/lasprimeras.com.do\/index.php\/wp-json\/wp\/v2\/media?parent=103567"}],"wp:term":[{"taxonomy":"category","embeddable":true,"href":"https:\/\/lasprimeras.com.do\/index.php\/wp-json\/wp\/v2\/categories?post=103567"},{"taxonomy":"post_tag","embeddable":true,"href":"https:\/\/lasprimeras.com.do\/index.php\/wp-json\/wp\/v2\/tags?post=103567"}],"curies":[{"name":"wp","href":"https:\/\/api.w.org\/{rel}","templated":true}]}}