{"id":103571,"date":"2025-07-16T17:44:02","date_gmt":"2025-07-16T21:44:02","guid":{"rendered":"https:\/\/lasprimeras.com.do\/?p=103571"},"modified":"2025-07-16T17:44:03","modified_gmt":"2025-07-16T21:44:03","slug":"hipolito-mejia-exige-al-director-de-bienes-nacionales-probar-mafias-de-terrenos-en-su-gobierno","status":"publish","type":"post","link":"https:\/\/lasprimeras.com.do\/index.php\/2025\/07\/16\/hipolito-mejia-exige-al-director-de-bienes-nacionales-probar-mafias-de-terrenos-en-su-gobierno\/","title":{"rendered":"Hip\u00f3lito Mej\u00eda exige al director de Bienes Nacionales probar mafias de terrenos en su gobierno"},"content":{"rendered":"\n<p><strong>El expresidente y exsecretario de Agricultura respondi\u00f3 a las declaraciones dadas por el director de Bienes Nacionales en un Di\u00e1logo Libre.<\/strong><\/p>\n\n\n\n<p>El expresidente Hip\u00f3lito Mej\u00eda solicit\u00f3 al director general de Bienes Nacionales, Rafael Burgos, presentar &#8220;con hechos, casos y detalles&#8221; los expedientes de los funcionarios que pudieran estar involucrados en la compra de terrenos del Estado en el Gobierno 2000-2004, que \u00e9l presidi\u00f3.<\/p>\n\n\n\n<p>En una misiva, firmada por \u00e9l y publicada en sus redes sociales, Mej\u00eda cit\u00f3 las declaraciones de Burgos en un Di\u00e1logo Libre, en el que asegur\u00f3 que el Estado dominicano perdi\u00f3 m\u00e1s de 2 millones de tareas del 2000 al 2020 debido a la mala gesti\u00f3n de funcionarios en el pasado.<\/p>\n\n\n\n<p>Los terrenos estatales habr\u00edan sido negociados bajo esquemas de corrupci\u00f3n que buscaban repartirlos como una &#8220;pi\u00f1ata&#8221;, denunci\u00f3 Burgos.<\/p>\n\n\n\n<p>Eltambi\u00e9n titular del Consejo Estatal del Az\u00facar (CEA) declar\u00f3 que el 70 % de esos terrenos fue adquirido &#8220;por diferentes sectores de la vida nacional y muchas de ellas fueron regaladas o pagadas a un precio vil&#8221;, que se repartieron tanto entre pobres, como entre los m\u00e1s adinerados, que consiguieron t\u00edtulos de propiedad para fincas &#8220;con miles de tareas&#8221; en detrimento del Estado.<\/p>\n\n\n\n<p>&#8220;Como sus declaraciones salpican, alegremente, a todos cuanto trabajamos en el per\u00edodo gubernamental que me toc\u00f3 presidir deseo solicitarle que, en lo que pudiera referirse a mi persona precise con hechos, casos y detalles, todos los expedientes en que quien suscribe pudiera estar involucrado, directa o indirectamente, en relaci\u00f3n con los hechos a los que usted se ha referido&#8221;, zanj\u00f3 Mej\u00eda.<\/p>\n\n\n\n<p>El pol\u00edtico tambi\u00e9n exigi\u00f3 la misma transparencia para cualquier caso o situaci\u00f3n que lo involucre en &#8220;apropiaciones dolosas&#8221; en su desempe\u00f1o como secretario de Agricultura, durante el gobierno del presidente Antonio Guzm\u00e1n Fern\u00e1ndez (1978-1982).<\/p>\n\n\n\n<p>Y es que Burgos fue asesor del Poder Ejecutivo para Asuntos de Zonas Francas, ocupando luego la gobernaci\u00f3n de la provincia Santo Domingo, entre otras participaciones que tuvo en el proyecto pol\u00edtico de Mej\u00eda, que \u00e9l calific\u00f3 como &#8220;destacadas&#8221; en ese entonces.<\/p>\n\n\n\n<p>&#8220;En mi condici\u00f3n de expresidente de la Rep\u00fablica y como hombre p\u00fablico (\u2026) reclamo que usted establezca de manera clara, precisa y contundente, por los mismos medios que expres\u00f3 sus arriesgados comentarios frente a la opini\u00f3n p\u00fablica nacional, el alcance de sus declaraciones en lo que se refiere a mi persona, a mi familia y al per\u00edodo gubernamental que me toc\u00f3 servir&#8221;, concluy\u00f3 Mej\u00eda.<\/p>\n\n\n\n<p>Muchas mafias y pocas pruebas<\/p>\n\n\n\n<figure class=\"wp-block-image size-large\"><img decoding=\"async\" width=\"819\" height=\"1024\" src=\"https:\/\/lasprimeras.com.do\/wp-content\/uploads\/2025\/07\/BG-819x1024.jpg\" alt=\"\" class=\"wp-image-103572\" srcset=\"https:\/\/lasprimeras.com.do\/wp-content\/uploads\/2025\/07\/BG-819x1024.jpg 819w, https:\/\/lasprimeras.com.do\/wp-content\/uploads\/2025\/07\/BG-240x300.jpg 240w, https:\/\/lasprimeras.com.do\/wp-content\/uploads\/2025\/07\/BG-768x960.jpg 768w, https:\/\/lasprimeras.com.do\/wp-content\/uploads\/2025\/07\/BG.jpg 1080w\" sizes=\"(max-width: 819px) 100vw, 819px\" \/><\/figure>\n\n\n\n<figure class=\"wp-block-image size-large\"><img decoding=\"async\" width=\"819\" height=\"1024\" src=\"https:\/\/lasprimeras.com.do\/wp-content\/uploads\/2025\/07\/BG-2-819x1024.jpg\" alt=\"\" class=\"wp-image-103573\" srcset=\"https:\/\/lasprimeras.com.do\/wp-content\/uploads\/2025\/07\/BG-2-819x1024.jpg 819w, https:\/\/lasprimeras.com.do\/wp-content\/uploads\/2025\/07\/BG-2-240x300.jpg 240w, https:\/\/lasprimeras.com.do\/wp-content\/uploads\/2025\/07\/BG-2-768x960.jpg 768w, https:\/\/lasprimeras.com.do\/wp-content\/uploads\/2025\/07\/BG-2.jpg 1080w\" sizes=\"(max-width: 819px) 100vw, 819px\" \/><\/figure>\n\n\n\n<p>En el Di\u00e1logo Libre, el director general de Bienes Nacionales afirm\u00f3 que le ha tocado liderar a una instituci\u00f3n &#8220;demolida moralmente&#8221; por la corrupci\u00f3n interna del CEA, y asegur\u00f3 haber eliminado &#8220;m\u00e1s de 300 estructuras mafiosas&#8221; que involucraban a empleados de la instituci\u00f3n que no mov\u00edan un dedo sin una coima.<\/p>\n\n\n\n<p>Sin embargo, solo han sido 14 los casos que se han podido sustentar con la documentaci\u00f3n suficiente para ser enviados a la Procuradur\u00eda General de la Rep\u00fablica, seg\u00fan afirm\u00f3.<\/p>\n","protected":false},"excerpt":{"rendered":"<p>El expresidente y exsecretario de Agricultura respondi\u00f3 a las declaraciones dadas por el director de Bienes Nacionales en un Di\u00e1logo Libre. El expresidente Hip\u00f3lito Mej\u00eda solicit\u00f3 al director general de&hellip;<\/p>\n","protected":false},"author":2,"featured_media":103574,"comment_status":"open","ping_status":"open","sticky":false,"template":"","format":"standard","meta":{"content-type":"","jetpack_post_was_ever_published":false,"_jetpack_newsletter_access":"","_jetpack_dont_email_post_to_subs":false,"_jetpack_newsletter_tier_id":0,"_jetpack_memberships_contains_paywalled_content":false,"_jetpack_memberships_contains_paid_content":false,"footnotes":""},"categories":[16559,25],"tags":[17103,247,171,1073,13144,3358],"class_list":["post-103571","post","type-post","status-publish","format-standard","has-post-thumbnail","hentry","category-politica","category-portada","tag-bienes-nacionales","tag-director","tag-gobierno","tag-hipolito-mejia","tag-mafias","tag-terrenos"],"jetpack_featured_media_url":"https:\/\/lasprimeras.com.do\/wp-content\/uploads\/2025\/07\/HIPOLITO-MEJIA-1.jpg","jetpack-related-posts":[{"id":122902,"url":"https:\/\/lasprimeras.com.do\/index.php\/2026\/02\/23\/hipolito-mejia-apoya-las-demandas-de-los-profesionales-agropecuarios\/","url_meta":{"origin":103571,"position":0},"title":"Hip\u00f3lito Mej\u00eda apoya las demandas de los profesionales agropecuarios","author":"Nelson Feliz","date":"23 de febrero de 2026","format":false,"excerpt":"Mej\u00eda se compromete a transmitirlas al presidente Luis Abinader. El expresidente de la Rep\u00fablica, Hip\u00f3lito Mej\u00eda, expres\u00f3 este lunes su respaldo a las demandas de los profesionales agropecuarios dominicanos y se comprometi\u00f3 a transmitirlas personalmente al presidente de la Rep\u00fablica, Luis Abinader. La afirmaci\u00f3n fue realizada por el Pleno Nacional\u2026","rel":"","context":"En \u00abPOLITICA\u00bb","block_context":{"text":"POLITICA","link":"https:\/\/lasprimeras.com.do\/index.php\/category\/politica\/"},"img":{"alt_text":"Tito Hern\u00e1ndez","src":"https:\/\/i0.wp.com\/lasprimeras.com.do\/wp-content\/uploads\/2026\/02\/Tito-Hernandez.jpg?resize=350%2C200&ssl=1","width":350,"height":200,"srcset":"https:\/\/i0.wp.com\/lasprimeras.com.do\/wp-content\/uploads\/2026\/02\/Tito-Hernandez.jpg?resize=350%2C200&ssl=1 1x, https:\/\/i0.wp.com\/lasprimeras.com.do\/wp-content\/uploads\/2026\/02\/Tito-Hernandez.jpg?resize=525%2C300&ssl=1 1.5x, https:\/\/i0.wp.com\/lasprimeras.com.do\/wp-content\/uploads\/2026\/02\/Tito-Hernandez.jpg?resize=700%2C400&ssl=1 2x"},"classes":[]},{"id":111674,"url":"https:\/\/lasprimeras.com.do\/index.php\/2025\/10\/12\/intabaco-inaugura-escuela-tabacalera-hipolito-mejia\/","url_meta":{"origin":103571,"position":1},"title":"Intabaco inaugura Escuela Tabacalera Hip\u00f3lito Mej\u00eda","author":"Nelson Feliz","date":"12 de octubre de 2025","format":false,"excerpt":"Dicho centro ha formado a m\u00e1s de 600 j\u00f3venes y el 95% de los mismos est\u00e1n trabajando en la industria del tabaco. El Instituto del Tabaco de la Rep\u00fablica Dominicana (INTABACO) reinaugur\u00f3 su Escuela Tabacalera coloc\u00e1ndole el nombre de Hip\u00f3lito Mej\u00eda en honor al expresidente de la Rep\u00fablica por sus\u2026","rel":"","context":"En \u00abNACIONALES\u00bb","block_context":{"text":"NACIONALES","link":"https:\/\/lasprimeras.com.do\/index.php\/category\/nacionales\/"},"img":{"alt_text":"","src":"https:\/\/i0.wp.com\/lasprimeras.com.do\/wp-content\/uploads\/2025\/10\/hipo-1.jpg?resize=350%2C200&ssl=1","width":350,"height":200,"srcset":"https:\/\/i0.wp.com\/lasprimeras.com.do\/wp-content\/uploads\/2025\/10\/hipo-1.jpg?resize=350%2C200&ssl=1 1x, https:\/\/i0.wp.com\/lasprimeras.com.do\/wp-content\/uploads\/2025\/10\/hipo-1.jpg?resize=525%2C300&ssl=1 1.5x, https:\/\/i0.wp.com\/lasprimeras.com.do\/wp-content\/uploads\/2025\/10\/hipo-1.jpg?resize=700%2C400&ssl=1 2x"},"classes":[]},{"id":111876,"url":"https:\/\/lasprimeras.com.do\/index.php\/2025\/10\/14\/anpa-pospone-paro-de-labores-tras-intervencion-del-expresidente-hipolito-mejia\/","url_meta":{"origin":103571,"position":2},"title":"ANPA pospone paro de labores tras intervenci\u00f3n del expresidente Hip\u00f3lito Mej\u00eda","author":"Nelson Feliz","date":"14 de octubre de 2025","format":false,"excerpt":"La Asociaci\u00f3n Nacional de Profesionales Agropecuarios (ANPA) inform\u00f3 hoy que ten\u00eda previsto anunciar un paro nacional de labores por 48 horas en todo el sector agropecuario, sin embargo, el anuncio ha sido pospuesto luego de que el expresidente de la Rep\u00fablica, ingeniero Hip\u00f3lito Mej\u00eda, aceptara la solicitud de la ANPA\u2026","rel":"","context":"En \u00abNACIONALES\u00bb","block_context":{"text":"NACIONALES","link":"https:\/\/lasprimeras.com.do\/index.php\/category\/nacionales\/"},"img":{"alt_text":"","src":"https:\/\/i0.wp.com\/lasprimeras.com.do\/wp-content\/uploads\/2025\/10\/Victor-Hugo-Tito-Hernandez.jpg?resize=350%2C200&ssl=1","width":350,"height":200,"srcset":"https:\/\/i0.wp.com\/lasprimeras.com.do\/wp-content\/uploads\/2025\/10\/Victor-Hugo-Tito-Hernandez.jpg?resize=350%2C200&ssl=1 1x, https:\/\/i0.wp.com\/lasprimeras.com.do\/wp-content\/uploads\/2025\/10\/Victor-Hugo-Tito-Hernandez.jpg?resize=525%2C300&ssl=1 1.5x, https:\/\/i0.wp.com\/lasprimeras.com.do\/wp-content\/uploads\/2025\/10\/Victor-Hugo-Tito-Hernandez.jpg?resize=700%2C400&ssl=1 2x"},"classes":[]},{"id":124194,"url":"https:\/\/lasprimeras.com.do\/index.php\/2026\/03\/09\/hipolito-mejia-obtiene-su-nueva-licencia-de-conducir\/","url_meta":{"origin":103571,"position":3},"title":"Hip\u00f3lito Mej\u00eda obtiene su nueva licencia de conducir","author":"Nelson Feliz","date":"9 de marzo de 2026","format":false,"excerpt":"El expresidente de la Rep\u00fablica, Hip\u00f3lito Mej\u00eda, acudi\u00f3 recientemente a las instalaciones correspondientes para realizar el proceso de obtenci\u00f3n de su nueva licencia de conducir. Durante su visita, el exmandatario cumpli\u00f3 con los protocolos establecidos, integr\u00e1ndose de manera fluida a la din\u00e1mica de atenci\u00f3n al ciudadano. Tras concluir el tr\u00e1mite,\u2026","rel":"","context":"En \u00abNACIONALES\u00bb","block_context":{"text":"NACIONALES","link":"https:\/\/lasprimeras.com.do\/index.php\/category\/nacionales\/"},"img":{"alt_text":"Hip\u00f3lito Mej\u00eda","src":"https:\/\/i0.wp.com\/lasprimeras.com.do\/wp-content\/uploads\/2026\/03\/%F0%9D%97%9B%F0%9D%97%B6%F0%9D%97%BD%F0%9D%97%BC%CC%81%F0%9D%97%B9%F0%9D%97%B6%F0%9D%98%81%F0%9D%97%BC-%F0%9D%97%A0%F0%9D%97%B2%F0%9D%97%B7%F0%9D%97%B6%CC%81%F0%9D%97%AE-1.jpg?resize=350%2C200&ssl=1","width":350,"height":200,"srcset":"https:\/\/i0.wp.com\/lasprimeras.com.do\/wp-content\/uploads\/2026\/03\/%F0%9D%97%9B%F0%9D%97%B6%F0%9D%97%BD%F0%9D%97%BC%CC%81%F0%9D%97%B9%F0%9D%97%B6%F0%9D%98%81%F0%9D%97%BC-%F0%9D%97%A0%F0%9D%97%B2%F0%9D%97%B7%F0%9D%97%B6%CC%81%F0%9D%97%AE-1.jpg?resize=350%2C200&ssl=1 1x, https:\/\/i0.wp.com\/lasprimeras.com.do\/wp-content\/uploads\/2026\/03\/%F0%9D%97%9B%F0%9D%97%B6%F0%9D%97%BD%F0%9D%97%BC%CC%81%F0%9D%97%B9%F0%9D%97%B6%F0%9D%98%81%F0%9D%97%BC-%F0%9D%97%A0%F0%9D%97%B2%F0%9D%97%B7%F0%9D%97%B6%CC%81%F0%9D%97%AE-1.jpg?resize=525%2C300&ssl=1 1.5x, https:\/\/i0.wp.com\/lasprimeras.com.do\/wp-content\/uploads\/2026\/03\/%F0%9D%97%9B%F0%9D%97%B6%F0%9D%97%BD%F0%9D%97%BC%CC%81%F0%9D%97%B9%F0%9D%97%B6%F0%9D%98%81%F0%9D%97%BC-%F0%9D%97%A0%F0%9D%97%B2%F0%9D%97%B7%F0%9D%97%B6%CC%81%F0%9D%97%AE-1.jpg?resize=700%2C400&ssl=1 2x"},"classes":[]},{"id":103120,"url":"https:\/\/lasprimeras.com.do\/index.php\/2025\/07\/11\/abinader-resalta-consenso-nacional-ante-crisis-haitiana-tras-reunion-con-ex-presidente-hipolito-mejia\/","url_meta":{"origin":103571,"position":4},"title":"Abinader resalta consenso nacional ante crisis haitiana, tras reuni\u00f3n con ex presidente Hip\u00f3lito Mej\u00eda","author":"Nelson Feliz","date":"11 de julio de 2025","format":false,"excerpt":"Mandatario rechaza cuestionamientos de Amnist\u00eda Internacional sobre pol\u00edtica migratoria de la Rep\u00fablica Dominicana. El presidente Luis Abinader destac\u00f3 este viernes el alto nivel de consenso nacional que se ha venido construyendo frente a la crisis haitiana, tras sostener una reuni\u00f3n con el ex presidente Hip\u00f3lito Mej\u00eda y los equipos t\u00e9cnicos\u2026","rel":"","context":"En \u00abNACIONALES\u00bb","block_context":{"text":"NACIONALES","link":"https:\/\/lasprimeras.com.do\/index.php\/category\/nacionales\/"},"img":{"alt_text":"","src":"https:\/\/i0.wp.com\/lasprimeras.com.do\/wp-content\/uploads\/2025\/07\/HIPO-Y-LUIS-1.jpg?resize=350%2C200&ssl=1","width":350,"height":200,"srcset":"https:\/\/i0.wp.com\/lasprimeras.com.do\/wp-content\/uploads\/2025\/07\/HIPO-Y-LUIS-1.jpg?resize=350%2C200&ssl=1 1x, https:\/\/i0.wp.com\/lasprimeras.com.do\/wp-content\/uploads\/2025\/07\/HIPO-Y-LUIS-1.jpg?resize=525%2C300&ssl=1 1.5x, https:\/\/i0.wp.com\/lasprimeras.com.do\/wp-content\/uploads\/2025\/07\/HIPO-Y-LUIS-1.jpg?resize=700%2C400&ssl=1 2x"},"classes":[]},{"id":103649,"url":"https:\/\/lasprimeras.com.do\/index.php\/2025\/07\/17\/anpa-dedicara-su-9no-congreso-al-expresidente-hipolito-mejia\/","url_meta":{"origin":103571,"position":5},"title":"ANPA dedicar\u00e1 su 9no Congreso al expresidente Hip\u00f3lito Mej\u00eda","author":"Nelson Feliz","date":"17 de julio de 2025","format":false,"excerpt":"La Asamblea Nacional de Dirigentes de la Asociaci\u00f3n Nacional de Profesionales Agropecuarios, dedicar\u00e1n 9no Congreso Nacional de la ANPA al expresidente Rep\u00fablica Hip\u00f3lito Mej\u00eda, en reconocimiento a su trayectoria como fundador del gremio y exministro de Agricultura. El presidente de la ANPA, Tito Hern\u00e1ndez, expres\u00f3 que la vida acrisolada de\u2026","rel":"","context":"En \u00abNACIONALES\u00bb","block_context":{"text":"NACIONALES","link":"https:\/\/lasprimeras.com.do\/index.php\/category\/nacionales\/"},"img":{"alt_text":"Tito Hern\u00e1ndez","src":"https:\/\/i0.wp.com\/lasprimeras.com.do\/wp-content\/uploads\/2025\/07\/Tito-Hernandez.jpg?resize=350%2C200&ssl=1","width":350,"height":200,"srcset":"https:\/\/i0.wp.com\/lasprimeras.com.do\/wp-content\/uploads\/2025\/07\/Tito-Hernandez.jpg?resize=350%2C200&ssl=1 1x, https:\/\/i0.wp.com\/lasprimeras.com.do\/wp-content\/uploads\/2025\/07\/Tito-Hernandez.jpg?resize=525%2C300&ssl=1 1.5x, https:\/\/i0.wp.com\/lasprimeras.com.do\/wp-content\/uploads\/2025\/07\/Tito-Hernandez.jpg?resize=700%2C400&ssl=1 2x"},"classes":[]}],"jetpack_sharing_enabled":true,"_links":{"self":[{"href":"https:\/\/lasprimeras.com.do\/index.php\/wp-json\/wp\/v2\/posts\/103571","targetHints":{"allow":["GET"]}}],"collection":[{"href":"https:\/\/lasprimeras.com.do\/index.php\/wp-json\/wp\/v2\/posts"}],"about":[{"href":"https:\/\/lasprimeras.com.do\/index.php\/wp-json\/wp\/v2\/types\/post"}],"author":[{"embeddable":true,"href":"https:\/\/lasprimeras.com.do\/index.php\/wp-json\/wp\/v2\/users\/2"}],"replies":[{"embeddable":true,"href":"https:\/\/lasprimeras.com.do\/index.php\/wp-json\/wp\/v2\/comments?post=103571"}],"version-history":[{"count":1,"href":"https:\/\/lasprimeras.com.do\/index.php\/wp-json\/wp\/v2\/posts\/103571\/revisions"}],"predecessor-version":[{"id":103575,"href":"https:\/\/lasprimeras.com.do\/index.php\/wp-json\/wp\/v2\/posts\/103571\/revisions\/103575"}],"wp:featuredmedia":[{"embeddable":true,"href":"https:\/\/lasprimeras.com.do\/index.php\/wp-json\/wp\/v2\/media\/103574"}],"wp:attachment":[{"href":"https:\/\/lasprimeras.com.do\/index.php\/wp-json\/wp\/v2\/media?parent=103571"}],"wp:term":[{"taxonomy":"category","embeddable":true,"href":"https:\/\/lasprimeras.com.do\/index.php\/wp-json\/wp\/v2\/categories?post=103571"},{"taxonomy":"post_tag","embeddable":true,"href":"https:\/\/lasprimeras.com.do\/index.php\/wp-json\/wp\/v2\/tags?post=103571"}],"curies":[{"name":"wp","href":"https:\/\/api.w.org\/{rel}","templated":true}]}}