{"id":103586,"date":"2025-07-16T19:05:05","date_gmt":"2025-07-16T23:05:05","guid":{"rendered":"https:\/\/lasprimeras.com.do\/?p=103586"},"modified":"2025-07-16T19:05:07","modified_gmt":"2025-07-16T23:05:07","slug":"senado-presenta-documental-el-triunfo-de-la-democracia-del-cineasta-rene-fortunato","status":"publish","type":"post","link":"https:\/\/lasprimeras.com.do\/index.php\/2025\/07\/16\/senado-presenta-documental-el-triunfo-de-la-democracia-del-cineasta-rene-fortunato\/","title":{"rendered":"Senado presenta documental \u201cEl Triunfo de la Democracia\u201d del cineasta Ren\u00e9 Fortunato"},"content":{"rendered":"\n<p>Por Elvis Castro<\/p>\n\n\n\n<p>En un acto encabezado por el presidente del Senado, Ricardo de los Santos, fue presentado este mi\u00e9rcoles el documental \u201cEl Triunfo de la Democracia\u201d, un largometraje del cineasta dominicano Ren\u00e9 Fortunato, que muestra las luchas del pueblo dominicano por el establecimiento de una democracia verdadera durante el per\u00edodo 1974 al 1978.<\/p>\n\n\n\n<p>La presentaci\u00f3n del documental se llev\u00f3 a cabo en el auditorio de la C\u00e1mara Alta, bajo la coordinaci\u00f3n del senador Pedro Catrain, y el periodista Rafael Sosa, con el objetivo de invitar a todos los dominicanos a un viaje por los senderos de la memoria hist\u00f3rica y pol\u00edtica que relata los inicios de la democracia nacional.<\/p>\n\n\n\n<p>El presidente del Senado, dijo que \u201cel documenta, El Triunfo de la Democracia es un aporte hist\u00f3rico y cultural que se realiz\u00f3 con esfuerzo para dejar a las presentes y futuras generaciones, un documento audiovisual de una de las \u00e9pocas m\u00e1s convulsas de la Rep\u00fablica Dominicana, que la poblaci\u00f3n no debe olvidar\u201d.<\/p>\n\n\n\n<p>Agreg\u00f3 que, \u201ctodo documento que promueva la democracia, siempre ser\u00e1 bien acogido por este \u00f3rgano legislativo, por eso felicito al documentalista Ren\u00e9 Fortunato. Gloria a los hombres y mujeres que han luchado para establecer y preservar la libertad en nuestro pa\u00eds\u201d.<\/p>\n\n\n\n<p>El representante de S\u00e1nchez Ram\u00edrez, tambi\u00e9n resalt\u00f3 la figura del extinto l\u00edder pol\u00edtico, Jos\u00e9 Francisco Pe\u00f1a G\u00f3mez, a quien describi\u00f3 como un defensor apasionado de las libertades, que estuvo presente en momentos decisivos para la democracia, en ocasiones claves de gran inestabilidad social, llamando el pueblo a las calles cuando fue necesario, y que se inclin\u00f3 a favor de la paz.<\/p>\n\n\n\n<p>El vicepresidente del Senado, Pedro Catrain, resalt\u00f3 que, a trav\u00e9s de sus documentales, incluyendo \u201cEl Triunfo de la Democracia\u201d, Ren\u00e9 Fortunato ha salvado el patrimonio f\u00edlmico de la sociedad dominicana que se encontraba disperso en archivos privados, y en espacios inadecuados de instituciones p\u00fablicas bajo el riesgo de da\u00f1arse y perderse para siempre.<\/p>\n\n\n\n<p>El senador por Saman\u00e1, sostuvo que los documentales del cineasta dominicano se distinguen por la rigurosa recolecci\u00f3n y curaci\u00f3n de los materiales visuales y sonoros que, sirven de fuente a la detallada recreaci\u00f3n de la est\u00e9tica del contexto, la acertada musicalizaci\u00f3n y el osado tratamiento de los personajes que les han valido la distinci\u00f3n y el reconocimiento en diferentes foros internacionales.<\/p>\n\n\n\n<p>\u201cEl Senado de la Rep\u00fablica abre sus puertas, no solo al reconocimiento de los protagonistas de historia y a la labor celadora de nuestros intelectuales y artistas, sino que, tambi\u00e9n, nos convertimos en un espacio de recuperaci\u00f3n de la memoria hist\u00f3rica de nuestra democracia\u201d, expres\u00f3 Pedro Catrain.<\/p>\n\n\n\n<p>En representaci\u00f3n de Ren\u00e9 Fortunato, el periodista Jos\u00e9 Rafael Sosa, agradeci\u00f3 a la C\u00e1mara Alta por la magn\u00edfica oportunidad de permitir que sus colaboradores se reencuentren con un episodio importante de la historia dominicana.<\/p>\n\n\n\n<p>El documental \u201cEl Triunfo de la Democracia\u201d, es un largometraje documental de 85 minutos, que muestra la lucha del pueblo dominicano por el establecimiento de una democracia verdadera, y es el resultado de una profunda y rigurosa investigaci\u00f3n sobre el per\u00edodo 1974 al 1978, que tiene como figuras centrales a Jos\u00e9 Francisco Pe\u00f1a G\u00f3mez, y a los expresidentes, Antonio Guzm\u00e1n Fern\u00e1ndez y al doctor Joaqu\u00edn Balaguer.<\/p>\n\n\n\n<p>En la actividad tambi\u00e9n estuvieron Tony Pe\u00f1a Guaba, hijo del extinto l\u00edder pol\u00edtico, Jos\u00e9 Francisco Pe\u00f1a G\u00f3mez, y coordinador del Gabinete de Pol\u00edticas Sociales de la Presidencia de la Rep\u00fablica; Francis Almonte, subdirector de Aduanas; Cecilio Garc\u00eda, diputado por Saman\u00e1, entre otras personalidades.<\/p>\n\n\n\n<p>Por el Senado de la Rep\u00fablica, adem\u00e1s de Ricardo de los Santos (S\u00e1nchez Ram\u00edrez), presidente; y Pedro Catrain (Saman\u00e1), vicepresidente; estuvieron Ginette Bournigal de Jim\u00e9nez (Puerto Plata); Eduard Alexis Esp\u00edritusanto (La Romana); Mar\u00eda Mercedes Ortiz (Hermanas Mirabal); Odalis Rodr\u00edguez (Valverde); Pedro Tineo (Monte Plata); Franklin Romero (Duarte), Mois\u00e9s Ayala (Barahona), y Dagoberto Rodr\u00edguez Adames (Independencia). Tambi\u00e9n asistieron funcionarios y colaboradores del \u00f3rgano legislativo.<\/p>\n","protected":false},"excerpt":{"rendered":"<p>Por Elvis Castro En un acto encabezado por el presidente del Senado, Ricardo de los Santos, fue presentado este mi\u00e9rcoles el documental \u201cEl Triunfo de la Democracia\u201d, un largometraje del&hellip;<\/p>\n","protected":false},"author":2,"featured_media":103587,"comment_status":"open","ping_status":"open","sticky":false,"template":"","format":"standard","meta":{"content-type":"","jetpack_post_was_ever_published":false,"_jetpack_newsletter_access":"","_jetpack_dont_email_post_to_subs":false,"_jetpack_newsletter_tier_id":0,"_jetpack_memberships_contains_paywalled_content":false,"_jetpack_memberships_contains_paid_content":false,"footnotes":""},"categories":[84,25],"tags":[21749,20407,21748,6404,413],"class_list":["post-103586","post","type-post","status-publish","format-standard","has-post-thumbnail","hentry","category-entretenimiento","category-portada","tag-cineasta","tag-documental","tag-el-triunfo-de-la-democracia","tag-rene-fortunato","tag-senado"],"jetpack_featured_media_url":"https:\/\/lasprimeras.com.do\/wp-content\/uploads\/2025\/07\/Ricardo-de-los-Santos-y-Rafael-Santos-Badia-4.jpg","jetpack-related-posts":[{"id":100682,"url":"https:\/\/lasprimeras.com.do\/index.php\/2025\/06\/10\/documental-rene-fortunato-expondra-campana-racista-contra-pena-gomez\/","url_meta":{"origin":103586,"position":0},"title":"Documental Ren\u00e9 Fortunato expondr\u00e1 campa\u00f1a racista contra Pe\u00f1a G\u00f3mez","author":"Nelson Feliz","date":"10 de junio de 2025","format":false,"excerpt":"El nuevo documental de Ren\u00e9 Fortunato, \"Triunfo de la democracia\", expone la intensa campa\u00f1a racista contra el doctor Jos\u00e9 Francisco Pe\u00f1a G\u00f3mez, acus\u00e1ndolo de no ser dominicano e intentar la fusi\u00f3n de Rep\u00fablica Dominicana con la naci\u00f3n vecina. El cineasta indica que esta campa\u00f1a fue desarrollada por reconocidos voceros de\u2026","rel":"","context":"En \u00abENTRETENIMIENTO\u00bb","block_context":{"text":"ENTRETENIMIENTO","link":"https:\/\/lasprimeras.com.do\/index.php\/category\/entretenimiento\/"},"img":{"alt_text":"","src":"https:\/\/i0.wp.com\/lasprimeras.com.do\/wp-content\/uploads\/2025\/06\/Juramentacion-de-Antonio-Guzman-Congreso-Nacional-16-agosto-1978.jpg?resize=350%2C200&ssl=1","width":350,"height":200,"srcset":"https:\/\/i0.wp.com\/lasprimeras.com.do\/wp-content\/uploads\/2025\/06\/Juramentacion-de-Antonio-Guzman-Congreso-Nacional-16-agosto-1978.jpg?resize=350%2C200&ssl=1 1x, https:\/\/i0.wp.com\/lasprimeras.com.do\/wp-content\/uploads\/2025\/06\/Juramentacion-de-Antonio-Guzman-Congreso-Nacional-16-agosto-1978.jpg?resize=525%2C300&ssl=1 1.5x, https:\/\/i0.wp.com\/lasprimeras.com.do\/wp-content\/uploads\/2025\/06\/Juramentacion-de-Antonio-Guzman-Congreso-Nacional-16-agosto-1978.jpg?resize=700%2C400&ssl=1 2x"},"classes":[]},{"id":103848,"url":"https:\/\/lasprimeras.com.do\/index.php\/2025\/07\/19\/fallece-el-cineasta-dominicano-rene-fortunato-mientras-su-ultima-obra-sigue-en-cartelera\/","url_meta":{"origin":103586,"position":1},"title":"Fallece el cineasta dominicano Ren\u00e9 Fortunato, mientras su \u00faltima obra sigue en cartelera","author":"Nelson Feliz","date":"19 de julio de 2025","format":false,"excerpt":"El cine dominicano se encuentra de luto por la muerte de Ren\u00e9 Fortunato, destacado cineasta, documentalista e historiador dominicano, considerado una figura clave en la difusi\u00f3n de la memoria hist\u00f3rica de la Rep\u00fablica Dominicana. La informaci\u00f3n fue confirmada este s\u00e1bado al peri\u00f3dico Hoy por un familiar cercano. Recientemente estren\u00f3 documental\u2026","rel":"","context":"En \u00abENTRETENIMIENTO\u00bb","block_context":{"text":"ENTRETENIMIENTO","link":"https:\/\/lasprimeras.com.do\/index.php\/category\/entretenimiento\/"},"img":{"alt_text":"","src":"https:\/\/i0.wp.com\/lasprimeras.com.do\/wp-content\/uploads\/2025\/07\/Rene-Fortunato.jpg?resize=350%2C200&ssl=1","width":350,"height":200,"srcset":"https:\/\/i0.wp.com\/lasprimeras.com.do\/wp-content\/uploads\/2025\/07\/Rene-Fortunato.jpg?resize=350%2C200&ssl=1 1x, https:\/\/i0.wp.com\/lasprimeras.com.do\/wp-content\/uploads\/2025\/07\/Rene-Fortunato.jpg?resize=525%2C300&ssl=1 1.5x"},"classes":[]},{"id":103941,"url":"https:\/\/lasprimeras.com.do\/index.php\/2025\/07\/20\/rene-fortunato-recibe-ultimo-adios-con-tributo-a-su-legado-historico-y-humano\/","url_meta":{"origin":103586,"position":2},"title":"Ren\u00e9 Fortunato recibe \u00faltimo adi\u00f3s con tributo a su legado hist\u00f3rico y humano","author":"Nelson Feliz","date":"20 de julio de 2025","format":false,"excerpt":"Familiares, amigos y colegas acudieron a la funeraria Blandino para rendir homenaje al maestro del documental dominicano, cuyas obras marcaron la memoria hist\u00f3rica del pa\u00eds. Con palabras de admiraci\u00f3n, gratitud y profunda emotividad, fue velado este domingo el cineasta dominicano Ren\u00e9 Fortunato, en la funeraria Blandino de la avenida Abraham\u2026","rel":"","context":"En \u00abNACIONALES\u00bb","block_context":{"text":"NACIONALES","link":"https:\/\/lasprimeras.com.do\/index.php\/category\/nacionales\/"},"img":{"alt_text":"Esposa e hijos de Ren\u00e9 Fortunato","src":"https:\/\/i0.wp.com\/lasprimeras.com.do\/wp-content\/uploads\/2025\/07\/Esposa-e-hijos-de-Rene-Fortunato.jpg?resize=350%2C200&ssl=1","width":350,"height":200,"srcset":"https:\/\/i0.wp.com\/lasprimeras.com.do\/wp-content\/uploads\/2025\/07\/Esposa-e-hijos-de-Rene-Fortunato.jpg?resize=350%2C200&ssl=1 1x, https:\/\/i0.wp.com\/lasprimeras.com.do\/wp-content\/uploads\/2025\/07\/Esposa-e-hijos-de-Rene-Fortunato.jpg?resize=525%2C300&ssl=1 1.5x, https:\/\/i0.wp.com\/lasprimeras.com.do\/wp-content\/uploads\/2025\/07\/Esposa-e-hijos-de-Rene-Fortunato.jpg?resize=700%2C400&ssl=1 2x"},"classes":[]},{"id":58010,"url":"https:\/\/lasprimeras.com.do\/index.php\/2023\/08\/18\/eligen-a-rene-fortunato-miembro-de-honor-del-instituto-duartiano\/","url_meta":{"origin":103586,"position":3},"title":"Eligen a Ren\u00e9 Fortunato miembro de honor del Instituto Duartiano","author":"Nelson Feliz","date":"18 de agosto de 2023","format":false,"excerpt":"La Junta Directiva del Instituto Duartiano adopt\u00f3 mediante resoluci\u00f3n un\u00e1nime la integraci\u00f3n del cineasta Ren\u00e9 Fortunato como miembro de honor de la reconocida entidad patri\u00f3tica. La distinci\u00f3n le fue otorgada \u00a0como muestra de reconocimiento a sus aportes al fortalecimiento de la dominicanidad a trav\u00e9s del rescate, preservaci\u00f3n y difusi\u00f3n de\u2026","rel":"","context":"En \u00abENTRETENIMIENTO\u00bb","block_context":{"text":"ENTRETENIMIENTO","link":"https:\/\/lasprimeras.com.do\/index.php\/category\/entretenimiento\/"},"img":{"alt_text":"Rene Fortunato. Instituto Duartiano","src":"https:\/\/i0.wp.com\/lasprimeras.com.do\/wp-content\/uploads\/2023\/08\/Rene-Fortunato.-Instituto-Duartiano.-jpg.jpg?resize=350%2C200&ssl=1","width":350,"height":200,"srcset":"https:\/\/i0.wp.com\/lasprimeras.com.do\/wp-content\/uploads\/2023\/08\/Rene-Fortunato.-Instituto-Duartiano.-jpg.jpg?resize=350%2C200&ssl=1 1x, https:\/\/i0.wp.com\/lasprimeras.com.do\/wp-content\/uploads\/2023\/08\/Rene-Fortunato.-Instituto-Duartiano.-jpg.jpg?resize=525%2C300&ssl=1 1.5x, https:\/\/i0.wp.com\/lasprimeras.com.do\/wp-content\/uploads\/2023\/08\/Rene-Fortunato.-Instituto-Duartiano.-jpg.jpg?resize=700%2C400&ssl=1 2x"},"classes":[]},{"id":72785,"url":"https:\/\/lasprimeras.com.do\/index.php\/2024\/01\/03\/estos-son-los-siete-documentales-rd-proyectados-en-2023\/","url_meta":{"origin":103586,"position":4},"title":"Estos son los siete documentales RD, proyectados en 2023","author":"Nelson Feliz","date":"3 de enero de 2024","format":false,"excerpt":"Los documentales dominicanos en 2023 recorren aspectos hist\u00f3ricos, medioambientales y problemas sociales. Solo los Premios La Silla reconocen el documental como g\u00e9neroJos\u00e9 Rafael Sosa. El 2023 fue un a\u00f1o excepcional del documental dominicano al presentar siete piezas de considerable calidad, consistencia tem\u00e1tica y un correcto desarrollo de sus valores t\u00e9cnicos\u2026","rel":"","context":"En \u00abENTRETENIMIENTO\u00bb","block_context":{"text":"ENTRETENIMIENTO","link":"https:\/\/lasprimeras.com.do\/index.php\/category\/entretenimiento\/"},"img":{"alt_text":"JOSE RAFAEL SOSA","src":"https:\/\/i0.wp.com\/lasprimeras.com.do\/wp-content\/uploads\/2024\/01\/JOSE-RAFAEL-SOSA.jpg?resize=350%2C200&ssl=1","width":350,"height":200},"classes":[]},{"id":117992,"url":"https:\/\/lasprimeras.com.do\/index.php\/2025\/12\/18\/senado-aprobo-ley-que-declara-reserva-antropologica-las-cuevas-de-borbon-o-del-pomier\/","url_meta":{"origin":103586,"position":5},"title":"Senado aprob\u00f3 ley que declara reserva antropol\u00f3gica las Cuevas de Borb\u00f3n o del Pomier","author":"Nelson Feliz","date":"18 de diciembre de 2025","format":false,"excerpt":"\u201cCapital Rupestre de la Rep\u00fablica Dominicana\u201d El Senado de la Rep\u00fablica aprob\u00f3 en segunda lectura el proyecto de ley que declara la reserva antropol\u00f3gica las Cuevas de Borb\u00f3n o del Pomier como \u201cCapital Rupestre de la Rep\u00fablica Dominicana\u201d. Esta propuesta legislativa, presentada por el senador de la provincia de San\u2026","rel":"","context":"En \u00abNACIONALES\u00bb","block_context":{"text":"NACIONALES","link":"https:\/\/lasprimeras.com.do\/index.php\/category\/nacionales\/"},"img":{"alt_text":"","src":"https:\/\/i0.wp.com\/lasprimeras.com.do\/wp-content\/uploads\/2025\/12\/Mallete-senado.jpg?resize=350%2C200&ssl=1","width":350,"height":200,"srcset":"https:\/\/i0.wp.com\/lasprimeras.com.do\/wp-content\/uploads\/2025\/12\/Mallete-senado.jpg?resize=350%2C200&ssl=1 1x, https:\/\/i0.wp.com\/lasprimeras.com.do\/wp-content\/uploads\/2025\/12\/Mallete-senado.jpg?resize=525%2C300&ssl=1 1.5x, https:\/\/i0.wp.com\/lasprimeras.com.do\/wp-content\/uploads\/2025\/12\/Mallete-senado.jpg?resize=700%2C400&ssl=1 2x"},"classes":[]}],"jetpack_sharing_enabled":true,"_links":{"self":[{"href":"https:\/\/lasprimeras.com.do\/index.php\/wp-json\/wp\/v2\/posts\/103586","targetHints":{"allow":["GET"]}}],"collection":[{"href":"https:\/\/lasprimeras.com.do\/index.php\/wp-json\/wp\/v2\/posts"}],"about":[{"href":"https:\/\/lasprimeras.com.do\/index.php\/wp-json\/wp\/v2\/types\/post"}],"author":[{"embeddable":true,"href":"https:\/\/lasprimeras.com.do\/index.php\/wp-json\/wp\/v2\/users\/2"}],"replies":[{"embeddable":true,"href":"https:\/\/lasprimeras.com.do\/index.php\/wp-json\/wp\/v2\/comments?post=103586"}],"version-history":[{"count":1,"href":"https:\/\/lasprimeras.com.do\/index.php\/wp-json\/wp\/v2\/posts\/103586\/revisions"}],"predecessor-version":[{"id":103588,"href":"https:\/\/lasprimeras.com.do\/index.php\/wp-json\/wp\/v2\/posts\/103586\/revisions\/103588"}],"wp:featuredmedia":[{"embeddable":true,"href":"https:\/\/lasprimeras.com.do\/index.php\/wp-json\/wp\/v2\/media\/103587"}],"wp:attachment":[{"href":"https:\/\/lasprimeras.com.do\/index.php\/wp-json\/wp\/v2\/media?parent=103586"}],"wp:term":[{"taxonomy":"category","embeddable":true,"href":"https:\/\/lasprimeras.com.do\/index.php\/wp-json\/wp\/v2\/categories?post=103586"},{"taxonomy":"post_tag","embeddable":true,"href":"https:\/\/lasprimeras.com.do\/index.php\/wp-json\/wp\/v2\/tags?post=103586"}],"curies":[{"name":"wp","href":"https:\/\/api.w.org\/{rel}","templated":true}]}}