{"id":103589,"date":"2025-07-16T19:15:58","date_gmt":"2025-07-16T23:15:58","guid":{"rendered":"https:\/\/lasprimeras.com.do\/?p=103589"},"modified":"2025-07-16T19:16:00","modified_gmt":"2025-07-16T23:16:00","slug":"asomaprom-rechazan-reforma-laboral-sin-consenso-anuncian-la-33-a-edicion-de-la-feria-expo-moca-2025","status":"publish","type":"post","link":"https:\/\/lasprimeras.com.do\/index.php\/2025\/07\/16\/asomaprom-rechazan-reforma-laboral-sin-consenso-anuncian-la-33-a-edicion-de-la-feria-expo-moca-2025\/","title":{"rendered":"Asomaprom rechazan reforma laboral sin consenso; anuncian la 33.\u00aa edici\u00f3n de la feria Expo Moca 2025"},"content":{"rendered":"\n<p>Al anunciar la 33.\u00aa edici\u00f3n de la feria Expo Moca 2025, el presidente de la Asociaci\u00f3n de Mayoristas en Provisiones de Moca (Asomaprom), Ysmael Rodr\u00edguez, llamo este mi\u00e9rcoles a todos los sectores involucrados a consensuar el proyecto de reforma laboral, al considerar que el aprobado en primera lectura en el Senado contempla elementos que desfavorecen al sector comercial.<\/p>\n\n\n\n<p>Rodr\u00edguez manifest\u00f3 que los comerciantes rechazan la reforma laboral presentada y conocida en primera lectura, porque carece de consenso a pesar de que el sector comercio es el principal empleador del pa\u00eds.<\/p>\n\n\n\n<p>\u201cEsa reforma ya ven\u00eda trabaj\u00e1ndose por 13 a\u00f1os de forma consensuada y de buenas a primeras en un abrir y cerrar de ojos es aprobada, pero sin el consenso que se ven\u00eda tratando y puntos de importancia para el empresariado entonces no fueron tomados en cuenta\u201d, dijo.<\/p>\n\n\n\n<p>Expo Moca 2025<\/p>\n\n\n\n<p>El presidente de Asomaprom habl\u00f3 en esos t\u00e9rminos a la prensa tras anunciar la celebraci\u00f3n de la 33.\u00aa edici\u00f3n de Expo Moca 2025 a desarrollarse del 23 al 27 de julio, un evento que se ha consolidado como la principal plataforma de exhibici\u00f3n, comercio, cultura y emprendimiento de la provincia Espaillat.<\/p>\n\n\n\n<p>Rodr\u00edguez sostuvo que en la Expo Moca 2025, dedicada este a\u00f1o al ministro Administrativo de la Presidencia, Andr\u00e9s Bautista Garc\u00eda, m\u00e1s de 50 empresas expositoras, incluyendo nuevos emprendimientos mocanos y negocios de zonas aleda\u00f1as, estar\u00e1n presentes mostrando lo mejor de sus productos y servicios.<\/p>\n\n\n\n<p>La feria tambi\u00e9n tendr\u00e1 un operativo m\u00e9dico especial de viernes a domingo de 4:00 de la tarde a 10:00 de la noche y la presentaci\u00f3n art\u00edstica de Yovanny Polanco, Pe\u00f1a Suazo, Leonardo Paniagua, La Insuperable y Jey One, as\u00ed como Djs en vivo todas las noches y artistas mocanos.<\/p>\n\n\n\n<p>Mano de obra haitiana en Moca<\/p>\n\n\n\n<p>En otro aspecto, Ysmael Rodr\u00edguez manifest\u00f3 que una de las preocupaciones que afectan el sector comercial en Moca es la falta de mano de obra en las granjas de huevos por la deportaci\u00f3n masiva de haitianos.<\/p>\n\n\n\n<p>\u201cMoca es una ciudad agr\u00edcola y av\u00edcola, ahora mismo est\u00e1 la situaci\u00f3n con la mano de obra para recoger huevos en las granjas, porque en un alto porcentaje era haitiana, es un servicio que el dominicano no quiere hacerlo\u201d, dijo.<\/p>\n\n\n\n<p>Aclar\u00f3 que no est\u00e1n apoyando la migraci\u00f3n ilegal, sino que sea regulada con sectores que puedan hacerse responsable de una cantidad de mano de obra que pueda mantener la producci\u00f3n activa basada en la gran cantidad de huevo, cerdo y pollo que la provincia Espaillat lanza al mercado nacional e internacional.<\/p>\n\n\n\n<p>Rodr\u00edguez aprovech\u00f3 para destacar que Moca tiene la cantidad de pollos que les demanda el pa\u00eds, porque \u201cestamos abastecidos\u201d.<\/p>\n\n\n\n<p>En cuanto al tema de los precios de los productos agr\u00edcolas, record\u00f3 que, aunque en zonas como la provincia Espaillat se siembra de todo y suficiente, en la cadena comercial intervienen los intermediarios antes de que los alimentos lleguen a la poblaci\u00f3n y esos hacen que se encarezcan los precios.<\/p>\n\n\n\n<p>Reconocimientos<\/p>\n\n\n\n<p>Sobre la feria Expo Moca 2025, Rodr\u00edguez dijo que este a\u00f1o se rendir\u00e1 homenaje a dos s\u00edmbolos mocanos: la mu\u00f1eca sin rostro, \u00edcono del arte ta\u00edno y de la identidad dominicana; y a la emblem\u00e1tica Catedral Coraz\u00f3n de Jes\u00fas, patrimonio cultural del pueblo.<\/p>\n\n\n\n<p>En la feria ser\u00e1n reconocidas varias instituciones y ciudadanos ejemplares como la Asociaci\u00f3n para el Desarrollo de la Provincia Espaillat (Adepe,) por su ejemplar y destacada trayectoria durante estos \u00faltimos 50 a\u00f1os de servicio formando y educando clubes sociales.<\/p>\n\n\n\n<p>Tambi\u00e9n ser\u00e1n resaltadas: la Fundaci\u00f3n Arias, reconocida como Mocano del A\u00f1o y S\u00e1nchez Caba, galardonado como Emprendedor del A\u00f1o.<\/p>\n\n\n\n<p>\u201cReiteramos la invitaci\u00f3n a todo el pueblo mocano y a visitantes de todo el pa\u00eds a vivir esta experiencia cultural, sensorial y comercial que es Expo Moca 2025\u201d, manifest\u00f3.<\/p>\n\n\n\n<p>A la actividad en que fue anunciada la feria Expo Moca 2025 asistieron diversas personalidades del sector comercial del pa\u00eds y de Moca.<\/p>\n\n\n\n<p>La mesa de honor de la presentaci\u00f3n de los detalles de la feria estuvo compuesta por Santiago \u00c1lvarez, presidente del Plan Estrat\u00e9gico de Desarrollo de la Provincia Espaillat (PEDEPE); Amable Guzm\u00e1n, presidente de la Asociaci\u00f3n para el Desarrollo de la Provincia Espaillat (ADEPE); Heriberto Gonz\u00e1lez, presidente de la C\u00e1mara de Comercio y Producci\u00f3n de Espaillat, Nancy Santos, secretaria general de ASOMAPROM; y Narciso Cep\u00edn, presidente del Consejo de Administraci\u00f3n.<\/p>\n","protected":false},"excerpt":{"rendered":"<p>Al anunciar la 33.\u00aa edici\u00f3n de la feria Expo Moca 2025, el presidente de la Asociaci\u00f3n de Mayoristas en Provisiones de Moca (Asomaprom), Ysmael Rodr\u00edguez, llamo este mi\u00e9rcoles a todos&hellip;<\/p>\n","protected":false},"author":2,"featured_media":103590,"comment_status":"open","ping_status":"open","sticky":false,"template":"","format":"standard","meta":{"content-type":"","jetpack_post_was_ever_published":false,"_jetpack_newsletter_access":"","_jetpack_dont_email_post_to_subs":false,"_jetpack_newsletter_tier_id":0,"_jetpack_memberships_contains_paywalled_content":false,"_jetpack_memberships_contains_paid_content":false,"footnotes":""},"categories":[39,25],"tags":[1139,3037,21750,1146,4526,2030,1147,15903],"class_list":["post-103589","post","type-post","status-publish","format-standard","has-post-thumbnail","hentry","category-economia","category-portada","tag-asociacion","tag-consenso","tag-expo-moca-2025","tag-feria","tag-mayoristas","tag-moca","tag-provisiones","tag-reforma-laboral"],"jetpack_featured_media_url":"https:\/\/lasprimeras.com.do\/wp-content\/uploads\/2025\/07\/Asomaprom-1.jpg","jetpack-related-posts":[{"id":104993,"url":"https:\/\/lasprimeras.com.do\/index.php\/2025\/07\/29\/asomaprom-saluda-decision-del-presidente-abinader-de-no-promulgar-la-ley-de-residuos-solidos\/","url_meta":{"origin":103589,"position":0},"title":"Asomaprom saluda decisi\u00f3n del presidente Abinader de no promulgar la Ley de Residuos S\u00f3lidos","author":"Nelson Feliz","date":"29 de julio de 2025","format":false,"excerpt":"Ysmael Rodr\u00edguez destaca \u00e9xito de Expo Moca 2025. La Asociaci\u00f3n de Mayoristas en Provisiones de Moca (Asomaprom) valor\u00f3 este martes como positivo el anuncio del presidente Luis Abinader de que no promulgar\u00e1 la reforma de la Ley 225-20 sobre Gesti\u00f3n Integral y Procesamiento de los Residuos S\u00f3lidos que aprob\u00f3 el\u2026","rel":"","context":"En \u00abECONOM\u00cdA\u00bb","block_context":{"text":"ECONOM\u00cdA","link":"https:\/\/lasprimeras.com.do\/index.php\/category\/economia\/"},"img":{"alt_text":"","src":"https:\/\/i0.wp.com\/lasprimeras.com.do\/wp-content\/uploads\/2025\/07\/Ysmael-Rodriguez.jpg?resize=350%2C200&ssl=1","width":350,"height":200,"srcset":"https:\/\/i0.wp.com\/lasprimeras.com.do\/wp-content\/uploads\/2025\/07\/Ysmael-Rodriguez.jpg?resize=350%2C200&ssl=1 1x, https:\/\/i0.wp.com\/lasprimeras.com.do\/wp-content\/uploads\/2025\/07\/Ysmael-Rodriguez.jpg?resize=525%2C300&ssl=1 1.5x, https:\/\/i0.wp.com\/lasprimeras.com.do\/wp-content\/uploads\/2025\/07\/Ysmael-Rodriguez.jpg?resize=700%2C400&ssl=1 2x"},"classes":[]},{"id":104635,"url":"https:\/\/lasprimeras.com.do\/index.php\/2025\/07\/25\/inicia-la-feria-expo-moca-2025-con-un-llamado-a-fortalecer-el-comercio-y-evitar-leyes-que-afecten-al-sector\/","url_meta":{"origin":103589,"position":1},"title":"Inicia la feria &#8220;Expo Moca 2025&#8221; con un llamado a fortalecer el comercio y evitar leyes que afecten al sector","author":"Nelson Feliz","date":"25 de julio de 2025","format":false,"excerpt":"La Asociaci\u00f3n de Mayoristas en Provisiones de Moca (Asomaprom) dio formal inicio este mi\u00e9rcoles a la 33.\u00aa edici\u00f3n de la feria Expo Moca 2025, en un evento en que el presidente de esa entidad comercial, Ysmael Rodr\u00edguez, manifest\u00f3 su rechazo a las modificaciones que pretender hacer los legisladores a la\u2026","rel":"","context":"En \u00abECONOM\u00cdA\u00bb","block_context":{"text":"ECONOM\u00cdA","link":"https:\/\/lasprimeras.com.do\/index.php\/category\/economia\/"},"img":{"alt_text":"","src":"https:\/\/i0.wp.com\/lasprimeras.com.do\/wp-content\/uploads\/2025\/07\/one.jpg?resize=350%2C200&ssl=1","width":350,"height":200,"srcset":"https:\/\/i0.wp.com\/lasprimeras.com.do\/wp-content\/uploads\/2025\/07\/one.jpg?resize=350%2C200&ssl=1 1x, https:\/\/i0.wp.com\/lasprimeras.com.do\/wp-content\/uploads\/2025\/07\/one.jpg?resize=525%2C300&ssl=1 1.5x, https:\/\/i0.wp.com\/lasprimeras.com.do\/wp-content\/uploads\/2025\/07\/one.jpg?resize=700%2C400&ssl=1 2x"},"classes":[]},{"id":103108,"url":"https:\/\/lasprimeras.com.do\/index.php\/2025\/07\/11\/cncp-dice-nuevo-codigo-de-trabajo-rompe-consenso-tripartito-y-afecta-a-las-mipymes\/","url_meta":{"origin":103589,"position":2},"title":"CNCP dice nuevo C\u00f3digo de Trabajo rompe consenso tripartito y afecta a las Mipymes","author":"Nelson Feliz","date":"11 de julio de 2025","format":false,"excerpt":"El presidente del Consejo Nacional del Comercio en Provisiones (CNCP) Alberto Leroux, rechaz\u00f3 el proyecto de reforma laboral aprobado en primera lectura por el Senado. Leroux, considera que la pieza desconoce los consensos alcanzados durante 13 a\u00f1os de di\u00e1logo tripartito entre empleadores, trabajadores y el Estado. Advierte que el texto\u2026","rel":"","context":"En \u00abECONOM\u00cdA\u00bb","block_context":{"text":"ECONOM\u00cdA","link":"https:\/\/lasprimeras.com.do\/index.php\/category\/economia\/"},"img":{"alt_text":"Alberto Leroux","src":"https:\/\/i0.wp.com\/lasprimeras.com.do\/wp-content\/uploads\/2025\/07\/Alberto-Leroux-1.jpg?resize=350%2C200&ssl=1","width":350,"height":200,"srcset":"https:\/\/i0.wp.com\/lasprimeras.com.do\/wp-content\/uploads\/2025\/07\/Alberto-Leroux-1.jpg?resize=350%2C200&ssl=1 1x, https:\/\/i0.wp.com\/lasprimeras.com.do\/wp-content\/uploads\/2025\/07\/Alberto-Leroux-1.jpg?resize=525%2C300&ssl=1 1.5x, https:\/\/i0.wp.com\/lasprimeras.com.do\/wp-content\/uploads\/2025\/07\/Alberto-Leroux-1.jpg?resize=700%2C400&ssl=1 2x"},"classes":[]},{"id":112968,"url":"https:\/\/lasprimeras.com.do\/index.php\/2025\/10\/28\/asomaprom-respalda-la-reforma-fiscal-pero-exige-que-sea-justa-y-equitativa\/","url_meta":{"origin":103589,"position":3},"title":"Asomaprom respalda la reforma fiscal, pero exige que sea justa y equitativa","author":"Nelson Feliz","date":"28 de octubre de 2025","format":false,"excerpt":"El presidente de la Asociaci\u00f3n de Mayoristas en Provisiones de Moca (Asomaprom), Ismael Rodr\u00edguez, manifest\u00f3 su respaldo a la anunciada reforma fiscal, siempre que se haga de forma justa y equitativa, de acuerdo con las condiciones de cada sector productivo del pa\u00eds. Rodr\u00edguez se\u00f1al\u00f3 que el pa\u00eds \u201ctiene mucho tiempo\u2026","rel":"","context":"En \u00abECONOM\u00cdA\u00bb","block_context":{"text":"ECONOM\u00cdA","link":"https:\/\/lasprimeras.com.do\/index.php\/category\/economia\/"},"img":{"alt_text":"","src":"https:\/\/i0.wp.com\/lasprimeras.com.do\/wp-content\/uploads\/2025\/10\/Asomaprom-1.jpg?resize=350%2C200&ssl=1","width":350,"height":200,"srcset":"https:\/\/i0.wp.com\/lasprimeras.com.do\/wp-content\/uploads\/2025\/10\/Asomaprom-1.jpg?resize=350%2C200&ssl=1 1x, https:\/\/i0.wp.com\/lasprimeras.com.do\/wp-content\/uploads\/2025\/10\/Asomaprom-1.jpg?resize=525%2C300&ssl=1 1.5x, https:\/\/i0.wp.com\/lasprimeras.com.do\/wp-content\/uploads\/2025\/10\/Asomaprom-1.jpg?resize=700%2C400&ssl=1 2x"},"classes":[]},{"id":98492,"url":"https:\/\/lasprimeras.com.do\/index.php\/2025\/05\/07\/cncp-anuncia-el-lanzamiento-oficial-de-expo-provisiones-2025\/","url_meta":{"origin":103589,"position":4},"title":"CNCP anuncia el Lanzamiento Oficial de Expo Provisiones 2025","author":"Nelson Feliz","date":"7 de mayo de 2025","format":false,"excerpt":"Uniendo el Comercio y la Industria por el Desarrollo Nacional. El Consejo Nacional del Comercio en Provisiones (CNCP) realiz\u00f3 hoy el lanzamiento oficial de Expo Provisiones 2025, la feria m\u00e1s importante del comercio y la industria de provisiones en la Rep\u00fablica Dominicana. El evento se llevar\u00e1 a cabo del 29\u2026","rel":"","context":"En \u00abECONOM\u00cdA\u00bb","block_context":{"text":"ECONOM\u00cdA","link":"https:\/\/lasprimeras.com.do\/index.php\/category\/economia\/"},"img":{"alt_text":"","src":"https:\/\/i0.wp.com\/lasprimeras.com.do\/wp-content\/uploads\/2025\/05\/Expo-Provisiones-2025-1.jpg?resize=350%2C200&ssl=1","width":350,"height":200,"srcset":"https:\/\/i0.wp.com\/lasprimeras.com.do\/wp-content\/uploads\/2025\/05\/Expo-Provisiones-2025-1.jpg?resize=350%2C200&ssl=1 1x, https:\/\/i0.wp.com\/lasprimeras.com.do\/wp-content\/uploads\/2025\/05\/Expo-Provisiones-2025-1.jpg?resize=525%2C300&ssl=1 1.5x, https:\/\/i0.wp.com\/lasprimeras.com.do\/wp-content\/uploads\/2025\/05\/Expo-Provisiones-2025-1.jpg?resize=700%2C400&ssl=1 2x"},"classes":[]},{"id":103129,"url":"https:\/\/lasprimeras.com.do\/index.php\/2025\/07\/11\/amaprosado-califica-de-injusta-y-apresurada-la-nueva-reforma-laboral\/","url_meta":{"origin":103589,"position":5},"title":"Amaprosado califica de injusta y apresurada la nueva reforma laboral","author":"Nelson Feliz","date":"11 de julio de 2025","format":false,"excerpt":"La Asociaci\u00f3n de Mayoristas en Provisiones de Santo Domingo, Inc. (Amaprosado) manifest\u00f3 su firme rechazo a la reforma laboral recientemente aprobada en primera lectura por el Senado de la Rep\u00fablica al considerarla injusta y apresurada. Andr\u00e9s Cosma, presidente de Amaprosado, sostuvo que adem\u00e1s la reforma es desfasada frente a las\u2026","rel":"","context":"En \u00abECONOM\u00cdA\u00bb","block_context":{"text":"ECONOM\u00cdA","link":"https:\/\/lasprimeras.com.do\/index.php\/category\/economia\/"},"img":{"alt_text":"","src":"https:\/\/i0.wp.com\/lasprimeras.com.do\/wp-content\/uploads\/2025\/07\/Andres-Cosma-1.jpg?resize=350%2C200&ssl=1","width":350,"height":200,"srcset":"https:\/\/i0.wp.com\/lasprimeras.com.do\/wp-content\/uploads\/2025\/07\/Andres-Cosma-1.jpg?resize=350%2C200&ssl=1 1x, https:\/\/i0.wp.com\/lasprimeras.com.do\/wp-content\/uploads\/2025\/07\/Andres-Cosma-1.jpg?resize=525%2C300&ssl=1 1.5x, https:\/\/i0.wp.com\/lasprimeras.com.do\/wp-content\/uploads\/2025\/07\/Andres-Cosma-1.jpg?resize=700%2C400&ssl=1 2x"},"classes":[]}],"jetpack_sharing_enabled":true,"_links":{"self":[{"href":"https:\/\/lasprimeras.com.do\/index.php\/wp-json\/wp\/v2\/posts\/103589","targetHints":{"allow":["GET"]}}],"collection":[{"href":"https:\/\/lasprimeras.com.do\/index.php\/wp-json\/wp\/v2\/posts"}],"about":[{"href":"https:\/\/lasprimeras.com.do\/index.php\/wp-json\/wp\/v2\/types\/post"}],"author":[{"embeddable":true,"href":"https:\/\/lasprimeras.com.do\/index.php\/wp-json\/wp\/v2\/users\/2"}],"replies":[{"embeddable":true,"href":"https:\/\/lasprimeras.com.do\/index.php\/wp-json\/wp\/v2\/comments?post=103589"}],"version-history":[{"count":1,"href":"https:\/\/lasprimeras.com.do\/index.php\/wp-json\/wp\/v2\/posts\/103589\/revisions"}],"predecessor-version":[{"id":103591,"href":"https:\/\/lasprimeras.com.do\/index.php\/wp-json\/wp\/v2\/posts\/103589\/revisions\/103591"}],"wp:featuredmedia":[{"embeddable":true,"href":"https:\/\/lasprimeras.com.do\/index.php\/wp-json\/wp\/v2\/media\/103590"}],"wp:attachment":[{"href":"https:\/\/lasprimeras.com.do\/index.php\/wp-json\/wp\/v2\/media?parent=103589"}],"wp:term":[{"taxonomy":"category","embeddable":true,"href":"https:\/\/lasprimeras.com.do\/index.php\/wp-json\/wp\/v2\/categories?post=103589"},{"taxonomy":"post_tag","embeddable":true,"href":"https:\/\/lasprimeras.com.do\/index.php\/wp-json\/wp\/v2\/tags?post=103589"}],"curies":[{"name":"wp","href":"https:\/\/api.w.org\/{rel}","templated":true}]}}