{"id":103592,"date":"2025-07-16T19:36:48","date_gmt":"2025-07-16T23:36:48","guid":{"rendered":"https:\/\/lasprimeras.com.do\/?p=103592"},"modified":"2025-07-16T19:36:49","modified_gmt":"2025-07-16T23:36:49","slug":"inabie-tiene-alta-efectividad-en-reduccion-de-la-pobreza-monetaria","status":"publish","type":"post","link":"https:\/\/lasprimeras.com.do\/index.php\/2025\/07\/16\/inabie-tiene-alta-efectividad-en-reduccion-de-la-pobreza-monetaria\/","title":{"rendered":"INABIE tiene alta efectividad en reducci\u00f3n de la pobreza monetaria"},"content":{"rendered":"\n<p>La inversi\u00f3n que realiza el gobierno en los programas sociales que ejecuta el Instituto Nacional de Bienestar Estudiantil (INABIE) ha demostrado una alta efectividad en la reducci\u00f3n la pobreza monetaria, logrando un descenso del 2\u202f% durante el 2024, con un presupuesto inferior al de otras pol\u00edticas sociales.<\/p>\n\n\n\n<p>As\u00ed lo destac\u00f3 el economista y viceministro de Planificaci\u00f3n y Desarrollo del Ministerio de Educaci\u00f3n, Rolando Reyes, al se\u00f1alar datos del Bolet\u00edn de Pobreza Monetaria 2024.<\/p>\n\n\n\n<p>En ese sentido, Reyes subraya que los subsidios otorgados mediante transferencias en especie -como la alimentaci\u00f3n escolar y la entrega de utiler\u00eda escolar gestionados por INABIE- redujeron la pobreza monetaria en un 2\u202f% durante 2024, con una ejecuci\u00f3n presupuestaria estimada en RD$\u202f34,200 millones.<\/p>\n\n\n\n<p>\u201cEl costo por cada punto porcentual de aumento de pobreza evitado fue de RD$\u202f17,100 millones, inferior al de otros programas sociales\u201d, precis\u00f3 el viceministro Reyes. <\/p>\n\n\n\n<p>En comparaci\u00f3n, las transferencias monetarias como Sup\u00e9rate, Avanza y Aprende lograron evitar un aumento del 1.7\u202f% en la pobreza con un presupuesto de RD$\u202f36,200 millones, lo que representa un costo de RD$\u202f21,294.1 millones por cada punto porcentual de pobreza evitado.<\/p>\n\n\n\n<p>Estas cifras evidencian que los programas ejecutados por el INABIE no solo representan una herramienta efectiva de apoyo escolar, sino tambi\u00e9n una pol\u00edtica p\u00fablica clave para mitigar la pobreza monetaria en hogares vulnerables, con el impacto social directo y cuantificable.<\/p>\n\n\n\n<p>La provisi\u00f3n diaria de alimentos nutritivos en los centros educativos p\u00fablicos, as\u00ed como la entrega de \u00fatiles y uniformes, reduce significativamente los gastos esenciales de las familias y mejora las condiciones de permanencia escolar.<\/p>\n\n\n\n<p>El an\u00e1lisis del viceministro tambi\u00e9n resalta la eficiencia de estas transferencias en especie en un contexto de limitaciones fiscales, posicionando al INABIE como una de las entidades p\u00fablicas con mayor retorno social por peso invertido.<\/p>\n\n\n\n<p>Los datos respaldan el impacto positivo de los programas del INABIE en la reducci\u00f3n de la pobreza y reafirman su papel estrat\u00e9gico dentro del sistema nacional de protecci\u00f3n social, contribuyendo al desarrollo equitativo y sostenible del pa\u00eds.<\/p>\n","protected":false},"excerpt":{"rendered":"<p>La inversi\u00f3n que realiza el gobierno en los programas sociales que ejecuta el Instituto Nacional de Bienestar Estudiantil (INABIE) ha demostrado una alta efectividad en la reducci\u00f3n la pobreza monetaria,&hellip;<\/p>\n","protected":false},"author":2,"featured_media":103593,"comment_status":"open","ping_status":"open","sticky":false,"template":"","format":"standard","meta":{"content-type":"","jetpack_post_was_ever_published":false,"_jetpack_newsletter_access":"","_jetpack_dont_email_post_to_subs":false,"_jetpack_newsletter_tier_id":0,"_jetpack_memberships_contains_paywalled_content":false,"_jetpack_memberships_contains_paid_content":false,"footnotes":""},"categories":[39],"tags":[21751,9338,2765,21752,11451,3178],"class_list":["post-103592","post","type-post","status-publish","format-standard","has-post-thumbnail","hentry","category-economia","tag-alta-efectividad","tag-inabie","tag-inversion","tag-pobreza-monetaria","tag-programas-sociales","tag-reduccion"],"jetpack_featured_media_url":"https:\/\/lasprimeras.com.do\/wp-content\/uploads\/2025\/07\/Alimentacion-Escolar-.jpg","jetpack-related-posts":[{"id":106741,"url":"https:\/\/lasprimeras.com.do\/index.php\/2025\/08\/18\/victor-castro-agradece-confianza-del-presidente-abinader-y-destaca-logros-para-el-bienestar-estudiantil\/","url_meta":{"origin":103592,"position":0},"title":"V\u00edctor Castro agradece confianza del presidente Abinader y destaca logros para el bienestar estudiantil","author":"Nelson Feliz","date":"18 de agosto de 2025","format":false,"excerpt":"Bajo la administraci\u00f3n de Castro se implementaron mejoras en la alimentaci\u00f3n escolar, se ampli\u00f3 la cobertura de salud a los estudiantes y se comenz\u00f3 la entrega universal de la utiler\u00eda escolar. V\u00edctor Castro se despidi\u00f3 este lunes de su cargo como director ejecutivo del Instituto Nacional de Bienestar Estudiantil agradeciendo\u2026","rel":"","context":"En \u00abNACIONALES\u00bb","block_context":{"text":"NACIONALES","link":"https:\/\/lasprimeras.com.do\/index.php\/category\/nacionales\/"},"img":{"alt_text":"","src":"https:\/\/i0.wp.com\/lasprimeras.com.do\/wp-content\/uploads\/2025\/08\/Victor-Castro.jpg?resize=350%2C200&ssl=1","width":350,"height":200,"srcset":"https:\/\/i0.wp.com\/lasprimeras.com.do\/wp-content\/uploads\/2025\/08\/Victor-Castro.jpg?resize=350%2C200&ssl=1 1x, https:\/\/i0.wp.com\/lasprimeras.com.do\/wp-content\/uploads\/2025\/08\/Victor-Castro.jpg?resize=525%2C300&ssl=1 1.5x, https:\/\/i0.wp.com\/lasprimeras.com.do\/wp-content\/uploads\/2025\/08\/Victor-Castro.jpg?resize=700%2C400&ssl=1 2x"},"classes":[]},{"id":77938,"url":"https:\/\/lasprimeras.com.do\/index.php\/2024\/02\/27\/presidente-abinader-destaca-reduccion-2-8-pobreza-monetaria-en-rd\/","url_meta":{"origin":103592,"position":1},"title":"Presidente Abinader destaca reducci\u00f3n 2.8% pobreza monetaria en RD","author":"Nelson Feliz","date":"27 de febrero de 2024","format":false,"excerpt":"La tasa de pobreza monetaria general en Rep\u00fablica Dominicana disminuy\u00f3 del 25.8% en 2019 a 23% en 2023, lo que indica una mejora de las condiciones econ\u00f3micas generales de la poblaci\u00f3n, destac\u00f3 este martes el presidente Luis Abinader en su discurso de rendici\u00f3n de cuentas. \u00abAun con todo adverso, hemos\u2026","rel":"","context":"En \u00abECONOM\u00cdA\u00bb","block_context":{"text":"ECONOM\u00cdA","link":"https:\/\/lasprimeras.com.do\/index.php\/category\/economia\/"},"img":{"alt_text":"Presidente Abinader destaca reducci\u00f3n 2.8% pobreza monetaria en RD","src":"https:\/\/i0.wp.com\/lasprimeras.com.do\/wp-content\/uploads\/2024\/02\/Luis-Rodolfo-Abinader.jpg?resize=350%2C200&ssl=1","width":350,"height":200,"srcset":"https:\/\/i0.wp.com\/lasprimeras.com.do\/wp-content\/uploads\/2024\/02\/Luis-Rodolfo-Abinader.jpg?resize=350%2C200&ssl=1 1x, https:\/\/i0.wp.com\/lasprimeras.com.do\/wp-content\/uploads\/2024\/02\/Luis-Rodolfo-Abinader.jpg?resize=525%2C300&ssl=1 1.5x, https:\/\/i0.wp.com\/lasprimeras.com.do\/wp-content\/uploads\/2024\/02\/Luis-Rodolfo-Abinader.jpg?resize=700%2C400&ssl=1 2x"},"classes":[]},{"id":105852,"url":"https:\/\/lasprimeras.com.do\/index.php\/2025\/08\/07\/onofre-rojas-asegura-gobierno-manipula-cifras-sobre-reduccion-pobreza\/","url_meta":{"origin":103592,"position":2},"title":"Onofre Rojas asegura Gobierno manipula cifras sobre reducci\u00f3n pobreza","author":"Nelson Feliz","date":"7 de agosto de 2025","format":false,"excerpt":"El opositor partido Fuerza del Pueblo acus\u00f3 este jueves al Gobierno de manipular las cifras sobre la reducci\u00f3n de la pobreza, despu\u00e9s de que el presidente Luis Abinader asegurara que m\u00e1s de dos millones de dominicanos salieron de la pobreza entre 2020 y 2024. Estas cifras \u00abno corresponde a los\u2026","rel":"","context":"En \u00abECONOM\u00cdA\u00bb","block_context":{"text":"ECONOM\u00cdA","link":"https:\/\/lasprimeras.com.do\/index.php\/category\/economia\/"},"img":{"alt_text":"","src":"https:\/\/i0.wp.com\/lasprimeras.com.do\/wp-content\/uploads\/2025\/08\/onofre.jpg?resize=350%2C200&ssl=1","width":350,"height":200,"srcset":"https:\/\/i0.wp.com\/lasprimeras.com.do\/wp-content\/uploads\/2025\/08\/onofre.jpg?resize=350%2C200&ssl=1 1x, https:\/\/i0.wp.com\/lasprimeras.com.do\/wp-content\/uploads\/2025\/08\/onofre.jpg?resize=525%2C300&ssl=1 1.5x, https:\/\/i0.wp.com\/lasprimeras.com.do\/wp-content\/uploads\/2025\/08\/onofre.jpg?resize=700%2C400&ssl=1 2x"},"classes":[]},{"id":87747,"url":"https:\/\/lasprimeras.com.do\/index.php\/2024\/08\/16\/abinader-declara-pobreza-monetaria-pais-es-la-mas-baja-de-la-historia\/","url_meta":{"origin":103592,"position":3},"title":"Abinader declara pobreza monetaria pa\u00eds es la m\u00e1s baja de la historia","author":"Nelson Feliz","date":"16 de agosto de 2024","format":false,"excerpt":"Mandatario afirma subalimentaci\u00f3n se ha reducido en un 45%, que hay un r\u00e9cord de trabajadores activos, que el desempleo se ha situado en un 5% y que, adem\u00e1s, el salario m\u00ednimo promedio ha crecido un 14% por encima de la inflaci\u00f3n. El presidente Luis Abinader declar\u00f3 este viernes que la\u2026","rel":"","context":"En \u00abECONOM\u00cdA\u00bb","block_context":{"text":"ECONOM\u00cdA","link":"https:\/\/lasprimeras.com.do\/index.php\/category\/economia\/"},"img":{"alt_text":"Luis Abinader","src":"https:\/\/i0.wp.com\/lasprimeras.com.do\/wp-content\/uploads\/2024\/08\/Luis-Abinader-12.jpg?resize=350%2C200&ssl=1","width":350,"height":200,"srcset":"https:\/\/i0.wp.com\/lasprimeras.com.do\/wp-content\/uploads\/2024\/08\/Luis-Abinader-12.jpg?resize=350%2C200&ssl=1 1x, https:\/\/i0.wp.com\/lasprimeras.com.do\/wp-content\/uploads\/2024\/08\/Luis-Abinader-12.jpg?resize=525%2C300&ssl=1 1.5x"},"classes":[]},{"id":94992,"url":"https:\/\/lasprimeras.com.do\/index.php\/2025\/03\/07\/mipymes-mujeres-representan-mas-del-40-de-las-empresas-contratadas-por-inabie\/","url_meta":{"origin":103592,"position":4},"title":"Mipymes mujeres representan m\u00e1s del 40% de las empresas contratadas por INABIE","author":"Nelson Feliz","date":"7 de marzo de 2025","format":false,"excerpt":"Las micro, peque\u00f1as y medianas empresas (mipymes) encabezadas por mujeres han sido beneficiadas durante los \u00faltimos cuatro a\u00f1os con m\u00e1s del 40% de las contrataciones que realiza el Instituto Nacional de Bienestar Estudiantil (INABIE) para cumplir con su misi\u00f3n de llevar servicios a los estudiantes del sistema p\u00fablico preuniversitario. La\u2026","rel":"","context":"En \u00abECONOM\u00cdA\u00bb","block_context":{"text":"ECONOM\u00cdA","link":"https:\/\/lasprimeras.com.do\/index.php\/category\/economia\/"},"img":{"alt_text":"","src":"https:\/\/i0.wp.com\/lasprimeras.com.do\/wp-content\/uploads\/2025\/03\/inabie.jpg?resize=350%2C200&ssl=1","width":350,"height":200,"srcset":"https:\/\/i0.wp.com\/lasprimeras.com.do\/wp-content\/uploads\/2025\/03\/inabie.jpg?resize=350%2C200&ssl=1 1x, https:\/\/i0.wp.com\/lasprimeras.com.do\/wp-content\/uploads\/2025\/03\/inabie.jpg?resize=525%2C300&ssl=1 1.5x"},"classes":[]},{"id":86054,"url":"https:\/\/lasprimeras.com.do\/index.php\/2024\/07\/16\/valdez-albizu-crecimiento-del-sistema-financiero-debe-combinar-inclusion-y-reduccion-de-la-pobreza\/","url_meta":{"origin":103592,"position":5},"title":"Valdez Albizu: crecimiento del sistema financiero debe combinar inclusi\u00f3n y reducci\u00f3n de la pobreza","author":"Nelson Feliz","date":"16 de julio de 2024","format":false,"excerpt":"El gobernador del Banco Central de la Rep\u00fablica Dominicana (BCRD), H\u00e9ctor Valdez Albizu, expres\u00f3 que el crecimiento continuado del sistema financiero \"deber\u00e1 combinar prudentemente una mayor inclusi\u00f3n financiera, la reducci\u00f3n de la pobreza, la mitigaci\u00f3n y adaptaci\u00f3n de los riesgos clim\u00e1ticos\". Adem\u00e1s, \"el fortalecimiento y asimilaci\u00f3n gradual de normativas que\u2026","rel":"","context":"En \u00abECONOM\u00cdA\u00bb","block_context":{"text":"ECONOM\u00cdA","link":"https:\/\/lasprimeras.com.do\/index.php\/category\/economia\/"},"img":{"alt_text":"H\u00e9ctor Valdez Albizu","src":"https:\/\/i0.wp.com\/lasprimeras.com.do\/wp-content\/uploads\/2024\/04\/Hector-Valdez-Albizu.jpg?resize=350%2C200&ssl=1","width":350,"height":200,"srcset":"https:\/\/i0.wp.com\/lasprimeras.com.do\/wp-content\/uploads\/2024\/04\/Hector-Valdez-Albizu.jpg?resize=350%2C200&ssl=1 1x, https:\/\/i0.wp.com\/lasprimeras.com.do\/wp-content\/uploads\/2024\/04\/Hector-Valdez-Albizu.jpg?resize=525%2C300&ssl=1 1.5x"},"classes":[]}],"jetpack_sharing_enabled":true,"_links":{"self":[{"href":"https:\/\/lasprimeras.com.do\/index.php\/wp-json\/wp\/v2\/posts\/103592","targetHints":{"allow":["GET"]}}],"collection":[{"href":"https:\/\/lasprimeras.com.do\/index.php\/wp-json\/wp\/v2\/posts"}],"about":[{"href":"https:\/\/lasprimeras.com.do\/index.php\/wp-json\/wp\/v2\/types\/post"}],"author":[{"embeddable":true,"href":"https:\/\/lasprimeras.com.do\/index.php\/wp-json\/wp\/v2\/users\/2"}],"replies":[{"embeddable":true,"href":"https:\/\/lasprimeras.com.do\/index.php\/wp-json\/wp\/v2\/comments?post=103592"}],"version-history":[{"count":1,"href":"https:\/\/lasprimeras.com.do\/index.php\/wp-json\/wp\/v2\/posts\/103592\/revisions"}],"predecessor-version":[{"id":103594,"href":"https:\/\/lasprimeras.com.do\/index.php\/wp-json\/wp\/v2\/posts\/103592\/revisions\/103594"}],"wp:featuredmedia":[{"embeddable":true,"href":"https:\/\/lasprimeras.com.do\/index.php\/wp-json\/wp\/v2\/media\/103593"}],"wp:attachment":[{"href":"https:\/\/lasprimeras.com.do\/index.php\/wp-json\/wp\/v2\/media?parent=103592"}],"wp:term":[{"taxonomy":"category","embeddable":true,"href":"https:\/\/lasprimeras.com.do\/index.php\/wp-json\/wp\/v2\/categories?post=103592"},{"taxonomy":"post_tag","embeddable":true,"href":"https:\/\/lasprimeras.com.do\/index.php\/wp-json\/wp\/v2\/tags?post=103592"}],"curies":[{"name":"wp","href":"https:\/\/api.w.org\/{rel}","templated":true}]}}