{"id":103622,"date":"2025-07-17T08:30:30","date_gmt":"2025-07-17T12:30:30","guid":{"rendered":"https:\/\/lasprimeras.com.do\/?p=103622"},"modified":"2025-07-17T08:30:31","modified_gmt":"2025-07-17T12:30:31","slug":"2-muertos-y-varios-heridos-en-un-ataque-israeli-a-la-unica-iglesia-catolica-de-gaza","status":"publish","type":"post","link":"https:\/\/lasprimeras.com.do\/index.php\/2025\/07\/17\/2-muertos-y-varios-heridos-en-un-ataque-israeli-a-la-unica-iglesia-catolica-de-gaza\/","title":{"rendered":"2 muertos y varios heridos en un ataque israel\u00ed a la \u00fanica iglesia cat\u00f3lica de Gaza"},"content":{"rendered":"\n<p>POR WAFAA SHURAFA, MELANIE LIDMAN<br>and ASSOCIATED PRESS<\/p>\n\n\n\n<p>DEIR AL-BALAH, Franja de Gaza (AP) \u2014 Un proyectil israel\u00ed impact\u00f3 en el recinto de la \u00fanica iglesia cat\u00f3lica de Gaza el mi\u00e9rcoles, donde mat\u00f3 a dos personas e hiri\u00f3 a varias m\u00e1s, seg\u00fan testigos y representantes de la iglesia. Entre los heridos se encontraba el p\u00e1rroco, quien se convirti\u00f3 en un amigo cercano del papa Francisco en los \u00faltimos meses de vida del difunto pont\u00edfice.<\/p>\n\n\n\n<p>El bombardeo de la iglesia de la Sagrada Familia en Gaza tambi\u00e9n da\u00f1\u00f3 el recinto, donde cientos de palestinos se han estado refugiando de la guerra.<\/p>\n\n\n\n<p>El papa Le\u00f3n XIV renov\u00f3 el jueves su llamada a un cese al fuego inmediato en Gaza en respuesta al ataque.<\/p>\n\n\n\n<p>En un telegrama de condolencias para las v\u00edctimas enviado por el n\u00famero 2 del Vaticano, el cardenal Pietro Parolin, Le\u00f3n expres\u00f3 \u201csu profunda esperanza de di\u00e1logo, reconciliaci\u00f3n y paz duradera en la regi\u00f3n\u201d.<\/p>\n\n\n\n<p>El papa estaba \u201cprofundamente entristecido al enterarse de la p\u00e9rdida de vidas y lesiones causadas por el ataque militar\u201d y expres\u00f3 su cercan\u00eda al p\u00e1rroco, el reverendo Gabriele Romanelli, y a toda la parroquia.<\/p>\n\n\n\n<p>El p\u00e1rroco Romanelli era muy cercano al fallecido papa Francisco y ambos hablaban con frecuencia durante la guerra en Gaza.<\/p>\n\n\n\n<p>Cientos de personas se cobijaban en la iglesia<\/p>\n\n\n\n<p>El recinto de la iglesia albergaba tanto a cristianos como a musulmanes, incluidos varios ni\u00f1os con discapacidades, seg\u00fan Fadel Naem, director interino del Hospital Al-Ahli, que recibi\u00f3 a los fallecidos y heridos.<\/p>\n\n\n\n<p>La organizaci\u00f3n ben\u00e9fica cat\u00f3lica Caritas Jerusal\u00e9n inform\u00f3 que el conserje de 60 a\u00f1os de la parroquia y una mujer de 84 a\u00f1os que recib\u00eda apoyo psicosocial dentro de una carpa de Caritas en el recinto de la iglesia murieron en el ataque. El p\u00e1rroco Romanelli sufri\u00f3 heridas leves.<\/p>\n\n\n\n<p>El ej\u00e9rcito israel\u00ed dijo que est\u00e1 al tanto del da\u00f1o causado en la iglesia y est\u00e1 investigando. El ej\u00e9rcito israel\u00ed dijo que \u201chace todo lo posible para mitigar el da\u00f1o a civiles y estructuras civiles, incluidos los sitios religiosos, y lamenta cualquier da\u00f1o causado a ellos\u201d. Israel acusa a los milicianos de Ham\u00e1s de operar desde \u00e1reas civiles.<\/p>\n\n\n\n<p>En un movimiento poco com\u00fan, el Ministerio israel\u00ed de Exteriores public\u00f3 una disculpa en las redes sociales. \u201cIsrael expresa su profundo pesar por el da\u00f1o a la iglesia de la Sagrada Familia en la ciudad de Gaza y por cualquier v\u00edctima civil\u201d, dijo el ministerio.<\/p>\n\n\n\n<p>La primera ministra italiana, Giorgia Meloni, culp\u00f3 a Israel por el ataque a la iglesia. \u201cLos ataques a la poblaci\u00f3n civil que Israel ha estado demostrando durante meses son inaceptables. Ninguna acci\u00f3n militar puede justificar tal actitud\u201d, dijo.<\/p>\n\n\n\n<p>El lugar est\u00e1 muy cerca del Hospital Al-Ahli, dijo Naem, se\u00f1alando que la zona en torno a la iglesia y el hospital ha sido atacada repetidamente durante m\u00e1s de una semana.<\/p>\n\n\n\n<p>El Patriarcado Greco-Ortodoxo de Jerusal\u00e9n, que tambi\u00e9n tiene una iglesia en Gaza que anteriormente sufri\u00f3 da\u00f1os por ataques israel\u00edes, dijo que la Iglesia de la Sagrada Familia albergaba a 600 personas desplazadas, incluidos muchos ni\u00f1os, y 54 personas con discapacidades. El edificio sufri\u00f3 da\u00f1os significativos, a\u00f1adi\u00f3.<\/p>\n\n\n\n<p>Atacar un sitio sagrado \u201ces una afrenta flagrante a la dignidad humana y una grave violaci\u00f3n de la santidad de la vida y la inviolabilidad de los sitios religiosos, que est\u00e1n destinados a servir como refugios seguros durante tiempos de guerra\u201d, dijo la Iglesia en un comunicado.<\/p>\n\n\n\n<p>Por otro lado, otra persona muri\u00f3 y 17 resultaron heridas el jueves en un ataque contra dos escuelas que albergaban a personas desplazadas en el campo de refugiados de Al-Bureij en el centro de Gaza, seg\u00fan el Hospital Al-Awda. El ej\u00e9rcito israel\u00ed no hizo comentarios inmediatos sobre el ataque.<\/p>\n\n\n\n<p>El papa Francisco hablaba casi a diario con la iglesia de Gaza<br>En los \u00faltimos 18 meses de su vida, Francisco sol\u00eda llamar a la \u00fanica iglesia cat\u00f3lica en la Franja de Gaza para saber c\u00f3mo afrontaban las personas refugiadas en su interior una guerra devastadora.<\/p>\n\n\n\n<p>El a\u00f1o pasado, dijo a \u201c60 Minutos\u201d de CBS que cada d\u00eda a las 7 de la tarde llamaba a un sacerdote en la iglesia de la Sagrada Familia para escuchar c\u00f3mo estaban las casi 600 personas refugiadas en el recinto.<\/p>\n\n\n\n<p>Solo 1.000 cristianos viven en Gaza, un territorio abrumadoramente musulm\u00e1n, seg\u00fan el informe de libertad religiosa internacional del Departamento de Estado de Estados Unidos para 2024. El reporte dice que la mayor\u00eda de los cristianos palestinos son greco-ortodoxos, pero tambi\u00e9n incluyen a otros cristianos, incluidos los cat\u00f3licos romanos.<\/p>\n\n\n\n<p>Las conversaciones de cese al fuego contin\u00faan<\/p>\n\n\n\n<p>Los ataques se produjeron mientras Israel y Ham\u00e1s contin\u00faan las conversaciones para un alto el fuego en Gaza, aunque se ha avanzado poco.<\/p>\n\n\n\n<p>Seg\u00fan un funcionario israel\u00ed familiarizado con los detalles, Israel est\u00e1 mostrando \u201cflexibilidad\u201d en algunos de los temas que han desafiado a los negociadores, incluida la presencia israel\u00ed en algunos de los corredores de seguridad que el ej\u00e9rcito ha trazado en la Franja de Gaza.<\/p>\n\n\n\n<p>El funcionario, que habl\u00f3 bajo condici\u00f3n de anonimato porque estaba comentando negociaciones en curso, dijo que Israel ha mostrado cierta disposici\u00f3n a comprometerse en el Corredor de Morag, que atraviesa el sur de Gaza.<\/p>\n\n\n\n<p>Sin embargo, otros temas permanecen, incluida la lista de prisioneros a liberar y los compromisos para poner fin a la guerra.<\/p>\n\n\n\n<p>El funcionario dice que hay indicios de optimismo, pero no habr\u00e1 un acuerdo de inmediato.<\/p>\n\n\n\n<p>La guerra comenz\u00f3 con el ataque transfronterizo de Ham\u00e1s el 7 de octubre de 2023, en el que los milicianos mataron a unas 1.200 personas, en su mayor\u00eda civiles, y secuestraron a 251 personas, la mayor\u00eda de las cuales han sido liberadas en acuerdos de alto el fuego u otros tratos.<\/p>\n\n\n\n<p>Cincuenta rehenes siguen retenidos, de los que menos de la mitad se cree que est\u00e1n vivos.<\/p>\n\n\n\n<p>La ofensiva de represalia de Israel ha matado a m\u00e1s de 58.000 palestinos, seg\u00fan el Ministerio de Salud de Gaza, que ha dicho que mujeres y ni\u00f1os suponen m\u00e1s de la mitad de los muertos. No distingue entre civiles y militantes en su conteo.<\/p>\n\n\n\n<p>El ministerio forma parte del gobierno dirigido por Ham\u00e1s, pero est\u00e1 liderado por profesionales m\u00e9dicos. Naciones Unidas y otras organizaciones internacionales consideran sus cifras como el conteo m\u00e1s fiable de las bajas de guerra.<\/p>\n","protected":false},"excerpt":{"rendered":"<p>POR WAFAA SHURAFA, MELANIE LIDMANand ASSOCIATED PRESS DEIR AL-BALAH, Franja de Gaza (AP) \u2014 Un proyectil israel\u00ed impact\u00f3 en el recinto de la \u00fanica iglesia cat\u00f3lica de Gaza el mi\u00e9rcoles,&hellip;<\/p>\n","protected":false},"author":10,"featured_media":103623,"comment_status":"open","ping_status":"open","sticky":false,"template":"","format":"standard","meta":{"content-type":"","jetpack_post_was_ever_published":false,"_jetpack_newsletter_access":"","_jetpack_dont_email_post_to_subs":false,"_jetpack_newsletter_tier_id":0,"_jetpack_memberships_contains_paywalled_content":false,"_jetpack_memberships_contains_paid_content":false,"footnotes":""},"categories":[16289],"tags":[11549,8295,1467,7483,686],"class_list":["post-103622","post","type-post","status-publish","format-standard","has-post-thumbnail","hentry","category-internacionales","tag-ataque-israeli","tag-gaza","tag-heridos","tag-iglesia-catolica","tag-muertos"],"jetpack_featured_media_url":"https:\/\/lasprimeras.com.do\/wp-content\/uploads\/2025\/07\/iglesia.jpg","jetpack-related-posts":[{"id":103765,"url":"https:\/\/lasprimeras.com.do\/index.php\/2025\/07\/18\/3-muertos-y-varios-heridos-en-un-ataque-israeli-a-la-unica-iglesia-catolica-de-gaza\/","url_meta":{"origin":103622,"position":0},"title":"3 muertos y varios heridos en un ataque israel\u00ed a la \u00fanica iglesia cat\u00f3lica de Gaza","author":"Nelson Feliz","date":"18 de julio de 2025","format":false,"excerpt":"POR WAFAA SHURAFA, MELANIE LIDMANand ASSOCIATED PRESS DEIR AL-BALAH, Franja de Gaza (AP) \u2014 Un proyectil israel\u00ed impact\u00f3 en el recinto de la \u00fanica iglesia cat\u00f3lica de la Franja de Gaza el jueves, donde mat\u00f3 a tres personas e hiri\u00f3 a otras 10, incluido el p\u00e1rroco, seg\u00fan representantes de la\u2026","rel":"","context":"En \u00abINTERNACIONALES\u00bb","block_context":{"text":"INTERNACIONALES","link":"https:\/\/lasprimeras.com.do\/index.php\/category\/sin-categoria\/internacionales\/"},"img":{"alt_text":"","src":"https:\/\/i0.wp.com\/lasprimeras.com.do\/wp-content\/uploads\/2025\/07\/GAZA.jpg?resize=350%2C200&ssl=1","width":350,"height":200,"srcset":"https:\/\/i0.wp.com\/lasprimeras.com.do\/wp-content\/uploads\/2025\/07\/GAZA.jpg?resize=350%2C200&ssl=1 1x, https:\/\/i0.wp.com\/lasprimeras.com.do\/wp-content\/uploads\/2025\/07\/GAZA.jpg?resize=525%2C300&ssl=1 1.5x, https:\/\/i0.wp.com\/lasprimeras.com.do\/wp-content\/uploads\/2025\/07\/GAZA.jpg?resize=700%2C400&ssl=1 2x"},"classes":[]},{"id":64505,"url":"https:\/\/lasprimeras.com.do\/index.php\/2023\/10\/20\/bombardeo-israeli-contra-iglesia-en-gaza-deja-al-menos-16-muertos\/","url_meta":{"origin":103622,"position":1},"title":"Bombardeo israel\u00ed contra iglesia en Gaza deja al menos 16 muertos","author":"BIMARY DE JES\u00daS Matos","date":"20 de octubre de 2023","format":false,"excerpt":"JERUSALEN.- Al menos 16 palestinos cristianos murieron por un bombardeo del Ej\u00e9rcito de Israel sobre la iglesia ortodoxa de San Porfirio en la Franja de Gaza, donde se refugiaban cientos de personas, incluidas familias con ni\u00f1os, informaron este viernes fuentes oficiales palestinas. \u00abDiecis\u00e9is cristianos palestinos fueron martirizados en el ataque\u2026","rel":"","context":"En \u00abSin categor\u00eda\u00bb","block_context":{"text":"Sin categor\u00eda","link":"https:\/\/lasprimeras.com.do\/index.php\/category\/sin-categoria\/"},"img":{"alt_text":"","src":"","width":0,"height":0},"classes":[]},{"id":103917,"url":"https:\/\/lasprimeras.com.do\/index.php\/2025\/07\/20\/el-papa-leon-xiv-renueva-su-llamamiento-a-un-alto-el-fuego-inmediato-en-gaza\/","url_meta":{"origin":103622,"position":2},"title":"El Papa Le\u00f3n XIV renueva su llamamiento a un alto el fuego inmediato en Gaza","author":"Nelson Feliz","date":"20 de julio de 2025","format":false,"excerpt":"Por DARIO ARTALE CASTEL GANDOLFO, Italia (AP) \u2014 El papa Le\u00f3n XIV renov\u00f3 el domingo su llamado a un cese del fuego inmediato en Gaza , pidiendo a la comunidad internacional que respete las leyes internacionales y la obligaci\u00f3n de proteger a los civiles. \u00abUna vez m\u00e1s pido el fin\u2026","rel":"","context":"En \u00abINTERNACIONALES\u00bb","block_context":{"text":"INTERNACIONALES","link":"https:\/\/lasprimeras.com.do\/index.php\/category\/sin-categoria\/internacionales\/"},"img":{"alt_text":"","src":"https:\/\/i0.wp.com\/lasprimeras.com.do\/wp-content\/uploads\/2025\/07\/PAPA.jpg?resize=350%2C200&ssl=1","width":350,"height":200,"srcset":"https:\/\/i0.wp.com\/lasprimeras.com.do\/wp-content\/uploads\/2025\/07\/PAPA.jpg?resize=350%2C200&ssl=1 1x, https:\/\/i0.wp.com\/lasprimeras.com.do\/wp-content\/uploads\/2025\/07\/PAPA.jpg?resize=525%2C300&ssl=1 1.5x"},"classes":[]},{"id":64179,"url":"https:\/\/lasprimeras.com.do\/index.php\/2023\/10\/18\/tras-ataque-israeli-en-hospital-de-gaza-iran-declara-un-dia-de-luto\/","url_meta":{"origin":103622,"position":3},"title":"Tras ataque israel\u00ed en hospital de Gaza Ir\u00e1n declara un d\u00eda de luto","author":"BIMARY DE JES\u00daS Matos","date":"18 de octubre de 2023","format":false,"excerpt":"IRAN.- El Gobierno conden\u00f3 el asesinato de cientos de palestinos en el bombardeo de un hospital de Gaza y declara un d\u00eda de luto. Por medio de un comunicado emitido el martes, el Gobierno de la Rep\u00fablica Isl\u00e1mica de Ir\u00e1n conden\u00f3 la masacre israel\u00ed de los palestinos, en particular ni\u00f1os\u2026","rel":"","context":"En \u00abSin categor\u00eda\u00bb","block_context":{"text":"Sin categor\u00eda","link":"https:\/\/lasprimeras.com.do\/index.php\/category\/sin-categoria\/"},"img":{"alt_text":"","src":"https:\/\/i0.wp.com\/lasprimeras.com.do\/wp-content\/uploads\/2023\/10\/Captura-de-pantalla-2023-10-18-140654-3.jpg?resize=350%2C200&ssl=1","width":350,"height":200,"srcset":"https:\/\/i0.wp.com\/lasprimeras.com.do\/wp-content\/uploads\/2023\/10\/Captura-de-pantalla-2023-10-18-140654-3.jpg?resize=350%2C200&ssl=1 1x, https:\/\/i0.wp.com\/lasprimeras.com.do\/wp-content\/uploads\/2023\/10\/Captura-de-pantalla-2023-10-18-140654-3.jpg?resize=525%2C300&ssl=1 1.5x, https:\/\/i0.wp.com\/lasprimeras.com.do\/wp-content\/uploads\/2023\/10\/Captura-de-pantalla-2023-10-18-140654-3.jpg?resize=700%2C400&ssl=1 2x, https:\/\/i0.wp.com\/lasprimeras.com.do\/wp-content\/uploads\/2023\/10\/Captura-de-pantalla-2023-10-18-140654-3.jpg?resize=1050%2C600&ssl=1 3x"},"classes":[]},{"id":64182,"url":"https:\/\/lasprimeras.com.do\/index.php\/2023\/10\/18\/aumentan-a-3200-muertos-por-los-bombardeos-israelies-en-gaza\/","url_meta":{"origin":103622,"position":4},"title":"Aumentan a 3,200 muertos por los bombardeos israel\u00edes en Gaza","author":"BIMARY DE JES\u00daS Matos","date":"18 de octubre de 2023","format":false,"excerpt":"JERUSALEN.- El n\u00famero total de muertos por los bombardeos israel\u00edes en la Franja de Gaza desde el inicio de la guerra, el 7 de octubre pasado, se sit\u00faa en los 3,200, seg\u00fan cifras difundidas este mi\u00e9rcoles por el Ministerio de Sanidad gazat\u00ed, organismo controlado por la organizaci\u00f3n islamista Ham\u00e1s. Estas\u2026","rel":"","context":"En \u00abSin categor\u00eda\u00bb","block_context":{"text":"Sin categor\u00eda","link":"https:\/\/lasprimeras.com.do\/index.php\/category\/sin-categoria\/"},"img":{"alt_text":"","src":"https:\/\/i0.wp.com\/lasprimeras.com.do\/wp-content\/uploads\/2023\/10\/Captura-de-pantalla-2023-10-18-140654-4.jpg?resize=350%2C200&ssl=1","width":350,"height":200,"srcset":"https:\/\/i0.wp.com\/lasprimeras.com.do\/wp-content\/uploads\/2023\/10\/Captura-de-pantalla-2023-10-18-140654-4.jpg?resize=350%2C200&ssl=1 1x, https:\/\/i0.wp.com\/lasprimeras.com.do\/wp-content\/uploads\/2023\/10\/Captura-de-pantalla-2023-10-18-140654-4.jpg?resize=525%2C300&ssl=1 1.5x, https:\/\/i0.wp.com\/lasprimeras.com.do\/wp-content\/uploads\/2023\/10\/Captura-de-pantalla-2023-10-18-140654-4.jpg?resize=700%2C400&ssl=1 2x"},"classes":[]},{"id":72527,"url":"https:\/\/lasprimeras.com.do\/index.php\/2023\/12\/31\/165-muertos-por-ataques-israelies-en-gaza-en-las-ultimas-24-horas\/","url_meta":{"origin":103622,"position":5},"title":"165 muertos por ataques israel\u00edes en Gaza en las \u00faltimas 24 horas","author":"BIMARY DE JES\u00daS Matos","date":"31 de diciembre de 2023","format":false,"excerpt":"JERUSALEN.- Al menos 165 palestinos murieron y otros 250 resultaron heridos por ataques israel\u00edes en Gaza en las \u00faltimas 24 horas, inform\u00f3 el Ministerio de Sanidad de la Franja, controlado por el grupo islamista Ham\u00e1s, en el 85 d\u00eda de guerra en el enclave. \u00abLas fuerzas de ocupaci\u00f3n (Israel) cometieron\u2026","rel":"","context":"En \u00abSin categor\u00eda\u00bb","block_context":{"text":"Sin categor\u00eda","link":"https:\/\/lasprimeras.com.do\/index.php\/category\/sin-categoria\/"},"img":{"alt_text":"","src":"https:\/\/i0.wp.com\/lasprimeras.com.do\/wp-content\/uploads\/2023\/12\/Noticias-de-energia-2023-12-30T231422.287-2.png?resize=350%2C200&ssl=1","width":350,"height":200,"srcset":"https:\/\/i0.wp.com\/lasprimeras.com.do\/wp-content\/uploads\/2023\/12\/Noticias-de-energia-2023-12-30T231422.287-2.png?resize=350%2C200&ssl=1 1x, https:\/\/i0.wp.com\/lasprimeras.com.do\/wp-content\/uploads\/2023\/12\/Noticias-de-energia-2023-12-30T231422.287-2.png?resize=525%2C300&ssl=1 1.5x"},"classes":[]}],"jetpack_sharing_enabled":true,"_links":{"self":[{"href":"https:\/\/lasprimeras.com.do\/index.php\/wp-json\/wp\/v2\/posts\/103622","targetHints":{"allow":["GET"]}}],"collection":[{"href":"https:\/\/lasprimeras.com.do\/index.php\/wp-json\/wp\/v2\/posts"}],"about":[{"href":"https:\/\/lasprimeras.com.do\/index.php\/wp-json\/wp\/v2\/types\/post"}],"author":[{"embeddable":true,"href":"https:\/\/lasprimeras.com.do\/index.php\/wp-json\/wp\/v2\/users\/10"}],"replies":[{"embeddable":true,"href":"https:\/\/lasprimeras.com.do\/index.php\/wp-json\/wp\/v2\/comments?post=103622"}],"version-history":[{"count":1,"href":"https:\/\/lasprimeras.com.do\/index.php\/wp-json\/wp\/v2\/posts\/103622\/revisions"}],"predecessor-version":[{"id":103624,"href":"https:\/\/lasprimeras.com.do\/index.php\/wp-json\/wp\/v2\/posts\/103622\/revisions\/103624"}],"wp:featuredmedia":[{"embeddable":true,"href":"https:\/\/lasprimeras.com.do\/index.php\/wp-json\/wp\/v2\/media\/103623"}],"wp:attachment":[{"href":"https:\/\/lasprimeras.com.do\/index.php\/wp-json\/wp\/v2\/media?parent=103622"}],"wp:term":[{"taxonomy":"category","embeddable":true,"href":"https:\/\/lasprimeras.com.do\/index.php\/wp-json\/wp\/v2\/categories?post=103622"},{"taxonomy":"post_tag","embeddable":true,"href":"https:\/\/lasprimeras.com.do\/index.php\/wp-json\/wp\/v2\/tags?post=103622"}],"curies":[{"name":"wp","href":"https:\/\/api.w.org\/{rel}","templated":true}]}}