{"id":103628,"date":"2025-07-17T08:59:01","date_gmt":"2025-07-17T12:59:01","guid":{"rendered":"https:\/\/lasprimeras.com.do\/?p=103628"},"modified":"2025-07-17T08:59:02","modified_gmt":"2025-07-17T12:59:02","slug":"jueza-federal-bloqueara-orden-de-ciudadania-por-nacimiento-de-trump-en-todo-el-pais","status":"publish","type":"post","link":"https:\/\/lasprimeras.com.do\/index.php\/2025\/07\/17\/jueza-federal-bloqueara-orden-de-ciudadania-por-nacimiento-de-trump-en-todo-el-pais\/","title":{"rendered":"Jueza federal bloquear\u00e1 orden de ciudadan\u00eda por nacimiento de Trump en todo el pa\u00eds"},"content":{"rendered":"\n<p>GREENBELT, Maryland (AP) \u2014 Un juez federal en Maryland podr\u00eda convertirse pronto en el segundo en bloquear la orden del presidente Donald Trump que restringe la ciudadan\u00eda por derecho de nacimiento y evitar que entre en vigor a nivel nacional, si un tribunal de apelaciones lo permitiera.<\/p>\n\n\n\n<p>La jueza federal de distrito, Deborah Boardman, declar\u00f3 el mi\u00e9rcoles en un dictamen que otorgar\u00eda la categor\u00eda de demanda colectiva en nombre de todos los menores afectados por la orden y otorgar\u00eda una orden preliminar para bloquearla.<\/p>\n\n\n\n<p>Sin embargo, no emiti\u00f3 un fallo inmediato, se\u00f1alando que una decisi\u00f3n previa suya para bloquear la orden se encontraba en apelaci\u00f3n ante el Cuarto Tribunal de Circuito de EE. UU., y que dicho tribunal tendr\u00eda que devolverle el caso.<\/p>\n\n\n\n<p>Boardman dijo que un fallo inmediato de su parte \u201cpromover\u00eda la eficiencia y la econom\u00eda judicial porque permitir\u00eda al Cuarto Circuito considerar los m\u00e9ritos de una orden judicial preliminar para todo el grupo m\u00e1s temprano que tarde\u201d.<\/p>\n\n\n\n<p>Un juez federal de New Hampshire emiti\u00f3 un fallo la semana pasada que proh\u00edbe que la orden ejecutiva de Trump entre en vigor en todo el pa\u00eds.<\/p>\n\n\n\n<p>El juez federal de distrito Joseph LaPlante emiti\u00f3 una orden judicial preliminar y certific\u00f3 una demanda colectiva que incluye a todos los menores afectados.<\/p>\n\n\n\n<p>La orden, dictada tras una audiencia de una hora, incluy\u00f3 una suspensi\u00f3n de siete d\u00edas para la apelaci\u00f3n.<\/p>\n\n\n\n<p>La decisi\u00f3n aceler\u00f3 el proceso de la cuesti\u00f3n de la ciudadan\u00eda por nacimiento para que regrese a la Corte Suprema. Se podr\u00eda solicitar a los jueces que determinen si la orden cumple con su decisi\u00f3n del mes pasado , que limit\u00f3 la autoridad de los jueces para emitir \u00f3rdenes judiciales a nivel nacional.<\/p>\n\n\n\n<p>El alto tribunal declar\u00f3 que, por lo general, los jueces de distrito no pueden emitir \u00f3rdenes judiciales a nivel nacional o universal. Sin embargo, no descart\u00f3 que los jueces pudieran hacerlo mediante una demanda colectiva.<\/p>\n\n\n\n<p>La orden de enero de Trump negar\u00eda la ciudadan\u00eda a los beb\u00e9s nacidos de padres que viven en Estados Unidos ilegalmente o temporalmente.<\/p>\n","protected":false},"excerpt":{"rendered":"<p>GREENBELT, Maryland (AP) \u2014 Un juez federal en Maryland podr\u00eda convertirse pronto en el segundo en bloquear la orden del presidente Donald Trump que restringe la ciudadan\u00eda por derecho de&hellip;<\/p>\n","protected":false},"author":10,"featured_media":103629,"comment_status":"open","ping_status":"open","sticky":false,"template":"","format":"standard","meta":{"content-type":"","jetpack_post_was_ever_published":false,"_jetpack_newsletter_access":"","_jetpack_dont_email_post_to_subs":false,"_jetpack_newsletter_tier_id":0,"_jetpack_memberships_contains_paywalled_content":false,"_jetpack_memberships_contains_paid_content":false,"footnotes":""},"categories":[16289],"tags":[21770,978,21772,17010,21771],"class_list":["post-103628","post","type-post","status-publish","format-standard","has-post-thumbnail","hentry","category-internacionales","tag-bloqueara","tag-donald-trump","tag-jueza-federal","tag-nacimiento","tag-orden-de-ciudadania"],"jetpack_featured_media_url":"https:\/\/lasprimeras.com.do\/wp-content\/uploads\/2025\/07\/Juez-federal-en-Maryland.jpg","jetpack-related-posts":[{"id":104433,"url":"https:\/\/lasprimeras.com.do\/index.php\/2025\/07\/24\/corte-falla-que-intento-de-trump-de-acabar-con-ciudadania-por-nacimiento-es-inconstitucional\/","url_meta":{"origin":103628,"position":0},"title":"Corte falla que intento de Trump de acabar con ciudadan\u00eda por nacimiento es inconstitucional","author":"Nelson Feliz","date":"24 de julio de 2025","format":false,"excerpt":"POR LINDSAY WHITEHURSTand HALLIE GOLDEN WASHINGTON (AP) \u2014 Una corte federal de apelaciones en San Francisco dictamin\u00f3 que la orden del presidente Donald Trump que pretende poner fin a la ciudadan\u00eda por nacimiento es inconstitucional, confirmando as\u00ed la decisi\u00f3n de un tribunal de menor instancia que bloque\u00f3 la aplicaci\u00f3n de\u2026","rel":"","context":"En \u00abINTERNACIONALES\u00bb","block_context":{"text":"INTERNACIONALES","link":"https:\/\/lasprimeras.com.do\/index.php\/category\/sin-categoria\/internacionales\/"},"img":{"alt_text":"","src":"https:\/\/i0.wp.com\/lasprimeras.com.do\/wp-content\/uploads\/2025\/07\/Donald-Trump-4.jpg?resize=350%2C200&ssl=1","width":350,"height":200,"srcset":"https:\/\/i0.wp.com\/lasprimeras.com.do\/wp-content\/uploads\/2025\/07\/Donald-Trump-4.jpg?resize=350%2C200&ssl=1 1x, https:\/\/i0.wp.com\/lasprimeras.com.do\/wp-content\/uploads\/2025\/07\/Donald-Trump-4.jpg?resize=525%2C300&ssl=1 1.5x, https:\/\/i0.wp.com\/lasprimeras.com.do\/wp-content\/uploads\/2025\/07\/Donald-Trump-4.jpg?resize=700%2C400&ssl=1 2x"},"classes":[]},{"id":110275,"url":"https:\/\/lasprimeras.com.do\/index.php\/2025\/09\/27\/trump-pide-a-corte-suprema-mantener-restricciones-sobre-la-ciudadania-por-nacimiento\/","url_meta":{"origin":103628,"position":1},"title":"Trump pide a Corte Suprema mantener restricciones sobre la ciudadan\u00eda por nacimiento","author":"Nelson Feliz","date":"27 de septiembre de 2025","format":false,"excerpt":"POR MARK SHERMAN and LINDSAY WHITEHURST WASHINGTON (AP) \u2014 El gobierno del presidente Donald Trump solicit\u00f3 a la Corte Suprema que respalde su orden sobre la ciudadan\u00eda por nacimiento, declarando que los ni\u00f1os nacidos de padres que est\u00e1n en Estados Unidos de manera ilegal o temporal no son ciudadanos estadounidenses.\u2026","rel":"","context":"En \u00abINTERNACIONALES\u00bb","block_context":{"text":"INTERNACIONALES","link":"https:\/\/lasprimeras.com.do\/index.php\/category\/sin-categoria\/internacionales\/"},"img":{"alt_text":"","src":"https:\/\/i0.wp.com\/lasprimeras.com.do\/wp-content\/uploads\/2025\/09\/capitolio.jpg?resize=350%2C200&ssl=1","width":350,"height":200,"srcset":"https:\/\/i0.wp.com\/lasprimeras.com.do\/wp-content\/uploads\/2025\/09\/capitolio.jpg?resize=350%2C200&ssl=1 1x, https:\/\/i0.wp.com\/lasprimeras.com.do\/wp-content\/uploads\/2025\/09\/capitolio.jpg?resize=525%2C300&ssl=1 1.5x, https:\/\/i0.wp.com\/lasprimeras.com.do\/wp-content\/uploads\/2025\/09\/capitolio.jpg?resize=700%2C400&ssl=1 2x"},"classes":[]},{"id":126344,"url":"https:\/\/lasprimeras.com.do\/index.php\/2026\/04\/01\/corte-suprema-evalua-ciudadania-para-hijos-de-indocumentados-miles-son-dominicanos\/","url_meta":{"origin":103628,"position":2},"title":"Corte Suprema eval\u00faa ciudadan\u00eda para hijos de indocumentados; miles son dominicanos","author":"Nelson Feliz","date":"1 de abril de 2026","format":false,"excerpt":"Por Ram\u00f3n Mercedes NUEVA YORK.- El Tribunal Supremo de los Estados Unidos, que ostenta el m\u00e1ximo poder judicial en territorio estadounidense, debatir\u00e1 este jueves el llamado del presidente Donald Trump para derogar la ciudadan\u00eda por nacimiento a los hijos de padres indocumentados, entre ellos figuran miles de dominicanos. Trump firm\u00f3\u2026","rel":"","context":"En \u00abINTERNACIONALES\u00bb","block_context":{"text":"INTERNACIONALES","link":"https:\/\/lasprimeras.com.do\/index.php\/category\/sin-categoria\/internacionales\/"},"img":{"alt_text":"","src":"https:\/\/i0.wp.com\/lasprimeras.com.do\/wp-content\/uploads\/2026\/03\/Peticion-contra-ciudadania-hijos-indocumentados-sera-conocida-este-jueves-por-Tribunal-Supremo_-figuran-miles-de-ninos-dominicanos.jpg?resize=350%2C200&ssl=1","width":350,"height":200,"srcset":"https:\/\/i0.wp.com\/lasprimeras.com.do\/wp-content\/uploads\/2026\/03\/Peticion-contra-ciudadania-hijos-indocumentados-sera-conocida-este-jueves-por-Tribunal-Supremo_-figuran-miles-de-ninos-dominicanos.jpg?resize=350%2C200&ssl=1 1x, https:\/\/i0.wp.com\/lasprimeras.com.do\/wp-content\/uploads\/2026\/03\/Peticion-contra-ciudadania-hijos-indocumentados-sera-conocida-este-jueves-por-Tribunal-Supremo_-figuran-miles-de-ninos-dominicanos.jpg?resize=525%2C300&ssl=1 1.5x"},"classes":[]},{"id":97154,"url":"https:\/\/lasprimeras.com.do\/index.php\/2025\/04\/16\/juez-halla-causa-para-acusar-de-desacato-al-gobierno-de-trump-por-violar-orden-de-deportacion\/","url_meta":{"origin":103628,"position":3},"title":"Juez halla causa para acusar de desacato al gobierno de Trump por violar orden de deportaci\u00f3n","author":"Nelson Feliz","date":"16 de abril de 2025","format":false,"excerpt":"POR ALANNA DURKIN RICHER and MICHAEL KUNZELMAN WASHINGTON (AP) \u2014 Un juez federal indic\u00f3 el mi\u00e9rcoles que ha encontrado causa probable para declarar al gobierno del presidente estadounidense Donald Trump en desacato penal al tribunal. Advirti\u00f3 que podr\u00eda buscar el enjuiciamiento de algunos funcionarios por incumplir sus \u00f3rdenes el mes\u2026","rel":"","context":"En \u00abINTERNACIONALES\u00bb","block_context":{"text":"INTERNACIONALES","link":"https:\/\/lasprimeras.com.do\/index.php\/category\/sin-categoria\/internacionales\/"},"img":{"alt_text":"James E. Boasberg","src":"https:\/\/i0.wp.com\/lasprimeras.com.do\/wp-content\/uploads\/2025\/04\/James-E.-Boasberg.jpg?resize=350%2C200&ssl=1","width":350,"height":200,"srcset":"https:\/\/i0.wp.com\/lasprimeras.com.do\/wp-content\/uploads\/2025\/04\/James-E.-Boasberg.jpg?resize=350%2C200&ssl=1 1x, https:\/\/i0.wp.com\/lasprimeras.com.do\/wp-content\/uploads\/2025\/04\/James-E.-Boasberg.jpg?resize=525%2C300&ssl=1 1.5x, https:\/\/i0.wp.com\/lasprimeras.com.do\/wp-content\/uploads\/2025\/04\/James-E.-Boasberg.jpg?resize=700%2C400&ssl=1 2x"},"classes":[]},{"id":94075,"url":"https:\/\/lasprimeras.com.do\/index.php\/2025\/02\/25\/tribunal-bloquea-operaciones-de-ice-en-iglesias-y-otros-lugares-de-culto\/","url_meta":{"origin":103628,"position":4},"title":"Tribunal bloquea operaciones de ICE en iglesias y otros lugares de culto","author":"Nelson Feliz","date":"25 de febrero de 2025","format":false,"excerpt":"'La Migra' no podr\u00e1 realizar redadas en o cerca de iglesias o centros de culto, luego de una orden preliminar de un juez en Maryland Maryland\u2026La agencia de Inmigraci\u00f3n y Control de Aduanas (ICE) enfrenta un nuevo bloqueo en sus operaciones en los llamados \u201clugares sensibles\u201d, luego de que un\u2026","rel":"","context":"En \u00abINTERNACIONALES\u00bb","block_context":{"text":"INTERNACIONALES","link":"https:\/\/lasprimeras.com.do\/index.php\/category\/sin-categoria\/internacionales\/"},"img":{"alt_text":"","src":"https:\/\/i0.wp.com\/lasprimeras.com.do\/wp-content\/uploads\/2025\/02\/ice.png?resize=350%2C200&ssl=1","width":350,"height":200,"srcset":"https:\/\/i0.wp.com\/lasprimeras.com.do\/wp-content\/uploads\/2025\/02\/ice.png?resize=350%2C200&ssl=1 1x, https:\/\/i0.wp.com\/lasprimeras.com.do\/wp-content\/uploads\/2025\/02\/ice.png?resize=525%2C300&ssl=1 1.5x, https:\/\/i0.wp.com\/lasprimeras.com.do\/wp-content\/uploads\/2025\/02\/ice.png?resize=700%2C400&ssl=1 2x"},"classes":[]},{"id":126960,"url":"https:\/\/lasprimeras.com.do\/index.php\/2026\/04\/07\/congresista-torres-d-15-contra-intensiones-trump-eliminar-ciudadania-por-nacimiento-en-eua\/","url_meta":{"origin":103628,"position":5},"title":"Congresista Torres D-15 contra intensiones Trump eliminar ciudadan\u00eda por nacimiento en EUA","author":"Nelson Feliz","date":"7 de abril de 2026","format":false,"excerpt":"Por Ram\u00f3n Mercedes NUEVA YORK.- El congresista por el Distrito 15, Bronx, Ritchie Torres, manifest\u00f3 que est\u00e1 en contra de las intenciones del presidente Donald Trump de eliminar la ciudadan\u00eda por nacimiento a hijos de indocumentados en Estados Unidos. Exhort\u00f3 a los miembros de la Corte Suprema a ratificar lo\u2026","rel":"","context":"En \u00abINTERNACIONALES\u00bb","block_context":{"text":"INTERNACIONALES","link":"https:\/\/lasprimeras.com.do\/index.php\/category\/sin-categoria\/internacionales\/"},"img":{"alt_text":"","src":"https:\/\/i0.wp.com\/lasprimeras.com.do\/wp-content\/uploads\/2026\/04\/IMG-20260407-WA0071.jpg?resize=350%2C200&ssl=1","width":350,"height":200},"classes":[]}],"jetpack_sharing_enabled":true,"_links":{"self":[{"href":"https:\/\/lasprimeras.com.do\/index.php\/wp-json\/wp\/v2\/posts\/103628","targetHints":{"allow":["GET"]}}],"collection":[{"href":"https:\/\/lasprimeras.com.do\/index.php\/wp-json\/wp\/v2\/posts"}],"about":[{"href":"https:\/\/lasprimeras.com.do\/index.php\/wp-json\/wp\/v2\/types\/post"}],"author":[{"embeddable":true,"href":"https:\/\/lasprimeras.com.do\/index.php\/wp-json\/wp\/v2\/users\/10"}],"replies":[{"embeddable":true,"href":"https:\/\/lasprimeras.com.do\/index.php\/wp-json\/wp\/v2\/comments?post=103628"}],"version-history":[{"count":1,"href":"https:\/\/lasprimeras.com.do\/index.php\/wp-json\/wp\/v2\/posts\/103628\/revisions"}],"predecessor-version":[{"id":103630,"href":"https:\/\/lasprimeras.com.do\/index.php\/wp-json\/wp\/v2\/posts\/103628\/revisions\/103630"}],"wp:featuredmedia":[{"embeddable":true,"href":"https:\/\/lasprimeras.com.do\/index.php\/wp-json\/wp\/v2\/media\/103629"}],"wp:attachment":[{"href":"https:\/\/lasprimeras.com.do\/index.php\/wp-json\/wp\/v2\/media?parent=103628"}],"wp:term":[{"taxonomy":"category","embeddable":true,"href":"https:\/\/lasprimeras.com.do\/index.php\/wp-json\/wp\/v2\/categories?post=103628"},{"taxonomy":"post_tag","embeddable":true,"href":"https:\/\/lasprimeras.com.do\/index.php\/wp-json\/wp\/v2\/tags?post=103628"}],"curies":[{"name":"wp","href":"https:\/\/api.w.org\/{rel}","templated":true}]}}