{"id":103690,"date":"2025-07-17T17:05:16","date_gmt":"2025-07-17T21:05:16","guid":{"rendered":"https:\/\/lasprimeras.com.do\/?p=103690"},"modified":"2025-07-17T17:05:18","modified_gmt":"2025-07-17T21:05:18","slug":"victor-daza-valora-como-positiva-la-modificacion-ley-225-20-aprobada-en-camara-de-diputados","status":"publish","type":"post","link":"https:\/\/lasprimeras.com.do\/index.php\/2025\/07\/17\/victor-daza-valora-como-positiva-la-modificacion-ley-225-20-aprobada-en-camara-de-diputados\/","title":{"rendered":"V\u00edctor D\u00b4Aza valora como positiva la modificaci\u00f3n Ley 225-20 aprobada en C\u00e1mara de Diputados"},"content":{"rendered":"\n<p>El presidente de la Liga Municipal Dominicana (LMD), V\u00edctor D\u00b4Aza, valor\u00f3 como positiva la aprobaci\u00f3n en segunda lectura del proyecto de ley que modifica la Ley 225-20 de Gesti\u00f3n Integral y Coprocesamiento de los Residuos S\u00f3lidos.<\/p>\n\n\n\n<p>D\u00b4Aza explic\u00f3 que, ante la necesidad de los gobiernos locales de contar con m\u00e1s recursos para elevar la calidad del servicio de limpieza y recolecci\u00f3n de residuos, \u201cesta modificaci\u00f3n de la Ley 225-20 crea nuevas fuentes de ingresos que permitir\u00e1n impulsar este salto cualitativo en cada municipio y distrito municipal del pa\u00eds\u201d.<\/p>\n\n\n\n<p>Tal y como dispone la pieza legislativa aprobada en segunda lectura por el pleno de la C\u00e1mara de Diputados, los gobiernos locales dispondr\u00e1n de una contribuci\u00f3n especial aportada por el Fideicomiso DO Sostenible, que ser\u00e1 utilizada exclusivamente para el pago de recolecci\u00f3n de residuos, y\/o para la adquisici\u00f3n de equipos y maquinarias destinados a la gesti\u00f3n de recolecci\u00f3n de residuos, y que consistir\u00e1 en una tarifa de veinte pesos dominicanos (RD$20.00) por habitante, a ser aplicada a partir del a\u00f1o 2026.<\/p>\n\n\n\n<p>\u201cEsta es una ley que promulg\u00f3 el presidente Luis Abinader y que nos permite avanzar en la transformaci\u00f3n del modelo actual de gesti\u00f3n de residuos s\u00f3lidos, por lo que su revisi\u00f3n y modificaci\u00f3n tras cinco a\u00f1os de aplicaci\u00f3n, nos permite seguir dando pasos en esta direcci\u00f3n\u201d, afirm\u00f3 D\u00b4Aza.<\/p>\n\n\n\n<p>\u201cEsta modificaci\u00f3n aborda aspectos clave para consolidar la sostenibilidad financiera y medioambiental de la gesti\u00f3n de los residuos s\u00f3lidos en el pa\u00eds, por ello desde el inicio estuvimos a favor de que desde la C\u00e1mara de Diputados se impulsar\u00e1 un di\u00e1logo sincero, avalado en los datos e informaci\u00f3n t\u00e9cnica relevante, para alcanzar acuerdos entre los diferentes sectores\u201d, destac\u00f3.<\/p>\n\n\n\n<p>El avance en la discusi\u00f3n de este proyecto que ahora ser\u00e1 conocido nuevamente en el Senado, para D\u00b4Aza es \u201cuna se\u00f1al inequ\u00edvoca de que existe un compromiso gubernamental para elevar la modernizaci\u00f3n y la calidad de la disposici\u00f3n final de residuos s\u00f3lidos, as\u00ed como su manejo, que est\u00e1 a cargo de los gobiernos locales\u201d, sostuvo.<\/p>\n\n\n\n<p>En ese sentido reconoci\u00f3 la labor de la comisi\u00f3n especial conformada en la C\u00e1mara de Diputados para el estudio de esta pieza legislativa, as\u00ed como la coordinaci\u00f3n y seguimiento impulsados desde la presidencia de la c\u00e1mara baja por Alfredo Pacheco.<\/p>\n","protected":false},"excerpt":{"rendered":"<p>El presidente de la Liga Municipal Dominicana (LMD), V\u00edctor D\u00b4Aza, valor\u00f3 como positiva la aprobaci\u00f3n en segunda lectura del proyecto de ley que modifica la Ley 225-20 de Gesti\u00f3n Integral&hellip;<\/p>\n","protected":false},"author":2,"featured_media":103691,"comment_status":"open","ping_status":"open","sticky":false,"template":"","format":"standard","meta":{"content-type":"","jetpack_post_was_ever_published":false,"_jetpack_newsletter_access":"","_jetpack_dont_email_post_to_subs":false,"_jetpack_newsletter_tier_id":0,"_jetpack_memberships_contains_paywalled_content":false,"_jetpack_memberships_contains_paid_content":false,"footnotes":""},"categories":[35],"tags":[21794,1102,12976,6826,2171,21793],"class_list":["post-103690","post","type-post","status-publish","format-standard","has-post-thumbnail","hentry","category-nacionales","tag-aprobada","tag-camara-de-diputados","tag-ley-225-20","tag-modificacion","tag-positiva","tag-victor-daza"],"jetpack_featured_media_url":"https:\/\/lasprimeras.com.do\/wp-content\/uploads\/2025\/07\/Victor-D\u00b4Aza.jpg","jetpack-related-posts":[{"id":103946,"url":"https:\/\/lasprimeras.com.do\/index.php\/2025\/07\/20\/presidente-de-fedomu-valora-como-positiva-aprobacion-de-proyecto-que-modifica-ley-225-20\/","url_meta":{"origin":103690,"position":0},"title":"Presidente de Fedomu valora como positiva aprobaci\u00f3n de proyecto que modifica Ley 225-20","author":"Nelson Feliz","date":"20 de julio de 2025","format":false,"excerpt":"N\u00fa\u00f1ez pidi\u00f3 al Senado que tambi\u00e9n apruebe el proyecto para que sea promulgado por el Poder Ejecutivo. El presidente de la Federaci\u00f3n Dominicana de Municipios (Fedomu) y alcalde de Saman\u00e1, Nelson N\u00fa\u00f1ez, valor\u00f3 como positiva la aprobaci\u00f3n en dos lecturas consecutivas, en la C\u00e1mara de Diputados, el proyecto de modificaci\u00f3n\u2026","rel":"","context":"En \u00abNACIONALES\u00bb","block_context":{"text":"NACIONALES","link":"https:\/\/lasprimeras.com.do\/index.php\/category\/nacionales\/"},"img":{"alt_text":"Nelson N\u00fa\u00f1ez","src":"https:\/\/i0.wp.com\/lasprimeras.com.do\/wp-content\/uploads\/2025\/07\/Nelson-Nunez.jpg?resize=350%2C200&ssl=1","width":350,"height":200,"srcset":"https:\/\/i0.wp.com\/lasprimeras.com.do\/wp-content\/uploads\/2025\/07\/Nelson-Nunez.jpg?resize=350%2C200&ssl=1 1x, https:\/\/i0.wp.com\/lasprimeras.com.do\/wp-content\/uploads\/2025\/07\/Nelson-Nunez.jpg?resize=525%2C300&ssl=1 1.5x, https:\/\/i0.wp.com\/lasprimeras.com.do\/wp-content\/uploads\/2025\/07\/Nelson-Nunez.jpg?resize=700%2C400&ssl=1 2x"},"classes":[]},{"id":95344,"url":"https:\/\/lasprimeras.com.do\/index.php\/2025\/03\/12\/presidente-de-fedomu-nelson-nunez-pide-aprobar-modificacion-ley-225-20\/","url_meta":{"origin":103690,"position":1},"title":"Presidente de Fedomu Nelson N\u00fa\u00f1ez pide aprobar modificaci\u00f3n Ley 225-20","author":"Nelson Feliz","date":"12 de marzo de 2025","format":false,"excerpt":"El presidente de la Federaci\u00f3n Dominicana de Municipios (Fedomu), Nelson N\u00fa\u00f1ez, solicit\u00f3 al Congreso Nacional aprobar en esta legislatura las modificaciones a la Ley 225-20 de Gesti\u00f3n Integral y Coprocesamiento de Residuos S\u00f3lidos. El tambi\u00e9n alcalde del municipio de Saman\u00e1 explic\u00f3 que esta normativa es de vital importancia para los\u2026","rel":"","context":"En \u00abNACIONALES\u00bb","block_context":{"text":"NACIONALES","link":"https:\/\/lasprimeras.com.do\/index.php\/category\/nacionales\/"},"img":{"alt_text":"Nelson N\u00fa\u00f1ez","src":"https:\/\/i0.wp.com\/lasprimeras.com.do\/wp-content\/uploads\/2025\/03\/Nelson-Nunez.jpg?resize=350%2C200&ssl=1","width":350,"height":200,"srcset":"https:\/\/i0.wp.com\/lasprimeras.com.do\/wp-content\/uploads\/2025\/03\/Nelson-Nunez.jpg?resize=350%2C200&ssl=1 1x, https:\/\/i0.wp.com\/lasprimeras.com.do\/wp-content\/uploads\/2025\/03\/Nelson-Nunez.jpg?resize=525%2C300&ssl=1 1.5x"},"classes":[]},{"id":113785,"url":"https:\/\/lasprimeras.com.do\/index.php\/2025\/11\/05\/fedomu-saluda-observaciones-de-abinader-a-la-ley-225-20-de-residuos-solidos\/","url_meta":{"origin":103690,"position":2},"title":"Fedomu saluda observaciones de Abinader a la Ley 225-20 de Residuos S\u00f3lidos","author":"Nelson Feliz","date":"5 de noviembre de 2025","format":false,"excerpt":"La Federaci\u00f3n Dominicana de Municipios (Fedomu), en la persona de su presidente el alcalde Nelson N\u00fa\u00f1ez, expres\u00f3 su reconocimiento al presidente Luis Abinader por las observaciones realizadas al proyecto de modificaci\u00f3n de la Ley 225-20 sobre Gesti\u00f3n Integral y Co-procesamiento de Residuos S\u00f3lidos, y pidi\u00f3 al Senado acoger esas enmiendas.\u2026","rel":"","context":"En \u00abNACIONALES\u00bb","block_context":{"text":"NACIONALES","link":"https:\/\/lasprimeras.com.do\/index.php\/category\/nacionales\/"},"img":{"alt_text":"","src":"https:\/\/i0.wp.com\/lasprimeras.com.do\/wp-content\/uploads\/2025\/11\/Nelson-Nunez.jpg?resize=350%2C200&ssl=1","width":350,"height":200,"srcset":"https:\/\/i0.wp.com\/lasprimeras.com.do\/wp-content\/uploads\/2025\/11\/Nelson-Nunez.jpg?resize=350%2C200&ssl=1 1x, https:\/\/i0.wp.com\/lasprimeras.com.do\/wp-content\/uploads\/2025\/11\/Nelson-Nunez.jpg?resize=525%2C300&ssl=1 1.5x, https:\/\/i0.wp.com\/lasprimeras.com.do\/wp-content\/uploads\/2025\/11\/Nelson-Nunez.jpg?resize=700%2C400&ssl=1 2x"},"classes":[]},{"id":104851,"url":"https:\/\/lasprimeras.com.do\/index.php\/2025\/07\/28\/circe-almanzar-pide-promulgar-reforma-a-la-ley-225-20-sobre-gestion-integral-y-residuos-solidos\/","url_meta":{"origin":103690,"position":3},"title":"Circe Almanzar pide promulgar reforma a la Ley 225-20 sobre gesti\u00f3n integral y residuos s\u00f3lidos","author":"Nelson Feliz","date":"28 de julio de 2025","format":false,"excerpt":"Dicha modificaci\u00f3n ya fue aprobada por el Congreso de la Rep\u00fablica y solo\u00a0 falta su promulgaci\u00f3n por parte del Poder Ejecutivo para su entrada en vigencia.-\u00a0 La dirigente empresarial y asesora en materia de gesti\u00f3n de residuos s\u00f3lidos, Circe Almanzar, valor\u00f3 positivamente el esfuerzo realizado por la C\u00e1mara de Diputados\u2026","rel":"","context":"En \u00abECONOM\u00cdA\u00bb","block_context":{"text":"ECONOM\u00cdA","link":"https:\/\/lasprimeras.com.do\/index.php\/category\/economia\/"},"img":{"alt_text":"","src":"https:\/\/i0.wp.com\/lasprimeras.com.do\/wp-content\/uploads\/2025\/07\/Circe-Almanzar.jpg?resize=350%2C200&ssl=1","width":350,"height":200,"srcset":"https:\/\/i0.wp.com\/lasprimeras.com.do\/wp-content\/uploads\/2025\/07\/Circe-Almanzar.jpg?resize=350%2C200&ssl=1 1x, https:\/\/i0.wp.com\/lasprimeras.com.do\/wp-content\/uploads\/2025\/07\/Circe-Almanzar.jpg?resize=525%2C300&ssl=1 1.5x, https:\/\/i0.wp.com\/lasprimeras.com.do\/wp-content\/uploads\/2025\/07\/Circe-Almanzar.jpg?resize=700%2C400&ssl=1 2x"},"classes":[]},{"id":127496,"url":"https:\/\/lasprimeras.com.do\/index.php\/2026\/04\/12\/daza-urge-por-camiones-compactadores-y-valora-apoyo-de-abinader\/","url_meta":{"origin":103690,"position":4},"title":"D&#8217;Aza urge por camiones compactadores y valora apoyo de Abinader","author":"Nelson Feliz","date":"12 de abril de 2026","format":false,"excerpt":"La Liga Municipal Dominicana (LMD) reitera la necesidad de dar continuidad al programa de apoyo de adquisici\u00f3n de equipos para la recolecci\u00f3n de residuos s\u00f3lidos en los municipios y distritos municipales del pa\u00eds, a los fines de seguir contribuyendo a la limpieza y salubridad de las v\u00edas y espacios p\u00fablicos\u2026","rel":"","context":"En \u00abNACIONALES\u00bb","block_context":{"text":"NACIONALES","link":"https:\/\/lasprimeras.com.do\/index.php\/category\/nacionales\/"},"img":{"alt_text":"V\u00edctor D'Aza","src":"https:\/\/i0.wp.com\/lasprimeras.com.do\/wp-content\/uploads\/2026\/04\/Victor-DAza.jpg?resize=350%2C200&ssl=1","width":350,"height":200,"srcset":"https:\/\/i0.wp.com\/lasprimeras.com.do\/wp-content\/uploads\/2026\/04\/Victor-DAza.jpg?resize=350%2C200&ssl=1 1x, https:\/\/i0.wp.com\/lasprimeras.com.do\/wp-content\/uploads\/2026\/04\/Victor-DAza.jpg?resize=525%2C300&ssl=1 1.5x, https:\/\/i0.wp.com\/lasprimeras.com.do\/wp-content\/uploads\/2026\/04\/Victor-DAza.jpg?resize=700%2C400&ssl=1 2x"},"classes":[]},{"id":104900,"url":"https:\/\/lasprimeras.com.do\/index.php\/2025\/07\/28\/abinader-no-promulgara-ley-de-residuos-solidos-como-fue-aprobada-y-la-reenviara-con-modificaciones\/","url_meta":{"origin":103690,"position":5},"title":"Abinader no promulgar\u00e1 ley de Residuos S\u00f3lidos como fue aprobada y la reenviar\u00e1 con modificaciones","author":"Nelson Feliz","date":"28 de julio de 2025","format":false,"excerpt":"La reforma a la Ley 225-20 ha generado preocupaci\u00f3n en diversos gremios empresariales y del sector tur\u00edstico, quienes han solicitado al Poder Ejecutivo no promulgarla. El presidente Luis Abinader anunci\u00f3 la tarde de este lunes que acoger\u00e1 las observaciones formuladas por distintos sectores a la reforma de la Ley 225-20\u2026","rel":"","context":"En \u00abECONOM\u00cdA\u00bb","block_context":{"text":"ECONOM\u00cdA","link":"https:\/\/lasprimeras.com.do\/index.php\/category\/economia\/"},"img":{"alt_text":"","src":"https:\/\/i0.wp.com\/lasprimeras.com.do\/wp-content\/uploads\/2025\/07\/La-semanal-scaled.jpeg?resize=350%2C200&ssl=1","width":350,"height":200,"srcset":"https:\/\/i0.wp.com\/lasprimeras.com.do\/wp-content\/uploads\/2025\/07\/La-semanal-scaled.jpeg?resize=350%2C200&ssl=1 1x, https:\/\/i0.wp.com\/lasprimeras.com.do\/wp-content\/uploads\/2025\/07\/La-semanal-scaled.jpeg?resize=525%2C300&ssl=1 1.5x, https:\/\/i0.wp.com\/lasprimeras.com.do\/wp-content\/uploads\/2025\/07\/La-semanal-scaled.jpeg?resize=700%2C400&ssl=1 2x, https:\/\/i0.wp.com\/lasprimeras.com.do\/wp-content\/uploads\/2025\/07\/La-semanal-scaled.jpeg?resize=1050%2C600&ssl=1 3x, https:\/\/i0.wp.com\/lasprimeras.com.do\/wp-content\/uploads\/2025\/07\/La-semanal-scaled.jpeg?resize=1400%2C800&ssl=1 4x"},"classes":[]}],"jetpack_sharing_enabled":true,"_links":{"self":[{"href":"https:\/\/lasprimeras.com.do\/index.php\/wp-json\/wp\/v2\/posts\/103690","targetHints":{"allow":["GET"]}}],"collection":[{"href":"https:\/\/lasprimeras.com.do\/index.php\/wp-json\/wp\/v2\/posts"}],"about":[{"href":"https:\/\/lasprimeras.com.do\/index.php\/wp-json\/wp\/v2\/types\/post"}],"author":[{"embeddable":true,"href":"https:\/\/lasprimeras.com.do\/index.php\/wp-json\/wp\/v2\/users\/2"}],"replies":[{"embeddable":true,"href":"https:\/\/lasprimeras.com.do\/index.php\/wp-json\/wp\/v2\/comments?post=103690"}],"version-history":[{"count":1,"href":"https:\/\/lasprimeras.com.do\/index.php\/wp-json\/wp\/v2\/posts\/103690\/revisions"}],"predecessor-version":[{"id":103692,"href":"https:\/\/lasprimeras.com.do\/index.php\/wp-json\/wp\/v2\/posts\/103690\/revisions\/103692"}],"wp:featuredmedia":[{"embeddable":true,"href":"https:\/\/lasprimeras.com.do\/index.php\/wp-json\/wp\/v2\/media\/103691"}],"wp:attachment":[{"href":"https:\/\/lasprimeras.com.do\/index.php\/wp-json\/wp\/v2\/media?parent=103690"}],"wp:term":[{"taxonomy":"category","embeddable":true,"href":"https:\/\/lasprimeras.com.do\/index.php\/wp-json\/wp\/v2\/categories?post=103690"},{"taxonomy":"post_tag","embeddable":true,"href":"https:\/\/lasprimeras.com.do\/index.php\/wp-json\/wp\/v2\/tags?post=103690"}],"curies":[{"name":"wp","href":"https:\/\/api.w.org\/{rel}","templated":true}]}}