{"id":103787,"date":"2025-07-18T09:26:54","date_gmt":"2025-07-18T13:26:54","guid":{"rendered":"https:\/\/lasprimeras.com.do\/?p=103787"},"modified":"2025-07-18T09:26:56","modified_gmt":"2025-07-18T13:26:56","slug":"abel-martinez-el-gobierno-esta-legalizando-su-propia-ineficacia-con-fideicomisos","status":"publish","type":"post","link":"https:\/\/lasprimeras.com.do\/index.php\/2025\/07\/18\/abel-martinez-el-gobierno-esta-legalizando-su-propia-ineficacia-con-fideicomisos\/","title":{"rendered":"Abel Mart\u00ednez: \u201cEl Gobierno est\u00e1 legalizando su propia ineficacia con fideicomisos\u201d"},"content":{"rendered":"\n<p>El miembro del Comit\u00e9 Pol\u00edtico del Partido de la Liberaci\u00f3n Dominicana (PLD) , Abel Mart\u00ednez, cuestion\u00f3 con firmeza la proliferaci\u00f3n de fideicomisos p\u00fablico-privados que, seg\u00fan se\u00f1al\u00f3, se han convertido en \u201cuna v\u00eda sutil pero peligrosa de privatizaci\u00f3n encubierta\u201d y justificaci\u00f3n de la inoperancia del gobierno central.<\/p>\n\n\n\n<p>\u201cCada vez que el Estado dice que no puede operar un servicio o gestionar una infraestructura y lo entrega mediante fideicomiso al sector privado, est\u00e1 haciendo una confesi\u00f3n p\u00fablica de que no sabe gobernar. Eso no es eficiencia; eso es rendici\u00f3n administrativa\u201d, afirm\u00f3 Mart\u00ednez.<\/p>\n\n\n\n<p>Cit\u00f3 como ejemplo el caso del telef\u00e9rico de Puerto Plata, que ahora se transfiere a un fideicomiso mixto, bajo el argumento de que se requiere inversi\u00f3n privada para reactivarlo y cuestion\u00f3 el \u201cpor qu\u00e9 no puede hacerlo el Estado dominicano. Se est\u00e1 institucionalizando esta pr\u00e1ctica, no por incapacidad estructural del Estado, sino por falta de voluntad, de visi\u00f3n y de compromiso con el inter\u00e9s nacional. El Estado debe gobernar, no tercerizar su responsabilidad\u201d.<\/p>\n\n\n\n<p>\u201c\u00bfAcaso no puede crear una gesti\u00f3n moderna, con visi\u00f3n tur\u00edstica, comercial y cultural que genere empleos, ingresos y desarrollo para el pa\u00eds? Claro que puede. Lo que falta es voluntad y gerencia\u201d, subray\u00f3.<\/p>\n\n\n\n<p>Mart\u00ednez advirti\u00f3 que esta pr\u00e1ctica se est\u00e1 convirtiendo en un patr\u00f3n de gobierno, al se\u00f1alar que \u201cse institucionaliza la incapacidad del Estado y se normaliza que todo lo que funcione bien debe estar en manos privadas. Eso es peligroso. No solo por la p\u00e9rdida de control del Estado, sino porque aleja al pueblo de los beneficios que generan esos activos p\u00fablicos.\u201d<\/p>\n\n\n\n<p>El excandidato presidencial Abel Mart\u00ednez, aclar\u00f3 que no est\u00e1 en contra de la inversi\u00f3n privada y dej\u00f3 claro que las reglas deben ser claras y los beneficios deben llegar al pueblo dominicano, no solo a un grupo de inversionistas.<\/p>\n\n\n\n<p>\u201cQue nadie se equivoque. Este pa\u00eds necesita inversi\u00f3n privada, pero dentro de un modelo que garantice equidad, control democr\u00e1tico, transparencia y soberan\u00eda sobre nuestros bienes. Los fideicomisos no pueden convertirse en zonas grises fuera del alcance del Congreso y de la gente\u201d, sostuvo.<\/p>\n\n\n\n<p>Mart\u00ednez hizo un llamado a revisar esta tendencia y a fortalecer la capacidad del Estado para operar con eficiencia, visi\u00f3n y resultados.<\/p>\n\n\n\n<p>\u201cEl gobierno no puede seguir actuando como un intermediario de negocios ajenos. Su deber es servir y proteger el inter\u00e9s p\u00fablico. La Rep\u00fablica Dominicana no se alquila, no se terceriza y no se administra por partes. Se gobierna con responsabilidad\u201d, concluy\u00f3 Mart\u00ednez.<\/p>\n","protected":false},"excerpt":{"rendered":"<p>El miembro del Comit\u00e9 Pol\u00edtico del Partido de la Liberaci\u00f3n Dominicana (PLD) , Abel Mart\u00ednez, cuestion\u00f3 con firmeza la proliferaci\u00f3n de fideicomisos p\u00fablico-privados que, seg\u00fan se\u00f1al\u00f3, se han convertido en&hellip;<\/p>\n","protected":false},"author":10,"featured_media":96403,"comment_status":"open","ping_status":"open","sticky":false,"template":"","format":"standard","meta":{"content-type":"","jetpack_post_was_ever_published":false,"_jetpack_newsletter_access":"","_jetpack_dont_email_post_to_subs":false,"_jetpack_newsletter_tier_id":0,"_jetpack_memberships_contains_paywalled_content":false,"_jetpack_memberships_contains_paid_content":false,"footnotes":""},"categories":[16559,25],"tags":[822,21847,502,21849,21848,269],"class_list":["post-103787","post","type-post","status-publish","format-standard","has-post-thumbnail","hentry","category-politica","category-portada","tag-abel-martinez","tag-el-gobierno","tag-fideicomisos","tag-ineficacia","tag-legalizando","tag-pld"],"jetpack_featured_media_url":"https:\/\/lasprimeras.com.do\/wp-content\/uploads\/2025\/03\/abel-Martinez.jpg","jetpack-related-posts":[{"id":118460,"url":"https:\/\/lasprimeras.com.do\/index.php\/2025\/12\/30\/abel-martinez-llama-al-gobierno-a-intervenir-de-urgencia-ante-crisis-de-agua-que-afecta-a-santiago\/","url_meta":{"origin":103787,"position":0},"title":"Abel Mart\u00ednez llama al Gobierno a intervenir de urgencia ante crisis de agua que afecta a Santiago","author":"Nelson Feliz","date":"30 de diciembre de 2025","format":false,"excerpt":"El exalcalde de Santiago, Abel Mart\u00ednez, hizo un llamado urgente al Gobierno central para que intervenga de manera inmediata y directa ante la grave crisis de agua potable que afecta a amplios sectores de la ciudad, tras el colapso de una tuber\u00eda principal en la zona de Sabana Iglesia. Mart\u00ednez,\u2026","rel":"","context":"En \u00abPOLITICA\u00bb","block_context":{"text":"POLITICA","link":"https:\/\/lasprimeras.com.do\/index.php\/category\/politica\/"},"img":{"alt_text":"Abel Mart\u00ednez","src":"https:\/\/i0.wp.com\/lasprimeras.com.do\/wp-content\/uploads\/2025\/12\/Abel-Martinez-1.jpg?resize=350%2C200&ssl=1","width":350,"height":200,"srcset":"https:\/\/i0.wp.com\/lasprimeras.com.do\/wp-content\/uploads\/2025\/12\/Abel-Martinez-1.jpg?resize=350%2C200&ssl=1 1x, https:\/\/i0.wp.com\/lasprimeras.com.do\/wp-content\/uploads\/2025\/12\/Abel-Martinez-1.jpg?resize=525%2C300&ssl=1 1.5x, https:\/\/i0.wp.com\/lasprimeras.com.do\/wp-content\/uploads\/2025\/12\/Abel-Martinez-1.jpg?resize=700%2C400&ssl=1 2x"},"classes":[]},{"id":111705,"url":"https:\/\/lasprimeras.com.do\/index.php\/2025\/10\/12\/abel-martinez-este-gobierno-llego-como-el-cambio-y-va-a-salir-como-el-fallo\/","url_meta":{"origin":103787,"position":1},"title":"Abel Mart\u00ednez: \u201cEste gobierno lleg\u00f3 como \u201cel cambio\u201d y va a salir como \u201cel fallo\u201d","author":"Nelson Feliz","date":"12 de octubre de 2025","format":false,"excerpt":"El miembro del Comit\u00e9 Politico del Partido de la Liberaci\u00f3n Dominicana (PLD), Abel Martinez, lament\u00f3 la dif\u00edcil situaci\u00f3n que enfrenta el pueblo dominicano como consecuencia de las malas ejecutorias de un gobierno ineficaz e indolente que, se visti\u00f3 de cambio y ha resultado un gran fallo, llevando al pa\u00eds por\u2026","rel":"","context":"En \u00abPOLITICA\u00bb","block_context":{"text":"POLITICA","link":"https:\/\/lasprimeras.com.do\/index.php\/category\/politica\/"},"img":{"alt_text":"","src":"https:\/\/i0.wp.com\/lasprimeras.com.do\/wp-content\/uploads\/2025\/10\/Abel-Martinez-1-1.jpg?resize=350%2C200&ssl=1","width":350,"height":200,"srcset":"https:\/\/i0.wp.com\/lasprimeras.com.do\/wp-content\/uploads\/2025\/10\/Abel-Martinez-1-1.jpg?resize=350%2C200&ssl=1 1x, https:\/\/i0.wp.com\/lasprimeras.com.do\/wp-content\/uploads\/2025\/10\/Abel-Martinez-1-1.jpg?resize=525%2C300&ssl=1 1.5x, https:\/\/i0.wp.com\/lasprimeras.com.do\/wp-content\/uploads\/2025\/10\/Abel-Martinez-1-1.jpg?resize=700%2C400&ssl=1 2x"},"classes":[]},{"id":104644,"url":"https:\/\/lasprimeras.com.do\/index.php\/2025\/07\/25\/abel-martinez-asegura-que-la-mejor-coyuntura-para-el-regreso-del-pld-al-poder-es-ahora\/","url_meta":{"origin":103787,"position":2},"title":"Abel Mart\u00ednez asegura que la mejor coyuntura para el regreso del PLD al poder es ahora","author":"Nelson Feliz","date":"25 de julio de 2025","format":false,"excerpt":"El miembro del Comit\u00e9 Pol\u00edtico del PLD , Abel Mart\u00ednez, considera que, con el reencuentro en 2028 entre el PLD y el pueblo dominicano, se cerrar\u00e1 el paso de las actuales promesas incumplidas, regresando las soluciones reales a los problemas que enfrenta RD.,\u00abLa historia nos da una nueva oportunidad, y\u2026","rel":"","context":"En \u00abPOLITICA\u00bb","block_context":{"text":"POLITICA","link":"https:\/\/lasprimeras.com.do\/index.php\/category\/politica\/"},"img":{"alt_text":"","src":"https:\/\/i0.wp.com\/lasprimeras.com.do\/wp-content\/uploads\/2024\/09\/ABEL-MARTINEZ.jpg?resize=350%2C200&ssl=1","width":350,"height":200,"srcset":"https:\/\/i0.wp.com\/lasprimeras.com.do\/wp-content\/uploads\/2024\/09\/ABEL-MARTINEZ.jpg?resize=350%2C200&ssl=1 1x, https:\/\/i0.wp.com\/lasprimeras.com.do\/wp-content\/uploads\/2024\/09\/ABEL-MARTINEZ.jpg?resize=525%2C300&ssl=1 1.5x, https:\/\/i0.wp.com\/lasprimeras.com.do\/wp-content\/uploads\/2024\/09\/ABEL-MARTINEZ.jpg?resize=700%2C400&ssl=1 2x"},"classes":[]},{"id":121192,"url":"https:\/\/lasprimeras.com.do\/index.php\/2026\/02\/02\/abel-martinez-sugiere-fortalecer-unidad-y-garantizar-competitividad-del-pld-rumbo-a-2028\/","url_meta":{"origin":103787,"position":3},"title":"Abel Mart\u00ednez sugiere fortalecer unidad y garantizar competitividad del PLD rumbo a 2028","author":"Nelson Feliz","date":"2 de febrero de 2026","format":false,"excerpt":"El excandidato presidencial del Partido de la Liberaci\u00f3n Dominicana (PLD), Abel Mart\u00ednez, plante\u00f3 una propuesta pol\u00edtica orientada a preservar la unidad interna del Partido y colocarlo en condiciones reales de competitividad de cara a las elecciones de 2028, apelando a la madurez, la armon\u00eda y la visi\u00f3n estrat\u00e9gica. Mart\u00ednez explic\u00f3\u2026","rel":"","context":"En \u00abPOLITICA\u00bb","block_context":{"text":"POLITICA","link":"https:\/\/lasprimeras.com.do\/index.php\/category\/politica\/"},"img":{"alt_text":"Abel Mart\u00ednez","src":"https:\/\/i0.wp.com\/lasprimeras.com.do\/wp-content\/uploads\/2025\/12\/Abel-Martinez-1.jpg?resize=350%2C200&ssl=1","width":350,"height":200,"srcset":"https:\/\/i0.wp.com\/lasprimeras.com.do\/wp-content\/uploads\/2025\/12\/Abel-Martinez-1.jpg?resize=350%2C200&ssl=1 1x, https:\/\/i0.wp.com\/lasprimeras.com.do\/wp-content\/uploads\/2025\/12\/Abel-Martinez-1.jpg?resize=525%2C300&ssl=1 1.5x, https:\/\/i0.wp.com\/lasprimeras.com.do\/wp-content\/uploads\/2025\/12\/Abel-Martinez-1.jpg?resize=700%2C400&ssl=1 2x"},"classes":[]},{"id":109804,"url":"https:\/\/lasprimeras.com.do\/index.php\/2025\/09\/20\/abel-martinez-el-hoyo-corrupto-en-senasa-solo-es-equiparable-al-hoyo-ineficiente-del-sector-electrico\/","url_meta":{"origin":103787,"position":4},"title":"Abel Mart\u00ednez: \u201cEl hoyo corrupto en SENASA\u201d solo es equiparable al hoyo ineficiente del sector el\u00e9ctrico","author":"Nelson Feliz","date":"20 de septiembre de 2025","format":false,"excerpt":"El miembro del Comit\u00e9 Pol\u00edtico del Partido de la Liberaci\u00f3n Dominicana (PLD), Abel Mart\u00ednez, calific\u00f3 como un verdadero abismo de corrupci\u00f3n el esc\u00e1ndalo en SENASA, se\u00f1alando que ese \u201choyo criminal contra el erario\u201d solo puede compararse con el \u201choyo ineficiente y sin fondo\u201d del sector el\u00e9ctrico dominicano. Mart\u00ednez demand\u00f3 que\u2026","rel":"","context":"En \u00abPOLITICA\u00bb","block_context":{"text":"POLITICA","link":"https:\/\/lasprimeras.com.do\/index.php\/category\/politica\/"},"img":{"alt_text":"","src":"https:\/\/i0.wp.com\/lasprimeras.com.do\/wp-content\/uploads\/2025\/09\/Abel-Martinez.jpg?resize=350%2C200&ssl=1","width":350,"height":200,"srcset":"https:\/\/i0.wp.com\/lasprimeras.com.do\/wp-content\/uploads\/2025\/09\/Abel-Martinez.jpg?resize=350%2C200&ssl=1 1x, https:\/\/i0.wp.com\/lasprimeras.com.do\/wp-content\/uploads\/2025\/09\/Abel-Martinez.jpg?resize=525%2C300&ssl=1 1.5x, https:\/\/i0.wp.com\/lasprimeras.com.do\/wp-content\/uploads\/2025\/09\/Abel-Martinez.jpg?resize=700%2C400&ssl=1 2x"},"classes":[]},{"id":111300,"url":"https:\/\/lasprimeras.com.do\/index.php\/2025\/10\/07\/abel-martinez-un-gobierno-no-debe-medir-la-economia-por-porcentajes-sino-por-como-vive-su-gente\/","url_meta":{"origin":103787,"position":5},"title":"Abel Mart\u00ednez: \u201cUn gobierno no debe medir la econom\u00eda por porcentajes, sino por c\u00f3mo vive su gente\u201d","author":"Nelson Feliz","date":"7 de octubre de 2025","format":false,"excerpt":"El miembro del Comit\u00e9 Pol\u00edtico del Partido de la Liberaci\u00f3n Dominicana (PLD), Abel Mart\u00ednez, expres\u00f3 su preocupaci\u00f3n por la desconexi\u00f3n entre los indicadores macroecon\u00f3micos que exhibe el Gobierno y la realidad que vive la mayor\u00eda del pueblo dominicano. Mart\u00ednez afirm\u00f3 que, aunque se hable de estabilidad, crecimiento o reducci\u00f3n de\u2026","rel":"","context":"En \u00abPOLITICA\u00bb","block_context":{"text":"POLITICA","link":"https:\/\/lasprimeras.com.do\/index.php\/category\/politica\/"},"img":{"alt_text":"Abel Mart\u00ednez","src":"https:\/\/i0.wp.com\/lasprimeras.com.do\/wp-content\/uploads\/2025\/10\/Abel-Martinez-1.jpg?resize=350%2C200&ssl=1","width":350,"height":200,"srcset":"https:\/\/i0.wp.com\/lasprimeras.com.do\/wp-content\/uploads\/2025\/10\/Abel-Martinez-1.jpg?resize=350%2C200&ssl=1 1x, https:\/\/i0.wp.com\/lasprimeras.com.do\/wp-content\/uploads\/2025\/10\/Abel-Martinez-1.jpg?resize=525%2C300&ssl=1 1.5x, https:\/\/i0.wp.com\/lasprimeras.com.do\/wp-content\/uploads\/2025\/10\/Abel-Martinez-1.jpg?resize=700%2C400&ssl=1 2x"},"classes":[]}],"jetpack_sharing_enabled":true,"_links":{"self":[{"href":"https:\/\/lasprimeras.com.do\/index.php\/wp-json\/wp\/v2\/posts\/103787","targetHints":{"allow":["GET"]}}],"collection":[{"href":"https:\/\/lasprimeras.com.do\/index.php\/wp-json\/wp\/v2\/posts"}],"about":[{"href":"https:\/\/lasprimeras.com.do\/index.php\/wp-json\/wp\/v2\/types\/post"}],"author":[{"embeddable":true,"href":"https:\/\/lasprimeras.com.do\/index.php\/wp-json\/wp\/v2\/users\/10"}],"replies":[{"embeddable":true,"href":"https:\/\/lasprimeras.com.do\/index.php\/wp-json\/wp\/v2\/comments?post=103787"}],"version-history":[{"count":1,"href":"https:\/\/lasprimeras.com.do\/index.php\/wp-json\/wp\/v2\/posts\/103787\/revisions"}],"predecessor-version":[{"id":103788,"href":"https:\/\/lasprimeras.com.do\/index.php\/wp-json\/wp\/v2\/posts\/103787\/revisions\/103788"}],"wp:featuredmedia":[{"embeddable":true,"href":"https:\/\/lasprimeras.com.do\/index.php\/wp-json\/wp\/v2\/media\/96403"}],"wp:attachment":[{"href":"https:\/\/lasprimeras.com.do\/index.php\/wp-json\/wp\/v2\/media?parent=103787"}],"wp:term":[{"taxonomy":"category","embeddable":true,"href":"https:\/\/lasprimeras.com.do\/index.php\/wp-json\/wp\/v2\/categories?post=103787"},{"taxonomy":"post_tag","embeddable":true,"href":"https:\/\/lasprimeras.com.do\/index.php\/wp-json\/wp\/v2\/tags?post=103787"}],"curies":[{"name":"wp","href":"https:\/\/api.w.org\/{rel}","templated":true}]}}