{"id":103789,"date":"2025-07-18T09:43:12","date_gmt":"2025-07-18T13:43:12","guid":{"rendered":"https:\/\/lasprimeras.com.do\/?p=103789"},"modified":"2025-07-18T09:43:13","modified_gmt":"2025-07-18T13:43:13","slug":"idac-y-gobernacion-enfatizan-sobre-la-educacion-en-el-gobierno-en-las-provincias","status":"publish","type":"post","link":"https:\/\/lasprimeras.com.do\/index.php\/2025\/07\/18\/idac-y-gobernacion-enfatizan-sobre-la-educacion-en-el-gobierno-en-las-provincias\/","title":{"rendered":"IDAC y Gobernaci\u00f3n enfatizan sobre la educaci\u00f3n en el Gobierno en Las Provincias"},"content":{"rendered":"\n<p><strong>Tambi\u00e9n resaltaron las obras que superan el 80 por ciento en su construcci\u00f3n<\/strong><\/p>\n\n\n\n<p>En el marco del programa \u201cEl Gobierno en las Provincias\u201d, impulsado por el Presidente de la Rep\u00fablica, Lu\u00eds Abinader, el Instituto Dominicano de Aviaci\u00f3n Civil (IDAC) y la Gobernaci\u00f3n de La Altagracia sostuvieron ayer un encuentro con l\u00edderes religiosos, comunitarios, comerciantes y autoridades locales para atender preocupaciones y reforzar el compromiso estatal con el desarrollo de la regi\u00f3n.<\/p>\n\n\n\n<p>Durante la actividad, encabezada por el director general del IDAC, Igor Rodr\u00edguez Dur\u00e1n, y la gobernadora provincial, Daysi De \u00d3leo, decenas de comunitarios expusieron las principales problem\u00e1ticas que afectan a la zona, siendo la educaci\u00f3n una de las m\u00e1s destacadas.<\/p>\n\n\n\n<p>Las autoridades aseguraron que ning\u00fan ni\u00f1o se quedar\u00e1 fuera de las aulas en el pr\u00f3ximo a\u00f1o escolar, como ha dispuesto el presidente Luis Abinader.<\/p>\n\n\n\n<p>\u201cEl crecimiento de esta zona tur\u00edstica exige respuestas r\u00e1pidas y responsables. Por eso, como ha indicado el presidente Abinader, es una prioridad que cada ni\u00f1o tenga acceso a un espacio digno en las escuelas\u201d, expres\u00f3 Rodr\u00edguez Dur\u00e1n, quien destac\u00f3 la coordinaci\u00f3n con el Ministerio de Educaci\u00f3n y su direcci\u00f3n provincial para dar respuesta oportuna a esta necesidad.<\/p>\n\n\n\n<p>La gobernadora De \u00d3leo reiter\u00f3 que su oficina da seguimiento constante a las inquietudes de la ciudadan\u00eda, priorizando temas como la educaci\u00f3n, salud, seguridad ciudadana y obras p\u00fablicas, en coherencia con los lineamientos del Gobierno central.<\/p>\n\n\n\n<p>Destac\u00f3 que este tipo de encuentros fortalecen el v\u00ednculo entre las autoridades y la comunidad.<\/p>\n\n\n\n<p>En esa misma l\u00ednea, el director regional de Infraestructura Escolar, Iv\u00e1n Castro, afirm\u00f3 que existen aulas y planteles suficientes para acoger a toda la comunidad estudiantil de Ver\u00f3n y las dem\u00e1s demarcaciones de La Altagracia, garantizando as\u00ed el derecho a la educaci\u00f3n en condiciones adecuadas.<\/p>\n\n\n\n<p>Dentro de las obras ya ejecutadas en Ver\u00f3n se destacan la adecuaci\u00f3n de Playa Macao, el nuevo CAIPI en Friusa, la reconstrucci\u00f3n del polideportivo y del hospital municipal, mejoras en la avenida Domingo Ma\u00edz, y la construcci\u00f3n de escuelas como la Antonio Guzm\u00e1n Fern\u00e1ndez, C\u00e9sar Nicol\u00e1s Penson y Minerva Mirabal, esta \u00faltima en alianza con el Grupo Punta Cana.<\/p>\n\n\n\n<p>En otras localidades de La Altagracia se han concluido obras como la carretera Mamey-Las Yayas, la modernizaci\u00f3n del Hospital Materno Infantil, los muros de gaviones en el r\u00edo Duey, la restauraci\u00f3n de la iglesia San Dionisio, una escuela para ni\u00f1os con condiciones especiales, y el complejo habitacional \u201cVivienda Feliz\u201d, en Hig\u00fcey.<\/p>\n\n\n\n<p>Tambi\u00e9n se avanza en la construcci\u00f3n del muelle pesquero y el hogar de ancianos en San Rafael del Yuma.<\/p>\n\n\n\n<p>Actualmente, se ejecutan proyectos como el recapeo de la avenida Barcel\u00f3, la circunvalaci\u00f3n Hig\u00fcey-La Otra Banda, el Hospital Traumatol\u00f3gico, el Hospital Psiqui\u00e1trico Ema\u00fas, nuevas escuelas y el nuevo mercado municipal de Hig\u00fcey, adem\u00e1s del Palacio Municipal de San Rafael del Yuma, reflejando el dinamismo de la inversi\u00f3n p\u00fablica en toda la provincia.<\/p>\n\n\n\n<p>A la actividad que fue bendecida por el di\u00e1cono H\u00e9ctor Morel \u00c1lvarez, asistieron, adem\u00e1s, Ram\u00f3n Ram\u00edrez de la Rosa, director del Distrito Municipal Ver\u00f3n Punta Cana; doctora Wendy Castillo, directora provincial de Salud; F\u00e9lix Vizca\u00edno, director regional de Turismo, entre otros funcionarios regionales, representantes de los distintos ministerios y direcciones generales.<\/p>\n\n\n\n<p>Finalmente, Rodr\u00edguez Dur\u00e1n y la gobernadora Daysi De \u00d3leo, visitaron junto a las autoridades locales las instalaciones del Aeropuerto Internacional de Punta Cana, donde operan oficinas t\u00e9cnicas del IDAC, realizando un recorrido por la torre de control, el centro de aproximaci\u00f3n y otras \u00e1reas clave.<\/p>\n\n\n\n<p>M\u00e1s de 50 mil operaciones a\u00e9reas se registran en esta terminal entre enero y junio del 2025, marcando un crecimiento extraordinario en el Caribe.<\/p>\n","protected":false},"excerpt":{"rendered":"<p>Tambi\u00e9n resaltaron las obras que superan el 80 por ciento en su construcci\u00f3n En el marco del programa \u201cEl Gobierno en las Provincias\u201d, impulsado por el Presidente de la Rep\u00fablica,&hellip;<\/p>\n","protected":false},"author":10,"featured_media":103790,"comment_status":"open","ping_status":"open","sticky":false,"template":"","format":"standard","meta":{"content-type":"","jetpack_post_was_ever_published":false,"_jetpack_newsletter_access":"","_jetpack_dont_email_post_to_subs":false,"_jetpack_newsletter_tier_id":0,"_jetpack_memberships_contains_paywalled_content":false,"_jetpack_memberships_contains_paid_content":false,"footnotes":""},"categories":[35,25],"tags":[893,14364,21242,3634],"class_list":["post-103789","post","type-post","status-publish","format-standard","has-post-thumbnail","hentry","category-nacionales","category-portada","tag-educacion","tag-gobernacion","tag-gobierno-en-las-provincias","tag-idac"],"jetpack_featured_media_url":"https:\/\/lasprimeras.com.do\/wp-content\/uploads\/2025\/07\/Igor-Rodriguez.jpg","jetpack-related-posts":[{"id":128153,"url":"https:\/\/lasprimeras.com.do\/index.php\/2026\/04\/20\/idac-instala-simulador-de-vuelo-en-primera-feria-regional-del-libro-y-la-cultura-cibao-2026\/","url_meta":{"origin":103789,"position":0},"title":"IDAC instala Simulador de Vuelo en Primera Feria Regional del Libro y la Cultura Cibao 2026","author":"Nelson Feliz","date":"20 de abril de 2026","format":false,"excerpt":"Acercar la aviaci\u00f3n a la gente y despertar nuevas vocaciones es parte de la apuesta educativa de la instituci\u00f3n Santiago de los Caballero.\u2013 El Instituto Dominicano de Aviaci\u00f3n Civil (IDAC) y su \u00f3rgano de estudios especializados, la Academia Superior de Ciencias Aeron\u00e1uticas (ASCA), se suman a las instituciones educativas que\u2026","rel":"","context":"En \u00abNACIONALES\u00bb","block_context":{"text":"NACIONALES","link":"https:\/\/lasprimeras.com.do\/index.php\/category\/nacionales\/"},"img":{"alt_text":"","src":"https:\/\/i0.wp.com\/lasprimeras.com.do\/wp-content\/uploads\/2026\/04\/IMG-20260420-WA0285-scaled.jpg?resize=350%2C200&ssl=1","width":350,"height":200,"srcset":"https:\/\/i0.wp.com\/lasprimeras.com.do\/wp-content\/uploads\/2026\/04\/IMG-20260420-WA0285-scaled.jpg?resize=350%2C200&ssl=1 1x, https:\/\/i0.wp.com\/lasprimeras.com.do\/wp-content\/uploads\/2026\/04\/IMG-20260420-WA0285-scaled.jpg?resize=525%2C300&ssl=1 1.5x, https:\/\/i0.wp.com\/lasprimeras.com.do\/wp-content\/uploads\/2026\/04\/IMG-20260420-WA0285-scaled.jpg?resize=700%2C400&ssl=1 2x, https:\/\/i0.wp.com\/lasprimeras.com.do\/wp-content\/uploads\/2026\/04\/IMG-20260420-WA0285-scaled.jpg?resize=1050%2C600&ssl=1 3x, https:\/\/i0.wp.com\/lasprimeras.com.do\/wp-content\/uploads\/2026\/04\/IMG-20260420-WA0285-scaled.jpg?resize=1400%2C800&ssl=1 4x"},"classes":[]},{"id":125449,"url":"https:\/\/lasprimeras.com.do\/index.php\/2026\/03\/23\/realizan-jornada-de-limpieza-en-la-playa-uvero-alto-punta-cana\/","url_meta":{"origin":103789,"position":1},"title":"Realizan jornada de limpieza en la playa Uvero Alto, Punta Cana","author":"Nelson Feliz","date":"23 de marzo de 2026","format":false,"excerpt":"Con el objetivo de preservar el medio ambiente y fomentar la conciencia ecol\u00f3gica, se llev\u00f3 a cabo una jornada de limpieza en la playa Uvero Alto, ubicada en Punta Cana, organizada por el Instituto Dominicano de Aviaci\u00f3n Civil (IDAC). La actividad reuni\u00f3 a empleados de la instituci\u00f3n y decenas de\u2026","rel":"","context":"En \u00abNACIONALES\u00bb","block_context":{"text":"NACIONALES","link":"https:\/\/lasprimeras.com.do\/index.php\/category\/nacionales\/"},"img":{"alt_text":"","src":"https:\/\/i0.wp.com\/lasprimeras.com.do\/wp-content\/uploads\/2026\/03\/IMG-20260323-WA04141.jpg?resize=350%2C200&ssl=1","width":350,"height":200,"srcset":"https:\/\/i0.wp.com\/lasprimeras.com.do\/wp-content\/uploads\/2026\/03\/IMG-20260323-WA04141.jpg?resize=350%2C200&ssl=1 1x, https:\/\/i0.wp.com\/lasprimeras.com.do\/wp-content\/uploads\/2026\/03\/IMG-20260323-WA04141.jpg?resize=525%2C300&ssl=1 1.5x, https:\/\/i0.wp.com\/lasprimeras.com.do\/wp-content\/uploads\/2026\/03\/IMG-20260323-WA04141.jpg?resize=700%2C400&ssl=1 2x, https:\/\/i0.wp.com\/lasprimeras.com.do\/wp-content\/uploads\/2026\/03\/IMG-20260323-WA04141.jpg?resize=1050%2C600&ssl=1 3x"},"classes":[]},{"id":96160,"url":"https:\/\/lasprimeras.com.do\/index.php\/2025\/03\/26\/idac-instalara-modernos-radares-en-los-aeropuertos-internacionales-de-puerto-plata-santiago-y-santo-domingo\/","url_meta":{"origin":103789,"position":2},"title":"IDAC instalar\u00e1 modernos radares en los aeropuertos internacionales de Puerto Plata, Santiago y Santo Domingo","author":"Nelson Feliz","date":"26 de marzo de 2025","format":false,"excerpt":"Panam\u00e1.- El director general del Instituto Dominicano de Aviaci\u00f3n Civil (IDAC), Igor Rodr\u00edguez Dur\u00e1n, sostuvo una reuni\u00f3n de trabajo con Melvin Cintr\u00f3n, director de la Oficina Hemisf\u00e9rica de la Administraci\u00f3n Federal de Aviaci\u00f3n de los Estados Unidos de Norteam\u00e9rica (FAA), con sede en Panam\u00e1, en la que abordaron temas concernientes\u2026","rel":"","context":"En \u00abNACIONALES\u00bb","block_context":{"text":"NACIONALES","link":"https:\/\/lasprimeras.com.do\/index.php\/category\/nacionales\/"},"img":{"alt_text":"","src":"https:\/\/i0.wp.com\/lasprimeras.com.do\/wp-content\/uploads\/2025\/03\/IDAC.jpg?resize=350%2C200&ssl=1","width":350,"height":200,"srcset":"https:\/\/i0.wp.com\/lasprimeras.com.do\/wp-content\/uploads\/2025\/03\/IDAC.jpg?resize=350%2C200&ssl=1 1x, https:\/\/i0.wp.com\/lasprimeras.com.do\/wp-content\/uploads\/2025\/03\/IDAC.jpg?resize=525%2C300&ssl=1 1.5x, https:\/\/i0.wp.com\/lasprimeras.com.do\/wp-content\/uploads\/2025\/03\/IDAC.jpg?resize=700%2C400&ssl=1 2x"},"classes":[]},{"id":58197,"url":"https:\/\/lasprimeras.com.do\/index.php\/2023\/08\/21\/idac-activa-su-comite-de-emergencia-ante-el-posible-paso-de-la-tormenta-franklin\/","url_meta":{"origin":103789,"position":3},"title":"IDAC activa su comit\u00e9 de emergencia ante el posible paso de la tormenta Franklin","author":"Nelson Feliz","date":"21 de agosto de 2023","format":false,"excerpt":"El Instituto Dominicano de Aviaci\u00f3n Civil (IDAC) anunci\u00f3 la activaci\u00f3n de su comit\u00e9 de emergencia y acord\u00f3 aplicar los protocolos de prevenci\u00f3n de la instituci\u00f3n, ante la posible presencia de la tormenta Franklin a partir de este martes 22 de agosto. El director general del IDAC, H\u00e9ctor Porcella, instruy\u00f3 a\u2026","rel":"","context":"En \u00abNACIONALES\u00bb","block_context":{"text":"NACIONALES","link":"https:\/\/lasprimeras.com.do\/index.php\/category\/nacionales\/"},"img":{"alt_text":"","src":"https:\/\/i0.wp.com\/lasprimeras.com.do\/wp-content\/uploads\/2023\/08\/tormenta-franklin-56507018-focus-0-0-896-504.jpg?resize=350%2C200&ssl=1","width":350,"height":200,"srcset":"https:\/\/i0.wp.com\/lasprimeras.com.do\/wp-content\/uploads\/2023\/08\/tormenta-franklin-56507018-focus-0-0-896-504.jpg?resize=350%2C200&ssl=1 1x, https:\/\/i0.wp.com\/lasprimeras.com.do\/wp-content\/uploads\/2023\/08\/tormenta-franklin-56507018-focus-0-0-896-504.jpg?resize=525%2C300&ssl=1 1.5x, https:\/\/i0.wp.com\/lasprimeras.com.do\/wp-content\/uploads\/2023\/08\/tormenta-franklin-56507018-focus-0-0-896-504.jpg?resize=700%2C400&ssl=1 2x"},"classes":[]},{"id":77195,"url":"https:\/\/lasprimeras.com.do\/index.php\/2024\/02\/19\/el-idac-aportara-bono-de-rd100-mil-a-colaboradores-para-adquirir-viviendas-del-plan-familia-feliz\/","url_meta":{"origin":103789,"position":4},"title":"IDAC aportar\u00e1 bono de RD$100 mil a colaboradores para adquirir viviendas","author":"BIMARY DE JES\u00daS Matos","date":"19 de febrero de 2024","format":false,"excerpt":"SANTO DOMINGO. El Instituto Dominicano de Aviaci\u00f3n Civil (IDAC) otorgar\u00e1 un bono por RD$100 mil a los colaboradores de ese departamento del Estado dominicano, como una facilidad adicional a los subsidios que aporta el Gobierno a los beneficiarios del Plan Nacional de Viviendas Familia Feliz. La decisi\u00f3n est\u00e1 contenida en\u2026","rel":"","context":"En \u00abPORTADA\u00bb","block_context":{"text":"PORTADA","link":"https:\/\/lasprimeras.com.do\/index.php\/category\/portada\/"},"img":{"alt_text":"","src":"https:\/\/i0.wp.com\/lasprimeras.com.do\/wp-content\/uploads\/2024\/02\/IMG-20240219-WA0045-scaled.jpg?resize=350%2C200&ssl=1","width":350,"height":200,"srcset":"https:\/\/i0.wp.com\/lasprimeras.com.do\/wp-content\/uploads\/2024\/02\/IMG-20240219-WA0045-scaled.jpg?resize=350%2C200&ssl=1 1x, https:\/\/i0.wp.com\/lasprimeras.com.do\/wp-content\/uploads\/2024\/02\/IMG-20240219-WA0045-scaled.jpg?resize=525%2C300&ssl=1 1.5x, https:\/\/i0.wp.com\/lasprimeras.com.do\/wp-content\/uploads\/2024\/02\/IMG-20240219-WA0045-scaled.jpg?resize=700%2C400&ssl=1 2x, https:\/\/i0.wp.com\/lasprimeras.com.do\/wp-content\/uploads\/2024\/02\/IMG-20240219-WA0045-scaled.jpg?resize=1050%2C600&ssl=1 3x, https:\/\/i0.wp.com\/lasprimeras.com.do\/wp-content\/uploads\/2024\/02\/IMG-20240219-WA0045-scaled.jpg?resize=1400%2C800&ssl=1 4x"},"classes":[]},{"id":110693,"url":"https:\/\/lasprimeras.com.do\/index.php\/2025\/09\/30\/idac-acompana-a-la-ciaa-en-investigacion-por-aterrizaje-de-emergencia-de-aeronave-embraer-190\/","url_meta":{"origin":103789,"position":5},"title":"IDAC acompa\u00f1a a la CIAA en investigaci\u00f3n por aterrizaje de emergencia de aeronave Embraer 190","author":"Nelson Feliz","date":"30 de septiembre de 2025","format":false,"excerpt":"Servicios de navegaci\u00f3n a\u00e9rea contin\u00faan operando con normalidad en el Aeropuerto Internacional Las Am\u00e9ricas. El Instituto Dominicano de Aviaci\u00f3n Civil (IDAC) inform\u00f3 que acompa\u00f1a a la Comisi\u00f3n Investigadora de Accidentes de Aviaci\u00f3n (CIAA) en las indagatorias sobre el aterrizaje de emergencia de una aeronave Embraer 190, ocurrido esta tarde en\u2026","rel":"","context":"En \u00abNACIONALES\u00bb","block_context":{"text":"NACIONALES","link":"https:\/\/lasprimeras.com.do\/index.php\/category\/nacionales\/"},"img":{"alt_text":"","src":"https:\/\/i0.wp.com\/lasprimeras.com.do\/wp-content\/uploads\/2025\/09\/idaac-y-ciaa.jpg?resize=350%2C200&ssl=1","width":350,"height":200,"srcset":"https:\/\/i0.wp.com\/lasprimeras.com.do\/wp-content\/uploads\/2025\/09\/idaac-y-ciaa.jpg?resize=350%2C200&ssl=1 1x, https:\/\/i0.wp.com\/lasprimeras.com.do\/wp-content\/uploads\/2025\/09\/idaac-y-ciaa.jpg?resize=525%2C300&ssl=1 1.5x, https:\/\/i0.wp.com\/lasprimeras.com.do\/wp-content\/uploads\/2025\/09\/idaac-y-ciaa.jpg?resize=700%2C400&ssl=1 2x"},"classes":[]}],"jetpack_sharing_enabled":true,"_links":{"self":[{"href":"https:\/\/lasprimeras.com.do\/index.php\/wp-json\/wp\/v2\/posts\/103789","targetHints":{"allow":["GET"]}}],"collection":[{"href":"https:\/\/lasprimeras.com.do\/index.php\/wp-json\/wp\/v2\/posts"}],"about":[{"href":"https:\/\/lasprimeras.com.do\/index.php\/wp-json\/wp\/v2\/types\/post"}],"author":[{"embeddable":true,"href":"https:\/\/lasprimeras.com.do\/index.php\/wp-json\/wp\/v2\/users\/10"}],"replies":[{"embeddable":true,"href":"https:\/\/lasprimeras.com.do\/index.php\/wp-json\/wp\/v2\/comments?post=103789"}],"version-history":[{"count":1,"href":"https:\/\/lasprimeras.com.do\/index.php\/wp-json\/wp\/v2\/posts\/103789\/revisions"}],"predecessor-version":[{"id":103791,"href":"https:\/\/lasprimeras.com.do\/index.php\/wp-json\/wp\/v2\/posts\/103789\/revisions\/103791"}],"wp:featuredmedia":[{"embeddable":true,"href":"https:\/\/lasprimeras.com.do\/index.php\/wp-json\/wp\/v2\/media\/103790"}],"wp:attachment":[{"href":"https:\/\/lasprimeras.com.do\/index.php\/wp-json\/wp\/v2\/media?parent=103789"}],"wp:term":[{"taxonomy":"category","embeddable":true,"href":"https:\/\/lasprimeras.com.do\/index.php\/wp-json\/wp\/v2\/categories?post=103789"},{"taxonomy":"post_tag","embeddable":true,"href":"https:\/\/lasprimeras.com.do\/index.php\/wp-json\/wp\/v2\/tags?post=103789"}],"curies":[{"name":"wp","href":"https:\/\/api.w.org\/{rel}","templated":true}]}}