{"id":103792,"date":"2025-07-18T10:01:45","date_gmt":"2025-07-18T14:01:45","guid":{"rendered":"https:\/\/lasprimeras.com.do\/?p=103792"},"modified":"2025-07-18T10:01:47","modified_gmt":"2025-07-18T14:01:47","slug":"cdp-dn-pide-sancion-ejemplar-para-hombre-que-se-hacia-pasar-por-periodista-para-robar","status":"publish","type":"post","link":"https:\/\/lasprimeras.com.do\/index.php\/2025\/07\/18\/cdp-dn-pide-sancion-ejemplar-para-hombre-que-se-hacia-pasar-por-periodista-para-robar\/","title":{"rendered":"CDP-DN pide sanci\u00f3n ejemplar para hombre que se hac\u00eda pasar por periodista para robar"},"content":{"rendered":"\n<p>El Colegio Dominicano de Periodistas, seccional Distrito Nacional (CDP-DN), exigi\u00f3 este jueves una sanci\u00f3n ejemplar contra un hombre que fue arrestado tras hacerse pasar por reportero para cometer robos en actividades de prensa.<\/p>\n\n\n\n<p>Seg\u00fan confirmaron fuentes policiales, el individuo, de nombre Antonio Alberto Arias de 54 a\u00f1os y residente en Villa Consuelo, utilizaba un supuesto carnet de prensa y se infiltraba en coberturas period\u00edsticas, ruedas de prensa y otros eventos donde lograba sustraer equipos, celulares y pertenencias personales de comunicadores y reporteros gr\u00e1ficos.<\/p>\n\n\n\n<p>El secretario general del CDP-DN, Wilder P\u00e1ez, calific\u00f3 la acci\u00f3n como una afrenta a la dignidad del ejercicio period\u00edstico y una amenaza directa a la seguridad de los profesionales de la comunicaci\u00f3n.<\/p>\n\n\n\n<p>\u201cEste impostor no solo violent\u00f3 la ley, sino que atent\u00f3 contra la credibilidad y la integridad de nuestra labor. Pedimos al Ministerio P\u00fablico y al sistema judicial que se le imponga una sanci\u00f3n ejemplarizante\u201d, declar\u00f3 el gremialista.<\/p>\n\n\n\n<p>Al menos 24 ciudadanos y periodistas hab\u00edan denunciado en semanas anteriores el robo de pertenencias durante coberturas, lo que permiti\u00f3 a las autoridades identificar un patr\u00f3n y dar con el presunto responsable.<\/p>\n\n\n\n<p>El detenido se encuentra bajo custodia mientras el Ministerio P\u00fablico prepara la solicitud de medida de coerci\u00f3n correspondiente.<\/p>\n","protected":false},"excerpt":{"rendered":"<p>El Colegio Dominicano de Periodistas, seccional Distrito Nacional (CDP-DN), exigi\u00f3 este jueves una sanci\u00f3n ejemplar contra un hombre que fue arrestado tras hacerse pasar por reportero para cometer robos en&hellip;<\/p>\n","protected":false},"author":10,"featured_media":103793,"comment_status":"open","ping_status":"open","sticky":false,"template":"","format":"standard","meta":{"content-type":"","jetpack_post_was_ever_published":false,"_jetpack_newsletter_access":"","_jetpack_dont_email_post_to_subs":false,"_jetpack_newsletter_tier_id":0,"_jetpack_memberships_contains_paywalled_content":false,"_jetpack_memberships_contains_paid_content":false,"footnotes":""},"categories":[35,25],"tags":[21852,21850,46,794,2522,21851,4400],"class_list":["post-103792","post","type-post","status-publish","format-standard","has-post-thumbnail","hentry","category-nacionales","category-portada","tag-antonio-alberto-arias","tag-cdp-dn","tag-hombre","tag-robar","tag-sancion","tag-se-hacia-pasar-por-periodista","tag-villa-consuelo"],"jetpack_featured_media_url":"https:\/\/lasprimeras.com.do\/wp-content\/uploads\/2025\/07\/Antonio-Alberto-Arias.jpg","jetpack-related-posts":[{"id":127026,"url":"https:\/\/lasprimeras.com.do\/index.php\/2026\/04\/07\/el-cdp-dn-reconoce-a-la-periodista-jacqueline-morrobel\/","url_meta":{"origin":103792,"position":0},"title":"El CDP-DN reconoce a la periodista Jacqueline Morrobel","author":"Nelson Feliz","date":"7 de abril de 2026","format":false,"excerpt":"El Colegio Dominicano de Periodistas y su seccional del Distrito Nacional (CDP-DN) reconoci\u00f3 este martes a la periodista Jacqueline Morrobel por su trayectoria de m\u00e1s de 31 a\u00f1os ejerciendo la profesi\u00f3n, en un acto realizado en la Sala A\u00edda Bonnelly del Teatro Nacional Eduardo Brito. Jacqueline Morrobel recibi\u00f3 con aplausos\u2026","rel":"","context":"En \u00abENTRETENIMIENTO\u00bb","block_context":{"text":"ENTRETENIMIENTO","link":"https:\/\/lasprimeras.com.do\/index.php\/category\/entretenimiento\/"},"img":{"alt_text":"Jacqueline Morrobel","src":"https:\/\/i0.wp.com\/lasprimeras.com.do\/wp-content\/uploads\/2026\/04\/Jacqueline-Morrobel.jpg?resize=350%2C200&ssl=1","width":350,"height":200,"srcset":"https:\/\/i0.wp.com\/lasprimeras.com.do\/wp-content\/uploads\/2026\/04\/Jacqueline-Morrobel.jpg?resize=350%2C200&ssl=1 1x, https:\/\/i0.wp.com\/lasprimeras.com.do\/wp-content\/uploads\/2026\/04\/Jacqueline-Morrobel.jpg?resize=525%2C300&ssl=1 1.5x, https:\/\/i0.wp.com\/lasprimeras.com.do\/wp-content\/uploads\/2026\/04\/Jacqueline-Morrobel.jpg?resize=700%2C400&ssl=1 2x"},"classes":[]},{"id":127257,"url":"https:\/\/lasprimeras.com.do\/index.php\/2026\/04\/09\/cdp-distingue-a-destacadas-integrantes-de-cipesa\/","url_meta":{"origin":103792,"position":1},"title":"CDP distingue a destacadas integrantes de CIPESA","author":"Nelson Feliz","date":"9 de abril de 2026","format":false,"excerpt":"CDP entrega reconocimiento a la prensa celebrada en el Teatro Nacional. El Colegio Dominicano de Periodistas, seccional Distrito Nacional (CDP-DN), reconoci\u00f3 a 40 periodistas durante la tercera Gala de Reconocimiento a la Prensa, celebrada en la Sala A\u00edda Bonnelly del Teatro Nacional Eduardo Brito, en el marco de las actividades\u2026","rel":"","context":"En \u00abENTRETENIMIENTO\u00bb","block_context":{"text":"ENTRETENIMIENTO","link":"https:\/\/lasprimeras.com.do\/index.php\/category\/entretenimiento\/"},"img":{"alt_text":"","src":"https:\/\/i0.wp.com\/lasprimeras.com.do\/wp-content\/uploads\/2026\/04\/cdp.jpg?resize=350%2C200&ssl=1","width":350,"height":200,"srcset":"https:\/\/i0.wp.com\/lasprimeras.com.do\/wp-content\/uploads\/2026\/04\/cdp.jpg?resize=350%2C200&ssl=1 1x, https:\/\/i0.wp.com\/lasprimeras.com.do\/wp-content\/uploads\/2026\/04\/cdp.jpg?resize=525%2C300&ssl=1 1.5x, https:\/\/i0.wp.com\/lasprimeras.com.do\/wp-content\/uploads\/2026\/04\/cdp.jpg?resize=700%2C400&ssl=1 2x"},"classes":[]},{"id":101661,"url":"https:\/\/lasprimeras.com.do\/index.php\/2025\/06\/24\/periodistas-del-movimiento-marcelino-vega-respaldan-candidaturas-de-beato-al-cdp\/","url_meta":{"origin":103792,"position":2},"title":"Periodistas del Movimiento Marcelino Vega respaldan candidaturas de Beato al CDP","author":"Nelson Feliz","date":"24 de junio de 2025","format":false,"excerpt":"En un acto marcado por la unidad y la masiva asistencia de periodistas de todas las seccionales del pa\u00eds y el exterior, el Movimiento Marcelino Vega (MVM) present\u00f3 sus principales precandidaturas para las elecciones del Colegio Dominicano de Periodistas (CDP), a celebrarse el pr\u00f3ximo 29 de agosto. Durante la jornada,\u2026","rel":"","context":"En \u00abNACIONALES\u00bb","block_context":{"text":"NACIONALES","link":"https:\/\/lasprimeras.com.do\/index.php\/category\/nacionales\/"},"img":{"alt_text":"","src":"https:\/\/i0.wp.com\/lasprimeras.com.do\/wp-content\/uploads\/2025\/06\/Beato.jpg?resize=350%2C200&ssl=1","width":350,"height":200,"srcset":"https:\/\/i0.wp.com\/lasprimeras.com.do\/wp-content\/uploads\/2025\/06\/Beato.jpg?resize=350%2C200&ssl=1 1x, https:\/\/i0.wp.com\/lasprimeras.com.do\/wp-content\/uploads\/2025\/06\/Beato.jpg?resize=525%2C300&ssl=1 1.5x, https:\/\/i0.wp.com\/lasprimeras.com.do\/wp-content\/uploads\/2025\/06\/Beato.jpg?resize=700%2C400&ssl=1 2x"},"classes":[]},{"id":81926,"url":"https:\/\/lasprimeras.com.do\/index.php\/2024\/04\/26\/cdp-reconoce-trayectoria-del-periodista-jesus-camilo\/","url_meta":{"origin":103792,"position":3},"title":"CDP reconoce trayectoria del periodista Jes\u00fas Camilo","author":"BIMARY DE JES\u00daS Matos","date":"26 de abril de 2024","format":false,"excerpt":"Santo Domingo, RD.- A trav\u00e9s de la seccional Distrito Nacional, el Colegio Dominicano de Periodistas (CDP), reconoci\u00f3 al periodista Jes\u00fas Camilo, reportero de la Red Nacional de Noticias (RNN), Canal 27, entre 28 profesionales del \u00e1rea, galardonados por su destacada labor en el ejercicio de una labor imparcial, objetiva y\u2026","rel":"","context":"En \u00abPORTADA\u00bb","block_context":{"text":"PORTADA","link":"https:\/\/lasprimeras.com.do\/index.php\/category\/portada\/"},"img":{"alt_text":"","src":"https:\/\/i0.wp.com\/lasprimeras.com.do\/wp-content\/uploads\/2024\/04\/WhatsApp-Image-2024-04-26-at-12.16.00-PM.jpeg?resize=350%2C200&ssl=1","width":350,"height":200,"srcset":"https:\/\/i0.wp.com\/lasprimeras.com.do\/wp-content\/uploads\/2024\/04\/WhatsApp-Image-2024-04-26-at-12.16.00-PM.jpeg?resize=350%2C200&ssl=1 1x, https:\/\/i0.wp.com\/lasprimeras.com.do\/wp-content\/uploads\/2024\/04\/WhatsApp-Image-2024-04-26-at-12.16.00-PM.jpeg?resize=525%2C300&ssl=1 1.5x, https:\/\/i0.wp.com\/lasprimeras.com.do\/wp-content\/uploads\/2024\/04\/WhatsApp-Image-2024-04-26-at-12.16.00-PM.jpeg?resize=700%2C400&ssl=1 2x, https:\/\/i0.wp.com\/lasprimeras.com.do\/wp-content\/uploads\/2024\/04\/WhatsApp-Image-2024-04-26-at-12.16.00-PM.jpeg?resize=1050%2C600&ssl=1 3x, https:\/\/i0.wp.com\/lasprimeras.com.do\/wp-content\/uploads\/2024\/04\/WhatsApp-Image-2024-04-26-at-12.16.00-PM.jpeg?resize=1400%2C800&ssl=1 4x"},"classes":[]},{"id":74712,"url":"https:\/\/lasprimeras.com.do\/index.php\/2024\/01\/25\/embajador-de-cuba-angel-arzuaga-recibe-comitiva-del-cdp-y-sntp\/","url_meta":{"origin":103792,"position":4},"title":"Embajador de Cuba \u00c1ngel Arzuaga recibe comitiva del CDP y SNTP","author":"Nelson Feliz","date":"25 de enero de 2024","format":false,"excerpt":"El embajador de Cuba en Rep\u00fablica Dominicana, \u00c1ngel Arzuaga Reyes, recibi\u00f3 en su sede una comitiva mixta del Colegio Dominicano de Periodistas (CDP) y del Sindicato Nacional de trabajadores de la Prensa (SNTP), a quienes invit\u00f3 a visitar la naci\u00f3n cubana para conocer la realidad de esa naci\u00f3n. El diplom\u00e1tico,\u2026","rel":"","context":"En \u00abNACIONALES\u00bb","block_context":{"text":"NACIONALES","link":"https:\/\/lasprimeras.com.do\/index.php\/category\/nacionales\/"},"img":{"alt_text":"Embajador de Cuba \u00c1ngel Arzuaga recibe comitiva del CDP y SNTP","src":"https:\/\/i0.wp.com\/lasprimeras.com.do\/wp-content\/uploads\/2024\/01\/Angel-Arzuaga.jpg?resize=350%2C200&ssl=1","width":350,"height":200,"srcset":"https:\/\/i0.wp.com\/lasprimeras.com.do\/wp-content\/uploads\/2024\/01\/Angel-Arzuaga.jpg?resize=350%2C200&ssl=1 1x, https:\/\/i0.wp.com\/lasprimeras.com.do\/wp-content\/uploads\/2024\/01\/Angel-Arzuaga.jpg?resize=525%2C300&ssl=1 1.5x, https:\/\/i0.wp.com\/lasprimeras.com.do\/wp-content\/uploads\/2024\/01\/Angel-Arzuaga.jpg?resize=700%2C400&ssl=1 2x"},"classes":[]},{"id":127470,"url":"https:\/\/lasprimeras.com.do\/index.php\/2026\/04\/12\/cdp-haina-celebra-su-dia-con-conferencia-y-reconocimientos-a-personalidades-y-periodistas\/","url_meta":{"origin":103792,"position":5},"title":"CDP-Haina celebra su d\u00eda con conferencia y reconocimientos a personalidades y periodistas","author":"Nelson Feliz","date":"12 de abril de 2026","format":false,"excerpt":"El Colegio Dominicano de Periodistas (CDP), filial Haina, celebr\u00f3 su d\u00eda con una conferencia magistral a cargo del periodista Cristian Cabrera, as\u00ed como con el reconocimiento a exsecretarios generales de la filial, en un acto que cont\u00f3 con la presencia de autoridades locales, periodistas y comunicadores. La secretaria general de\u2026","rel":"","context":"En \u00abNACIONALES\u00bb","block_context":{"text":"NACIONALES","link":"https:\/\/lasprimeras.com.do\/index.php\/category\/nacionales\/"},"img":{"alt_text":"","src":"https:\/\/i0.wp.com\/lasprimeras.com.do\/wp-content\/uploads\/2026\/04\/cdp-1.jpg?resize=350%2C200&ssl=1","width":350,"height":200,"srcset":"https:\/\/i0.wp.com\/lasprimeras.com.do\/wp-content\/uploads\/2026\/04\/cdp-1.jpg?resize=350%2C200&ssl=1 1x, https:\/\/i0.wp.com\/lasprimeras.com.do\/wp-content\/uploads\/2026\/04\/cdp-1.jpg?resize=525%2C300&ssl=1 1.5x, https:\/\/i0.wp.com\/lasprimeras.com.do\/wp-content\/uploads\/2026\/04\/cdp-1.jpg?resize=700%2C400&ssl=1 2x"},"classes":[]}],"jetpack_sharing_enabled":true,"_links":{"self":[{"href":"https:\/\/lasprimeras.com.do\/index.php\/wp-json\/wp\/v2\/posts\/103792","targetHints":{"allow":["GET"]}}],"collection":[{"href":"https:\/\/lasprimeras.com.do\/index.php\/wp-json\/wp\/v2\/posts"}],"about":[{"href":"https:\/\/lasprimeras.com.do\/index.php\/wp-json\/wp\/v2\/types\/post"}],"author":[{"embeddable":true,"href":"https:\/\/lasprimeras.com.do\/index.php\/wp-json\/wp\/v2\/users\/10"}],"replies":[{"embeddable":true,"href":"https:\/\/lasprimeras.com.do\/index.php\/wp-json\/wp\/v2\/comments?post=103792"}],"version-history":[{"count":1,"href":"https:\/\/lasprimeras.com.do\/index.php\/wp-json\/wp\/v2\/posts\/103792\/revisions"}],"predecessor-version":[{"id":103794,"href":"https:\/\/lasprimeras.com.do\/index.php\/wp-json\/wp\/v2\/posts\/103792\/revisions\/103794"}],"wp:featuredmedia":[{"embeddable":true,"href":"https:\/\/lasprimeras.com.do\/index.php\/wp-json\/wp\/v2\/media\/103793"}],"wp:attachment":[{"href":"https:\/\/lasprimeras.com.do\/index.php\/wp-json\/wp\/v2\/media?parent=103792"}],"wp:term":[{"taxonomy":"category","embeddable":true,"href":"https:\/\/lasprimeras.com.do\/index.php\/wp-json\/wp\/v2\/categories?post=103792"},{"taxonomy":"post_tag","embeddable":true,"href":"https:\/\/lasprimeras.com.do\/index.php\/wp-json\/wp\/v2\/tags?post=103792"}],"curies":[{"name":"wp","href":"https:\/\/api.w.org\/{rel}","templated":true}]}}