{"id":103813,"date":"2025-07-18T11:46:19","date_gmt":"2025-07-18T15:46:19","guid":{"rendered":"https:\/\/lasprimeras.com.do\/?p=103813"},"modified":"2025-07-18T11:46:21","modified_gmt":"2025-07-18T15:46:21","slug":"ejercito-detiene-jeepeta-con-14-haitianos-indocumentados-en-vallejuelo","status":"publish","type":"post","link":"https:\/\/lasprimeras.com.do\/index.php\/2025\/07\/18\/ejercito-detiene-jeepeta-con-14-haitianos-indocumentados-en-vallejuelo\/","title":{"rendered":"Ej\u00e9rcito detiene jeepeta con 14 haitianos indocumentados en Vallejuelo"},"content":{"rendered":"\n<p><strong>El conductor del veh\u00edculo, al notar la presencia militar, perdi\u00f3 el control del veh\u00edculo, impactando contra una vivienda en construcci\u00f3n.<\/strong><\/p>\n\n\n\n<p>El Ej\u00e9rcito de Rep\u00fablica Dominicana (ERD) detuvo una jeepeta con 14 nacionales haitianos indocumentados tras una persecuci\u00f3n en el municipio de Vallejuelo, en San Juan de la Maguana.<\/p>\n\n\n\n<p>Una patrulla del ERD que realizaba labores de vigilancia en el Distrito Municipal de Jorgillo, del referido municipio de Vallejuelo, intercept\u00f3 la jeepeta marca Mitsubishi, modelo Montero, color rojo, placa G116600.<\/p>\n\n\n\n<p>El conductor del veh\u00edculo, al notar la presencia militar, realiz\u00f3 una maniobra evasiva violenta, perdiendo el control del veh\u00edculo, e impactando el mismo contra una vivienda en construcci\u00f3n.<\/p>\n\n\n\n<p>El individuo logr\u00f3 escapar del lugar, abandonando la jeepeta.<\/p>\n\n\n\n<p>Tras inspeccionar el interior del veh\u00edculo, los miembros del Ej\u00e9rcito encontraron a catorce 14 nacionales haitianos en condici\u00f3n migratoria irregular, los cuales fueron trasladados a la Fortaleza &#8220;GJMC&#8221;, ERD, para ser entregados a las autoridades migratorias.<\/p>\n","protected":false},"excerpt":{"rendered":"<p>El conductor del veh\u00edculo, al notar la presencia militar, perdi\u00f3 el control del veh\u00edculo, impactando contra una vivienda en construcci\u00f3n. El Ej\u00e9rcito de Rep\u00fablica Dominicana (ERD) detuvo una jeepeta con&hellip;<\/p>\n","protected":false},"author":10,"featured_media":103814,"comment_status":"open","ping_status":"open","sticky":false,"template":"","format":"standard","meta":{"content-type":"","jetpack_post_was_ever_published":false,"_jetpack_newsletter_access":"","_jetpack_dont_email_post_to_subs":false,"_jetpack_newsletter_tier_id":0,"_jetpack_memberships_contains_paywalled_content":false,"_jetpack_memberships_contains_paid_content":false,"footnotes":""},"categories":[3057,25],"tags":[21864,19540,2312,3904,21865],"class_list":["post-103813","post","type-post","status-publish","format-standard","has-post-thumbnail","hentry","category-militares","category-portada","tag-14-haitianos","tag-ejercito-dominicano","tag-indocumentados","tag-jeepeta","tag-vallejuelo"],"jetpack_featured_media_url":"https:\/\/lasprimeras.com.do\/wp-content\/uploads\/2025\/07\/UNA-1.jpg","jetpack-related-posts":[{"id":114405,"url":"https:\/\/lasprimeras.com.do\/index.php\/2025\/11\/13\/ejercito-detiene-a-32-haitianos-indocumentados-en-dos-jeepetas-en-mao-valverde-video\/","url_meta":{"origin":103813,"position":0},"title":"Ej\u00e9rcito detiene a 32 haitianos indocumentados en dos jeepetas en Mao, Valverde \/ Video","author":"Nelson Feliz","date":"13 de noviembre de 2025","format":false,"excerpt":"Miembros del Ej\u00e9rcito de Rep\u00fablica Dominicana (ERD), detuvieron a 32 migrantes haitianos en condici\u00f3n migratoria irregular, durante dos operaciones realizadas en distintos sectores del municipio Mao, provincia Valverde. En un primer operativo, soldados del ERD patrullaban el sector Villa Ol\u00edmpica, donde fue detenida una jeepeta marca Jeep, color blanco, placa\u2026","rel":"","context":"En \u00abMILITARES\u00bb","block_context":{"text":"MILITARES","link":"https:\/\/lasprimeras.com.do\/index.php\/category\/militares\/"},"img":{"alt_text":"","src":"https:\/\/i0.wp.com\/lasprimeras.com.do\/wp-content\/uploads\/2025\/11\/haitianos.jpg?resize=350%2C200&ssl=1","width":350,"height":200,"srcset":"https:\/\/i0.wp.com\/lasprimeras.com.do\/wp-content\/uploads\/2025\/11\/haitianos.jpg?resize=350%2C200&ssl=1 1x, https:\/\/i0.wp.com\/lasprimeras.com.do\/wp-content\/uploads\/2025\/11\/haitianos.jpg?resize=525%2C300&ssl=1 1.5x, https:\/\/i0.wp.com\/lasprimeras.com.do\/wp-content\/uploads\/2025\/11\/haitianos.jpg?resize=700%2C400&ssl=1 2x"},"classes":[]},{"id":107616,"url":"https:\/\/lasprimeras.com.do\/index.php\/2025\/08\/28\/ejercito-detiene-jeepeta-con-14-indocumentados-durante-operativo-en-mao\/","url_meta":{"origin":103813,"position":1},"title":"Ej\u00e9rcito detiene jeepeta con 14 indocumentados durante operativo en Mao","author":"Nelson Feliz","date":"28 de agosto de 2025","format":false,"excerpt":"De acuerdo con informaciones este caso estar\u00eda vinculado a una red de tr\u00e1fico de personas que opera en la zona. Miembros del Ej\u00e9rcito de Rep\u00fablica Dominicana detuvieron un veh\u00edculo con de 14 nacionales haitianos indocumentados durante un operativo realizado en la zona de responsabilidad de la 4ta. Brigada de Infanter\u00eda,\u2026","rel":"","context":"En \u00abMILITARES\u00bb","block_context":{"text":"MILITARES","link":"https:\/\/lasprimeras.com.do\/index.php\/category\/militares\/"},"img":{"alt_text":"","src":"https:\/\/i0.wp.com\/lasprimeras.com.do\/wp-content\/uploads\/2025\/08\/haitianos-3.jpg?resize=350%2C200&ssl=1","width":350,"height":200,"srcset":"https:\/\/i0.wp.com\/lasprimeras.com.do\/wp-content\/uploads\/2025\/08\/haitianos-3.jpg?resize=350%2C200&ssl=1 1x, https:\/\/i0.wp.com\/lasprimeras.com.do\/wp-content\/uploads\/2025\/08\/haitianos-3.jpg?resize=525%2C300&ssl=1 1.5x, https:\/\/i0.wp.com\/lasprimeras.com.do\/wp-content\/uploads\/2025\/08\/haitianos-3.jpg?resize=700%2C400&ssl=1 2x"},"classes":[]},{"id":110081,"url":"https:\/\/lasprimeras.com.do\/index.php\/2025\/09\/25\/ejercito-desmantela-operacion-de-trafico-de-indocumentados-detiene-a-28-haitianos-y-a-un-conductor\/","url_meta":{"origin":103813,"position":2},"title":"Ej\u00e9rcito desmantela operaci\u00f3n de tr\u00e1fico de indocumentados; detiene a 28 haitianos y a un conductor","author":"Nelson Feliz","date":"25 de septiembre de 2025","format":false,"excerpt":"Dos veh\u00edculos fueron ocupados durante el operativo realizado en Valverde. El Ej\u00e9rcito de Rep\u00fablica Dominicana (ERD), una patrulla de la 4ta. Brigada de Infanter\u00eda detuvieron a veintiocho (28) nacionales haitianos con estatus migratorio irregular, que eran transportados en dos jeepetas que fueron interceptadas en la calle Villa Ol\u00edmpica de la\u2026","rel":"","context":"En \u00abMILITARES\u00bb","block_context":{"text":"MILITARES","link":"https:\/\/lasprimeras.com.do\/index.php\/category\/militares\/"},"img":{"alt_text":"","src":"https:\/\/i0.wp.com\/lasprimeras.com.do\/wp-content\/uploads\/2025\/09\/haitianos.jpg?resize=350%2C200&ssl=1","width":350,"height":200},"classes":[]},{"id":95886,"url":"https:\/\/lasprimeras.com.do\/index.php\/2025\/03\/21\/interceptan-dos-jeepetas-con-31-indocumentados-en-san-juan-de-la-maguana\/","url_meta":{"origin":103813,"position":3},"title":"Interceptan dos jeepetas con 31 indocumentados en San Juan de la Maguana","author":"Nelson Feliz","date":"21 de marzo de 2025","format":false,"excerpt":"Tambi\u00e9n detienen a un dominicano y a un haitiano transportando a otros indocumentados en motocicletas en Montecristi. Durante la madrugada de este viernes, patrullas del Ej\u00e9rcito de Rep\u00fablica Dominicana interceptaron en la carretera San Juan-Azua, a dos jeepetas en las cuales eran transportados 31 nacionales haitianos en condici\u00f3n migratoria irregular.\u2026","rel":"","context":"En \u00abMILITARES\u00bb","block_context":{"text":"MILITARES","link":"https:\/\/lasprimeras.com.do\/index.php\/category\/militares\/"},"img":{"alt_text":"","src":"https:\/\/i0.wp.com\/lasprimeras.com.do\/wp-content\/uploads\/2025\/03\/presos.jpg?resize=350%2C200&ssl=1","width":350,"height":200,"srcset":"https:\/\/i0.wp.com\/lasprimeras.com.do\/wp-content\/uploads\/2025\/03\/presos.jpg?resize=350%2C200&ssl=1 1x, https:\/\/i0.wp.com\/lasprimeras.com.do\/wp-content\/uploads\/2025\/03\/presos.jpg?resize=525%2C300&ssl=1 1.5x, https:\/\/i0.wp.com\/lasprimeras.com.do\/wp-content\/uploads\/2025\/03\/presos.jpg?resize=700%2C400&ssl=1 2x"},"classes":[]},{"id":100431,"url":"https:\/\/lasprimeras.com.do\/index.php\/2025\/06\/06\/detienen-mujer-que-rento-jeepeta-donde-eran-transportados-inmigrantes-indocumentados-en-dajabon\/","url_meta":{"origin":103813,"position":4},"title":"Detienen mujer que rent\u00f3 jeepeta donde eran transportados inmigrantes indocumentados en Dajab\u00f3n","author":"Nelson Feliz","date":"6 de junio de 2025","format":false,"excerpt":"La mujer fue detenida a bordo de la jeepeta interceptada con los indocumentados. El conductor escap\u00f3 . Una mujer fue detenida a bordo de una jeepeta en la cual eran transportados 10 inmigrantes haitianos indocumentados en la localidad Los Ciruelos, Distrito Municipal Sabana Larga, provincia Dajab\u00f3n. Una patrulla del Ej\u00e9rcito\u2026","rel":"","context":"En \u00abMILITARES\u00bb","block_context":{"text":"MILITARES","link":"https:\/\/lasprimeras.com.do\/index.php\/category\/militares\/"},"img":{"alt_text":"","src":"https:\/\/i0.wp.com\/lasprimeras.com.do\/wp-content\/uploads\/2025\/06\/mujer.jpg?resize=350%2C200&ssl=1","width":350,"height":200,"srcset":"https:\/\/i0.wp.com\/lasprimeras.com.do\/wp-content\/uploads\/2025\/06\/mujer.jpg?resize=350%2C200&ssl=1 1x, https:\/\/i0.wp.com\/lasprimeras.com.do\/wp-content\/uploads\/2025\/06\/mujer.jpg?resize=525%2C300&ssl=1 1.5x, https:\/\/i0.wp.com\/lasprimeras.com.do\/wp-content\/uploads\/2025\/06\/mujer.jpg?resize=700%2C400&ssl=1 2x"},"classes":[]},{"id":114826,"url":"https:\/\/lasprimeras.com.do\/index.php\/2025\/11\/17\/ejercito-ocupa-jeepeta-con-240000-unidades-de-cigarrillos-de-contrabando-en-elias-pina\/","url_meta":{"origin":103813,"position":5},"title":"Ej\u00e9rcito ocupa jeepeta con 240,000 unidades de cigarrillos de contrabando en El\u00edas Pi\u00f1a","author":"Nelson Feliz","date":"17 de noviembre de 2025","format":false,"excerpt":"Luego de una persecuci\u00f3n el conductor dej\u00f3 abandonado el veh\u00edculo con la mercanc\u00eda il\u00edcita en su interior. Soldados del Ej\u00e9rcito de Rep\u00fablica Dominicana, ocuparon un veh\u00edculo con un cargamento de 240,000 cigarrillos de contrabandon, en el municipio Comendador, provincia El\u00edas Pi\u00f1a. Una patrulla identific\u00f3 una jeepeta Mitsubishi Montero, color negro,\u2026","rel":"","context":"En \u00abMILITARES\u00bb","block_context":{"text":"MILITARES","link":"https:\/\/lasprimeras.com.do\/index.php\/category\/militares\/"},"img":{"alt_text":"","src":"https:\/\/i0.wp.com\/lasprimeras.com.do\/wp-content\/uploads\/2025\/11\/1-1.jpg?resize=350%2C200&ssl=1","width":350,"height":200,"srcset":"https:\/\/i0.wp.com\/lasprimeras.com.do\/wp-content\/uploads\/2025\/11\/1-1.jpg?resize=350%2C200&ssl=1 1x, https:\/\/i0.wp.com\/lasprimeras.com.do\/wp-content\/uploads\/2025\/11\/1-1.jpg?resize=525%2C300&ssl=1 1.5x, https:\/\/i0.wp.com\/lasprimeras.com.do\/wp-content\/uploads\/2025\/11\/1-1.jpg?resize=700%2C400&ssl=1 2x"},"classes":[]}],"jetpack_sharing_enabled":true,"_links":{"self":[{"href":"https:\/\/lasprimeras.com.do\/index.php\/wp-json\/wp\/v2\/posts\/103813","targetHints":{"allow":["GET"]}}],"collection":[{"href":"https:\/\/lasprimeras.com.do\/index.php\/wp-json\/wp\/v2\/posts"}],"about":[{"href":"https:\/\/lasprimeras.com.do\/index.php\/wp-json\/wp\/v2\/types\/post"}],"author":[{"embeddable":true,"href":"https:\/\/lasprimeras.com.do\/index.php\/wp-json\/wp\/v2\/users\/10"}],"replies":[{"embeddable":true,"href":"https:\/\/lasprimeras.com.do\/index.php\/wp-json\/wp\/v2\/comments?post=103813"}],"version-history":[{"count":1,"href":"https:\/\/lasprimeras.com.do\/index.php\/wp-json\/wp\/v2\/posts\/103813\/revisions"}],"predecessor-version":[{"id":103815,"href":"https:\/\/lasprimeras.com.do\/index.php\/wp-json\/wp\/v2\/posts\/103813\/revisions\/103815"}],"wp:featuredmedia":[{"embeddable":true,"href":"https:\/\/lasprimeras.com.do\/index.php\/wp-json\/wp\/v2\/media\/103814"}],"wp:attachment":[{"href":"https:\/\/lasprimeras.com.do\/index.php\/wp-json\/wp\/v2\/media?parent=103813"}],"wp:term":[{"taxonomy":"category","embeddable":true,"href":"https:\/\/lasprimeras.com.do\/index.php\/wp-json\/wp\/v2\/categories?post=103813"},{"taxonomy":"post_tag","embeddable":true,"href":"https:\/\/lasprimeras.com.do\/index.php\/wp-json\/wp\/v2\/tags?post=103813"}],"curies":[{"name":"wp","href":"https:\/\/api.w.org\/{rel}","templated":true}]}}