{"id":103828,"date":"2025-07-18T12:40:13","date_gmt":"2025-07-18T16:40:13","guid":{"rendered":"https:\/\/lasprimeras.com.do\/?p=103828"},"modified":"2025-07-18T12:40:15","modified_gmt":"2025-07-18T16:40:15","slug":"advierten-sobre-dano-ecologico-en-santiago","status":"publish","type":"post","link":"https:\/\/lasprimeras.com.do\/index.php\/2025\/07\/18\/advierten-sobre-dano-ecologico-en-santiago\/","title":{"rendered":"Advierten sobre da\u00f1o ecol\u00f3gico en Santiago"},"content":{"rendered":"\n<p><strong>El PLD escucha a los residentes del Reparto Universitario de Santiago, quienes advierten sobre el da\u00f1o ecol\u00f3gico que ocasionar\u00eda la desviaci\u00f3n de la ruta monorriel.<\/strong><\/p>\n\n\n\n<p>El Partido de la Liberaci\u00f3n Dominicana (PLD), asumiendo el compromiso hist\u00f3rico con la participaci\u00f3n ciudadana y la defensa del inter\u00e9s p\u00fablico y el medio ambiente, se identific\u00f3 con la causa de los residentes del Reparto Universitario de Santiago, quienes advierten sobre el da\u00f1o que ocasionar\u00eda un posible desv\u00edo en la ruta de construcci\u00f3n del monorriel que afectar\u00eda una importante zona verde del entorno.<\/p>\n\n\n\n<p>En una visita a la zona de una comisi\u00f3n de la direcci\u00f3n del PLD encabezada por Zoraima Cuello, vicepresidenta y Alfonso Ure\u00f1a, titular de la Secretar\u00eda de Medio Ambiente y Recursos Naturales se escuch\u00f3 las preocupaciones de los residentes, incluyendo a la se\u00f1ora Miguelina Ure\u00f1a y al abogado Mito N\u00fa\u00f1ez, quien lleva ante los tribunales una acci\u00f3n de amparo con el objetivo de paralizar la intervenci\u00f3n en el \u00e1rea afectada.<\/p>\n\n\n\n<p>\u201cRecibimos la documentaci\u00f3n entregada por los afectados y nos comprometimos a estudiarla con rigurosidad t\u00e9cnica para emitir una opini\u00f3n fundamentada\u201d, explic\u00f3 Alfonso Ure\u00f1a<\/p>\n\n\n\n<p>En la visita participaron tambi\u00e9n Aura Toribio, miembro del Comit\u00e9 Pol\u00edtico; Juan Carlos Pi\u00f1a, presidente provincial del PLD en Santiago; Fernando Tatis, secretario general provincial; Charles Albino, miembro del Comit\u00e9 Central; y Francis Jorge, titular de la Secretar\u00eda de Asuntos Municipales.<\/p>\n\n\n\n<p>\u201c\u201cEl PLD tiene un compromiso hist\u00f3rico con la participaci\u00f3n ciudadana, la defensa del inter\u00e9s p\u00fablico y el medio ambiente. Siempre estaremos del lado de las comunidades que luchan por preservar su entorno y calidad de vida\u201d, expres\u00f3 Alfonso Ure\u00f1a al concluir el encuentro.<\/p>\n","protected":false},"excerpt":{"rendered":"<p>El PLD escucha a los residentes del Reparto Universitario de Santiago, quienes advierten sobre el da\u00f1o ecol\u00f3gico que ocasionar\u00eda la desviaci\u00f3n de la ruta monorriel. El Partido de la Liberaci\u00f3n&hellip;<\/p>\n","protected":false},"author":10,"featured_media":103829,"comment_status":"open","ping_status":"open","sticky":false,"template":"","format":"standard","meta":{"content-type":"","jetpack_post_was_ever_published":false,"_jetpack_newsletter_access":"","_jetpack_dont_email_post_to_subs":false,"_jetpack_newsletter_tier_id":0,"_jetpack_memberships_contains_paywalled_content":false,"_jetpack_memberships_contains_paid_content":false,"footnotes":""},"categories":[16559],"tags":[21875],"class_list":["post-103828","post","type-post","status-publish","format-standard","has-post-thumbnail","hentry","category-politica","tag-advierten-sobre-dano-ecologico-en-santiago"],"jetpack_featured_media_url":"https:\/\/lasprimeras.com.do\/wp-content\/uploads\/2025\/07\/dano-ecologico.jpg","jetpack-related-posts":[{"id":119564,"url":"https:\/\/lasprimeras.com.do\/index.php\/2026\/01\/14\/pld-en-santiago-participa-en-jornada-comunitaria-de-proteccion-a-la-cordillera-septentrional\/","url_meta":{"origin":103828,"position":0},"title":"PLD en Santiago participa en jornada comunitaria de protecci\u00f3n a la Cordillera Septentrional","author":"Nelson Feliz","date":"14 de enero de 2026","format":false,"excerpt":"Dirigentes y miembros del Partido de la Liberaci\u00f3n Dominicana participaron en una jornada comunitaria en rechazo a la nueva explotaci\u00f3n minera proyectada en la Cordillera Septentrional, por el impacto ambiental y social que representa para varias comunidades de la provincia de Santiago. En la protesta participaron el diputado Mayobanex Mart\u00ednez,\u2026","rel":"","context":"En \u00abPOLITICA\u00bb","block_context":{"text":"POLITICA","link":"https:\/\/lasprimeras.com.do\/index.php\/category\/politica\/"},"img":{"alt_text":"","src":"https:\/\/i0.wp.com\/lasprimeras.com.do\/wp-content\/uploads\/2026\/01\/7e9ceb4b-a004-42b3-ae06-c92cd40669f2.jpeg?resize=350%2C200&ssl=1","width":350,"height":200,"srcset":"https:\/\/i0.wp.com\/lasprimeras.com.do\/wp-content\/uploads\/2026\/01\/7e9ceb4b-a004-42b3-ae06-c92cd40669f2.jpeg?resize=350%2C200&ssl=1 1x, https:\/\/i0.wp.com\/lasprimeras.com.do\/wp-content\/uploads\/2026\/01\/7e9ceb4b-a004-42b3-ae06-c92cd40669f2.jpeg?resize=525%2C300&ssl=1 1.5x, https:\/\/i0.wp.com\/lasprimeras.com.do\/wp-content\/uploads\/2026\/01\/7e9ceb4b-a004-42b3-ae06-c92cd40669f2.jpeg?resize=700%2C400&ssl=1 2x, https:\/\/i0.wp.com\/lasprimeras.com.do\/wp-content\/uploads\/2026\/01\/7e9ceb4b-a004-42b3-ae06-c92cd40669f2.jpeg?resize=1050%2C600&ssl=1 3x, https:\/\/i0.wp.com\/lasprimeras.com.do\/wp-content\/uploads\/2026\/01\/7e9ceb4b-a004-42b3-ae06-c92cd40669f2.jpeg?resize=1400%2C800&ssl=1 4x"},"classes":[]},{"id":111680,"url":"https:\/\/lasprimeras.com.do\/index.php\/2025\/10\/12\/danilo-medina-advierte-que-el-endeudamiento-actual-es-insostenible-para-la-economia-dominicana\/","url_meta":{"origin":103828,"position":1},"title":"Danilo Medina advierte que el endeudamiento actual &#8220;es insostenible para la econom\u00eda dominicana&#8221;","author":"Nelson Feliz","date":"12 de octubre de 2025","format":false,"excerpt":"El expresidente encabez\u00f3 junto a Johnny Pujols una masiva asamblea del PLD en Santiago. El expresidente de la Rep\u00fablica y presidente del Partido de la Liberaci\u00f3n Dominicana (PLD), Danilo Medina, advirti\u00f3 este domingo que el endeudamiento actual \"es insostenible para la econom\u00eda dominicana\", al encabezar junto al secretario general Johnny\u2026","rel":"","context":"En \u00abPOLITICA\u00bb","block_context":{"text":"POLITICA","link":"https:\/\/lasprimeras.com.do\/index.php\/category\/politica\/"},"img":{"alt_text":"","src":"https:\/\/i0.wp.com\/lasprimeras.com.do\/wp-content\/uploads\/2025\/10\/Danilo-Medina-1.jpg?resize=350%2C200&ssl=1","width":350,"height":200,"srcset":"https:\/\/i0.wp.com\/lasprimeras.com.do\/wp-content\/uploads\/2025\/10\/Danilo-Medina-1.jpg?resize=350%2C200&ssl=1 1x, https:\/\/i0.wp.com\/lasprimeras.com.do\/wp-content\/uploads\/2025\/10\/Danilo-Medina-1.jpg?resize=525%2C300&ssl=1 1.5x, https:\/\/i0.wp.com\/lasprimeras.com.do\/wp-content\/uploads\/2025\/10\/Danilo-Medina-1.jpg?resize=700%2C400&ssl=1 2x"},"classes":[]},{"id":63684,"url":"https:\/\/lasprimeras.com.do\/index.php\/2023\/10\/14\/acusan-a-empresarios-de-pagar-por-aprobacion-de-vertedero\/","url_meta":{"origin":103828,"position":2},"title":"Acusan a empresarios de pagar por aprobaci\u00f3n de vertedero","author":"Nelson Feliz","date":"14 de octubre de 2023","format":false,"excerpt":"Residentes en Mata Gorda, Santo Domingo Norte, advierten que est\u00e1n siendo provocados por personas ajenas a la comunidad pagadas supuestamente por los empresarios que quieren instalar un vertedero en la zona. Al realizar una reuni\u00f3n en comunidad, explicaron que estos impostores se hacen pasar como habitantes de esa barriada con\u2026","rel":"","context":"En \u00abNACIONALES\u00bb","block_context":{"text":"NACIONALES","link":"https:\/\/lasprimeras.com.do\/index.php\/category\/nacionales\/"},"img":{"alt_text":"Comunitarios","src":"https:\/\/i0.wp.com\/lasprimeras.com.do\/wp-content\/uploads\/2023\/10\/Comunitarios-1.jpg?resize=350%2C200&ssl=1","width":350,"height":200,"srcset":"https:\/\/i0.wp.com\/lasprimeras.com.do\/wp-content\/uploads\/2023\/10\/Comunitarios-1.jpg?resize=350%2C200&ssl=1 1x, https:\/\/i0.wp.com\/lasprimeras.com.do\/wp-content\/uploads\/2023\/10\/Comunitarios-1.jpg?resize=525%2C300&ssl=1 1.5x, https:\/\/i0.wp.com\/lasprimeras.com.do\/wp-content\/uploads\/2023\/10\/Comunitarios-1.jpg?resize=700%2C400&ssl=1 2x"},"classes":[]},{"id":49565,"url":"https:\/\/lasprimeras.com.do\/index.php\/2023\/05\/12\/medicos-especialistas-de-santiago-advierten-alto-riesgo-del-uso-de-vape-por-jovenes\/","url_meta":{"origin":103828,"position":3},"title":"M\u00e9dicos especialistas de Santiago advierten alto riesgo del uso de vape por j\u00f3venes","author":"prenxa100","date":"12 de mayo de 2023","format":false,"excerpt":"Santiago.-.El uso de cigarrillo electr\u00f3nico provoca da\u00f1os m\u00e1s lesivos en el organismo y la conducta de los j\u00f3venes que los cigarrillos convencionales, afirman especialistas consultados por este diario para comentar el riesgo del uso masivo del objeto m\u00e1s hallado en las requisas escolares de Santiago. El neum\u00f3logo Benjam\u00edn Hern\u00e1ndez advirti\u00f3\u2026","rel":"","context":"En \u00abSin categor\u00eda\u00bb","block_context":{"text":"Sin categor\u00eda","link":"https:\/\/lasprimeras.com.do\/index.php\/category\/sin-categoria\/"},"img":{"alt_text":"","src":"","width":0,"height":0},"classes":[]},{"id":121202,"url":"https:\/\/lasprimeras.com.do\/index.php\/2026\/01\/30\/fuerza-del-pueblo-reitera-que-el-monorriel-no-es-la-opcion-masviable-para-santo-domingo\/","url_meta":{"origin":103828,"position":4},"title":"Fuerza del Pueblo reitera que el monorriel no es la opci\u00f3n m\u00e1sviable para Santo Domingo","author":"Nelson Feliz","date":"30 de enero de 2026","format":false,"excerpt":"Seg\u00fan estudio oficial del Gobierno, el sistema de metro obtuvo la mejor evaluaci\u00f3n t\u00e9cnica y de movilidad. El miembro de la Direcci\u00f3n Pol\u00edtica de la Fuerza del Pueblo (FP), ingeniero C\u00e9sar Fern\u00e1ndez, reiter\u00f3 que esa organizaci\u00f3n no se opone a la ejecuci\u00f3n de obras de infraestructura, pero insisti\u00f3 en que\u2026","rel":"","context":"En \u00abPOLITICA\u00bb","block_context":{"text":"POLITICA","link":"https:\/\/lasprimeras.com.do\/index.php\/category\/politica\/"},"img":{"alt_text":"","src":"https:\/\/i0.wp.com\/lasprimeras.com.do\/wp-content\/uploads\/2026\/02\/cesar-fernandez.jpg?resize=350%2C200&ssl=1","width":350,"height":200,"srcset":"https:\/\/i0.wp.com\/lasprimeras.com.do\/wp-content\/uploads\/2026\/02\/cesar-fernandez.jpg?resize=350%2C200&ssl=1 1x, https:\/\/i0.wp.com\/lasprimeras.com.do\/wp-content\/uploads\/2026\/02\/cesar-fernandez.jpg?resize=525%2C300&ssl=1 1.5x, https:\/\/i0.wp.com\/lasprimeras.com.do\/wp-content\/uploads\/2026\/02\/cesar-fernandez.jpg?resize=700%2C400&ssl=1 2x"},"classes":[]},{"id":113231,"url":"https:\/\/lasprimeras.com.do\/index.php\/2025\/10\/30\/carlos-segura-foster-el-gobierno-busca-justificar-su-ineficiencia-con-los-danos-de-la-tormenta-melissa\/","url_meta":{"origin":103828,"position":5},"title":"Carlos Segura Foster: \u201cEl Gobierno busca justificar su ineficiencia con los da\u00f1os de la tormenta Melissa\u201d.","author":"Nelson Feliz","date":"30 de octubre de 2025","format":false,"excerpt":"El experto agropecuario y miembro del Comit\u00e9 Central del Partido de la Liberaci\u00f3n Dominicana (PLD), Carlos Segura Foster, al analizar el informe de las autoridades agropecuarias sobre los efectos de la tormenta Melissa en nuestro territorio advierte que el Gobierno busca justificar su ineficiencia con los da\u00f1os de la naturaleza.\u2026","rel":"","context":"En \u00abPOLITICA\u00bb","block_context":{"text":"POLITICA","link":"https:\/\/lasprimeras.com.do\/index.php\/category\/politica\/"},"img":{"alt_text":"","src":"https:\/\/i0.wp.com\/lasprimeras.com.do\/wp-content\/uploads\/2025\/10\/Carlos-Segura-Foster.jpg?resize=350%2C200&ssl=1","width":350,"height":200,"srcset":"https:\/\/i0.wp.com\/lasprimeras.com.do\/wp-content\/uploads\/2025\/10\/Carlos-Segura-Foster.jpg?resize=350%2C200&ssl=1 1x, https:\/\/i0.wp.com\/lasprimeras.com.do\/wp-content\/uploads\/2025\/10\/Carlos-Segura-Foster.jpg?resize=525%2C300&ssl=1 1.5x, https:\/\/i0.wp.com\/lasprimeras.com.do\/wp-content\/uploads\/2025\/10\/Carlos-Segura-Foster.jpg?resize=700%2C400&ssl=1 2x"},"classes":[]}],"jetpack_sharing_enabled":true,"_links":{"self":[{"href":"https:\/\/lasprimeras.com.do\/index.php\/wp-json\/wp\/v2\/posts\/103828","targetHints":{"allow":["GET"]}}],"collection":[{"href":"https:\/\/lasprimeras.com.do\/index.php\/wp-json\/wp\/v2\/posts"}],"about":[{"href":"https:\/\/lasprimeras.com.do\/index.php\/wp-json\/wp\/v2\/types\/post"}],"author":[{"embeddable":true,"href":"https:\/\/lasprimeras.com.do\/index.php\/wp-json\/wp\/v2\/users\/10"}],"replies":[{"embeddable":true,"href":"https:\/\/lasprimeras.com.do\/index.php\/wp-json\/wp\/v2\/comments?post=103828"}],"version-history":[{"count":1,"href":"https:\/\/lasprimeras.com.do\/index.php\/wp-json\/wp\/v2\/posts\/103828\/revisions"}],"predecessor-version":[{"id":103830,"href":"https:\/\/lasprimeras.com.do\/index.php\/wp-json\/wp\/v2\/posts\/103828\/revisions\/103830"}],"wp:featuredmedia":[{"embeddable":true,"href":"https:\/\/lasprimeras.com.do\/index.php\/wp-json\/wp\/v2\/media\/103829"}],"wp:attachment":[{"href":"https:\/\/lasprimeras.com.do\/index.php\/wp-json\/wp\/v2\/media?parent=103828"}],"wp:term":[{"taxonomy":"category","embeddable":true,"href":"https:\/\/lasprimeras.com.do\/index.php\/wp-json\/wp\/v2\/categories?post=103828"},{"taxonomy":"post_tag","embeddable":true,"href":"https:\/\/lasprimeras.com.do\/index.php\/wp-json\/wp\/v2\/tags?post=103828"}],"curies":[{"name":"wp","href":"https:\/\/api.w.org\/{rel}","templated":true}]}}