{"id":103833,"date":"2025-07-18T13:01:33","date_gmt":"2025-07-18T17:01:33","guid":{"rendered":"https:\/\/lasprimeras.com.do\/?p=103833"},"modified":"2025-07-18T13:01:34","modified_gmt":"2025-07-18T17:01:34","slug":"la-aviacion-civil-dominicana-vive-su-mejor-momento-afirmo-presidente-de-la-jac","status":"publish","type":"post","link":"https:\/\/lasprimeras.com.do\/index.php\/2025\/07\/18\/la-aviacion-civil-dominicana-vive-su-mejor-momento-afirmo-presidente-de-la-jac\/","title":{"rendered":"La aviaci\u00f3n civil dominicana vive su mejor momento, afirm\u00f3 presidente de la JAC"},"content":{"rendered":"\n<p>Solo en junio de 2025, las aerol\u00edneas dominicanas movilizaron m\u00e1s de 122 mil pasajeros, una cifra sin precedentes en la historia del pa\u00eds, revel\u00f3 el presidente de la Junta de Aviaci\u00f3n Civil (JAC).<\/p>\n\n\n\n<p>H\u00e9ctor Porcella asegur\u00f3 que, la Rep\u00fablica Dominicana atraviesa uno de los momentos m\u00e1s s\u00f3lidos en su historia en materia de aviaci\u00f3n civil, destacando cifras r\u00e9cord, reformas legales clave y la creciente proyecci\u00f3n internacional.<\/p>\n\n\n\n<p>El funcionario indic\u00f3 que, en 2020 el pa\u00eds contaba con unos 378 asientos disponibles en vuelos de aerol\u00edneas nacionales, y actualmente esa cifra supera los 4 mil. Las rutas operadas por estas l\u00edneas ya conectan con Estados Unidos, Canad\u00e1, Brasil, Argentina, Chile, Ecuador y otros destinos del Caribe y Am\u00e9rica.<\/p>\n\n\n\n<p>Porcella destac\u00f3 la promulgaci\u00f3n de la Ley 17-24, como un paso estrat\u00e9gico para incentivar el crecimiento del sector, al igual que la modificaci\u00f3n t\u00e9cnica de la Ley 491-06, adapt\u00e1ndola a los est\u00e1ndares de la Administraci\u00f3n Federal de Aviaci\u00f3n (FAA).<\/p>\n\n\n\n<p>Esto permiti\u00f3 que el pa\u00eds mantuviera su calificaci\u00f3n en la Categor\u00eda 1 de seguridad operacional. \u201cLa Categor\u00eda 1 le manda un mensaje al mundo de que estamos operando de forma correcta\u201d, explic\u00f3.<\/p>\n\n\n\n<p>Tras m\u00e1s de 30 a\u00f1os sin avances, uno de los logros m\u00e1s relevantes de su gesti\u00f3n ha sido la firma del Acuerdo de Cielos Abiertos con Estados Unidos. Seg\u00fan Porcella, el 60 por ciento de los turistas que visitan el pa\u00eds provienen de EE.UU., y el 57 por ciento de la conectividad a\u00e9rea nacional est\u00e1 ligada a ese mercado.<\/p>\n\n\n\n<p>Con este acuerdo se han establecido nuevas rutas hacia destinos como Los \u00c1ngeles, San Francisco, Houston y Texas.<\/p>\n\n\n\n<p>En entrevista en el programa radial &#8220;No se diga m\u00e1s&#8221;, transmitido por Top Latina, Porcella anunci\u00f3 que la Rep\u00fablica Dominicana ser\u00e1 sede del ICAN 2025 (Air Services Negotiation Event), que es considerado el encuentro m\u00e1s importante de negociaciones a\u00e9reas a nivel mundial, organizado por la OACI.<\/p>\n\n\n\n<p>El ICAN se celebrar\u00e1 del 10 al 14 de noviembre de 2025 en Punta Cana, con la participaci\u00f3n de m\u00e1s de 100 pa\u00edses y al menos 15 ministros del sector aeron\u00e1utico.<\/p>\n\n\n\n<p>De esta forma, Porcella reiter\u00f3 que con la exposici\u00f3n de estos resultados se promueve una pol\u00edtica de apertura y conectividad a\u00e9rea cada vez m\u00e1s amplia.<\/p>\n","protected":false},"excerpt":{"rendered":"<p>Solo en junio de 2025, las aerol\u00edneas dominicanas movilizaron m\u00e1s de 122 mil pasajeros, una cifra sin precedentes en la historia del pa\u00eds, revel\u00f3 el presidente de la Junta de&hellip;<\/p>\n","protected":false},"author":10,"featured_media":103834,"comment_status":"open","ping_status":"open","sticky":false,"template":"","format":"standard","meta":{"content-type":"","jetpack_post_was_ever_published":false,"_jetpack_newsletter_access":"","_jetpack_dont_email_post_to_subs":false,"_jetpack_newsletter_tier_id":0,"_jetpack_memberships_contains_paywalled_content":false,"_jetpack_memberships_contains_paid_content":false,"footnotes":""},"categories":[39,25],"tags":[21878,4328,21877,21879],"class_list":["post-103833","post","type-post","status-publish","format-standard","has-post-thumbnail","hentry","category-economia","category-portada","tag-aviacion-civil-dominicana","tag-jac","tag-mejor-momento","tag-vive"],"jetpack_featured_media_url":"https:\/\/lasprimeras.com.do\/wp-content\/uploads\/2025\/07\/Hector-Porcella.jpg","jetpack-related-posts":[{"id":101065,"url":"https:\/\/lasprimeras.com.do\/index.php\/2025\/06\/15\/jac-aclara-que-aun-esta-en-proceso-de-evaluacion-la-reanudacion-de-vuelos-comerciales-hacia-venezuela\/","url_meta":{"origin":103833,"position":0},"title":"JAC aclara que a\u00fan est\u00e1 en proceso de evaluaci\u00f3n la reanudaci\u00f3n de vuelos comerciales hacia Venezuela","author":"Nelson Feliz","date":"15 de junio de 2025","format":false,"excerpt":"El presidente de la Junta de Aviaci\u00f3n Civil (JAC), H\u00e9ctor Porcella, aclar\u00f3 este s\u00e1bado que la Rep\u00fablica Dominicana a\u00fan se encuentra en proceso de an\u00e1lisis para decidir sobre una eventual reanudaci\u00f3n de los vuelos comerciales hacia la Rep\u00fablica Bolivariana de Venezuela. La declaraci\u00f3n del funcionario se produce luego de que\u2026","rel":"","context":"En \u00abNACIONALES\u00bb","block_context":{"text":"NACIONALES","link":"https:\/\/lasprimeras.com.do\/index.php\/category\/nacionales\/"},"img":{"alt_text":"","src":"https:\/\/i0.wp.com\/lasprimeras.com.do\/wp-content\/uploads\/2025\/06\/Hector-Porcella.jpg?resize=350%2C200&ssl=1","width":350,"height":200,"srcset":"https:\/\/i0.wp.com\/lasprimeras.com.do\/wp-content\/uploads\/2025\/06\/Hector-Porcella.jpg?resize=350%2C200&ssl=1 1x, https:\/\/i0.wp.com\/lasprimeras.com.do\/wp-content\/uploads\/2025\/06\/Hector-Porcella.jpg?resize=525%2C300&ssl=1 1.5x, https:\/\/i0.wp.com\/lasprimeras.com.do\/wp-content\/uploads\/2025\/06\/Hector-Porcella.jpg?resize=700%2C400&ssl=1 2x"},"classes":[]},{"id":102239,"url":"https:\/\/lasprimeras.com.do\/index.php\/2025\/07\/02\/jac-realiza-su-segunda-reunion-ordinaria-de-este-ano\/","url_meta":{"origin":103833,"position":1},"title":"JAC realiza su segunda reuni\u00f3n ordinaria de este a\u00f1o","author":"Nelson Feliz","date":"2 de julio de 2025","format":false,"excerpt":"El Comit\u00e9 Nacional de Facilitaci\u00f3n (CNF), \u00f3rgano adscrito a la Junta de Aviaci\u00f3n Civil (JAC), realiz\u00f3 su segunda reuni\u00f3n ordinaria de este a\u00f1o, en la que se aprobaron importantes instrumentos sobre la Facilitaci\u00f3n del Transporte A\u00e9reo. Los documentos acordados entre los miembros del CNF, para agilizar el proceso del traslado\u2026","rel":"","context":"En \u00abNACIONALES\u00bb","block_context":{"text":"NACIONALES","link":"https:\/\/lasprimeras.com.do\/index.php\/category\/nacionales\/"},"img":{"alt_text":"","src":"https:\/\/i0.wp.com\/lasprimeras.com.do\/wp-content\/uploads\/2025\/07\/JAC-1.jpg?resize=350%2C200&ssl=1","width":350,"height":200,"srcset":"https:\/\/i0.wp.com\/lasprimeras.com.do\/wp-content\/uploads\/2025\/07\/JAC-1.jpg?resize=350%2C200&ssl=1 1x, https:\/\/i0.wp.com\/lasprimeras.com.do\/wp-content\/uploads\/2025\/07\/JAC-1.jpg?resize=525%2C300&ssl=1 1.5x, https:\/\/i0.wp.com\/lasprimeras.com.do\/wp-content\/uploads\/2025\/07\/JAC-1.jpg?resize=700%2C400&ssl=1 2x"},"classes":[]},{"id":54008,"url":"https:\/\/lasprimeras.com.do\/index.php\/2023\/07\/04\/jac-revela-rd-alcanza-cifra-record-de-pasajeros\/","url_meta":{"origin":103833,"position":2},"title":"JAC revela RD alcanza cifra r\u00e9cord de pasajeros","author":"Nelson Feliz","date":"4 de julio de 2023","format":false,"excerpt":"El Aeropuerto de Punta Cana ha sido el m\u00e1s transitado, con 4,069,335 pasajeros. El presidente de la Junta de Aviaci\u00f3n Civil (JAC), Jos\u00e9 Marte Piantini, revel\u00f3 que la Rep\u00fablica Dominicana alcanz\u00f3 la cifra r\u00e9cord de 7,180,905 (siete millones ciento ochenta mil novecientos cinco) pasajeros que se transportaron por las diferentes\u2026","rel":"","context":"En \u00abPORTADA\u00bb","block_context":{"text":"PORTADA","link":"https:\/\/lasprimeras.com.do\/index.php\/category\/portada\/"},"img":{"alt_text":"Jos\u00e9 Marte Piantini","src":"https:\/\/i0.wp.com\/lasprimeras.com.do\/wp-content\/uploads\/2023\/07\/Jose-Marte-Piantini.jpg?resize=350%2C200&ssl=1","width":350,"height":200,"srcset":"https:\/\/i0.wp.com\/lasprimeras.com.do\/wp-content\/uploads\/2023\/07\/Jose-Marte-Piantini.jpg?resize=350%2C200&ssl=1 1x, https:\/\/i0.wp.com\/lasprimeras.com.do\/wp-content\/uploads\/2023\/07\/Jose-Marte-Piantini.jpg?resize=525%2C300&ssl=1 1.5x, https:\/\/i0.wp.com\/lasprimeras.com.do\/wp-content\/uploads\/2023\/07\/Jose-Marte-Piantini.jpg?resize=700%2C400&ssl=1 2x"},"classes":[]},{"id":93523,"url":"https:\/\/lasprimeras.com.do\/index.php\/2025\/02\/12\/hector-porcella-representa-a-rd-en-el-simposio-global-de-apoyo-a-la-implementacion-giss-2025\/","url_meta":{"origin":103833,"position":3},"title":"H\u00e9ctor Porcella representa a RD en el Simposio Global de Apoyo a la Implementaci\u00f3n GISS 2025","author":"Nelson Feliz","date":"12 de febrero de 2025","format":false,"excerpt":"Abu Dhabi, Emiratos \u00c1rabes Unidos. - El presidente de la Junta de Aviaci\u00f3n Civil (JAC), H\u00e9ctor Porcella, represent\u00f3 a la Rep\u00fablica Dominicana en el Simposio Global de Apoyo a la Implementaci\u00f3n (GISS 2025), un evento de gran relevancia para la comunidad internacional de la aviaci\u00f3n civil, organizado por la OACI,\u2026","rel":"","context":"En \u00abINTERNACIONALES\u00bb","block_context":{"text":"INTERNACIONALES","link":"https:\/\/lasprimeras.com.do\/index.php\/category\/sin-categoria\/internacionales\/"},"img":{"alt_text":"","src":"https:\/\/i0.wp.com\/lasprimeras.com.do\/wp-content\/uploads\/2025\/02\/Simposio-Global.jpg?resize=350%2C200&ssl=1","width":350,"height":200,"srcset":"https:\/\/i0.wp.com\/lasprimeras.com.do\/wp-content\/uploads\/2025\/02\/Simposio-Global.jpg?resize=350%2C200&ssl=1 1x, https:\/\/i0.wp.com\/lasprimeras.com.do\/wp-content\/uploads\/2025\/02\/Simposio-Global.jpg?resize=525%2C300&ssl=1 1.5x"},"classes":[]},{"id":88724,"url":"https:\/\/lasprimeras.com.do\/index.php\/2024\/09\/04\/asociacion-dominicana-de-aeropuertos-reconoce-a-hector-porcella\/","url_meta":{"origin":103833,"position":4},"title":"Asociaci\u00f3n Dominicana de Aeropuertos reconoce a H\u00e9ctor Porcella","author":"Nelson Feliz","date":"4 de septiembre de 2024","format":false,"excerpt":"H\u00e9ctor Porcella ha logrado destacarse dentro del sector a\u00e9reo nacional e internacional, al asumir con liderazgo y competencias gerenciales un papel crucial en el sector. El presidente de la Junta de Aviaci\u00f3n Civil (JAC), H\u00e9ctor Porcella, fue reconocido por la Asociaci\u00f3n Dominicana de Aeropuertos (ADA), representada por Frank Rainieri y\u2026","rel":"","context":"En \u00abNACIONALES\u00bb","block_context":{"text":"NACIONALES","link":"https:\/\/lasprimeras.com.do\/index.php\/category\/nacionales\/"},"img":{"alt_text":"","src":"https:\/\/i0.wp.com\/lasprimeras.com.do\/wp-content\/uploads\/2024\/09\/porcella-1.jpg?resize=350%2C200&ssl=1","width":350,"height":200,"srcset":"https:\/\/i0.wp.com\/lasprimeras.com.do\/wp-content\/uploads\/2024\/09\/porcella-1.jpg?resize=350%2C200&ssl=1 1x, https:\/\/i0.wp.com\/lasprimeras.com.do\/wp-content\/uploads\/2024\/09\/porcella-1.jpg?resize=525%2C300&ssl=1 1.5x"},"classes":[]},{"id":91904,"url":"https:\/\/lasprimeras.com.do\/index.php\/2024\/12\/05\/autoridades-dominicanas-reafirman-compromiso-en-80-aniversario-del-convenio-de-chicago-de-la-oaci\/","url_meta":{"origin":103833,"position":5},"title":"Autoridades dominicanas reafirman compromiso en 80 aniversario del Convenio de Chicago de la OACI","author":"Nelson Feliz","date":"5 de diciembre de 2024","format":false,"excerpt":"Chicago, Illinois. El presidente de la Junta de Aviaci\u00f3n Civil (JAC), H\u00e9ctor Porcella, reafirm\u00f3 el compromiso de la Rep\u00fablica Dominicana en cooperar para crear una red de tr\u00e1nsito verdaderamente global al servicio de todos los usuarios del transporte a\u00e9reo con la Aviaci\u00f3n Civil Internacional en Chicago (Estados Unidos). \u201cEl 7\u2026","rel":"","context":"En \u00abINTERNACIONALES\u00bb","block_context":{"text":"INTERNACIONALES","link":"https:\/\/lasprimeras.com.do\/index.php\/category\/sin-categoria\/internacionales\/"},"img":{"alt_text":"H\u00e9ctor Porcella","src":"https:\/\/i0.wp.com\/lasprimeras.com.do\/wp-content\/uploads\/2024\/12\/Hector-Porcella.jpg?resize=350%2C200&ssl=1","width":350,"height":200,"srcset":"https:\/\/i0.wp.com\/lasprimeras.com.do\/wp-content\/uploads\/2024\/12\/Hector-Porcella.jpg?resize=350%2C200&ssl=1 1x, https:\/\/i0.wp.com\/lasprimeras.com.do\/wp-content\/uploads\/2024\/12\/Hector-Porcella.jpg?resize=525%2C300&ssl=1 1.5x, https:\/\/i0.wp.com\/lasprimeras.com.do\/wp-content\/uploads\/2024\/12\/Hector-Porcella.jpg?resize=700%2C400&ssl=1 2x"},"classes":[]}],"jetpack_sharing_enabled":true,"_links":{"self":[{"href":"https:\/\/lasprimeras.com.do\/index.php\/wp-json\/wp\/v2\/posts\/103833","targetHints":{"allow":["GET"]}}],"collection":[{"href":"https:\/\/lasprimeras.com.do\/index.php\/wp-json\/wp\/v2\/posts"}],"about":[{"href":"https:\/\/lasprimeras.com.do\/index.php\/wp-json\/wp\/v2\/types\/post"}],"author":[{"embeddable":true,"href":"https:\/\/lasprimeras.com.do\/index.php\/wp-json\/wp\/v2\/users\/10"}],"replies":[{"embeddable":true,"href":"https:\/\/lasprimeras.com.do\/index.php\/wp-json\/wp\/v2\/comments?post=103833"}],"version-history":[{"count":1,"href":"https:\/\/lasprimeras.com.do\/index.php\/wp-json\/wp\/v2\/posts\/103833\/revisions"}],"predecessor-version":[{"id":103835,"href":"https:\/\/lasprimeras.com.do\/index.php\/wp-json\/wp\/v2\/posts\/103833\/revisions\/103835"}],"wp:featuredmedia":[{"embeddable":true,"href":"https:\/\/lasprimeras.com.do\/index.php\/wp-json\/wp\/v2\/media\/103834"}],"wp:attachment":[{"href":"https:\/\/lasprimeras.com.do\/index.php\/wp-json\/wp\/v2\/media?parent=103833"}],"wp:term":[{"taxonomy":"category","embeddable":true,"href":"https:\/\/lasprimeras.com.do\/index.php\/wp-json\/wp\/v2\/categories?post=103833"},{"taxonomy":"post_tag","embeddable":true,"href":"https:\/\/lasprimeras.com.do\/index.php\/wp-json\/wp\/v2\/tags?post=103833"}],"curies":[{"name":"wp","href":"https:\/\/api.w.org\/{rel}","templated":true}]}}