{"id":103836,"date":"2025-07-18T17:45:05","date_gmt":"2025-07-18T21:45:05","guid":{"rendered":"https:\/\/lasprimeras.com.do\/?p=103836"},"modified":"2025-07-18T17:45:07","modified_gmt":"2025-07-18T21:45:07","slug":"ex-administrador-de-la-loteria-nacional-arremete-contra-el-ex-ministro-de-hacienda-jochi-vicente-video","status":"publish","type":"post","link":"https:\/\/lasprimeras.com.do\/index.php\/2025\/07\/18\/ex-administrador-de-la-loteria-nacional-arremete-contra-el-ex-ministro-de-hacienda-jochi-vicente-video\/","title":{"rendered":"Ex administrador de la Loter\u00eda Nacional arremete contra el ex ministro de Hacienda Jochi Vicente \/ Video"},"content":{"rendered":"\n<p><strong>Luis Michel Dicent, ex administrador de la Loter\u00eda Nacional, arremete contra el ex ministro de Hacienda, Jochi Vicente: \u201cNo creo que nadie renuncie al Ministerio de Hacienda\u201d<\/strong><\/p>\n\n\n\n<p>Por Johnny Alc\u00e1ntara<\/p>\n\n\n\n<p><strong>Monse\u00f1or Nouel, (Bonao).-.<\/strong>El ex administrador de la Loter\u00eda Nacional Dominicana, Luis Michel Dicent, rompi\u00f3 el silencio y lanz\u00f3 duras acusaciones contra el ex ministro de Hacienda, Jochi Vicente, a ra\u00edz de su renuncia.<\/p>\n\n\n\n<p>En una entrevista concedida al comunicador Johnny Alc\u00e1ntara, Dicent expres\u00f3 que no cree que Vicente haya renunciado de manera voluntaria, afirmando que \u201cNadie dimite al Ministerio de Hacienda\u201d.<\/p>\n\n\n\n<p>Asegura que su salida responde a presiones acumuladas por la inconformidad ciudadana con su estilo \u201cdespectivo\u201d hacia funcionarios y dirigentes pol\u00edticos y una \u201cmaldita econom\u00eda en problemas\u201d, totalmente colapsada.<\/p>\n\n\n\n<p>Dicent relat\u00f3 que durante su gesti\u00f3n en la Loter\u00eda Nacional fue v\u00edctima de presiones y trabas impuestas desde el Ministerio de Hacienda, asegurando que se le orden\u00f3 cambiar una querella por una denuncia para evitar demandas contra la instituci\u00f3n en caso de que los acusados resultaran inocentes.<\/p>\n\n\n\n<p>Tambi\u00e9n, denunci\u00f3 que, mediante comunicaci\u00f3n escrita, el entonces ministro Vicente y el viceministro Derby de los Santos le prohibieron tomar decisiones sin su autorizaci\u00f3n previa, lo cual \u2014seg\u00fan sus palabras\u2014 obstaculiz\u00f3 los proyectos que intent\u00f3 impulsar para sanear la instituci\u00f3n y evitar una condena millonaria de 587 millones de pesos contra la Loter\u00eda.<\/p>\n\n\n\n<figure class=\"wp-block-embed is-type-video is-provider-youtube wp-block-embed-youtube wp-embed-aspect-16-9 wp-has-aspect-ratio\"><div class=\"wp-block-embed__wrapper\">\n<iframe title=\"Michel Dicent arremete contra ex ministro de Hacienda Jochi Vicente\" width=\"500\" height=\"281\" src=\"https:\/\/www.youtube.com\/embed\/0zoZJOPrZZU?feature=oembed\" frameborder=\"0\" allow=\"accelerometer; autoplay; clipboard-write; encrypted-media; gyroscope; picture-in-picture; web-share\" referrerpolicy=\"strict-origin-when-cross-origin\" allowfullscreen><\/iframe>\n<\/div><\/figure>\n\n\n\n<p>El ex administrador, visiblemente indignado, insisti\u00f3 en que los m\u00faltiples casos judiciales enfrentados por la Loter\u00eda Nacional fueron perdidos, aun teniendo m\u00e1s de 22 abogados en n\u00f3mina que, seg\u00fan \u00e9l, cobraban sin defender adecuadamente los intereses de la entidad. \u201cYo soy jornalero, pero no soy ladr\u00f3n ni delincuente. Que me demuestren d\u00f3nde est\u00e1n los 1.500 millones de pesos que dicen que me rob\u00e9\u201d, declar\u00f3 con firmeza, cuestionando los se\u00f1alamientos de corrupci\u00f3n que lo desacreditaron p\u00fablicamente y recordando que, de haber tenido ese dinero, no estar\u00eda enfrentando las dificultades econ\u00f3micas actuales. Pero resalt\u00f3 que mantiene su dignidad hasta la muerte.<\/p>\n\n\n\n<p>Finalmente, Michel Dicent lament\u00f3 la falta de apoyo institucional a los proyectos que present\u00f3 para enfrentar el problema de las bancas ilegales y acus\u00f3 a las autoridades de no gobernar conforme a las promesas hechas a muchos sectores incluyendo el sector banca, asegurando que \u201cunos cuantos banqueros han llenado de bancas el pa\u00eds; solo falta que pongan una en el despacho presidencial\u201d.<\/p>\n\n\n\n<p>Agreg\u00f3 que el presidente Luis Abinader sabe que, incluso en una comunicaci\u00f3n, le inform\u00f3 por d\u00f3nde se estaban perdiendo cientos de millones, pero que ya no quer\u00eda m\u00e1s problemas con el Ministerio de Hacienda.<\/p>\n\n\n\n<p>\u201cO, si quieres, ve y preg\u00fantale al actual director de la Loter\u00eda Nacional si le han permitido actuar como \u00e9l quer\u00eda\u201d, se\u00f1al\u00f3 Dicent.<\/p>\n\n\n\n<p>\u201cAqu\u00ed hay valor solo para abusar y maltratar a los dem\u00e1s\u201d, afirm\u00f3, al tiempo que dese\u00f3 \u00e9xito al nuevo ministro, aunque con tono ir\u00f3nico expres\u00f3 que \u201caparentemente, ahora ning\u00fan perreme\u00edsta sirve para nada\u201d.<\/p>\n\n\n\n<p>\u201cYo cre\u00ed y apoy\u00e9 al presidente Abinader cuando muchos le cerraban la puerta y fing\u00edan estar ocupados para no recibirlo, y hoy los que cre\u00edmos en \u00e9l la estamos pasando mal. Pero Dios sabr\u00e1\u201d, concluy\u00f3; el \u00fanico apoyo del Ministro de Hacienda como jefe inmediato fue para que se alterara la verdad y me metieran preso.<\/p>\n","protected":false},"excerpt":{"rendered":"<p>Luis Michel Dicent, ex administrador de la Loter\u00eda Nacional, arremete contra el ex ministro de Hacienda, Jochi Vicente: \u201cNo creo que nadie renuncie al Ministerio de Hacienda\u201d Por Johnny Alc\u00e1ntara&hellip;<\/p>\n","protected":false},"author":10,"featured_media":103837,"comment_status":"open","ping_status":"open","sticky":false,"template":"","format":"standard","meta":{"content-type":"","jetpack_post_was_ever_published":false,"_jetpack_newsletter_access":"","_jetpack_dont_email_post_to_subs":false,"_jetpack_newsletter_tier_id":0,"_jetpack_memberships_contains_paywalled_content":false,"_jetpack_memberships_contains_paid_content":false,"footnotes":""},"categories":[35,25],"tags":[4055,3725,21880,6081,10594,21881],"class_list":["post-103836","post","type-post","status-publish","format-standard","has-post-thumbnail","hentry","category-nacionales","category-portada","tag-arremete","tag-ex-administrador","tag-ex-ministro-de-hacienda","tag-jochi-vicente","tag-loteria-nacional","tag-luis-michel-dicent"],"jetpack_featured_media_url":"https:\/\/lasprimeras.com.do\/wp-content\/uploads\/2025\/07\/Michel-Dicent.jpg","jetpack-related-posts":[{"id":63727,"url":"https:\/\/lasprimeras.com.do\/index.php\/2023\/10\/15\/video-ex-administrador-de-la-loteria-arremete-contra-el-ministerio-publico-y-los-abogados-del-estado\/","url_meta":{"origin":103836,"position":0},"title":"Video: Ex administrador de la loter\u00eda arremete contra el Ministerio P\u00fablico y los abogados del Estado \u00a0\u00a0\u00a0\u00a0\u00a0\u00a0\u00a0","author":"Nelson Feliz","date":"15 de octubre de 2023","format":false,"excerpt":"El ex administrador de la Loter\u00eda Nacional, Luis Maisichell Dicent, arremeti\u00f3 este domingo en contra el Ministerio P\u00fablico, quienes se han valido de los medios de comunicaci\u00f3n,\u00a0 para da\u00f1arles la imagen a personas de trabajo y honradas que llegaron al tren gubernamental a servirles a la patria, sin embargo los\u2026","rel":"","context":"En \u00abNACIONALES\u00bb","block_context":{"text":"NACIONALES","link":"https:\/\/lasprimeras.com.do\/index.php\/category\/nacionales\/"},"img":{"alt_text":"Michel Dicent","src":"https:\/\/i0.wp.com\/lasprimeras.com.do\/wp-content\/uploads\/2023\/10\/Michel-Dicent.jpg?resize=350%2C200&ssl=1","width":350,"height":200,"srcset":"https:\/\/i0.wp.com\/lasprimeras.com.do\/wp-content\/uploads\/2023\/10\/Michel-Dicent.jpg?resize=350%2C200&ssl=1 1x, https:\/\/i0.wp.com\/lasprimeras.com.do\/wp-content\/uploads\/2023\/10\/Michel-Dicent.jpg?resize=525%2C300&ssl=1 1.5x, https:\/\/i0.wp.com\/lasprimeras.com.do\/wp-content\/uploads\/2023\/10\/Michel-Dicent.jpg?resize=700%2C400&ssl=1 2x"},"classes":[]},{"id":112485,"url":"https:\/\/lasprimeras.com.do\/index.php\/2025\/10\/22\/ex-administrador-de-la-loteria-nacional-dominicana-la-historia-de-un-hombre-al-que-su-propio-partido-olvido\/","url_meta":{"origin":103836,"position":1},"title":"Ex administrador de la Loter\u00eda Nacional Dominicana: la historia de un hombre al que su propio partido olvid\u00f3","author":"Nelson Feliz","date":"22 de octubre de 2025","format":false,"excerpt":"Por: Nelson Feliz A veces me pregunto si realmente tiene sentido so\u00f1ar, creer en algo o luchar por un ideal en un mundo donde la lealtad parece no tener valor. Me lo pregunto porque he visto de cerca lo que ocurre cuando la integridad choca con la indiferencia del poder.\u2026","rel":"","context":"En \u00abOPINI\u00d3N\u00bb","block_context":{"text":"OPINI\u00d3N","link":"https:\/\/lasprimeras.com.do\/index.php\/category\/opinion\/"},"img":{"alt_text":"","src":"https:\/\/i0.wp.com\/lasprimeras.com.do\/wp-content\/uploads\/2025\/10\/Michel-Dicent.jpg?resize=350%2C200&ssl=1","width":350,"height":200,"srcset":"https:\/\/i0.wp.com\/lasprimeras.com.do\/wp-content\/uploads\/2025\/10\/Michel-Dicent.jpg?resize=350%2C200&ssl=1 1x, https:\/\/i0.wp.com\/lasprimeras.com.do\/wp-content\/uploads\/2025\/10\/Michel-Dicent.jpg?resize=525%2C300&ssl=1 1.5x"},"classes":[]},{"id":71118,"url":"https:\/\/lasprimeras.com.do\/index.php\/2023\/12\/17\/ex-administrador-de-la-loteria-revela-funcionarios-del-prm-quieren-hacerles-desaparecer-politicamente\/","url_meta":{"origin":103836,"position":2},"title":"Ex administrador de la Loter\u00eda revela funcionarios del PRM quieren hacerles desaparecer pol\u00edticamente \u00a0\u00a0\u00a0\u00a0\u00a0\u00a0","author":"Nelson Feliz","date":"17 de diciembre de 2023","format":false,"excerpt":"El ex administrador de la Loter\u00eda Nacional Dominicana, y ex secretario general del Partido Revolucionario Moderno (PRM) en la Provincia Monse\u00f1or Nouel (Bonao), Luis Michel Dicent, denunci\u00f3 hoy que altos funcionarios y dirigentes dentro y fuera del PRM quien hacerle desaparecer de la pol\u00edtica. Dicent, pidi\u00f3 a los funcionarios del\u2026","rel":"","context":"En \u00abPORTADA\u00bb","block_context":{"text":"PORTADA","link":"https:\/\/lasprimeras.com.do\/index.php\/category\/portada\/"},"img":{"alt_text":"Luis Michel Dicent","src":"https:\/\/i0.wp.com\/lasprimeras.com.do\/wp-content\/uploads\/2023\/12\/Luis-Michel-Dicent.jpg?resize=350%2C200&ssl=1","width":350,"height":200,"srcset":"https:\/\/i0.wp.com\/lasprimeras.com.do\/wp-content\/uploads\/2023\/12\/Luis-Michel-Dicent.jpg?resize=350%2C200&ssl=1 1x, https:\/\/i0.wp.com\/lasprimeras.com.do\/wp-content\/uploads\/2023\/12\/Luis-Michel-Dicent.jpg?resize=525%2C300&ssl=1 1.5x"},"classes":[]},{"id":71581,"url":"https:\/\/lasprimeras.com.do\/index.php\/2023\/12\/21\/presidente-luis-abinader-sobre-ex-administrador-loteria-nacional\/","url_meta":{"origin":103836,"position":3},"title":"Aclaraci\u00f3n p\u00fablica por el Equipo de Michel Dicent","author":"Nelson Feliz","date":"21 de diciembre de 2023","format":false,"excerpt":"El Presidente Luis Abinader sobre ex administrador Loter\u00eda Nacional Nos dirigimos a ustedes para aclarar y desmentir informaci\u00f3n falsa que ha circulado recientemente en relaci\u00f3n con las declaraciones del Excelent\u00edsimo Se\u00f1or presidente de la Rep\u00fablica Dominicana, Luis Abinader, durante su participaci\u00f3n en el programa radial \"Sol de la Ma\u00f1ana\". Tras\u2026","rel":"","context":"En \u00abPORTADA\u00bb","block_context":{"text":"PORTADA","link":"https:\/\/lasprimeras.com.do\/index.php\/category\/portada\/"},"img":{"alt_text":"Presidente Luis Abinader sobre ex administrador Loter\u00eda Nacional","src":"https:\/\/i0.wp.com\/lasprimeras.com.do\/wp-content\/uploads\/2023\/12\/Luis-Abinader-vs-Michel-Dicent.jpg?resize=350%2C200&ssl=1","width":350,"height":200,"srcset":"https:\/\/i0.wp.com\/lasprimeras.com.do\/wp-content\/uploads\/2023\/12\/Luis-Abinader-vs-Michel-Dicent.jpg?resize=350%2C200&ssl=1 1x, https:\/\/i0.wp.com\/lasprimeras.com.do\/wp-content\/uploads\/2023\/12\/Luis-Abinader-vs-Michel-Dicent.jpg?resize=525%2C300&ssl=1 1.5x"},"classes":[]},{"id":103925,"url":"https:\/\/lasprimeras.com.do\/index.php\/2025\/07\/20\/danilo-medina-sobre-magin-diaz-ha-estado-en-los-cuatro-gobiernos-desde-el-2000-a-la-fecha\/","url_meta":{"origin":103836,"position":4},"title":"Danilo Medina sobre Mag\u00edn D\u00edaz: &#8220;Ha estado en los cuatro gobiernos desde el 2000 a la fecha&#8221;","author":"Nelson Feliz","date":"20 de julio de 2025","format":false,"excerpt":"Danilo Medina destaca trayectoria de Mag\u00edn D\u00edaz tras su designaci\u00f3n como ministro de Hacienda. El expresidente de la Rep\u00fablica, Danilo Medina, valor\u00f3 la designaci\u00f3n de Mag\u00edn J. D\u00edaz como nuevo ministro de Hacienda, y resalt\u00f3 su trayectoria como tecn\u00f3crata al servicio de distintos gobiernos dominicanos durante las \u00faltimas dos d\u00e9cadas.\u2026","rel":"","context":"En \u00abPOLITICA\u00bb","block_context":{"text":"POLITICA","link":"https:\/\/lasprimeras.com.do\/index.php\/category\/politica\/"},"img":{"alt_text":"Danilo Medina","src":"https:\/\/i0.wp.com\/lasprimeras.com.do\/wp-content\/uploads\/2025\/03\/Danilo_Medina-removebg-preview.png?resize=350%2C200&ssl=1","width":350,"height":200,"srcset":"https:\/\/i0.wp.com\/lasprimeras.com.do\/wp-content\/uploads\/2025\/03\/Danilo_Medina-removebg-preview.png?resize=350%2C200&ssl=1 1x, https:\/\/i0.wp.com\/lasprimeras.com.do\/wp-content\/uploads\/2025\/03\/Danilo_Medina-removebg-preview.png?resize=525%2C300&ssl=1 1.5x"},"classes":[]},{"id":49218,"url":"https:\/\/lasprimeras.com.do\/index.php\/2023\/05\/09\/ex-administrador-de-la-loteria-es-captado-en-las-calles-de-bonao-manejando-un-trimotor\/","url_meta":{"origin":103836,"position":5},"title":"Ex Administrador de la loter\u00eda es captado en las calles de Bonao manejando un trimotor","author":"prenxa100","date":"9 de mayo de 2023","format":false,"excerpt":"No quiero abundar mucho, porque yo conoc\u00ed a Michel Dicent antes de ser administrador de la loter\u00eda y siendo funcionario nunca vi en \u00e9l, eso que describ\u00edan y mucho menos vinculado a un hecho aberrante de alterar el sorteo. Hoy me llega esta imagen y no se si sentirme feliz,\u2026","rel":"","context":"En \u00abNACIONALES\u00bb","block_context":{"text":"NACIONALES","link":"https:\/\/lasprimeras.com.do\/index.php\/category\/nacionales\/"},"img":{"alt_text":"","src":"","width":0,"height":0},"classes":[]}],"jetpack_sharing_enabled":true,"_links":{"self":[{"href":"https:\/\/lasprimeras.com.do\/index.php\/wp-json\/wp\/v2\/posts\/103836","targetHints":{"allow":["GET"]}}],"collection":[{"href":"https:\/\/lasprimeras.com.do\/index.php\/wp-json\/wp\/v2\/posts"}],"about":[{"href":"https:\/\/lasprimeras.com.do\/index.php\/wp-json\/wp\/v2\/types\/post"}],"author":[{"embeddable":true,"href":"https:\/\/lasprimeras.com.do\/index.php\/wp-json\/wp\/v2\/users\/10"}],"replies":[{"embeddable":true,"href":"https:\/\/lasprimeras.com.do\/index.php\/wp-json\/wp\/v2\/comments?post=103836"}],"version-history":[{"count":1,"href":"https:\/\/lasprimeras.com.do\/index.php\/wp-json\/wp\/v2\/posts\/103836\/revisions"}],"predecessor-version":[{"id":103838,"href":"https:\/\/lasprimeras.com.do\/index.php\/wp-json\/wp\/v2\/posts\/103836\/revisions\/103838"}],"wp:featuredmedia":[{"embeddable":true,"href":"https:\/\/lasprimeras.com.do\/index.php\/wp-json\/wp\/v2\/media\/103837"}],"wp:attachment":[{"href":"https:\/\/lasprimeras.com.do\/index.php\/wp-json\/wp\/v2\/media?parent=103836"}],"wp:term":[{"taxonomy":"category","embeddable":true,"href":"https:\/\/lasprimeras.com.do\/index.php\/wp-json\/wp\/v2\/categories?post=103836"},{"taxonomy":"post_tag","embeddable":true,"href":"https:\/\/lasprimeras.com.do\/index.php\/wp-json\/wp\/v2\/tags?post=103836"}],"curies":[{"name":"wp","href":"https:\/\/api.w.org\/{rel}","templated":true}]}}