{"id":103839,"date":"2025-07-18T18:27:45","date_gmt":"2025-07-18T22:27:45","guid":{"rendered":"https:\/\/lasprimeras.com.do\/?p=103839"},"modified":"2025-07-18T18:27:46","modified_gmt":"2025-07-18T22:27:46","slug":"fuerza-del-pueblo-avanza-en-etapa-de-revision-tras-inscripcion-de-2228-aspirantes-a-cargos-internos","status":"publish","type":"post","link":"https:\/\/lasprimeras.com.do\/index.php\/2025\/07\/18\/fuerza-del-pueblo-avanza-en-etapa-de-revision-tras-inscripcion-de-2228-aspirantes-a-cargos-internos\/","title":{"rendered":"Fuerza del Pueblo avanza en etapa de revisi\u00f3n tras inscripci\u00f3n de 2,228 aspirantes a cargos internos"},"content":{"rendered":"\n<p>La Comisi\u00f3n Nacional Electoral de la Fuerza del Pueblo (FP) inform\u00f3 que, tras concluir la etapa de inscripci\u00f3n de aspirantes a los cargos internos, se inicia el proceso de revisi\u00f3n, validaci\u00f3n y publicaci\u00f3n de los dirigentes que participar\u00e1n en las elecciones internas programadas para el 3 de agosto.<\/p>\n\n\n\n<p>La fase de inscripci\u00f3n se desarroll\u00f3 desde el jueves 10 al domingo 13, y ahora, desde el 14 al 19, contin\u00faa la siguiente etapa.<\/p>\n\n\n\n<p>\u201cEstamos justamente ahora en la etapa de revisi\u00f3n de los compa\u00f1eros inscritos durante esos cuatro d\u00edas; luego agotaremos el ciclo de revisi\u00f3n de impugnaciones que puedan surgir, como establece el reglamento del Congreso, para posteriormente publicar el listado final de inscritos en todos los niveles de elecci\u00f3n que van el d\u00eda 3 de agosto de este a\u00f1o\u201d, precis\u00f3 Henry Mer\u00e1n, presidente de la Comisi\u00f3n Nacional Electoral de la FP.<\/p>\n\n\n\n<p>El dirigente detall\u00f3 que 2,228 dirigentes se inscribieron para optar por las posiciones internas del partido.<\/p>\n\n\n\n<p>\u201cLa Comisi\u00f3n Nacional Electoral informa que los compa\u00f1eros y compa\u00f1eras de la Fuerza del Pueblo que se inscribieron como aspirantes a la Direcci\u00f3n Central de la Fuerza del Pueblo en el nivel territorial y en el nivel nacional, son unos 2,054 dirigentes\u201d.<\/p>\n\n\n\n<p>En ese mismo sentido, Mer\u00e1n dijo que, \u201cpara presidencias territoriales, de acuerdo a las que van a ser sometidas a elecci\u00f3n el 3 de agosto, se inscribieron 174 compa\u00f1eros y compa\u00f1eras dirigentes del partido, para un total de inscritos que van a poder, en principio, sujeto a revisi\u00f3n, participar en el proceso: 2,228 compa\u00f1eros dirigentes de la Fuerza del Pueblo\u201d.<\/p>\n\n\n\n<p>En cuanto a las plazas disponibles, Mer\u00e1n explic\u00f3: \u201cAl d\u00eda de hoy, repetimos, 2,228 compa\u00f1eros y compa\u00f1eras dirigentes se inscribieron para optar por 610 plazas de la Direcci\u00f3n Central: 183 en el nivel nacional y 427 en el nivel territorial. Y en el nivel de presidencias del partido en los diferentes territorios, 74 posiciones est\u00e1n sometidas a elecci\u00f3n para el pr\u00f3ximo 3 de agosto\u201d.<\/p>\n\n\n\n<p>Mer\u00e1n calific\u00f3 el proceso como altamente participativo: \u201cFue una participaci\u00f3n extraordinaria. Todos los medios de comunicaci\u00f3n recogieron las incidencias de ese proceso; el pueblo dominicano vio c\u00f3mo el partido, en la Casa Nacional de la Avenida Bol\u00edvar con Dr. B\u00e1ez y en toda la provincia y circunscripci\u00f3n del pa\u00eds, a trav\u00e9s de las comisiones territoriales electorales, recibi\u00f3 la inscripci\u00f3n y los documentos de los compa\u00f1eros aspirantes. Justamente informamos al pueblo dominicano, en el d\u00eda de hoy, el n\u00famero de preinscritos en esos cuatro d\u00edas\u201d.<\/p>\n","protected":false},"excerpt":{"rendered":"<p>La Comisi\u00f3n Nacional Electoral de la Fuerza del Pueblo (FP) inform\u00f3 que, tras concluir la etapa de inscripci\u00f3n de aspirantes a los cargos internos, se inicia el proceso de revisi\u00f3n,&hellip;<\/p>\n","protected":false},"author":10,"featured_media":103840,"comment_status":"open","ping_status":"open","sticky":false,"template":"","format":"standard","meta":{"content-type":"","jetpack_post_was_ever_published":false,"_jetpack_newsletter_access":"","_jetpack_dont_email_post_to_subs":false,"_jetpack_newsletter_tier_id":0,"_jetpack_memberships_contains_paywalled_content":false,"_jetpack_memberships_contains_paid_content":false,"footnotes":""},"categories":[16559,25],"tags":[21882,609,3545,10877,158,21883,4000,1623],"class_list":["post-103839","post","type-post","status-publish","format-standard","has-post-thumbnail","hentry","category-politica","category-portada","tag-228-aspirantes","tag-avanza","tag-cargos","tag-etapa","tag-fuerza-del-pueblo","tag-inscripcion-de-2","tag-internos","tag-revision"],"jetpack_featured_media_url":"https:\/\/lasprimeras.com.do\/wp-content\/uploads\/2025\/07\/Leonel-Fernandez-3.jpg","jetpack-related-posts":[{"id":103001,"url":"https:\/\/lasprimeras.com.do\/index.php\/2025\/07\/10\/fuerza-del-pueblo-inicia-este-jueves-10-proceso-de-inscripcion-a-cargos-internos\/","url_meta":{"origin":103839,"position":0},"title":"Fuerza del Pueblo inicia este jueves 10 proceso de inscripci\u00f3n a cargos internos","author":"Nelson Feliz","date":"10 de julio de 2025","format":false,"excerpt":"La Comisi\u00f3n Nacional Electoral (CNE) de la Fuerza del Pueblo anunci\u00f3 que, desde este jueves 10 hasta el domingo 13 de julio, estar\u00e1 abierto el proceso de inscripci\u00f3n de aspirantes a cargos internos del partido, en el marco del Primer Congreso Elector \u201cManolo Tav\u00e1rez Justo\u201d. Las inscripciones se realizar\u00e1n en\u2026","rel":"","context":"En \u00abPOLITICA\u00bb","block_context":{"text":"POLITICA","link":"https:\/\/lasprimeras.com.do\/index.php\/category\/politica\/"},"img":{"alt_text":"Fuerza del Pueblo","src":"https:\/\/i0.wp.com\/lasprimeras.com.do\/wp-content\/uploads\/2023\/08\/Fuerza-del-Pueblo-2.jpg?resize=350%2C200&ssl=1","width":350,"height":200,"srcset":"https:\/\/i0.wp.com\/lasprimeras.com.do\/wp-content\/uploads\/2023\/08\/Fuerza-del-Pueblo-2.jpg?resize=350%2C200&ssl=1 1x, https:\/\/i0.wp.com\/lasprimeras.com.do\/wp-content\/uploads\/2023\/08\/Fuerza-del-Pueblo-2.jpg?resize=525%2C300&ssl=1 1.5x, https:\/\/i0.wp.com\/lasprimeras.com.do\/wp-content\/uploads\/2023\/08\/Fuerza-del-Pueblo-2.jpg?resize=700%2C400&ssl=1 2x"},"classes":[]},{"id":103210,"url":"https:\/\/lasprimeras.com.do\/index.php\/2025\/07\/13\/ruben-dario-hernandez-resalta-exito-del-proceso-de-inscripcion-de-candidaturas-de-la-fuerza-del-pueblo\/","url_meta":{"origin":103839,"position":1},"title":"Rub\u00e9n Dar\u00edo Hern\u00e1ndez resalta \u00e9xito del proceso de inscripci\u00f3n de candidaturas de la Fuerza del Pueblo","author":"Nelson Feliz","date":"13 de julio de 2025","format":false,"excerpt":"Por Orlando Arias El aspirante a la Direcci\u00f3n Central del partido Fuerza del Pueblo (FP) por el municipio Santo Domingo Norte, Rub\u00e9n Dar\u00edo Hern\u00e1ndez, calific\u00f3 como \u201caltamente exitoso y ejemplar\u201d el proceso de inscripci\u00f3n de candidaturas internas que se realiz\u00f3 este domingo 13 de julio en el marco del Congreso\u2026","rel":"","context":"En \u00abPOLITICA\u00bb","block_context":{"text":"POLITICA","link":"https:\/\/lasprimeras.com.do\/index.php\/category\/politica\/"},"img":{"alt_text":"","src":"https:\/\/i0.wp.com\/lasprimeras.com.do\/wp-content\/uploads\/2025\/07\/FR.jpg?resize=350%2C200&ssl=1","width":350,"height":200,"srcset":"https:\/\/i0.wp.com\/lasprimeras.com.do\/wp-content\/uploads\/2025\/07\/FR.jpg?resize=350%2C200&ssl=1 1x, https:\/\/i0.wp.com\/lasprimeras.com.do\/wp-content\/uploads\/2025\/07\/FR.jpg?resize=525%2C300&ssl=1 1.5x, https:\/\/i0.wp.com\/lasprimeras.com.do\/wp-content\/uploads\/2025\/07\/FR.jpg?resize=700%2C400&ssl=1 2x"},"classes":[]},{"id":54345,"url":"https:\/\/lasprimeras.com.do\/index.php\/2023\/07\/10\/fp-termina-jornadas-de-inscripcion-de-aspirantes-a-cargos-de-eleccion\/","url_meta":{"origin":103839,"position":2},"title":"FP termina jornadas de inscripci\u00f3n de aspirantes a cargos de elecci\u00f3n","author":"Nelson Feliz","date":"10 de julio de 2023","format":false,"excerpt":"*Multitudes abarrotan la Casa Nacional y locales de la FP en todo el pa\u00eds. El partido Fuerza del Pueblo que dirige y lidera el presidente Leonel Fern\u00e1ndez inform\u00f3 que 4,244 aspirantes a puestos de elecci\u00f3n popular acudieron s\u00e1bado y domingo a los locales del partido Fuerza del Pueblo a formalizar\u2026","rel":"","context":"En \u00abPORTADA\u00bb","block_context":{"text":"PORTADA","link":"https:\/\/lasprimeras.com.do\/index.php\/category\/portada\/"},"img":{"alt_text":"Leonel Fernandez","src":"https:\/\/i0.wp.com\/lasprimeras.com.do\/wp-content\/uploads\/2023\/07\/Leonel-Fernandez.jpg?resize=350%2C200&ssl=1","width":350,"height":200,"srcset":"https:\/\/i0.wp.com\/lasprimeras.com.do\/wp-content\/uploads\/2023\/07\/Leonel-Fernandez.jpg?resize=350%2C200&ssl=1 1x, https:\/\/i0.wp.com\/lasprimeras.com.do\/wp-content\/uploads\/2023\/07\/Leonel-Fernandez.jpg?resize=525%2C300&ssl=1 1.5x, https:\/\/i0.wp.com\/lasprimeras.com.do\/wp-content\/uploads\/2023\/07\/Leonel-Fernandez.jpg?resize=700%2C400&ssl=1 2x"},"classes":[]},{"id":102697,"url":"https:\/\/lasprimeras.com.do\/index.php\/2025\/07\/07\/fp-anuncia-que-mas-de-75-mil-dirigentes-podran-votar-en-las-elecciones-internas-el-domingo-3-de-agosto\/","url_meta":{"origin":103839,"position":3},"title":"FP anuncia que m\u00e1s de 75 mil dirigentes podr\u00e1n votar en las elecciones internas el domingo 3 de agosto","author":"Nelson Feliz","date":"7 de julio de 2025","format":false,"excerpt":"La Comisi\u00f3n Nacional Electoral de la Fuerza del Pueblo encabezada por su presidente, el doctor Henry Mer\u00e1n, anunci\u00f3 que el pr\u00f3ximo 3 de agosto se llevar\u00e1 a cabo la primera ronda de elecciones internas para escoger a las nuevas autoridades de la organizaci\u00f3n, en el marco del Congreso Nacional Elector\u2026","rel":"","context":"En \u00abPOLITICA\u00bb","block_context":{"text":"POLITICA","link":"https:\/\/lasprimeras.com.do\/index.php\/category\/politica\/"},"img":{"alt_text":"","src":"https:\/\/i0.wp.com\/lasprimeras.com.do\/wp-content\/uploads\/2025\/07\/Henry-Meran.jpg?resize=350%2C200&ssl=1","width":350,"height":200,"srcset":"https:\/\/i0.wp.com\/lasprimeras.com.do\/wp-content\/uploads\/2025\/07\/Henry-Meran.jpg?resize=350%2C200&ssl=1 1x, https:\/\/i0.wp.com\/lasprimeras.com.do\/wp-content\/uploads\/2025\/07\/Henry-Meran.jpg?resize=525%2C300&ssl=1 1.5x, https:\/\/i0.wp.com\/lasprimeras.com.do\/wp-content\/uploads\/2025\/07\/Henry-Meran.jpg?resize=700%2C400&ssl=1 2x"},"classes":[]},{"id":101068,"url":"https:\/\/lasprimeras.com.do\/index.php\/2025\/06\/15\/fuerza-del-pueblo-capacita-a-supervisores-y-coordinadores-de-su-congreso-nacional-elector\/","url_meta":{"origin":103839,"position":4},"title":"Fuerza del Pueblo capacita a supervisores y coordinadores de su Congreso Nacional Elector","author":"Nelson Feliz","date":"15 de junio de 2025","format":false,"excerpt":"En el marco del Congreso Nacional Elector \u201cDr. Manolo Tav\u00e1rez Justo\u201d, la Comisi\u00f3n Nacional Electoral del partido Fuerza del Pueblo realiz\u00f3 un exitoso taller de socializaci\u00f3n del instructivo de inscripci\u00f3n de candidaturas para las elecciones internas. Asimismo, se abordaron los lineamientos del instructivo de montaje y preparaci\u00f3n para el proceso\u2026","rel":"","context":"En \u00abPOLITICA\u00bb","block_context":{"text":"POLITICA","link":"https:\/\/lasprimeras.com.do\/index.php\/category\/politica\/"},"img":{"alt_text":"","src":"https:\/\/i0.wp.com\/lasprimeras.com.do\/wp-content\/uploads\/2025\/06\/Fuerza-del-Pueblo.jpg?resize=350%2C200&ssl=1","width":350,"height":200,"srcset":"https:\/\/i0.wp.com\/lasprimeras.com.do\/wp-content\/uploads\/2025\/06\/Fuerza-del-Pueblo.jpg?resize=350%2C200&ssl=1 1x, https:\/\/i0.wp.com\/lasprimeras.com.do\/wp-content\/uploads\/2025\/06\/Fuerza-del-Pueblo.jpg?resize=525%2C300&ssl=1 1.5x, https:\/\/i0.wp.com\/lasprimeras.com.do\/wp-content\/uploads\/2025\/06\/Fuerza-del-Pueblo.jpg?resize=700%2C400&ssl=1 2x"},"classes":[]},{"id":54176,"url":"https:\/\/lasprimeras.com.do\/index.php\/2023\/07\/08\/aspirantes-de-la-fp-acuden-en-masa-a-formalizar-inscripcion-desde-tempranas-horas\/","url_meta":{"origin":103839,"position":5},"title":"Aspirantes de la FP acuden en masa a formalizar inscripci\u00f3n desde tempranas horas","author":"Nelson Feliz","date":"8 de julio de 2023","format":false,"excerpt":"FP inicia operativo de recepci\u00f3n de documentos de aspirantes a puestos de elecci\u00f3n popular. Desde tempranas horas de este s\u00e1bado, aspirantes a puestos de elecci\u00f3n popular acudieron en masa a los locales del partido Fuerza del Pueblo para depositar los documentos correspondientes y formalizar la inscripci\u00f3n de sus aspiraciones a\u2026","rel":"","context":"En \u00abPORTADA\u00bb","block_context":{"text":"PORTADA","link":"https:\/\/lasprimeras.com.do\/index.php\/category\/portada\/"},"img":{"alt_text":"Fuerza del Pueblo","src":"https:\/\/i0.wp.com\/lasprimeras.com.do\/wp-content\/uploads\/2023\/07\/Inscripcion.jpg?resize=350%2C200&ssl=1","width":350,"height":200,"srcset":"https:\/\/i0.wp.com\/lasprimeras.com.do\/wp-content\/uploads\/2023\/07\/Inscripcion.jpg?resize=350%2C200&ssl=1 1x, https:\/\/i0.wp.com\/lasprimeras.com.do\/wp-content\/uploads\/2023\/07\/Inscripcion.jpg?resize=525%2C300&ssl=1 1.5x, https:\/\/i0.wp.com\/lasprimeras.com.do\/wp-content\/uploads\/2023\/07\/Inscripcion.jpg?resize=700%2C400&ssl=1 2x"},"classes":[]}],"jetpack_sharing_enabled":true,"_links":{"self":[{"href":"https:\/\/lasprimeras.com.do\/index.php\/wp-json\/wp\/v2\/posts\/103839","targetHints":{"allow":["GET"]}}],"collection":[{"href":"https:\/\/lasprimeras.com.do\/index.php\/wp-json\/wp\/v2\/posts"}],"about":[{"href":"https:\/\/lasprimeras.com.do\/index.php\/wp-json\/wp\/v2\/types\/post"}],"author":[{"embeddable":true,"href":"https:\/\/lasprimeras.com.do\/index.php\/wp-json\/wp\/v2\/users\/10"}],"replies":[{"embeddable":true,"href":"https:\/\/lasprimeras.com.do\/index.php\/wp-json\/wp\/v2\/comments?post=103839"}],"version-history":[{"count":1,"href":"https:\/\/lasprimeras.com.do\/index.php\/wp-json\/wp\/v2\/posts\/103839\/revisions"}],"predecessor-version":[{"id":103841,"href":"https:\/\/lasprimeras.com.do\/index.php\/wp-json\/wp\/v2\/posts\/103839\/revisions\/103841"}],"wp:featuredmedia":[{"embeddable":true,"href":"https:\/\/lasprimeras.com.do\/index.php\/wp-json\/wp\/v2\/media\/103840"}],"wp:attachment":[{"href":"https:\/\/lasprimeras.com.do\/index.php\/wp-json\/wp\/v2\/media?parent=103839"}],"wp:term":[{"taxonomy":"category","embeddable":true,"href":"https:\/\/lasprimeras.com.do\/index.php\/wp-json\/wp\/v2\/categories?post=103839"},{"taxonomy":"post_tag","embeddable":true,"href":"https:\/\/lasprimeras.com.do\/index.php\/wp-json\/wp\/v2\/tags?post=103839"}],"curies":[{"name":"wp","href":"https:\/\/api.w.org\/{rel}","templated":true}]}}