{"id":103859,"date":"2025-07-19T11:04:43","date_gmt":"2025-07-19T15:04:43","guid":{"rendered":"https:\/\/lasprimeras.com.do\/?p=103859"},"modified":"2025-07-19T11:04:44","modified_gmt":"2025-07-19T15:04:44","slug":"actividad-del-pld-este-domingo-en-dajabon","status":"publish","type":"post","link":"https:\/\/lasprimeras.com.do\/index.php\/2025\/07\/19\/actividad-del-pld-este-domingo-en-dajabon\/","title":{"rendered":"Actividad del PLD este domingo en Dajab\u00f3n"},"content":{"rendered":"\n<p>El PLD en Dajab\u00f3n se prepara para la asamblea provincial de este domingo encabezada por Danilo Medina, presidente y Johnny Pujols Secretario General.<\/p>\n\n\n\n<p>El ex presidente de la Rep\u00fablica, Danilo Medina, Presidente del Partido de la Liberaci\u00f3n Dominicana (PLD), tiene a su cargo las palabras centrales del acto programado para este domingo (20 julio) por el PLD en el municipio cabecera de la fronteriza Dajab\u00f3n.<\/p>\n\n\n\n<p>La actividad se trata de una asamblea de dirigentes provinciales en la que tambi\u00e9n intervendr\u00e1n el secretario general del PLD, Johnny Pujols y los dirigentes locales, dando continuidad a un programa de encuentros de esa naturaleza sugerido y aprobado por el Comit\u00e9 Pol\u00edtico Pelede\u00edsta.<\/p>\n\n\n\n<p>La asamblea est\u00e1 pautada para desarrollarse a partir de las 10.00 de la ma\u00f1ana en el Centro Cultural Ensue\u00f1o Dajabonero ubicado en el centro del municipio.<\/p>\n\n\n\n<p>Los Comit\u00e9s Municipales, de Distritos Municipales y el Provincial han realizado reuniones de trabajo planificando las acciones para el \u00e9xito del encuentro, sobre el cual se tiene positivas expectativas.<\/p>\n\n\n\n<p>Para el acto est\u00e1n convocados los miembros del Comit\u00e9 Central de la provincia, presidentes de Comit\u00e9s Intermedios y de Base, simpatizantes y relacionados al PLD y a su liderazgo.<\/p>\n\n\n\n<p>Como en los anteriores encuentros, una representaci\u00f3n del Comit\u00e9 Pol\u00edtico del PLD, acompa\u00f1ar\u00e1 al presidente Danilo Medina y al secretario general, Johnny Pujols.<\/p>\n","protected":false},"excerpt":{"rendered":"<p>El PLD en Dajab\u00f3n se prepara para la asamblea provincial de este domingo encabezada por Danilo Medina, presidente y Johnny Pujols Secretario General. El ex presidente de la Rep\u00fablica, Danilo&hellip;<\/p>\n","protected":false},"author":10,"featured_media":77346,"comment_status":"open","ping_status":"open","sticky":false,"template":"","format":"standard","meta":{"content-type":"","jetpack_post_was_ever_published":false,"_jetpack_newsletter_access":"","_jetpack_dont_email_post_to_subs":false,"_jetpack_newsletter_tier_id":0,"_jetpack_memberships_contains_paywalled_content":false,"_jetpack_memberships_contains_paid_content":false,"footnotes":""},"categories":[16559],"tags":[3327,1814,2498,269],"class_list":["post-103859","post","type-post","status-publish","format-standard","has-post-thumbnail","hentry","category-politica","tag-actividad","tag-dajabon","tag-este-domingo","tag-pld"],"jetpack_featured_media_url":"https:\/\/lasprimeras.com.do\/wp-content\/uploads\/2024\/02\/pld-inscribe-el-95-de-las-candidaturas-antes-del-plazo_2-focus-0-0-375-240.jpg","jetpack-related-posts":[{"id":103671,"url":"https:\/\/lasprimeras.com.do\/index.php\/2025\/07\/17\/asamblea-provincial-del-pld-en-dajabon-el-domingo-20-julio\/","url_meta":{"origin":103859,"position":0},"title":"Asamblea provincial del PLD en Dajab\u00f3n el domingo 20 julio","author":"Nelson Feliz","date":"17 de julio de 2025","format":false,"excerpt":"El PLD en Dajab\u00f3n prepara asamblea de dirigentes pautada para el pr\u00f3ximo domingo, que encabezar\u00e1n, Danilo Medina, presidente del PLD y Johnny Pujols, secretario general El Partido de la Liberaci\u00f3n Dominicana (PLD) en Dajab\u00f3n se prepara para recibir el pr\u00f3ximo domingo al ex presidente de la Rep\u00fablica, Danilo Medina, presidente\u2026","rel":"","context":"En \u00abPOLITICA\u00bb","block_context":{"text":"POLITICA","link":"https:\/\/lasprimeras.com.do\/index.php\/category\/politica\/"},"img":{"alt_text":"","src":"https:\/\/i0.wp.com\/lasprimeras.com.do\/wp-content\/uploads\/2025\/07\/Asamblea-provincial-del-PLD-en-Dajabon.jpg?resize=350%2C200&ssl=1","width":350,"height":200,"srcset":"https:\/\/i0.wp.com\/lasprimeras.com.do\/wp-content\/uploads\/2025\/07\/Asamblea-provincial-del-PLD-en-Dajabon.jpg?resize=350%2C200&ssl=1 1x, https:\/\/i0.wp.com\/lasprimeras.com.do\/wp-content\/uploads\/2025\/07\/Asamblea-provincial-del-PLD-en-Dajabon.jpg?resize=525%2C300&ssl=1 1.5x, https:\/\/i0.wp.com\/lasprimeras.com.do\/wp-content\/uploads\/2025\/07\/Asamblea-provincial-del-PLD-en-Dajabon.jpg?resize=700%2C400&ssl=1 2x"},"classes":[]},{"id":105311,"url":"https:\/\/lasprimeras.com.do\/index.php\/2025\/08\/01\/danilo-medina-y-johnny-pujols-encabezaran-asamblea-del-pld-en-la-vega-el-domingo\/","url_meta":{"origin":103859,"position":1},"title":"Danilo Medina y Johnny Pujols encabezar\u00e1n asamblea del PLD en La Vega el domingo","author":"Nelson Feliz","date":"1 de agosto de 2025","format":false,"excerpt":"El PLD en La Vega se prepara para la realizaci\u00f3n de la asamblea provincial programada para el pr\u00f3ximo domingo. El Partido de la Liberaci\u00f3n Dominicana (PLD) en La Vega afina los detalles para celebrar este domingo 3 de agosto la asamblea correspondiente a dicha provincia en la que participar\u00e1n miembros\u2026","rel":"","context":"En \u00abPOLITICA\u00bb","block_context":{"text":"POLITICA","link":"https:\/\/lasprimeras.com.do\/index.php\/category\/politica\/"},"img":{"alt_text":"Danilo Medina y Johnny Pujols","src":"https:\/\/i0.wp.com\/lasprimeras.com.do\/wp-content\/uploads\/2025\/08\/Danilo-Medina-y-Johnny-Pujols.jpg?resize=350%2C200&ssl=1","width":350,"height":200,"srcset":"https:\/\/i0.wp.com\/lasprimeras.com.do\/wp-content\/uploads\/2025\/08\/Danilo-Medina-y-Johnny-Pujols.jpg?resize=350%2C200&ssl=1 1x, https:\/\/i0.wp.com\/lasprimeras.com.do\/wp-content\/uploads\/2025\/08\/Danilo-Medina-y-Johnny-Pujols.jpg?resize=525%2C300&ssl=1 1.5x, https:\/\/i0.wp.com\/lasprimeras.com.do\/wp-content\/uploads\/2025\/08\/Danilo-Medina-y-Johnny-Pujols.jpg?resize=700%2C400&ssl=1 2x"},"classes":[]},{"id":122155,"url":"https:\/\/lasprimeras.com.do\/index.php\/2026\/02\/14\/barahona-preparada-para-gran-asamblea-del-pld-alli\/","url_meta":{"origin":103859,"position":2},"title":"Barahona preparada para Gran Asamblea del PLD all\u00ed","author":"Nelson Feliz","date":"14 de febrero de 2026","format":false,"excerpt":"Danilo Medina y Johnny Pujols","rel":"","context":"En \u00abPOLITICA\u00bb","block_context":{"text":"POLITICA","link":"https:\/\/lasprimeras.com.do\/index.php\/category\/politica\/"},"img":{"alt_text":"Danilo Medina y Johnny Pujols","src":"https:\/\/i0.wp.com\/lasprimeras.com.do\/wp-content\/uploads\/2026\/02\/Danilo-Medina-y-Johnny-Pujols.jpg?resize=350%2C200&ssl=1","width":350,"height":200,"srcset":"https:\/\/i0.wp.com\/lasprimeras.com.do\/wp-content\/uploads\/2026\/02\/Danilo-Medina-y-Johnny-Pujols.jpg?resize=350%2C200&ssl=1 1x, https:\/\/i0.wp.com\/lasprimeras.com.do\/wp-content\/uploads\/2026\/02\/Danilo-Medina-y-Johnny-Pujols.jpg?resize=525%2C300&ssl=1 1.5x, https:\/\/i0.wp.com\/lasprimeras.com.do\/wp-content\/uploads\/2026\/02\/Danilo-Medina-y-Johnny-Pujols.jpg?resize=700%2C400&ssl=1 2x"},"classes":[]},{"id":103986,"url":"https:\/\/lasprimeras.com.do\/index.php\/2025\/07\/21\/danilo-medina-comunidad-internacional-debe-intervenir-en-crisis-haitiana\/","url_meta":{"origin":103859,"position":3},"title":"Danilo Medina: Comunidad internacional debe intervenir en crisis haitiana","author":"Nelson Feliz","date":"21 de julio de 2025","format":false,"excerpt":"El expresidente Danilo Medina consider\u00f3 que Rep\u00fablica Dominicana es un pa\u00eds pobre y no puede cargar con Hait\u00ed. El expresidente de la Rep\u00fablica Dominicana y presidente del Partido de la Liberaci\u00f3n Dominicana (PLD), Danilo Medina, hizo un firme llamado a la comunidad internacional para que asuma un papel activo en\u2026","rel":"","context":"En \u00abPOLITICA\u00bb","block_context":{"text":"POLITICA","link":"https:\/\/lasprimeras.com.do\/index.php\/category\/politica\/"},"img":{"alt_text":"","src":"https:\/\/i0.wp.com\/lasprimeras.com.do\/wp-content\/uploads\/2025\/07\/Danilo-en-Dajabon-5.jpg?resize=350%2C200&ssl=1","width":350,"height":200,"srcset":"https:\/\/i0.wp.com\/lasprimeras.com.do\/wp-content\/uploads\/2025\/07\/Danilo-en-Dajabon-5.jpg?resize=350%2C200&ssl=1 1x, https:\/\/i0.wp.com\/lasprimeras.com.do\/wp-content\/uploads\/2025\/07\/Danilo-en-Dajabon-5.jpg?resize=525%2C300&ssl=1 1.5x, https:\/\/i0.wp.com\/lasprimeras.com.do\/wp-content\/uploads\/2025\/07\/Danilo-en-Dajabon-5.jpg?resize=700%2C400&ssl=1 2x"},"classes":[]},{"id":105925,"url":"https:\/\/lasprimeras.com.do\/index.php\/2025\/08\/08\/pld-celebrara-asamblea-provincial-este-domingo-en-san-juan\/","url_meta":{"origin":103859,"position":4},"title":"PLD celebrar\u00e1 Asamblea Provincial este domingo en San Juan","author":"Nelson Feliz","date":"8 de agosto de 2025","format":false,"excerpt":"Direcci\u00f3n municipal del PLD en San Juan en los preparativos de la Asamblea Provincial que encabezar\u00e1n Danilo Medina y Johnny Pujols el pr\u00f3ximo domingo. El Partido de la Liberaci\u00f3n Dominicana (PLD) en la provincia San Juan afina los detalles para la celebraci\u00f3n de Asamblea Provincial convocada para el pr\u00f3ximo domingo\u2026","rel":"","context":"En \u00abPOLITICA\u00bb","block_context":{"text":"POLITICA","link":"https:\/\/lasprimeras.com.do\/index.php\/category\/politica\/"},"img":{"alt_text":"","src":"https:\/\/i0.wp.com\/lasprimeras.com.do\/wp-content\/uploads\/2025\/08\/Direccion-municipal-del-PLD-en-San-Juan-1.jpg?resize=350%2C200&ssl=1","width":350,"height":200,"srcset":"https:\/\/i0.wp.com\/lasprimeras.com.do\/wp-content\/uploads\/2025\/08\/Direccion-municipal-del-PLD-en-San-Juan-1.jpg?resize=350%2C200&ssl=1 1x, https:\/\/i0.wp.com\/lasprimeras.com.do\/wp-content\/uploads\/2025\/08\/Direccion-municipal-del-PLD-en-San-Juan-1.jpg?resize=525%2C300&ssl=1 1.5x, https:\/\/i0.wp.com\/lasprimeras.com.do\/wp-content\/uploads\/2025\/08\/Direccion-municipal-del-PLD-en-San-Juan-1.jpg?resize=700%2C400&ssl=1 2x"},"classes":[]},{"id":106989,"url":"https:\/\/lasprimeras.com.do\/index.php\/2025\/08\/21\/el-pld-tiene-asamblea-provincial-este-domingo-en-moca\/","url_meta":{"origin":103859,"position":5},"title":"El PLD tiene Asamblea Provincial este domingo en Moca","author":"Nelson Feliz","date":"21 de agosto de 2025","format":false,"excerpt":"Danilo Medina estar\u00e1 este domingo En Moca, Espaillat, junto al secretario general del PLD, Johnny Pujols encabezando la asamblea provincial de su Partido. El Partido de la Liberaci\u00f3n Dominicana (PLD) tiene programado para este domingo la asamblea de sus dirigentes en la provincia Espaillat, la que ser\u00e1 encabezada por el\u2026","rel":"","context":"En \u00abPOLITICA\u00bb","block_context":{"text":"POLITICA","link":"https:\/\/lasprimeras.com.do\/index.php\/category\/politica\/"},"img":{"alt_text":"","src":"https:\/\/i0.wp.com\/lasprimeras.com.do\/wp-content\/uploads\/2025\/08\/DM-en-mao.jpg?resize=350%2C200&ssl=1","width":350,"height":200,"srcset":"https:\/\/i0.wp.com\/lasprimeras.com.do\/wp-content\/uploads\/2025\/08\/DM-en-mao.jpg?resize=350%2C200&ssl=1 1x, https:\/\/i0.wp.com\/lasprimeras.com.do\/wp-content\/uploads\/2025\/08\/DM-en-mao.jpg?resize=525%2C300&ssl=1 1.5x, https:\/\/i0.wp.com\/lasprimeras.com.do\/wp-content\/uploads\/2025\/08\/DM-en-mao.jpg?resize=700%2C400&ssl=1 2x"},"classes":[]}],"jetpack_sharing_enabled":true,"_links":{"self":[{"href":"https:\/\/lasprimeras.com.do\/index.php\/wp-json\/wp\/v2\/posts\/103859","targetHints":{"allow":["GET"]}}],"collection":[{"href":"https:\/\/lasprimeras.com.do\/index.php\/wp-json\/wp\/v2\/posts"}],"about":[{"href":"https:\/\/lasprimeras.com.do\/index.php\/wp-json\/wp\/v2\/types\/post"}],"author":[{"embeddable":true,"href":"https:\/\/lasprimeras.com.do\/index.php\/wp-json\/wp\/v2\/users\/10"}],"replies":[{"embeddable":true,"href":"https:\/\/lasprimeras.com.do\/index.php\/wp-json\/wp\/v2\/comments?post=103859"}],"version-history":[{"count":1,"href":"https:\/\/lasprimeras.com.do\/index.php\/wp-json\/wp\/v2\/posts\/103859\/revisions"}],"predecessor-version":[{"id":103860,"href":"https:\/\/lasprimeras.com.do\/index.php\/wp-json\/wp\/v2\/posts\/103859\/revisions\/103860"}],"wp:featuredmedia":[{"embeddable":true,"href":"https:\/\/lasprimeras.com.do\/index.php\/wp-json\/wp\/v2\/media\/77346"}],"wp:attachment":[{"href":"https:\/\/lasprimeras.com.do\/index.php\/wp-json\/wp\/v2\/media?parent=103859"}],"wp:term":[{"taxonomy":"category","embeddable":true,"href":"https:\/\/lasprimeras.com.do\/index.php\/wp-json\/wp\/v2\/categories?post=103859"},{"taxonomy":"post_tag","embeddable":true,"href":"https:\/\/lasprimeras.com.do\/index.php\/wp-json\/wp\/v2\/tags?post=103859"}],"curies":[{"name":"wp","href":"https:\/\/api.w.org\/{rel}","templated":true}]}}