{"id":103861,"date":"2025-07-19T11:13:58","date_gmt":"2025-07-19T15:13:58","guid":{"rendered":"https:\/\/lasprimeras.com.do\/?p=103861"},"modified":"2025-07-19T11:14:00","modified_gmt":"2025-07-19T15:14:00","slug":"bases-del-prm-expresan-indignacion-por-designaciones-ajenas-al-partido","status":"publish","type":"post","link":"https:\/\/lasprimeras.com.do\/index.php\/2025\/07\/19\/bases-del-prm-expresan-indignacion-por-designaciones-ajenas-al-partido\/","title":{"rendered":"Bases del PRM expresan indignaci\u00f3n por designaciones ajenas al partido"},"content":{"rendered":"\n<p>Anthony Brito lanza duro mensaje al presidente Abinader<\/p>\n\n\n\n<p>\u00a1Alerta y Preocupaci\u00f3n desde las Bases del PRM!<\/p>\n\n\n\n<p>El dirigente del Partido Revolucionario Moderno (PRM) en Santo Domingo Este, Anthony Brito, alz\u00f3 la voz este mi\u00e9rcoles con un en\u00e9rgico y cr\u00edtico mensaje dirigido al presidente de la Rep\u00fablica, Luis Abinader, ante la reciente designaci\u00f3n del nuevo Ministro de Hacienda, generando eco entre las bases perreme\u00edstas que han manifestado creciente malestar por la exclusi\u00f3n en el tren gubernamental.<\/p>\n\n\n\n<p>En un comunicado que ha circulado con fuerza entre dirigentes medios y militantes de base, Brito denunci\u00f3 lo que defini\u00f3 como un patr\u00f3n reiterado de decisiones que ignoran a quienes construyeron el triunfo del PRM en las urnas.<\/p>\n\n\n\n<p>Afirm\u00f3 que la militancia que \u201csud\u00f3 la camiseta\u201d por el proyecto de cambio se siente marginada, mientras importantes posiciones del gobierno son ocupadas por t\u00e9cnicos sin v\u00ednculos con el partido o con sectores que representan los mismos intereses criticados en el pasado.<\/p>\n\n\n\n<p>\u201cLa elecci\u00f3n del Ministro de Hacienda no es un simple nombramiento; es una declaraci\u00f3n de principios sobre el rumbo econ\u00f3mico del pa\u00eds\u201d, expres\u00f3 Brito. \u201cNos duele que esta decisi\u00f3n no solo no tom\u00f3 en cuenta el sentir de las bases, sino que se aleja del compromiso de transformaci\u00f3n que vendimos a la sociedad dominicana\u201d.<\/p>\n\n\n\n<p>El dirigente hizo referencia a la promesa original del PRM de construir un gobierno diferente, alejado del modelo clientelista y excluyente que criticaron durante a\u00f1os al Partido de la Liberaci\u00f3n Dominicana (PLD), pero que hoy \u2013seg\u00fan sus palabras\u2013 parece estarse repitiendo.<\/p>\n\n\n\n<p>Designaciones que hieren la moral perreme\u00edsta<\/p>\n\n\n\n<p>Anthony Brito cuestion\u00f3 la falta de oportunidades para los cuadros del PRM, indicando que muchos dirigentes territoriales con formaci\u00f3n y experiencia han sido desplazados por t\u00e9cnicos sin trayectoria pol\u00edtica dentro del partido ni compromiso con el proceso de cambio. La situaci\u00f3n, sostuvo, est\u00e1 minando la moral y la unidad de la militancia.<\/p>\n\n\n\n<p>\u201cLa base siente que ha sido utilizada y ahora est\u00e1 siendo ignorada. \u00bfC\u00f3mo explicamos que despu\u00e9s de combatir al PLD por d\u00e9cadas, hoy pongamos en manos de sectores afines a ellos las riendas de la econom\u00eda nacional?\u201d, se pregunt\u00f3 con indignaci\u00f3n.<\/p>\n\n\n\n<p>El mensaje ha sido interpretado como una advertencia sobre la desconexi\u00f3n entre las altas instancias del gobierno y el cuerpo pol\u00edtico que sostuvo la campa\u00f1a, moviliz\u00f3 electores y garantiz\u00f3 el triunfo presidencial y congresual del PRM.<\/p>\n\n\n\n<p>Un llamado urgente a la reflexi\u00f3n<\/p>\n\n\n\n<p>En su carta p\u00fablica, Brito hizo un llamado directo al presidente Abinader para que reconsidere esta y futuras designaciones, exhort\u00e1ndolo a \u201cmirar hacia adentro del partido\u201d y a fortalecer el v\u00ednculo con la base, que \u2013record\u00f3\u2013 es la columna vertebral de cualquier proyecto pol\u00edtico duradero.<\/p>\n\n\n\n<p>\u201cLa confianza del pueblo comienza por la confianza dentro de nuestra propia casa\u201d, subray\u00f3. \u201cLa unidad del PRM no se impone, se construye con reconocimiento y justicia\u201d.<\/p>\n\n\n\n<p>El pronunciamiento de Anthony Brito ha avivado el debate interno sobre la falta de participaci\u00f3n de los perreme\u00edstas en las estructuras del Estado, y ha generado reacciones entre dirigentes municipales y provinciales que, en privado, comparten el mismo descontento.<\/p>\n\n\n\n<p>Dejadez de la dirigencia del PRM<\/p>\n\n\n\n<p>Desde hace varios meses, diversas voces dentro del PRM han expresado frustraci\u00f3n por lo que consideran un modelo de gesti\u00f3n tecnocr\u00e1tico que excluye a los cuadros pol\u00edticos del partido, mientras se promueven figuras desvinculadas del \u201cproceso de cambio\u201d.<\/p>\n\n\n\n<p>Aunque el Gobierno ha defendido la profesionalizaci\u00f3n del Estado, sectores internos reclaman equilibrio entre eficiencia t\u00e9cnica y representaci\u00f3n pol\u00edtica.<\/p>\n\n\n\n<p>Esta nota evidencia que las bases del PRM siguen esperando respuestas y acciones concretas. Y el mensaje de Brito podr\u00eda ser apenas el primer eco de un malestar m\u00e1s profundo que exige atenci\u00f3n antes de convertirse en fractura.<\/p>\n\n\n\n<p>A continuaci\u00f3n mensaje completo del dirigente pol\u00edtico Anthony Brito:<\/p>\n\n\n\n<p>Compa\u00f1eras y compa\u00f1eros del Partido Revolucionario Moderno (PRM):<\/p>\n\n\n\n<p>Con el profundo dolor y la desilusi\u00f3n que nos embarga, nos dirigimos directamente a nuestro presidente Luis Abinader, as\u00ed como a la dirigencia de nuestro partido, para expresar nuestra m\u00e1s en\u00e9rgica y sentida cr\u00edtica ante la reciente designaci\u00f3n del nuevo Ministro de Hacienda.<\/p>\n\n\n\n<p>Esta decisi\u00f3n, en un momento tan trascendental para el futuro econ\u00f3mico de nuestra naci\u00f3n, ha sido recibida con profundo disgusto y desaz\u00f3n por la inmensa mayor\u00eda de quienes hemos sudado la camisa y puesto el alma por este proyecto de cambio.<\/p>\n\n\n\n<p>Hemos luchado incansablemente, hemos resistido y hemos celebrado juntos las victorias. Fuimos la columna vertebral que llev\u00f3 al PRM al poder, creyendo firmemente en la promesa de un gobierno que escuchar\u00eda a su gente, que valorar\u00eda el esfuerzo de sus militantes y que reconocer\u00eda el sacrificio de quienes han sido la verdadera fuerza motriz de nuestro partido. Sin embargo, en decisiones tan cruciales como esta, sentimos, una vez m\u00e1s, que nuestras voces no han sido escuchadas.<\/p>\n\n\n\n<p>La elecci\u00f3n del Ministro de Hacienda no es un simple nombramiento; es una declaraci\u00f3n de principios sobre el rumbo econ\u00f3mico de nuestro pa\u00eds. Es vital que esta posici\u00f3n sea ocupada por alguien con lealtad demostrada.<\/p>\n\n\n\n<p>Pero m\u00e1s all\u00e1 de esto, esper\u00e1bamos que al tomar una decisi\u00f3n de tal envergadura, se considerara el sentir de la base perreme\u00edsta, aquella que ha demostrado una lealtad inquebrantable.<\/p>\n\n\n\n<p>Nos preocupa profundamente que esta designaci\u00f3n parezca responder a intereses ajenos a los anhelos de nuestra militancia, dejando de lado a compa\u00f1eros y compa\u00f1eras valiosos, con capacidad y probada lealtad, que han esperado pacientemente la oportunidad de servir a su pa\u00eds desde posiciones de relevancia. Esta situaci\u00f3n genera un des\u00e1nimo palpable y una sensaci\u00f3n de que los esfuerzos de la base son subestimados y nuestras aspiraciones, ignoradas.<\/p>\n\n\n\n<p>Y hay algo m\u00e1s que no podemos pasar por alto: sacamos del poder al Partido de la Liberaci\u00f3n Dominicana (PLD) por nuestras duras cr\u00edticas a la corrupci\u00f3n y la mala gesti\u00f3n que hund\u00eda la econom\u00eda del pa\u00eds.<\/p>\n\n\n\n<p>Prometimos un cambio, una nueva forma de hacer pol\u00edtica y de administrar los recursos del pueblo. \u00bfC\u00f3mo explicamos ahora a nuestra gente que estamos poniendo la econom\u00eda del pa\u00eds en manos de los mismos sectores que tanto criticamos? Esto no solo genera desconfianza, sino que traiciona el esp\u00edritu de lucha que nos llev\u00f3 a la victoria.<\/p>\n\n\n\n<p>Presidente Abinader, le instamos a reconsiderar esta designaci\u00f3n y, m\u00e1s importante a\u00fan, a mirar hacia adentro de nuestro partido.<\/p>\n\n\n\n<p>La unidad del PRM es nuestra mayor fortaleza, y esa unidad se construye escuchando, valorando y reconociendo a quienes han sido el sustento fundamental de nuestra organizaci\u00f3n pol\u00edtica.<\/p>\n\n\n\n<p>La confianza en la gesti\u00f3n p\u00fablica comienza por la confianza en las decisiones tomadas dentro de nuestra propia casa.<\/p>\n\n\n\n<p>La base del PRM merece un gobierno que la represente en cada acci\u00f3n, que valore su compromiso y que la integre en las decisiones trascendentales. Es tiempo de fortalecer el v\u00ednculo con nuestros militantes y de recordar que el \u00e9xito de nuestro proyecto se basa en la cohesi\u00f3n y el reconocimiento de quienes lo hicieron posible.<\/p>\n","protected":false},"excerpt":{"rendered":"<p>Anthony Brito lanza duro mensaje al presidente Abinader \u00a1Alerta y Preocupaci\u00f3n desde las Bases del PRM! El dirigente del Partido Revolucionario Moderno (PRM) en Santo Domingo Este, Anthony Brito, alz\u00f3&hellip;<\/p>\n","protected":false},"author":10,"featured_media":103862,"comment_status":"open","ping_status":"open","sticky":false,"template":"","format":"standard","meta":{"content-type":"","jetpack_post_was_ever_published":false,"_jetpack_newsletter_access":"","_jetpack_dont_email_post_to_subs":false,"_jetpack_newsletter_tier_id":0,"_jetpack_memberships_contains_paywalled_content":false,"_jetpack_memberships_contains_paid_content":false,"footnotes":""},"categories":[16559,25],"tags":[21894,3875,13403,5479,694,31],"class_list":["post-103861","post","type-post","status-publish","format-standard","has-post-thumbnail","hentry","category-politica","category-portada","tag-ajenas","tag-bases","tag-designaciones","tag-indignacion","tag-partido","tag-prm"],"jetpack_featured_media_url":"https:\/\/lasprimeras.com.do\/wp-content\/uploads\/2025\/07\/AnthonyBrito881957816.jpeg","jetpack-related-posts":[{"id":114188,"url":"https:\/\/lasprimeras.com.do\/index.php\/2025\/11\/11\/impulsan-el-orgullo-perremeista-en-sd-norte-fortalecen-la-verificacion-de-militancia-y-simpatia-del-prm\/","url_meta":{"origin":103861,"position":0},"title":"Impulsan el orgullo perreme\u00edsta en SD-Norte: fortalecen la verificaci\u00f3n de militancia y simpat\u00eda del PRM","author":"Nelson Feliz","date":"11 de noviembre de 2025","format":false,"excerpt":"El dirigente pol\u00edtico del Partido Revolucionario Moderno (PRM), Juan Herrera, encabez\u00f3 un nuevo encuentro del conversatorio \u201cEl Poder del Orgullo Perreme\u00edsta\u201d, una iniciativa formativa que combina el recorrido de los cinco a\u00f1os de gesti\u00f3n gubernamental con el proceso de consolidaci\u00f3n institucional del partido. Durante la actividad, Herrera destac\u00f3 los logros\u2026","rel":"","context":"En \u00abPOLITICA\u00bb","block_context":{"text":"POLITICA","link":"https:\/\/lasprimeras.com.do\/index.php\/category\/politica\/"},"img":{"alt_text":"","src":"https:\/\/i0.wp.com\/lasprimeras.com.do\/wp-content\/uploads\/2025\/11\/Juan-Herrera.jpg?resize=350%2C200&ssl=1","width":350,"height":200,"srcset":"https:\/\/i0.wp.com\/lasprimeras.com.do\/wp-content\/uploads\/2025\/11\/Juan-Herrera.jpg?resize=350%2C200&ssl=1 1x, https:\/\/i0.wp.com\/lasprimeras.com.do\/wp-content\/uploads\/2025\/11\/Juan-Herrera.jpg?resize=525%2C300&ssl=1 1.5x, https:\/\/i0.wp.com\/lasprimeras.com.do\/wp-content\/uploads\/2025\/11\/Juan-Herrera.jpg?resize=700%2C400&ssl=1 2x"},"classes":[]},{"id":57245,"url":"https:\/\/lasprimeras.com.do\/index.php\/2023\/08\/10\/anthony-brito-asegura-adan-peguero-ganara-ampliamente-en-santo-domingo-este\/","url_meta":{"origin":103861,"position":1},"title":"Anthony Brito asegura Ad\u00e1n Peguero ganar\u00e1 ampliamente en Santo Domingo Este","author":"Nelson Feliz","date":"10 de agosto de 2023","format":false,"excerpt":"El dirigente pol\u00edtico Anthony Brito manifest\u00f3 hoy que, el precandidato a la alcald\u00eda de Santo Domingo Este por el Partido Revolucionario Moderno (PRM), Ad\u00e1n Peguero ganar\u00e1 las elecciones internas de esa organizaci\u00f3n pol\u00edtica en octubre y las municipales en febrero. Brito asegur\u00f3 estar confiado en el triunfo de Peguero en\u2026","rel":"","context":"En \u00abSin categor\u00eda\u00bb","block_context":{"text":"Sin categor\u00eda","link":"https:\/\/lasprimeras.com.do\/index.php\/category\/sin-categoria\/"},"img":{"alt_text":"Anthony Brito","src":"https:\/\/i0.wp.com\/lasprimeras.com.do\/wp-content\/uploads\/2023\/08\/AnthonyBrito.jpg?resize=350%2C200&ssl=1","width":350,"height":200,"srcset":"https:\/\/i0.wp.com\/lasprimeras.com.do\/wp-content\/uploads\/2023\/08\/AnthonyBrito.jpg?resize=350%2C200&ssl=1 1x, https:\/\/i0.wp.com\/lasprimeras.com.do\/wp-content\/uploads\/2023\/08\/AnthonyBrito.jpg?resize=525%2C300&ssl=1 1.5x, https:\/\/i0.wp.com\/lasprimeras.com.do\/wp-content\/uploads\/2023\/08\/AnthonyBrito.jpg?resize=700%2C400&ssl=1 2x"},"classes":[]},{"id":113728,"url":"https:\/\/lasprimeras.com.do\/index.php\/2025\/11\/05\/dominguez-brito-me-preocupa-creciente-influencia-de-sectores-ligados-al-narco-en-el-prm\/","url_meta":{"origin":103861,"position":2},"title":"Dom\u00ednguez Brito: &#8220;Me preocupa creciente influencia de sectores ligados al narco en el PRM&#8221;","author":"Nelson Feliz","date":"5 de noviembre de 2025","format":false,"excerpt":"El ex procurador general de la Rep\u00fablica, Francisco Dom\u00ednguez Brito, expres\u00f3 su preocupaci\u00f3n ante lo que considera una creciente influencia de sectores ligados al narcotr\u00e1fico dentro del Partido Revolucionario Moderno (PRM), que es el Partido en el Gobierno El miembro del Partido de la Liberaci\u00f3n Dominicana (PLD) advirti\u00f3 que, de\u2026","rel":"","context":"En \u00abPOLITICA\u00bb","block_context":{"text":"POLITICA","link":"https:\/\/lasprimeras.com.do\/index.php\/category\/politica\/"},"img":{"alt_text":"","src":"https:\/\/i0.wp.com\/lasprimeras.com.do\/wp-content\/uploads\/2025\/11\/Francisco-Dominguez-Brito.jpg?resize=350%2C200&ssl=1","width":350,"height":200,"srcset":"https:\/\/i0.wp.com\/lasprimeras.com.do\/wp-content\/uploads\/2025\/11\/Francisco-Dominguez-Brito.jpg?resize=350%2C200&ssl=1 1x, https:\/\/i0.wp.com\/lasprimeras.com.do\/wp-content\/uploads\/2025\/11\/Francisco-Dominguez-Brito.jpg?resize=525%2C300&ssl=1 1.5x, https:\/\/i0.wp.com\/lasprimeras.com.do\/wp-content\/uploads\/2025\/11\/Francisco-Dominguez-Brito.jpg?resize=700%2C400&ssl=1 2x"},"classes":[]},{"id":59750,"url":"https:\/\/lasprimeras.com.do\/index.php\/2023\/09\/07\/denuncian-falsedad-en-padron-de-militantes-del-prm-en-valencia-lo-califican-de-engano-y-verguenza\/","url_meta":{"origin":103861,"position":3},"title":"Denuncian falsedad en padr\u00f3n de militantes del PRM en Valencia, lo califican de enga\u00f1o y verg\u00fcenza","author":"Nelson Feliz","date":"7 de septiembre de 2023","format":false,"excerpt":"Valencia, Espa\u00f1a. El pr\u00f3ximo 17 de septiembre, el Partido Revolucionario Moderno (PRM) celebrar\u00e1 unas primarias internas con padr\u00f3n cerrado para escoger sus candidatos a diputados de ultramar por la circunscripci\u00f3n 3 europea. En el padr\u00f3n que usar\u00e1n en Valencia ha sido recibido con sorpresa, indignaci\u00f3n y enfado por los dirigentes\u2026","rel":"","context":"En \u00abPORTADA\u00bb","block_context":{"text":"PORTADA","link":"https:\/\/lasprimeras.com.do\/index.php\/category\/portada\/"},"img":{"alt_text":"","src":"https:\/\/i0.wp.com\/lasprimeras.com.do\/wp-content\/uploads\/2023\/09\/PRM-Espana.jpg?resize=350%2C200&ssl=1","width":350,"height":200},"classes":[]},{"id":103075,"url":"https:\/\/lasprimeras.com.do\/index.php\/2025\/07\/11\/dirigentes-del-pld-cuestionan-advertencia-de-luis-abinaderdicen-que-corresponde-a-la-jce\/","url_meta":{"origin":103861,"position":4},"title":"Dirigentes del PLD cuestionan advertencia de Luis Abinader;dicen que corresponde a la JCE","author":"Nelson Feliz","date":"11 de julio de 2025","format":false,"excerpt":"Dirigentes del PLD reaccionan a las declaraciones del presidente Luis Abinader sobre los funcionarios de su Gobierno en campa\u00f1a electoral. Ante la advertencia que hizo el presidente Luis Abinader a los funcionarios, que son aspirantes a la candidatura presidencial por su Partido de que, si quieren hacer campa\u00f1a, deber\u00e1n dejar\u2026","rel":"","context":"En \u00abPOLITICA\u00bb","block_context":{"text":"POLITICA","link":"https:\/\/lasprimeras.com.do\/index.php\/category\/politica\/"},"img":{"alt_text":"Dirigentes del PLD","src":"https:\/\/i0.wp.com\/lasprimeras.com.do\/wp-content\/uploads\/2025\/07\/Dirigentes-del-PLD.jpg?resize=350%2C200&ssl=1","width":350,"height":200,"srcset":"https:\/\/i0.wp.com\/lasprimeras.com.do\/wp-content\/uploads\/2025\/07\/Dirigentes-del-PLD.jpg?resize=350%2C200&ssl=1 1x, https:\/\/i0.wp.com\/lasprimeras.com.do\/wp-content\/uploads\/2025\/07\/Dirigentes-del-PLD.jpg?resize=525%2C300&ssl=1 1.5x, https:\/\/i0.wp.com\/lasprimeras.com.do\/wp-content\/uploads\/2025\/07\/Dirigentes-del-PLD.jpg?resize=700%2C400&ssl=1 2x"},"classes":[]},{"id":119358,"url":"https:\/\/lasprimeras.com.do\/index.php\/2026\/01\/11\/gomez-mazara-advierte-criticas-de-pacheco-pueden-ser-usadas-por-adversarios-naturales-del-prm\/","url_meta":{"origin":103861,"position":5},"title":"G\u00f3mez Mazara advierte cr\u00edticas de Pacheco pueden ser usadas por &#8220;adversarios naturales&#8221; del PRM","author":"Nelson Feliz","date":"11 de enero de 2026","format":false,"excerpt":"\"Nosotros tenemos que ser cuidadosos cuando las criticas leg\u00edtimas, variadas, ponderadas e inteligentes, pueden ser usadas por los adversarios naturales del partido\", expres\u00f3. El presidente del Consejo Directivo del Instituto Dominicano de las Telecomunicaciones (Indotel), Guido Gomez Mazara, reaccion\u00f3 a las quejas titular de la C\u00e1mara de Diputados, Alfredo Pacheco,\u2026","rel":"","context":"En \u00abPOLITICA\u00bb","block_context":{"text":"POLITICA","link":"https:\/\/lasprimeras.com.do\/index.php\/category\/politica\/"},"img":{"alt_text":"Guido G\u00f3mez Mazara","src":"https:\/\/i0.wp.com\/lasprimeras.com.do\/wp-content\/uploads\/2023\/10\/Guido-Gomez-Mazara.jpg?resize=350%2C200&ssl=1","width":350,"height":200,"srcset":"https:\/\/i0.wp.com\/lasprimeras.com.do\/wp-content\/uploads\/2023\/10\/Guido-Gomez-Mazara.jpg?resize=350%2C200&ssl=1 1x, https:\/\/i0.wp.com\/lasprimeras.com.do\/wp-content\/uploads\/2023\/10\/Guido-Gomez-Mazara.jpg?resize=525%2C300&ssl=1 1.5x, https:\/\/i0.wp.com\/lasprimeras.com.do\/wp-content\/uploads\/2023\/10\/Guido-Gomez-Mazara.jpg?resize=700%2C400&ssl=1 2x"},"classes":[]}],"jetpack_sharing_enabled":true,"_links":{"self":[{"href":"https:\/\/lasprimeras.com.do\/index.php\/wp-json\/wp\/v2\/posts\/103861","targetHints":{"allow":["GET"]}}],"collection":[{"href":"https:\/\/lasprimeras.com.do\/index.php\/wp-json\/wp\/v2\/posts"}],"about":[{"href":"https:\/\/lasprimeras.com.do\/index.php\/wp-json\/wp\/v2\/types\/post"}],"author":[{"embeddable":true,"href":"https:\/\/lasprimeras.com.do\/index.php\/wp-json\/wp\/v2\/users\/10"}],"replies":[{"embeddable":true,"href":"https:\/\/lasprimeras.com.do\/index.php\/wp-json\/wp\/v2\/comments?post=103861"}],"version-history":[{"count":1,"href":"https:\/\/lasprimeras.com.do\/index.php\/wp-json\/wp\/v2\/posts\/103861\/revisions"}],"predecessor-version":[{"id":103863,"href":"https:\/\/lasprimeras.com.do\/index.php\/wp-json\/wp\/v2\/posts\/103861\/revisions\/103863"}],"wp:featuredmedia":[{"embeddable":true,"href":"https:\/\/lasprimeras.com.do\/index.php\/wp-json\/wp\/v2\/media\/103862"}],"wp:attachment":[{"href":"https:\/\/lasprimeras.com.do\/index.php\/wp-json\/wp\/v2\/media?parent=103861"}],"wp:term":[{"taxonomy":"category","embeddable":true,"href":"https:\/\/lasprimeras.com.do\/index.php\/wp-json\/wp\/v2\/categories?post=103861"},{"taxonomy":"post_tag","embeddable":true,"href":"https:\/\/lasprimeras.com.do\/index.php\/wp-json\/wp\/v2\/tags?post=103861"}],"curies":[{"name":"wp","href":"https:\/\/api.w.org\/{rel}","templated":true}]}}