{"id":103888,"date":"2025-07-19T23:19:41","date_gmt":"2025-07-20T03:19:41","guid":{"rendered":"https:\/\/lasprimeras.com.do\/?p=103888"},"modified":"2025-07-19T23:19:42","modified_gmt":"2025-07-20T03:19:42","slug":"fuerza-del-pueblo-inicia-curso-de-multiplicadores-en-administracion-electoral","status":"publish","type":"post","link":"https:\/\/lasprimeras.com.do\/index.php\/2025\/07\/19\/fuerza-del-pueblo-inicia-curso-de-multiplicadores-en-administracion-electoral\/","title":{"rendered":"Fuerza del Pueblo inicia curso de multiplicadores en Administraci\u00f3n Electoral"},"content":{"rendered":"\n<p>El partido Fuerza del Pueblo (FP), a trav\u00e9s de la Escuela de Formaci\u00f3n Electoral Franklin Almeyda Rancier, dio inicio al primer curso de administraci\u00f3n electoral en la Circunscripci\u00f3n 1 del Distrito Nacional, como parte de su plan estrat\u00e9gico para fortalecer la estructura partidaria y garantizar la preparaci\u00f3n de su militancia con miras al proceso electoral de 2028.<\/p>\n\n\n\n<p>Durante el acto de apertura, Daniel Beltr\u00e9, vicepresidente de la Fuerza del Pueblo en el Distrito Nacional, destac\u00f3 la importancia de esta iniciativa.<\/p>\n\n\n\n<p>\u201cLa Escuela Electoral Franklin Almeyda Rancier inicia su primer curso de administraci\u00f3n electoral en la Circunscripci\u00f3n 1. Esta escuela, que funciona en esta Circunscripci\u00f3n, culmin\u00f3 recientemente su participaci\u00f3n en los cursos de diplomados que habilita la Junta Central Electoral para capacitar al personal que habr\u00e1 de administrar el proceso electoral del a\u00f1o 2028\u201d, afirm\u00f3 Beltr\u00e9.<\/p>\n\n\n\n<p>El dirigente pol\u00edtico explic\u00f3 que el objetivo principal es aprovechar el conocimiento adquirido: \u201cNuestra escuela ha pretendido utilizar los recursos que nos dej\u00f3 esa instrucci\u00f3n electoral, con el fin de convertir en multiplicadores a los compa\u00f1eros egresados de esta circunscripci\u00f3n\u201d.<\/p>\n\n\n\n<p>Del mismo modo, se\u00f1al\u00f3 que este primer curso marca un paso importante en el proceso de formaci\u00f3n: \u201cHoy, justamente, inicia el primer curso en administraci\u00f3n electoral en el \u00e1mbito de la circunscripci\u00f3n, con una matr\u00edcula en su primera tanda de cincuenta compa\u00f1eros.<\/p>\n\n\n\n<p>Asimismo, estar\u00e1n aqu\u00ed durante cuatro s\u00e1bados, recibiendo las herramientas fundamentales para convertirse en administradores electorales, y m\u00e1s que nada, en \u00e1rbitros de los procesos\u201d.<\/p>\n\n\n\n<p>Adem\u00e1s, agreg\u00f3 que la intenci\u00f3n es extender este conocimiento m\u00e1s all\u00e1 de la capital: \u201cAspiramos a que desde esta escuela emerja una corriente de extensi\u00f3n electoral, una pol\u00edtica de extensi\u00f3n electoral. <\/p>\n\n\n\n<p>De este modo, los compa\u00f1eros de la subregi\u00f3n occidental del Cibao no tendr\u00e1n que venir aqu\u00ed a tomar estos cursos formativos, sino que los multiplicadores que surjan de estos procesos de ense\u00f1anza puedan trasladarse a los territorios y preparar al personal que habr\u00e1 de concurrir a las mesas electorales en las pr\u00f3ximas elecciones\u201d.<\/p>\n\n\n\n<p>Daniel Beltr\u00e9 enfatiz\u00f3 la visi\u00f3n estrat\u00e9gica de la Fuerza del Pueblo, al establecer que \u201cmientras el Congreso Electoral Manolo Tav\u00e1rez Justo emerge con fuerza, nosotros, como Circunscripci\u00f3n, de manera paralela estamos pensando desde ahora en el proceso electoral de 2028, prepar\u00e1ndonos para concurrir victoriosos y acompa\u00f1ar entonces a Leonel Fern\u00e1ndez como Presidente de la Rep\u00fablica\u201d.<\/p>\n\n\n\n<p>Por su parte, F\u00e9lix Rosario, director de la Escuela de Formaci\u00f3n Electoral Franklin Almeyda Rancier, detall\u00f3 que el programa, titulado \u201cFormaci\u00f3n Electoral Integral para Militantes y Dirigentes\u201d, busca fortalecer las competencias, conocimientos y habilidades de los miembros de la Fuerza del Pueblo en \u00e1reas como derecho constitucional y electoral, administraci\u00f3n electoral y justicia electoral, asegurando as\u00ed su participaci\u00f3n informada y eficiente en los procesos democr\u00e1ticos.<\/p>\n\n\n\n<p>El curso est\u00e1 estructurado en cuatro m\u00f3dulos:<br>1. Fundamentos de Derecho Constitucional y Electoral<br>2. Sistema Electoral Dominicano<br>3. Administraci\u00f3n Electoral<br>4. Justicia Electoral<\/p>\n\n\n\n<p>Entre las competencias a desarrollar se incluyen: an\u00e1lisis jur\u00eddico-pol\u00edtico, comprensi\u00f3n de procesos electorales, pensamiento cr\u00edtico y habilidades para incidir de manera \u00e9tica y fundamentada en los procesos electorales.<\/p>\n\n\n\n<p>Rosario invit\u00f3 a los interesados en participar en los pr\u00f3ximos cursos a acercarse a la Escuela Franklin Almeyda Rancier para obtener m\u00e1s informaci\u00f3n y sumarse a esta iniciativa de formaci\u00f3n ciudadana y pol\u00edtica.<\/p>\n","protected":false},"excerpt":{"rendered":"<p>El partido Fuerza del Pueblo (FP), a trav\u00e9s de la Escuela de Formaci\u00f3n Electoral Franklin Almeyda Rancier, dio inicio al primer curso de administraci\u00f3n electoral en la Circunscripci\u00f3n 1 del&hellip;<\/p>\n","protected":false},"author":10,"featured_media":103889,"comment_status":"open","ping_status":"open","sticky":false,"template":"","format":"standard","meta":{"content-type":"","jetpack_post_was_ever_published":false,"_jetpack_newsletter_access":"","_jetpack_dont_email_post_to_subs":false,"_jetpack_newsletter_tier_id":0,"_jetpack_memberships_contains_paywalled_content":false,"_jetpack_memberships_contains_paid_content":false,"footnotes":""},"categories":[16559],"tags":[20537,3153,158,4984],"class_list":["post-103888","post","type-post","status-publish","format-standard","has-post-thumbnail","hentry","category-politica","tag-administracion-electoral","tag-curso","tag-fuerza-del-pueblo","tag-multiplicadores"],"jetpack_featured_media_url":"https:\/\/lasprimeras.com.do\/wp-content\/uploads\/2025\/07\/Daniel-Beltre.jpg","jetpack-related-posts":[{"id":97835,"url":"https:\/\/lasprimeras.com.do\/index.php\/2025\/04\/28\/fp-en-coordinacion-con-la-jce-inicia-formacion-electoral-a-su-militancia\/","url_meta":{"origin":103888,"position":0},"title":"FP en coordinaci\u00f3n con la JCE inicia formaci\u00f3n electoral a su militancia","author":"Nelson Feliz","date":"28 de abril de 2025","format":false,"excerpt":"El partido Fuerza del Pueblo (FP), a trav\u00e9s de la Secretar\u00eda de Innovaci\u00f3n, Desarrollo y Tecnolog\u00eda, en coordinaci\u00f3n con la Junta Central Electoral (JCE), inici\u00f3 el proceso de formaci\u00f3n de su militancia en materia electoral. El titular de la referida Secretar\u00eda, Fernando Fern\u00e1ndez, dijo que, en coordinaci\u00f3n con el Instituto\u2026","rel":"","context":"En \u00abPOLITICA\u00bb","block_context":{"text":"POLITICA","link":"https:\/\/lasprimeras.com.do\/index.php\/category\/politica\/"},"img":{"alt_text":"","src":"https:\/\/i0.wp.com\/lasprimeras.com.do\/wp-content\/uploads\/2025\/04\/FP.jpg?resize=350%2C200&ssl=1","width":350,"height":200,"srcset":"https:\/\/i0.wp.com\/lasprimeras.com.do\/wp-content\/uploads\/2025\/04\/FP.jpg?resize=350%2C200&ssl=1 1x, https:\/\/i0.wp.com\/lasprimeras.com.do\/wp-content\/uploads\/2025\/04\/FP.jpg?resize=525%2C300&ssl=1 1.5x"},"classes":[]},{"id":102488,"url":"https:\/\/lasprimeras.com.do\/index.php\/2025\/07\/04\/lf-participara-este-sabado-en-graduacion-de-diplomado-especializado-de-la-jce\/","url_meta":{"origin":103888,"position":1},"title":"LF participar\u00e1 este s\u00e1bado en graduaci\u00f3n de diplomado especializado de la JCE","author":"Nelson Feliz","date":"4 de julio de 2025","format":false,"excerpt":"El expresidente de la Rep\u00fablica y actual presidente del partido Fuerza del Pueblo (FP), Leonel Fern\u00e1ndez, asistir\u00e1 este s\u00e1bado al acto de graduaci\u00f3n del Diplomado Especializado en Administraci\u00f3n Electoral, iniciativa acad\u00e9mica coordinada por el Instituto Especializado Superior en Formaci\u00f3n Pol\u00edtica, Electoral y del Estado Civil (IESPEC), \u00f3rgano acad\u00e9mico de la\u2026","rel":"","context":"En \u00abNACIONALES\u00bb","block_context":{"text":"NACIONALES","link":"https:\/\/lasprimeras.com.do\/index.php\/category\/nacionales\/"},"img":{"alt_text":"","src":"https:\/\/i0.wp.com\/lasprimeras.com.do\/wp-content\/uploads\/2025\/07\/Leonel-Fernandez-y-Roman-Jaquez-Liranzo.jpg?resize=350%2C200&ssl=1","width":350,"height":200,"srcset":"https:\/\/i0.wp.com\/lasprimeras.com.do\/wp-content\/uploads\/2025\/07\/Leonel-Fernandez-y-Roman-Jaquez-Liranzo.jpg?resize=350%2C200&ssl=1 1x, https:\/\/i0.wp.com\/lasprimeras.com.do\/wp-content\/uploads\/2025\/07\/Leonel-Fernandez-y-Roman-Jaquez-Liranzo.jpg?resize=525%2C300&ssl=1 1.5x, https:\/\/i0.wp.com\/lasprimeras.com.do\/wp-content\/uploads\/2025\/07\/Leonel-Fernandez-y-Roman-Jaquez-Liranzo.jpg?resize=700%2C400&ssl=1 2x"},"classes":[]},{"id":81485,"url":"https:\/\/lasprimeras.com.do\/index.php\/2024\/04\/20\/leonel-el-sentido-del-honor-y-la-dignidad-caracterizo-a-franklin-almeyda\/","url_meta":{"origin":103888,"position":2},"title":"Leonel: El sentido del honor y la dignidad caracteriz\u00f3 a Franklin Almeyda","author":"Nelson Feliz","date":"20 de abril de 2024","format":false,"excerpt":"El ex presidente de la Rep\u00fablica y candidato presidencial por la Fuerza del Pueblo, Leonel Fern\u00e1ndez catalog\u00f3 hoy al fallecido pol\u00edtico, acad\u00e9mico e intelectual Franklin Almeyda Rancier, como \u201cuna figura de excepci\u00f3n, en la vida pol\u00edtica contempor\u00e1nea\u201d. Almeyda Rancier es, \u201cparte de una generaci\u00f3n que, tan pronto se produce la\u2026","rel":"","context":"En \u00abPORTADA\u00bb","block_context":{"text":"PORTADA","link":"https:\/\/lasprimeras.com.do\/index.php\/category\/portada\/"},"img":{"alt_text":"Leonel Fern\u00e1ndez","src":"https:\/\/i0.wp.com\/lasprimeras.com.do\/wp-content\/uploads\/2024\/04\/Leonel-Fernandez-7.jpg?resize=350%2C200&ssl=1","width":350,"height":200,"srcset":"https:\/\/i0.wp.com\/lasprimeras.com.do\/wp-content\/uploads\/2024\/04\/Leonel-Fernandez-7.jpg?resize=350%2C200&ssl=1 1x, https:\/\/i0.wp.com\/lasprimeras.com.do\/wp-content\/uploads\/2024\/04\/Leonel-Fernandez-7.jpg?resize=525%2C300&ssl=1 1.5x"},"classes":[]},{"id":85828,"url":"https:\/\/lasprimeras.com.do\/index.php\/2024\/07\/09\/fuerza-del-pueblo-inicio-eleccion-de-la-comision-organizadora-del-congreso\/","url_meta":{"origin":103888,"position":3},"title":"Fuerza del Pueblo inici\u00f3 elecci\u00f3n de la Comisi\u00f3n Organizadora del Congreso","author":"Nelson Feliz","date":"9 de julio de 2024","format":false,"excerpt":"El proceso se est\u00e1 realizando mediante votaci\u00f3n, garantizando representaciones regionales y del exterior Con una asamblea encabezada por el presidente del partido Fuerza del Pueblo (FP), Leonel Fern\u00e1ndez, se inici\u00f3 el proceso de elecci\u00f3n de los integrantes de la Comisi\u00f3n Organizadora de su 2do. Congreso, que lleva por nombre Dr.\u2026","rel":"","context":"En \u00abPORTADA\u00bb","block_context":{"text":"PORTADA","link":"https:\/\/lasprimeras.com.do\/index.php\/category\/portada\/"},"img":{"alt_text":"","src":"https:\/\/i0.wp.com\/lasprimeras.com.do\/wp-content\/uploads\/2024\/07\/Fuerza-del-Pueblo.jpg?resize=350%2C200&ssl=1","width":350,"height":200,"srcset":"https:\/\/i0.wp.com\/lasprimeras.com.do\/wp-content\/uploads\/2024\/07\/Fuerza-del-Pueblo.jpg?resize=350%2C200&ssl=1 1x, https:\/\/i0.wp.com\/lasprimeras.com.do\/wp-content\/uploads\/2024\/07\/Fuerza-del-Pueblo.jpg?resize=525%2C300&ssl=1 1.5x, https:\/\/i0.wp.com\/lasprimeras.com.do\/wp-content\/uploads\/2024\/07\/Fuerza-del-Pueblo.jpg?resize=700%2C400&ssl=1 2x"},"classes":[]},{"id":90906,"url":"https:\/\/lasprimeras.com.do\/index.php\/2024\/11\/02\/leonel-fernandez-encabeza-asamblea-en-espana-con-dirigentes-de-fp\/","url_meta":{"origin":103888,"position":4},"title":"Leonel Fern\u00e1ndez encabeza asamblea en Espa\u00f1a con dirigentes de FP","author":"Nelson Feliz","date":"2 de noviembre de 2024","format":false,"excerpt":"El l\u00edder de Fuerza del Pueblo refuerza la presencia del partido en Europa y llama a la expansi\u00f3n en el exterior. Madrid, Espa\u00f1a \u2013 El presidente y l\u00edder del partido Fuerza del Pueblo (FP), Leonel Fern\u00e1ndez, encabez\u00f3 en la capital espa\u00f1ola una asamblea con dirigentes de su organizaci\u00f3n, provenientes de\u2026","rel":"","context":"En \u00abPORTADA\u00bb","block_context":{"text":"PORTADA","link":"https:\/\/lasprimeras.com.do\/index.php\/category\/portada\/"},"img":{"alt_text":"Leonel Fern\u00e1ndez","src":"https:\/\/i0.wp.com\/lasprimeras.com.do\/wp-content\/uploads\/2024\/11\/Leonel-Fernandez-4.jpg?resize=350%2C200&ssl=1","width":350,"height":200,"srcset":"https:\/\/i0.wp.com\/lasprimeras.com.do\/wp-content\/uploads\/2024\/11\/Leonel-Fernandez-4.jpg?resize=350%2C200&ssl=1 1x, https:\/\/i0.wp.com\/lasprimeras.com.do\/wp-content\/uploads\/2024\/11\/Leonel-Fernandez-4.jpg?resize=525%2C300&ssl=1 1.5x, https:\/\/i0.wp.com\/lasprimeras.com.do\/wp-content\/uploads\/2024\/11\/Leonel-Fernandez-4.jpg?resize=700%2C400&ssl=1 2x"},"classes":[]},{"id":81374,"url":"https:\/\/lasprimeras.com.do\/index.php\/2024\/04\/20\/los-restos-de-franklin-almeyda-rancier-seran-expuestos-en-la-funeraria-blandino\/","url_meta":{"origin":103888,"position":5},"title":"Los restos de Franklin Almeyda Rancier ser\u00e1n expuestos en la Funeraria Blandino","author":"BIMARY DE JES\u00daS Matos","date":"20 de abril de 2024","format":false,"excerpt":"Santo Domingo.- Los restos de Franklin Almeyda Rancier ser\u00e1n expuestos ma\u00f1ana a la 8:30 a.m. en la Funeraria Blandino de la avenida Abraham Lincoln, capillas B y C, 2do piso, hasta las 10:00 p.m. El domingo se efectuar\u00e1 una misa de cuerpo presente en la Funeraria Blandino a las 8:30\u2026","rel":"","context":"En \u00abSin categor\u00eda\u00bb","block_context":{"text":"Sin categor\u00eda","link":"https:\/\/lasprimeras.com.do\/index.php\/category\/sin-categoria\/"},"img":{"alt_text":"","src":"https:\/\/i0.wp.com\/lasprimeras.com.do\/wp-content\/uploads\/2024\/04\/6a0c8a05-4f4b-48f5-a1d9-1ad180753c4a-10.webp?resize=350%2C200&ssl=1","width":350,"height":200,"srcset":"https:\/\/i0.wp.com\/lasprimeras.com.do\/wp-content\/uploads\/2024\/04\/6a0c8a05-4f4b-48f5-a1d9-1ad180753c4a-10.webp?resize=350%2C200&ssl=1 1x, https:\/\/i0.wp.com\/lasprimeras.com.do\/wp-content\/uploads\/2024\/04\/6a0c8a05-4f4b-48f5-a1d9-1ad180753c4a-10.webp?resize=525%2C300&ssl=1 1.5x, https:\/\/i0.wp.com\/lasprimeras.com.do\/wp-content\/uploads\/2024\/04\/6a0c8a05-4f4b-48f5-a1d9-1ad180753c4a-10.webp?resize=700%2C400&ssl=1 2x"},"classes":[]}],"jetpack_sharing_enabled":true,"_links":{"self":[{"href":"https:\/\/lasprimeras.com.do\/index.php\/wp-json\/wp\/v2\/posts\/103888","targetHints":{"allow":["GET"]}}],"collection":[{"href":"https:\/\/lasprimeras.com.do\/index.php\/wp-json\/wp\/v2\/posts"}],"about":[{"href":"https:\/\/lasprimeras.com.do\/index.php\/wp-json\/wp\/v2\/types\/post"}],"author":[{"embeddable":true,"href":"https:\/\/lasprimeras.com.do\/index.php\/wp-json\/wp\/v2\/users\/10"}],"replies":[{"embeddable":true,"href":"https:\/\/lasprimeras.com.do\/index.php\/wp-json\/wp\/v2\/comments?post=103888"}],"version-history":[{"count":1,"href":"https:\/\/lasprimeras.com.do\/index.php\/wp-json\/wp\/v2\/posts\/103888\/revisions"}],"predecessor-version":[{"id":103890,"href":"https:\/\/lasprimeras.com.do\/index.php\/wp-json\/wp\/v2\/posts\/103888\/revisions\/103890"}],"wp:featuredmedia":[{"embeddable":true,"href":"https:\/\/lasprimeras.com.do\/index.php\/wp-json\/wp\/v2\/media\/103889"}],"wp:attachment":[{"href":"https:\/\/lasprimeras.com.do\/index.php\/wp-json\/wp\/v2\/media?parent=103888"}],"wp:term":[{"taxonomy":"category","embeddable":true,"href":"https:\/\/lasprimeras.com.do\/index.php\/wp-json\/wp\/v2\/categories?post=103888"},{"taxonomy":"post_tag","embeddable":true,"href":"https:\/\/lasprimeras.com.do\/index.php\/wp-json\/wp\/v2\/tags?post=103888"}],"curies":[{"name":"wp","href":"https:\/\/api.w.org\/{rel}","templated":true}]}}