{"id":103901,"date":"2025-07-20T09:54:07","date_gmt":"2025-07-20T13:54:07","guid":{"rendered":"https:\/\/lasprimeras.com.do\/?p=103901"},"modified":"2025-07-20T09:54:08","modified_gmt":"2025-07-20T13:54:08","slug":"francisco-javier-garcia-rd-vive-un-profundo-retroceso-bajo-la-gestion-del-prm","status":"publish","type":"post","link":"https:\/\/lasprimeras.com.do\/index.php\/2025\/07\/20\/francisco-javier-garcia-rd-vive-un-profundo-retroceso-bajo-la-gestion-del-prm\/","title":{"rendered":"Francisco Javier Garc\u00eda : \u201cRD vive un profundo retroceso bajo la gesti\u00f3n del PRM\u201d"},"content":{"rendered":"\n<p>El aspirante presidencial por el Partido de la Liberaci\u00f3n Dominicana (PLD), Francisco Javier Garc\u00eda, opin\u00f3 que Rep\u00fablica Dominicana vive un profundo retroceso bajo la actual gesti\u00f3n del Partido Revolucionario Moderno (PRM), el cual \u201cprometi\u00f3 un cambio y el cambio nunca lleg\u00f3\u201d.<\/p>\n\n\n\n<p>\u201cEl pa\u00eds va como el cangrejo: hacia atr\u00e1s y a pasos agigantados. Es alarmante el nivel de retroceso que hemos experimentado en estos cinco a\u00f1os\u201d, expres\u00f3 al referirse a lo que describi\u00f3 como \u201cun deterioro generalizado en los servicios b\u00e1sicos y la calidad de vida de los dominicanos\u201d.<\/p>\n\n\n\n<p>Aleg\u00f3 que hay colapso en el suministro de agua potable en diversas comunidades, lo que ha provocado protestas crecientes, incluyendo cacerolazos nocturnos en sectores de clase media, y tambi\u00e9n ha habido regreso de los apagones, los cuales afectan gravemente las actividades comerciales y la vida cotidiana de los ciudadanos.<\/p>\n\n\n\n<p>Afirm\u00f3 que tambi\u00e9n ha habido un grave deterioro del sistema de salud p\u00fablica, a tal punto que \u201cla quiebra de SENASA ha dejado desprotegidos a miles de ciudadanos vulnerables que dependen del seguro m\u00e9dico p\u00fablico, el cual tampoco cumple con los pagos a sus suplidores\u201d.<\/p>\n\n\n\n<p>\u201cLo m\u00e1s indignante es que, a pesar del colapso en los servicios, las facturas llegan puntualmente y con montos a\u00fan m\u00e1s elevados\u201d, declar\u00f3.<\/p>\n\n\n\n<p>Garc\u00eda acus\u00f3 a los funcionarios del PRM de abandonar sus responsabilidades institucionales para enfocarse en proyectos presidenciales personales, lo que \u2014afirm\u00f3\u2014 ha derivado en una gesti\u00f3n ineficiente y desconectada de las necesidades reales del pueblo dominicano.<\/p>\n","protected":false},"excerpt":{"rendered":"<p>El aspirante presidencial por el Partido de la Liberaci\u00f3n Dominicana (PLD), Francisco Javier Garc\u00eda, opin\u00f3 que Rep\u00fablica Dominicana vive un profundo retroceso bajo la actual gesti\u00f3n del Partido Revolucionario Moderno&hellip;<\/p>\n","protected":false},"author":10,"featured_media":99148,"comment_status":"open","ping_status":"open","sticky":false,"template":"","format":"standard","meta":{"content-type":"","jetpack_post_was_ever_published":false,"_jetpack_newsletter_access":"","_jetpack_dont_email_post_to_subs":false,"_jetpack_newsletter_tier_id":0,"_jetpack_memberships_contains_paywalled_content":false,"_jetpack_memberships_contains_paid_content":false,"footnotes":""},"categories":[16559,25],"tags":[2405,212,31,21914,127],"class_list":["post-103901","post","type-post","status-publish","format-standard","has-post-thumbnail","hentry","category-politica","category-portada","tag-francisco-javier-garcia","tag-gestion","tag-prm","tag-profundo-retroceso","tag-rd"],"jetpack_featured_media_url":"https:\/\/lasprimeras.com.do\/wp-content\/uploads\/2025\/05\/Francisco-Javier-Garcia-2.jpg","jetpack-related-posts":[{"id":121259,"url":"https:\/\/lasprimeras.com.do\/index.php\/2026\/02\/02\/francisco-javier-garcia-el-pld-es-el-unico-en-capacidad-para-derrotar-al-prm-en-las-elecciones-del-ano-2028\/","url_meta":{"origin":103901,"position":0},"title":"Francisco Javier Garc\u00eda : \u201cEl PLD es el \u00fanico en capacidad para derrotar al PRM en las elecciones del a\u00f1o 2028\u201d","author":"Nelson Feliz","date":"2 de febrero de 2026","format":false,"excerpt":"Francisco Javier Garc\u00eda","rel":"","context":"En \u00abPOLITICA\u00bb","block_context":{"text":"POLITICA","link":"https:\/\/lasprimeras.com.do\/index.php\/category\/politica\/"},"img":{"alt_text":"Francisco Javier Garc\u00eda","src":"https:\/\/i0.wp.com\/lasprimeras.com.do\/wp-content\/uploads\/2026\/02\/Francisco-Javier-Garcia.jpg?resize=350%2C200&ssl=1","width":350,"height":200,"srcset":"https:\/\/i0.wp.com\/lasprimeras.com.do\/wp-content\/uploads\/2026\/02\/Francisco-Javier-Garcia.jpg?resize=350%2C200&ssl=1 1x, https:\/\/i0.wp.com\/lasprimeras.com.do\/wp-content\/uploads\/2026\/02\/Francisco-Javier-Garcia.jpg?resize=525%2C300&ssl=1 1.5x, https:\/\/i0.wp.com\/lasprimeras.com.do\/wp-content\/uploads\/2026\/02\/Francisco-Javier-Garcia.jpg?resize=700%2C400&ssl=1 2x"},"classes":[]},{"id":119848,"url":"https:\/\/lasprimeras.com.do\/index.php\/2026\/01\/17\/francisco-javier-garcia-el-prm-saldra-del-gobierno-por-su-incapacidad-para-gobernar\/","url_meta":{"origin":103901,"position":1},"title":"Francisco Javier Garc\u00eda: \u201cEl PRM saldr\u00e1 del gobierno por su incapacidad para gobernar\u201d","author":"Nelson Feliz","date":"17 de enero de 2026","format":false,"excerpt":"El aspirante miembro del Comit\u00e9 Pol\u00edtico del Partido de la Liberaci\u00f3n Dominicana (PLD), Francisco Javier Garc\u00eda, afirm\u00f3 que el gobierno del Partido Revolucionario Moderno (PRM) llegar\u00e1 a su fin, al considerar que sus autoridades han demostrado incapacidad para gobernar y que, lejos de aprender, est\u00e1n \u201cdesaprendiendo\u201d. Garc\u00eda sostuvo que, aunque\u2026","rel":"","context":"En \u00abPOLITICA\u00bb","block_context":{"text":"POLITICA","link":"https:\/\/lasprimeras.com.do\/index.php\/category\/politica\/"},"img":{"alt_text":"Francisco Javier Garc\u00eda","src":"https:\/\/i0.wp.com\/lasprimeras.com.do\/wp-content\/uploads\/2026\/01\/Francisco-Javier-Garcia.jpg?resize=350%2C200&ssl=1","width":350,"height":200,"srcset":"https:\/\/i0.wp.com\/lasprimeras.com.do\/wp-content\/uploads\/2026\/01\/Francisco-Javier-Garcia.jpg?resize=350%2C200&ssl=1 1x, https:\/\/i0.wp.com\/lasprimeras.com.do\/wp-content\/uploads\/2026\/01\/Francisco-Javier-Garcia.jpg?resize=525%2C300&ssl=1 1.5x, https:\/\/i0.wp.com\/lasprimeras.com.do\/wp-content\/uploads\/2026\/01\/Francisco-Javier-Garcia.jpg?resize=700%2C400&ssl=1 2x"},"classes":[]},{"id":116506,"url":"https:\/\/lasprimeras.com.do\/index.php\/2025\/12\/02\/francisco-javier-afirma-que-la-gestion-del-prm-carece-de-sensibilidad-ante-sufrimientos-del-pueblo\/","url_meta":{"origin":103901,"position":2},"title":"Francisco Javier afirma que la gesti\u00f3n del PRM carece de sensibilidad ante sufrimientos del pueblo","author":"Nelson Feliz","date":"2 de diciembre de 2025","format":false,"excerpt":"La gesti\u00f3n gubernamental del Partido Revolucionario Moderno (PRM) se ha convertido en el principal enemigo del pueblo dominicano, porque le ha reducido la capacidad para demandar los bienes y servicios acordes a sus necesidades. La afirmaci\u00f3n es de Francisco Javier Garc\u00eda, miembro del Comit\u00e9 pol\u00edtico del Partido de la Liberaci\u00f3n\u2026","rel":"","context":"En \u00abPOLITICA\u00bb","block_context":{"text":"POLITICA","link":"https:\/\/lasprimeras.com.do\/index.php\/category\/politica\/"},"img":{"alt_text":"Francisco Javier Garc\u00eda","src":"https:\/\/i0.wp.com\/lasprimeras.com.do\/wp-content\/uploads\/2025\/12\/Francisco-Javier-Garcia.jpg?resize=350%2C200&ssl=1","width":350,"height":200,"srcset":"https:\/\/i0.wp.com\/lasprimeras.com.do\/wp-content\/uploads\/2025\/12\/Francisco-Javier-Garcia.jpg?resize=350%2C200&ssl=1 1x, https:\/\/i0.wp.com\/lasprimeras.com.do\/wp-content\/uploads\/2025\/12\/Francisco-Javier-Garcia.jpg?resize=525%2C300&ssl=1 1.5x, https:\/\/i0.wp.com\/lasprimeras.com.do\/wp-content\/uploads\/2025\/12\/Francisco-Javier-Garcia.jpg?resize=700%2C400&ssl=1 2x"},"classes":[]},{"id":110370,"url":"https:\/\/lasprimeras.com.do\/index.php\/2025\/09\/28\/francisco-javier-afirma-crece-sentimiento-en-poblacion-superior-a-una-indignacion-social\/","url_meta":{"origin":103901,"position":3},"title":"Francisco Javier afirma crece sentimiento en poblaci\u00f3n superior a una indignaci\u00f3n social","author":"Nelson Feliz","date":"28 de septiembre de 2025","format":false,"excerpt":"El aspirante presidencial del Partido de la Liberaci\u00f3n Dominicana (PLD), Francisco Javier Garc\u00eda, afirm\u00f3 que ha comenzado a forjarse un sentimiento de empoderamiento en la sociedad que va m\u00e1s all\u00e1 de una indignaci\u00f3n social. Al comentar un video musical del grupo Resistencia Urbana en el que, en forma de s\u00e1tira,\u2026","rel":"","context":"En \u00abPOLITICA\u00bb","block_context":{"text":"POLITICA","link":"https:\/\/lasprimeras.com.do\/index.php\/category\/politica\/"},"img":{"alt_text":"","src":"https:\/\/i0.wp.com\/lasprimeras.com.do\/wp-content\/uploads\/2025\/09\/Francisco-Javier-Garcia-2.jpg?resize=350%2C200&ssl=1","width":350,"height":200,"srcset":"https:\/\/i0.wp.com\/lasprimeras.com.do\/wp-content\/uploads\/2025\/09\/Francisco-Javier-Garcia-2.jpg?resize=350%2C200&ssl=1 1x, https:\/\/i0.wp.com\/lasprimeras.com.do\/wp-content\/uploads\/2025\/09\/Francisco-Javier-Garcia-2.jpg?resize=525%2C300&ssl=1 1.5x, https:\/\/i0.wp.com\/lasprimeras.com.do\/wp-content\/uploads\/2025\/09\/Francisco-Javier-Garcia-2.jpg?resize=700%2C400&ssl=1 2x"},"classes":[]},{"id":106726,"url":"https:\/\/lasprimeras.com.do\/index.php\/2025\/08\/18\/francisco-javier-garcia-en-cinco-anos-de-gestion-del-prm-estan-reprobados\/","url_meta":{"origin":103901,"position":4},"title":"Francisco Javier Garc\u00eda: \u201cEn cinco a\u00f1os de gesti\u00f3n del PRM, est\u00e1n REPROBADOS\u201d","author":"Nelson Feliz","date":"18 de agosto de 2025","format":false,"excerpt":"\u201cSi los del gobierno del PRM fueran conscientes, en lugar de celebrar cinco a\u00f1os, deber\u00edan hacer una misa para pedirle perd\u00f3n al pueblo dominicano\u201d El aspirante presidencial del Partido de la Liberaci\u00f3n Dominicana (PLD), Francisco Javier Garc\u00eda, afirm\u00f3 que el gobierno del Partido Revolucionario Moderno (PRM) est\u00e1 \u201creprobado\u201d, tras cinco\u2026","rel":"","context":"En \u00abPOLITICA\u00bb","block_context":{"text":"POLITICA","link":"https:\/\/lasprimeras.com.do\/index.php\/category\/politica\/"},"img":{"alt_text":"","src":"https:\/\/i0.wp.com\/lasprimeras.com.do\/wp-content\/uploads\/2025\/08\/Francisco-Javier-Garcia-1.jpg?resize=350%2C200&ssl=1","width":350,"height":200,"srcset":"https:\/\/i0.wp.com\/lasprimeras.com.do\/wp-content\/uploads\/2025\/08\/Francisco-Javier-Garcia-1.jpg?resize=350%2C200&ssl=1 1x, https:\/\/i0.wp.com\/lasprimeras.com.do\/wp-content\/uploads\/2025\/08\/Francisco-Javier-Garcia-1.jpg?resize=525%2C300&ssl=1 1.5x, https:\/\/i0.wp.com\/lasprimeras.com.do\/wp-content\/uploads\/2025\/08\/Francisco-Javier-Garcia-1.jpg?resize=700%2C400&ssl=1 2x"},"classes":[]},{"id":104884,"url":"https:\/\/lasprimeras.com.do\/index.php\/2025\/07\/28\/francisco-javier-garcia-este-gobierno-no-cumple-y-el-campo-dominicano-lo-esta-pagando\/","url_meta":{"origin":103901,"position":5},"title":"Francisco Javier Garc\u00eda: \u201cEste gobierno no cumple, y el campo dominicano lo est\u00e1 pagando\u201d","author":"Nelson Feliz","date":"28 de julio de 2025","format":false,"excerpt":"\u201cEn nuestro gobierno vamos a blindar el sector agropecuario\u00a8. El aspirante presidencial del Partido de la Liberaci\u00f3n Dominicana (PLD), Francisco Javier Garc\u00eda, arremeti\u00f3 contra la gesti\u00f3n del Partido Revolucionario Moderno (PRM), acusando al gobierno de abandonar al sector agropecuario y de gobernar con promesas vac\u00edas mientras los productores enfrentan una\u2026","rel":"","context":"En \u00abPOLITICA\u00bb","block_context":{"text":"POLITICA","link":"https:\/\/lasprimeras.com.do\/index.php\/category\/politica\/"},"img":{"alt_text":"","src":"https:\/\/i0.wp.com\/lasprimeras.com.do\/wp-content\/uploads\/2025\/07\/Francisco-Javier-Garcia.jpg?resize=350%2C200&ssl=1","width":350,"height":200,"srcset":"https:\/\/i0.wp.com\/lasprimeras.com.do\/wp-content\/uploads\/2025\/07\/Francisco-Javier-Garcia.jpg?resize=350%2C200&ssl=1 1x, https:\/\/i0.wp.com\/lasprimeras.com.do\/wp-content\/uploads\/2025\/07\/Francisco-Javier-Garcia.jpg?resize=525%2C300&ssl=1 1.5x, https:\/\/i0.wp.com\/lasprimeras.com.do\/wp-content\/uploads\/2025\/07\/Francisco-Javier-Garcia.jpg?resize=700%2C400&ssl=1 2x"},"classes":[]}],"jetpack_sharing_enabled":true,"_links":{"self":[{"href":"https:\/\/lasprimeras.com.do\/index.php\/wp-json\/wp\/v2\/posts\/103901","targetHints":{"allow":["GET"]}}],"collection":[{"href":"https:\/\/lasprimeras.com.do\/index.php\/wp-json\/wp\/v2\/posts"}],"about":[{"href":"https:\/\/lasprimeras.com.do\/index.php\/wp-json\/wp\/v2\/types\/post"}],"author":[{"embeddable":true,"href":"https:\/\/lasprimeras.com.do\/index.php\/wp-json\/wp\/v2\/users\/10"}],"replies":[{"embeddable":true,"href":"https:\/\/lasprimeras.com.do\/index.php\/wp-json\/wp\/v2\/comments?post=103901"}],"version-history":[{"count":1,"href":"https:\/\/lasprimeras.com.do\/index.php\/wp-json\/wp\/v2\/posts\/103901\/revisions"}],"predecessor-version":[{"id":103902,"href":"https:\/\/lasprimeras.com.do\/index.php\/wp-json\/wp\/v2\/posts\/103901\/revisions\/103902"}],"wp:featuredmedia":[{"embeddable":true,"href":"https:\/\/lasprimeras.com.do\/index.php\/wp-json\/wp\/v2\/media\/99148"}],"wp:attachment":[{"href":"https:\/\/lasprimeras.com.do\/index.php\/wp-json\/wp\/v2\/media?parent=103901"}],"wp:term":[{"taxonomy":"category","embeddable":true,"href":"https:\/\/lasprimeras.com.do\/index.php\/wp-json\/wp\/v2\/categories?post=103901"},{"taxonomy":"post_tag","embeddable":true,"href":"https:\/\/lasprimeras.com.do\/index.php\/wp-json\/wp\/v2\/tags?post=103901"}],"curies":[{"name":"wp","href":"https:\/\/api.w.org\/{rel}","templated":true}]}}