{"id":103989,"date":"2025-07-21T07:50:38","date_gmt":"2025-07-21T11:50:38","guid":{"rendered":"https:\/\/lasprimeras.com.do\/?p=103989"},"modified":"2025-07-21T07:50:39","modified_gmt":"2025-07-21T11:50:39","slug":"leonel-juramenta-2-regidores-y-mas-dirigentes-del-pld-prm-y-otras-organizaciones-en-san-cristobal","status":"publish","type":"post","link":"https:\/\/lasprimeras.com.do\/index.php\/2025\/07\/21\/leonel-juramenta-2-regidores-y-mas-dirigentes-del-pld-prm-y-otras-organizaciones-en-san-cristobal\/","title":{"rendered":"Leonel juramenta 2 regidores y m\u00e1s dirigentes del PLD, PRM y otras organizaciones en San Crist\u00f3bal"},"content":{"rendered":"\n<p class=\"wp-block-paragraph\">En un acto multitudinario celebrado este domingo 20 de julio en el Club Deportivo Ciro P\u00e9rez, el presidente de la Fuerza del Pueblo (FP), Leonel Fern\u00e1ndez, jurament\u00f3 a dos regidores y decenas de dirigentes provenientes del Partido de la Liberaci\u00f3n Dominicana (PLD), del Partido Revolucionario Moderno (PRM) y de otras organizaciones pol\u00edticas, quienes se suman a las filas de la FP en la provincia San Crist\u00f3bal.<\/p>\n\n\n\n<p class=\"wp-block-paragraph\">El evento, que reuni\u00f3 a cientos de seguidores y simpatizantes, marca un nuevo avance en el proceso de consolidaci\u00f3n de la Fuerza del Pueblo en el territorio nacional.<\/p>\n\n\n\n<p class=\"wp-block-paragraph\">Durante la actividad fueron juramentados los regidores Francisco Morillo (Obispo), actual miembro del Comit\u00e9 Central del PLD en Haina, y Frankeli Tiburcio, tambi\u00e9n integrante del Comit\u00e9 Central pelede\u00edsta.<\/p>\n\n\n\n<p class=\"wp-block-paragraph\">Asimismo, se incorporaron destacados dirigentes del PLD, entre ellos Randall Sosa, presidente municipal del PLD en Nigua y miembro del Comit\u00e9 Central; Willy Echenique, exregidor de Haina, presidente de intermedio y expresidente del Concejo de Regidores del municipio; Luz Liranzo, presidenta de intermedio y encargada de Actas y Correspondencia de la Direcci\u00f3n Municipal en Haina; Brunilda Guill\u00e9n, presidenta de intermedio en Haina; y Dany Tarima, excandidato a regidor en Quitasue\u00f1o.<\/p>\n\n\n\n<p class=\"wp-block-paragraph\">Del PRM y otras organizaciones se sumaron Carlos Manuel S\u00e1nchez D\u00edaz, coordinador para la Regi\u00f3n Sur de los Derechos Humanos y miembro de la Comisi\u00f3n Pol\u00edtica; Lucas S\u00e1nchez D\u00edaz, dirigente municipal; adem\u00e1s de Gorkis S\u00e1nchez, Nicol Rosso, Mart\u00edn Montero y Elinas Falc\u00f3n.<\/p>\n\n\n\n<p class=\"wp-block-paragraph\">Tambi\u00e9n se integraron a la Fuerza del Pueblo l\u00edderes de otras agrupaciones pol\u00edticas, como Julio C\u00e9sar Polanco, excandidato a director del distrito municipal El Carril; David Jonatan, excandidato a regidor; as\u00ed como V\u00edctor Solano y Santos Ruiz, quienes manifestaron su compromiso de trabajar por el fortalecimiento del partido en la provincia.<\/p>\n\n\n\n<p class=\"wp-block-paragraph\">Al hablar en nombre de los juramentados, Frankeli Tiburcio, Francisco Morillo (Obispo) y Carlos Manuel S\u00e1nchez coincidieron en resaltar que se integran a la Fuerza del Pueblo porque, seg\u00fan expresaron, \u201cLeonel Fern\u00e1ndez tiene el o\u00eddo en el coraz\u00f3n del pueblo dominicano\u201d.<\/p>\n\n\n\n<p class=\"wp-block-paragraph\">El actual regidor e integrante del PLD hasta hoy, Frankeli Tiburcio, justific\u00f3 su ingreso a la Fuerza del Pueblo \u201cpor lo dif\u00edcil que est\u00e1 la situaci\u00f3n.<\/p>\n\n\n\n<p class=\"wp-block-paragraph\">Como la estamos viviendo, pareciera que estuvi\u00e9ramos frente a un PRM con 15 a\u00f1os en el gobierno, porque nada dura m\u00e1s que los momentos dif\u00edciles, y eso define lo que es el PRM y por qu\u00e9 hay que salir de ellos\u201d, precis\u00f3 el nuevo integrante de la FP.<\/p>\n\n\n\n<p class=\"wp-block-paragraph\">Tiburcio defini\u00f3 al PRM \u201ccomo la entidad de los siete pecados capitales, porque representa el inicio de muchas desgracias y debacles, y nos lleva por un camino totalmente desafortunado\u201d, afirm\u00f3 el edil de San Crist\u00f3bal juramentado en la FP.<\/p>\n","protected":false},"excerpt":{"rendered":"<p>En un acto multitudinario celebrado este domingo 20 de julio en el Club Deportivo Ciro P\u00e9rez, el presidente de la Fuerza del Pueblo (FP), Leonel Fern\u00e1ndez, jurament\u00f3 a dos regidores&hellip;<\/p>\n","protected":false},"author":10,"featured_media":103990,"comment_status":"open","ping_status":"open","sticky":false,"template":"","format":"standard","meta":{"content-type":"","_jetpack_newsletter_access":"","_jetpack_dont_email_post_to_subs":false,"_jetpack_newsletter_tier_id":0,"_jetpack_memberships_contains_paywalled_content":false,"_jetpack_feature_clip_id":0,"_jetpack_memberships_contains_paid_content":false,"footnotes":"","jetpack_post_was_ever_published":false},"categories":[16559,25],"tags":[21954,983,268,51,269,31,651],"class_list":["post-103989","post","type-post","status-publish","format-standard","has-post-thumbnail","hentry","category-politica","category-portada","tag-2-regidores","tag-dirigentes","tag-juramenta","tag-leonel-fernandez","tag-pld","tag-prm","tag-san-cristobal"],"jetpack-related-posts":[{"id":115603,"url":"https:\/\/lasprimeras.com.do\/index.php\/2025\/11\/24\/regidor-del-pld-y-dirigentes-del-prm-se-juramentan-en-la-fuerza-del-pueblo\/","url_meta":{"origin":103989,"position":0},"title":"Regidor del PLD y dirigentes del PRM se juramentan en la Fuerza del Pueblo","author":"Nelson Feliz","date":"24 de noviembre de 2025","format":false,"excerpt":"En un acto encabezado por Radham\u00e9s Jim\u00e9nez Pe\u00f1a, l\u00edderes comunitarios, pastores y exdirigentes de varios partidos pol\u00edticos oficializaron su paso a las filas de la Fuerza del Pueblo. En una muestra de reconfiguraci\u00f3n pol\u00edtica en Santo Domingo Norte, un importante grupo de dirigentes y l\u00edderes comunitarios de distintas fuerzas pol\u00edticas\u2026","rel":"","context":"En \u00abPOLITICA\u00bb","block_context":{"text":"POLITICA","link":"https:\/\/lasprimeras.com.do\/index.php\/category\/politica\/"},"img":{"alt_text":"Radham\u00e9s Jim\u00e9nez Pe\u00f1a","src":"https:\/\/i0.wp.com\/lasprimeras.com.do\/wp-content\/uploads\/2025\/11\/Radhames-Jimenez-Pena-1.jpg?resize=350%2C200&ssl=1","width":350,"height":200,"srcset":"https:\/\/i0.wp.com\/lasprimeras.com.do\/wp-content\/uploads\/2025\/11\/Radhames-Jimenez-Pena-1.jpg?resize=350%2C200&ssl=1 1x, https:\/\/i0.wp.com\/lasprimeras.com.do\/wp-content\/uploads\/2025\/11\/Radhames-Jimenez-Pena-1.jpg?resize=525%2C300&ssl=1 1.5x, https:\/\/i0.wp.com\/lasprimeras.com.do\/wp-content\/uploads\/2025\/11\/Radhames-Jimenez-Pena-1.jpg?resize=700%2C400&ssl=1 2x"},"classes":[]},{"id":134802,"url":"https:\/\/lasprimeras.com.do\/index.php\/2026\/07\/16\/visita-de-leonel-a-maria-trinidad-sanchez-sigue-generando-nuevas-adhesiones-a-la-fp-juramenta-otro-regidor\/","url_meta":{"origin":103989,"position":1},"title":"Visita de Leonel a Mar\u00eda Trinidad S\u00e1nchez sigue generando nuevas adhesiones a la FP: juramenta otro regidor","author":"Nelson Feliz","date":"16 de julio de 2026","format":false,"excerpt":"El nuevo regidor de la Fuerza del Pueblo en Cabrera atribuye su decisi\u00f3n a la experiencia de Leonel Fern\u00e1ndez para conducir nuevamente los destinos del pa\u00eds. Santo Domingo. \u2013 La visita realizada el pasado domingo por el presidente de la Fuerza del Pueblo (FP), Leonel Fern\u00e1ndez, a la provincia Mar\u00eda\u2026","rel":"","context":"En \u00abPOLITICA\u00bb","block_context":{"text":"POLITICA","link":"https:\/\/lasprimeras.com.do\/index.php\/category\/politica\/"},"img":{"alt_text":"","src":"https:\/\/i0.wp.com\/lasprimeras.com.do\/wp-content\/uploads\/2026\/07\/IMG-20260716-WA0234-scaled.jpg?resize=350%2C200&ssl=1","width":350,"height":200,"srcset":"https:\/\/i0.wp.com\/lasprimeras.com.do\/wp-content\/uploads\/2026\/07\/IMG-20260716-WA0234-scaled.jpg?resize=350%2C200&ssl=1 1x, https:\/\/i0.wp.com\/lasprimeras.com.do\/wp-content\/uploads\/2026\/07\/IMG-20260716-WA0234-scaled.jpg?resize=525%2C300&ssl=1 1.5x, https:\/\/i0.wp.com\/lasprimeras.com.do\/wp-content\/uploads\/2026\/07\/IMG-20260716-WA0234-scaled.jpg?resize=700%2C400&ssl=1 2x, https:\/\/i0.wp.com\/lasprimeras.com.do\/wp-content\/uploads\/2026\/07\/IMG-20260716-WA0234-scaled.jpg?resize=1050%2C600&ssl=1 3x, https:\/\/i0.wp.com\/lasprimeras.com.do\/wp-content\/uploads\/2026\/07\/IMG-20260716-WA0234-scaled.jpg?resize=1400%2C800&ssl=1 4x"},"classes":[]},{"id":130886,"url":"https:\/\/lasprimeras.com.do\/index.php\/2026\/05\/17\/leonel-juramenta-en-la-fp-a-miguel-angel-jazmin-muneco-principal-dirigente-del-pld-en-samana\/","url_meta":{"origin":103989,"position":2},"title":"Leonel juramenta en la FP a Miguel \u00c1ngel Jazm\u00edn \u201cMu\u00f1eco\u201d, principal dirigente del PLD en Saman\u00e1","author":"Nelson Feliz","date":"17 de mayo de 2026","format":false,"excerpt":"\u201cEn Saman\u00e1 estamos todos a una; Leonel ser\u00e1 el pr\u00f3ximo presidente\u201d, afirma el exdiputado durante multitudinario acto pol\u00edtico. El presidente del partido Fuerza del Pueblo (FP), Leonel Fern\u00e1ndez, encabez\u00f3 una multitudinaria juramentaci\u00f3n de dirigentes pol\u00edticos, comunitarios y empresariales de la provincia Saman\u00e1, entre ellos el exdiputado y excandidato a senador\u2026","rel":"","context":"En \u00abPORTADA\u00bb","block_context":{"text":"PORTADA","link":"https:\/\/lasprimeras.com.do\/index.php\/category\/portada\/"},"img":{"alt_text":"Leonel juramenta en la FP a Miguel \u00c1ngel Jazm\u00edn","src":"https:\/\/i0.wp.com\/lasprimeras.com.do\/wp-content\/uploads\/2026\/05\/Leonel-juramenta-en-la-FP-a-Miguel-Angel-Jazmin-1.jpg?resize=350%2C200&ssl=1","width":350,"height":200,"srcset":"https:\/\/i0.wp.com\/lasprimeras.com.do\/wp-content\/uploads\/2026\/05\/Leonel-juramenta-en-la-FP-a-Miguel-Angel-Jazmin-1.jpg?resize=350%2C200&ssl=1 1x, https:\/\/i0.wp.com\/lasprimeras.com.do\/wp-content\/uploads\/2026\/05\/Leonel-juramenta-en-la-FP-a-Miguel-Angel-Jazmin-1.jpg?resize=525%2C300&ssl=1 1.5x, https:\/\/i0.wp.com\/lasprimeras.com.do\/wp-content\/uploads\/2026\/05\/Leonel-juramenta-en-la-FP-a-Miguel-Angel-Jazmin-1.jpg?resize=700%2C400&ssl=1 2x"},"classes":[]},{"id":103952,"url":"https:\/\/lasprimeras.com.do\/index.php\/2025\/07\/20\/leonel-fernandez-acusa-al-gobierno-del-prm-de-hacer-retroceder-al-pais-al-siglo-xix\/","url_meta":{"origin":103989,"position":3},"title":"Leonel Fern\u00e1ndez acusa al gobierno del PRM de hacer retroceder al pa\u00eds al siglo XIX","author":"Nelson Feliz","date":"20 de julio de 2025","format":false,"excerpt":"El expresidente dominicano y l\u00edder del partido Fuerza del Pueblo (FP), Leonel Fern\u00e1ndez, arremeti\u00f3 este domingo contra la gesti\u00f3n del Partido Revolucionario Moderno (PRM), asegurando que el pa\u00eds \u201cha retrocedido al siglo XIX\u201d bajo la actual administraci\u00f3n. Las declaraciones fueron ofrecidas durante un acto de juramentaci\u00f3n de nuevos dirigentes que\u2026","rel":"","context":"En \u00abPOLITICA\u00bb","block_context":{"text":"POLITICA","link":"https:\/\/lasprimeras.com.do\/index.php\/category\/politica\/"},"img":{"alt_text":"","src":"https:\/\/i0.wp.com\/lasprimeras.com.do\/wp-content\/uploads\/2025\/07\/leonel-4.jpg?resize=350%2C200&ssl=1","width":350,"height":200,"srcset":"https:\/\/i0.wp.com\/lasprimeras.com.do\/wp-content\/uploads\/2025\/07\/leonel-4.jpg?resize=350%2C200&ssl=1 1x, https:\/\/i0.wp.com\/lasprimeras.com.do\/wp-content\/uploads\/2025\/07\/leonel-4.jpg?resize=525%2C300&ssl=1 1.5x, https:\/\/i0.wp.com\/lasprimeras.com.do\/wp-content\/uploads\/2025\/07\/leonel-4.jpg?resize=700%2C400&ssl=1 2x"},"classes":[]},{"id":104714,"url":"https:\/\/lasprimeras.com.do\/index.php\/2025\/07\/26\/leonel-juramenta-un-regidor-un-vocal-varios-presidentes-de-intermedio-y-mas-dirigentes-del-pld\/","url_meta":{"origin":103989,"position":4},"title":"Leonel juramenta un regidor, un vocal, varios presidentes de intermedio y m\u00e1s dirigentes del PLD","author":"Nelson Feliz","date":"26 de julio de 2025","format":false,"excerpt":"El partido Fuerza del Pueblo (FP) continu\u00f3 el proceso de incorporaci\u00f3n de nuevos militantes a sus filas. Cientos de personas de los diferentes municipios de la provincia Peravia, pertenecientes al PLD y a otras organizaciones, fueron juramentadas por el presidente y l\u00edder de esta organizaci\u00f3n opositora, Leonel Fern\u00e1ndez. Entre los\u2026","rel":"","context":"En \u00abPOLITICA\u00bb","block_context":{"text":"POLITICA","link":"https:\/\/lasprimeras.com.do\/index.php\/category\/politica\/"},"img":{"alt_text":"","src":"https:\/\/i0.wp.com\/lasprimeras.com.do\/wp-content\/uploads\/2025\/07\/Leonel.jpg?resize=350%2C200&ssl=1","width":350,"height":200,"srcset":"https:\/\/i0.wp.com\/lasprimeras.com.do\/wp-content\/uploads\/2025\/07\/Leonel.jpg?resize=350%2C200&ssl=1 1x, https:\/\/i0.wp.com\/lasprimeras.com.do\/wp-content\/uploads\/2025\/07\/Leonel.jpg?resize=525%2C300&ssl=1 1.5x, https:\/\/i0.wp.com\/lasprimeras.com.do\/wp-content\/uploads\/2025\/07\/Leonel.jpg?resize=700%2C400&ssl=1 2x"},"classes":[]},{"id":106464,"url":"https:\/\/lasprimeras.com.do\/index.php\/2025\/08\/15\/regidor-del-prm-se-une-a-la-fuerza-del-pueblo-y-es-juramentado-por-leonel-fernandez\/","url_meta":{"origin":103989,"position":5},"title":"Regidor del PRM se une a la Fuerza del Pueblo y es juramentado por Leonel Fern\u00e1ndez","author":"Nelson Feliz","date":"15 de agosto de 2025","format":false,"excerpt":"En el marco de su visita a la Ciudad Coraz\u00f3n, el presidente del partido Fuerza del Pueblo (FP), Leonel Fern\u00e1ndez, jurament\u00f3 al regidor del Partido Revolucionario Moderno (PRM) de Hatillo Palma, provincia Montecristi, Dany Torres, quien formaliz\u00f3 su ingreso a las filas de la organizaci\u00f3n pol\u00edtica liderada por el exmandatario.\u2026","rel":"","context":"En \u00abPOLITICA\u00bb","block_context":{"text":"POLITICA","link":"https:\/\/lasprimeras.com.do\/index.php\/category\/politica\/"},"img":{"alt_text":"","src":"https:\/\/i0.wp.com\/lasprimeras.com.do\/wp-content\/uploads\/2025\/08\/Dany-Torres.jpg?resize=350%2C200&ssl=1","width":350,"height":200,"srcset":"https:\/\/i0.wp.com\/lasprimeras.com.do\/wp-content\/uploads\/2025\/08\/Dany-Torres.jpg?resize=350%2C200&ssl=1 1x, https:\/\/i0.wp.com\/lasprimeras.com.do\/wp-content\/uploads\/2025\/08\/Dany-Torres.jpg?resize=525%2C300&ssl=1 1.5x, https:\/\/i0.wp.com\/lasprimeras.com.do\/wp-content\/uploads\/2025\/08\/Dany-Torres.jpg?resize=700%2C400&ssl=1 2x"},"classes":[]}],"jetpack_sharing_enabled":true,"jetpack_featured_media_url":"https:\/\/lasprimeras.com.do\/wp-content\/uploads\/2025\/07\/Leonel-Fernandez-4.jpg","_links":{"self":[{"href":"https:\/\/lasprimeras.com.do\/index.php\/wp-json\/wp\/v2\/posts\/103989","targetHints":{"allow":["GET"]}}],"collection":[{"href":"https:\/\/lasprimeras.com.do\/index.php\/wp-json\/wp\/v2\/posts"}],"about":[{"href":"https:\/\/lasprimeras.com.do\/index.php\/wp-json\/wp\/v2\/types\/post"}],"author":[{"embeddable":true,"href":"https:\/\/lasprimeras.com.do\/index.php\/wp-json\/wp\/v2\/users\/10"}],"replies":[{"embeddable":true,"href":"https:\/\/lasprimeras.com.do\/index.php\/wp-json\/wp\/v2\/comments?post=103989"}],"version-history":[{"count":1,"href":"https:\/\/lasprimeras.com.do\/index.php\/wp-json\/wp\/v2\/posts\/103989\/revisions"}],"predecessor-version":[{"id":103991,"href":"https:\/\/lasprimeras.com.do\/index.php\/wp-json\/wp\/v2\/posts\/103989\/revisions\/103991"}],"wp:featuredmedia":[{"embeddable":true,"href":"https:\/\/lasprimeras.com.do\/index.php\/wp-json\/wp\/v2\/media\/103990"}],"wp:attachment":[{"href":"https:\/\/lasprimeras.com.do\/index.php\/wp-json\/wp\/v2\/media?parent=103989"}],"wp:term":[{"taxonomy":"category","embeddable":true,"href":"https:\/\/lasprimeras.com.do\/index.php\/wp-json\/wp\/v2\/categories?post=103989"},{"taxonomy":"post_tag","embeddable":true,"href":"https:\/\/lasprimeras.com.do\/index.php\/wp-json\/wp\/v2\/tags?post=103989"}],"curies":[{"name":"wp","href":"https:\/\/api.w.org\/{rel}","templated":true}]}}