{"id":104026,"date":"2025-07-21T10:11:42","date_gmt":"2025-07-21T14:11:42","guid":{"rendered":"https:\/\/lasprimeras.com.do\/?p=104026"},"modified":"2025-07-21T10:11:44","modified_gmt":"2025-07-21T14:11:44","slug":"muere-el-principe-durmiente-de-arabia-saudi-tras-20-anos-en-coma","status":"publish","type":"post","link":"https:\/\/lasprimeras.com.do\/index.php\/2025\/07\/21\/muere-el-principe-durmiente-de-arabia-saudi-tras-20-anos-en-coma\/","title":{"rendered":"Muere el \u201cPr\u00edncipe Durmiente\u201d de Arabia Saud\u00ed tras 20 a\u00f1os en coma"},"content":{"rendered":"\n<p><strong>Conocido como &#8220;el Pr\u00edncipe Durmiente&#8221;, Al Waleed cay\u00f3 en coma al sufrir una hemorragia cerebral y una hemorragia interna en el terrible accidente en Londres<\/strong><\/p>\n\n\n\n<p>Por Efe<\/p>\n\n\n\n<p>El pr\u00edncipe saud\u00ed Al Waleed bin Khalid Al Saud, que estuvo en coma durante 20 a\u00f1os tras sufrir un grave accidente en Londres, muri\u00f3 ayer en Riad a los 36 a\u00f1os de edad y su funeral se celebrar\u00e1 este domingo en la capital de Arabia Saud\u00ed.<\/p>\n\n\n\n<p>&#8220;Con un coraz\u00f3n que cree en la voluntad y el destino de Dios, y con profunda tristeza, lamentamos el fallecimiento de nuestro amado hijo, el pr\u00edncipe Al Waleed bin Khalid bin Talal bin Abdulaziz Al Saud, que Dios lo bendiga.<\/p>\n\n\n\n<p>Las oraciones f\u00fanebres se celebrar\u00e1n el domingo&#8221;, afirm\u00f3 su padre, el pr\u00edncipe Khaled bin Talal, en su cuenta oficial de X.<\/p>\n\n\n\n<p>La agencia oficial de noticias saud\u00ed SPA confirm\u00f3 la noticia y asegur\u00f3 que las oraciones f\u00fanebres ser\u00e1n, para los hombres, en la Gran Mezquita Imam Turki bin Abdul\u00e1 de Riad.<\/p>\n\n\n\n<p>Conocido como &#8220;el Pr\u00edncipe Durmiente&#8221;, Al Waleed cay\u00f3 en coma al sufrir una hemorragia cerebral y una hemorragia interna en el terrible accidente en Londres, en 2005, cuando ten\u00eda 15 a\u00f1os.<\/p>\n\n\n\n<p>Permaneci\u00f3 bajo supervisi\u00f3n m\u00e9dica durante 20 a\u00f1os, sin recuperar la consciencia a pesar de breves episodios de limitaci\u00f3n de movimientos, que fueron recogidos por sus familiares en diferentes v\u00eddeos, que iban documentando sus cuidados en un hospital en Riad.<\/p>\n\n\n\n<p>Durante estas dos d\u00e9cadas el pr\u00edncipe Khaled se resisti\u00f3 a la retirada del soporte vital de su hijo, un caso que atrajo la atenci\u00f3n de millones de personas dentro y fuera del reino.<\/p>\n","protected":false},"excerpt":{"rendered":"<p>Conocido como &#8220;el Pr\u00edncipe Durmiente&#8221;, Al Waleed cay\u00f3 en coma al sufrir una hemorragia cerebral y una hemorragia interna en el terrible accidente en Londres Por Efe El pr\u00edncipe saud\u00ed&hellip;<\/p>\n","protected":false},"author":10,"featured_media":104027,"comment_status":"open","ping_status":"open","sticky":false,"template":"","format":"standard","meta":{"content-type":"","jetpack_post_was_ever_published":false,"_jetpack_newsletter_access":"","_jetpack_dont_email_post_to_subs":false,"_jetpack_newsletter_tier_id":0,"_jetpack_memberships_contains_paywalled_content":false,"_jetpack_memberships_contains_paid_content":false,"footnotes":""},"categories":[16289],"tags":[21976,19565,650,21975],"class_list":["post-104026","post","type-post","status-publish","format-standard","has-post-thumbnail","hentry","category-internacionales","tag-20-anos-en-coma","tag-arabia-saudi","tag-muere","tag-principe-durmiente"],"jetpack_featured_media_url":"https:\/\/lasprimeras.com.do\/wp-content\/uploads\/2025\/07\/Al-Waleed-bin-Khalid-Al-Saud.jpg","jetpack-related-posts":[{"id":98806,"url":"https:\/\/lasprimeras.com.do\/index.php\/2025\/05\/13\/el-principe-heredero-saudi-recibe-a-trump-en-el-reino-al-iniciar-su-gira-de-4-dias-por-oriente-medio\/","url_meta":{"origin":104026,"position":0},"title":"El pr\u00edncipe heredero saud\u00ed recibe a Trump en el reino al iniciar su gira de 4 d\u00edas por Oriente Medio","author":"Nelson Feliz","date":"13 de mayo de 2025","format":false,"excerpt":"POR AAMER MADHANI and ZEKE MILLER RIAD, Arabia Saud\u00ed (AP) \u2014 El presidente de Estados Unidos, Donald Trump, comenz\u00f3 el martes su viaje de cuatro d\u00edas por Oriente Medio visitando al gobernante de facto de Arabia Saud\u00ed, el pr\u00edncipe heredero Mohammed bin Salman, para conversar sobre los esfuerzos de Estados\u2026","rel":"","context":"En \u00abINTERNACIONALES\u00bb","block_context":{"text":"INTERNACIONALES","link":"https:\/\/lasprimeras.com.do\/index.php\/category\/sin-categoria\/internacionales\/"},"img":{"alt_text":"","src":"https:\/\/i0.wp.com\/lasprimeras.com.do\/wp-content\/uploads\/2025\/05\/Donald-Trump-1-1.jpg?resize=350%2C200&ssl=1","width":350,"height":200,"srcset":"https:\/\/i0.wp.com\/lasprimeras.com.do\/wp-content\/uploads\/2025\/05\/Donald-Trump-1-1.jpg?resize=350%2C200&ssl=1 1x, https:\/\/i0.wp.com\/lasprimeras.com.do\/wp-content\/uploads\/2025\/05\/Donald-Trump-1-1.jpg?resize=525%2C300&ssl=1 1.5x, https:\/\/i0.wp.com\/lasprimeras.com.do\/wp-content\/uploads\/2025\/05\/Donald-Trump-1-1.jpg?resize=700%2C400&ssl=1 2x"},"classes":[]},{"id":98844,"url":"https:\/\/lasprimeras.com.do\/index.php\/2025\/05\/13\/principe-heredero-saudi-recibe-a-trump-quien-inicia-gira-de-cuatro-dias-por-oriente-medio\/","url_meta":{"origin":104026,"position":1},"title":"Pr\u00edncipe heredero saud\u00ed recibe a Trump quien inicia gira de cuatro d\u00edas por Oriente Medio","author":"Nelson Feliz","date":"13 de mayo de 2025","format":false,"excerpt":"POR AAMER MADHANI,ZEKE MILLER and JON GAMBRELL RIAD, Arabia Saud\u00ed (AP) \u2014 El presidente estadounidense Donald Trump comenz\u00f3 el martes su viaje de cuatro d\u00edas por Oriente Medio en Arabia Saud\u00ed, centrando la atenci\u00f3n en sellar acuerdos econ\u00f3micos con un aliado clave de Oriente Medio en medio de preocupaciones compartidas\u2026","rel":"","context":"En \u00abINTERNACIONALES\u00bb","block_context":{"text":"INTERNACIONALES","link":"https:\/\/lasprimeras.com.do\/index.php\/category\/sin-categoria\/internacionales\/"},"img":{"alt_text":"","src":"https:\/\/i0.wp.com\/lasprimeras.com.do\/wp-content\/uploads\/2025\/05\/Donald-Trump-2-1.jpg?resize=350%2C200&ssl=1","width":350,"height":200,"srcset":"https:\/\/i0.wp.com\/lasprimeras.com.do\/wp-content\/uploads\/2025\/05\/Donald-Trump-2-1.jpg?resize=350%2C200&ssl=1 1x, https:\/\/i0.wp.com\/lasprimeras.com.do\/wp-content\/uploads\/2025\/05\/Donald-Trump-2-1.jpg?resize=525%2C300&ssl=1 1.5x, https:\/\/i0.wp.com\/lasprimeras.com.do\/wp-content\/uploads\/2025\/05\/Donald-Trump-2-1.jpg?resize=700%2C400&ssl=1 2x"},"classes":[]},{"id":99017,"url":"https:\/\/lasprimeras.com.do\/index.php\/2025\/05\/15\/fifa-recibe-queja-formal-por-situacion-derechos-humanos-en-arabia-saudi-anfitrion-del-mundial-2034\/","url_meta":{"origin":104026,"position":2},"title":"FIFA recibe queja formal por situaci\u00f3n derechos humanos en Arabia Saud\u00ed anfitri\u00f3n del Mundial 2034","author":"Nelson Feliz","date":"15 de mayo de 2025","format":false,"excerpt":"POR GRAHAM DUNBAR GINEBRA (AP) \u2014 Un grupo de abogados internacionales present\u00f3 el jueves una queja formal a la FIFA, alegando que el ente rector del f\u00fatbol no est\u00e1 cumpliendo con su pol\u00edtica de derechos humanos con Arabia Saud\u00ed, anfitri\u00f3n de la Copa del Mundo 2034. La presentaci\u00f3n, utilizando el\u2026","rel":"","context":"En \u00abDEPORTES\u00bb","block_context":{"text":"DEPORTES","link":"https:\/\/lasprimeras.com.do\/index.php\/category\/deportes\/"},"img":{"alt_text":"","src":"https:\/\/i0.wp.com\/lasprimeras.com.do\/wp-content\/uploads\/2025\/05\/FIFA.jpg?resize=350%2C200&ssl=1","width":350,"height":200,"srcset":"https:\/\/i0.wp.com\/lasprimeras.com.do\/wp-content\/uploads\/2025\/05\/FIFA.jpg?resize=350%2C200&ssl=1 1x, https:\/\/i0.wp.com\/lasprimeras.com.do\/wp-content\/uploads\/2025\/05\/FIFA.jpg?resize=525%2C300&ssl=1 1.5x, https:\/\/i0.wp.com\/lasprimeras.com.do\/wp-content\/uploads\/2025\/05\/FIFA.jpg?resize=700%2C400&ssl=1 2x"},"classes":[]},{"id":98886,"url":"https:\/\/lasprimeras.com.do\/index.php\/2025\/05\/14\/trump-se-reune-con-el-presidente-de-siria-antes-de-dirigirse-a-qatar-en-su-gira-por-oriente-medio\/","url_meta":{"origin":104026,"position":3},"title":"Trump se re\u00fane con el presidente de Siria antes de dirigirse a Qatar en su gira por Oriente Medio","author":"Nelson Feliz","date":"14 de mayo de 2025","format":false,"excerpt":"POR ZEKE MILLER, JON GAMBRELL and AAMER MADHANI RIAD, Arabia Saud\u00ed (AP) \u2014 El presidente de Estados Unidos, Donald Trump, se reuni\u00f3 el mi\u00e9rcoles con su hom\u00f3logo sirio, Ahmad al-Sharaa, en un cara a cara con el l\u00edder insurgente que pas\u00f3 a\u00f1os encarcelado por las fuerzas estadounidenses tras ser capturado\u2026","rel":"","context":"En \u00abINTERNACIONALES\u00bb","block_context":{"text":"INTERNACIONALES","link":"https:\/\/lasprimeras.com.do\/index.php\/category\/sin-categoria\/internacionales\/"},"img":{"alt_text":"","src":"https:\/\/i0.wp.com\/lasprimeras.com.do\/wp-content\/uploads\/2025\/05\/Donald-Trump-3.jpg?resize=350%2C200&ssl=1","width":350,"height":200,"srcset":"https:\/\/i0.wp.com\/lasprimeras.com.do\/wp-content\/uploads\/2025\/05\/Donald-Trump-3.jpg?resize=350%2C200&ssl=1 1x, https:\/\/i0.wp.com\/lasprimeras.com.do\/wp-content\/uploads\/2025\/05\/Donald-Trump-3.jpg?resize=525%2C300&ssl=1 1.5x, https:\/\/i0.wp.com\/lasprimeras.com.do\/wp-content\/uploads\/2025\/05\/Donald-Trump-3.jpg?resize=700%2C400&ssl=1 2x"},"classes":[]},{"id":63089,"url":"https:\/\/lasprimeras.com.do\/index.php\/2023\/10\/10\/joe-biden-se-maravilla-de-una-paz-historica-entre-israel-y-arabia-saudita\/","url_meta":{"origin":104026,"position":4},"title":"Joe Biden se maravilla de una \u201cpaz hist\u00f3rica entre Israel y Arabia Saudita\u201d","author":"Nelson Feliz","date":"10 de octubre de 2023","format":false,"excerpt":"Las esperanzas de Biden de establecer relaciones entre Israel y Arabia Saudita podr\u00edan convertirse en una v\u00edctima de la nueva guerra en Medio Oriente. POR AAMER MADHANI Y ELLEN KNICKMEYER WASHINGTON (AP) \u2014 Hace menos de tres semanas, el primer ministro israel\u00ed, Benjamin Netanyahu, se sent\u00f3 junto al presidente Joe\u2026","rel":"","context":"En \u00abSin categor\u00eda\u00bb","block_context":{"text":"Sin categor\u00eda","link":"https:\/\/lasprimeras.com.do\/index.php\/category\/sin-categoria\/"},"img":{"alt_text":"El primer ministro israel\u00ed, Benjamin Netanyahu, se sent\u00f3 junto al presidente Joe Biden","src":"https:\/\/i0.wp.com\/lasprimeras.com.do\/wp-content\/uploads\/2023\/10\/El-primer-ministro-israeli-Benjamin-Netanyahu-se-sento-junto-al-presidente-Joe-Biden.jpg?resize=350%2C200&ssl=1","width":350,"height":200,"srcset":"https:\/\/i0.wp.com\/lasprimeras.com.do\/wp-content\/uploads\/2023\/10\/El-primer-ministro-israeli-Benjamin-Netanyahu-se-sento-junto-al-presidente-Joe-Biden.jpg?resize=350%2C200&ssl=1 1x, https:\/\/i0.wp.com\/lasprimeras.com.do\/wp-content\/uploads\/2023\/10\/El-primer-ministro-israeli-Benjamin-Netanyahu-se-sento-junto-al-presidente-Joe-Biden.jpg?resize=525%2C300&ssl=1 1.5x, https:\/\/i0.wp.com\/lasprimeras.com.do\/wp-content\/uploads\/2023\/10\/El-primer-ministro-israeli-Benjamin-Netanyahu-se-sento-junto-al-presidente-Joe-Biden.jpg?resize=700%2C400&ssl=1 2x"},"classes":[]},{"id":52357,"url":"https:\/\/lasprimeras.com.do\/index.php\/2023\/06\/09\/arabia-saudita-amenaza-a-ee-uu-con-represalias-economicas\/","url_meta":{"origin":104026,"position":5},"title":"Arabia Saudita amenaza a EE.UU. con represalias econ\u00f3micas","author":"prenxa100","date":"9 de junio de 2023","format":false,"excerpt":"ARABIA SAUDITA.- El pr\u00edncipe heredero de Arabia Saudita, Mohamed bin Salm\u00e1n, habr\u00eda amenazado con alterar las relaciones con EE.UU. e imponer costos econ\u00f3micos significativos al pa\u00eds norteamericano si Washington tomaba represalias contra los recortes de petr\u00f3leo, informa The Washington Post citando un documento clasificado. En octubre del a\u00f1o pasado, el\u2026","rel":"","context":"En \u00abSin categor\u00eda\u00bb","block_context":{"text":"Sin categor\u00eda","link":"https:\/\/lasprimeras.com.do\/index.php\/category\/sin-categoria\/"},"img":{"alt_text":"","src":"","width":0,"height":0},"classes":[]}],"jetpack_sharing_enabled":true,"_links":{"self":[{"href":"https:\/\/lasprimeras.com.do\/index.php\/wp-json\/wp\/v2\/posts\/104026","targetHints":{"allow":["GET"]}}],"collection":[{"href":"https:\/\/lasprimeras.com.do\/index.php\/wp-json\/wp\/v2\/posts"}],"about":[{"href":"https:\/\/lasprimeras.com.do\/index.php\/wp-json\/wp\/v2\/types\/post"}],"author":[{"embeddable":true,"href":"https:\/\/lasprimeras.com.do\/index.php\/wp-json\/wp\/v2\/users\/10"}],"replies":[{"embeddable":true,"href":"https:\/\/lasprimeras.com.do\/index.php\/wp-json\/wp\/v2\/comments?post=104026"}],"version-history":[{"count":1,"href":"https:\/\/lasprimeras.com.do\/index.php\/wp-json\/wp\/v2\/posts\/104026\/revisions"}],"predecessor-version":[{"id":104028,"href":"https:\/\/lasprimeras.com.do\/index.php\/wp-json\/wp\/v2\/posts\/104026\/revisions\/104028"}],"wp:featuredmedia":[{"embeddable":true,"href":"https:\/\/lasprimeras.com.do\/index.php\/wp-json\/wp\/v2\/media\/104027"}],"wp:attachment":[{"href":"https:\/\/lasprimeras.com.do\/index.php\/wp-json\/wp\/v2\/media?parent=104026"}],"wp:term":[{"taxonomy":"category","embeddable":true,"href":"https:\/\/lasprimeras.com.do\/index.php\/wp-json\/wp\/v2\/categories?post=104026"},{"taxonomy":"post_tag","embeddable":true,"href":"https:\/\/lasprimeras.com.do\/index.php\/wp-json\/wp\/v2\/tags?post=104026"}],"curies":[{"name":"wp","href":"https:\/\/api.w.org\/{rel}","templated":true}]}}