{"id":104035,"date":"2025-07-21T11:26:02","date_gmt":"2025-07-21T15:26:02","guid":{"rendered":"https:\/\/lasprimeras.com.do\/?p=104035"},"modified":"2025-07-21T11:26:04","modified_gmt":"2025-07-21T15:26:04","slug":"universidad-de-hostos-nyc-adiestra-maestros-luego-viajan-a-rd-aprender-sobre-el-sistema-educativo","status":"publish","type":"post","link":"https:\/\/lasprimeras.com.do\/index.php\/2025\/07\/21\/universidad-de-hostos-nyc-adiestra-maestros-luego-viajan-a-rd-aprender-sobre-el-sistema-educativo\/","title":{"rendered":"Universidad de Hostos NYC adiestra maestros; luego viajan a RD aprender sobre el sistema educativo"},"content":{"rendered":"\n<p>Por Ram\u00f3n Mercedes<\/p>\n\n\n\n<p>NUEVA YORK.- Directores escolares, profesores universitarios y administradores de Hostos Community College, del sistema Universitario de NYC (CUNY), y del Departamento de Educaci\u00f3n, participaron recientemente de un adiestramiento de maestros en esta ciudad e intercambio acad\u00e9mico en Rep\u00fablica Dominicana.<\/p>\n\n\n\n<p>En NYC se llevaron a cabo dos semanas de talleres educativos bajo el tema: \u00abExpandiendo conocimientos sobre la historia y cultura dominicana a trav\u00e9s de enlaces e intercambios acad\u00e9micos\u00bb, co-coordinado con la Universidad Aut\u00f3noma de Santo Domingo (UASD).<\/p>\n\n\n\n<p>Como parte del programa, hubo conferencias como introducci\u00f3n rigurosa con temas que dar\u00edan forma al programa en dominicana.<\/p>\n\n\n\n<p>Se ofrecieron capacitaciones pr\u00e1cticas centradas en lineamientos legales, tales como las pautas de T\u00edtulo IX para viajes internacionales, lideradas por el abogado Phil Oliveri de Hostos, as\u00ed como requisitos de desarrollo profesional continuo (CTLE) para maestros, facilitadas por el especialista Gilberto Garc\u00eda Jim\u00e9nez del NYCDOE.<\/p>\n\n\n\n<p>La programaci\u00f3n tambi\u00e9n incluy\u00f3 conferencias magistrales y talleres que conectaron la pedagog\u00eda con la identidad dominicana y caribe\u00f1a, tales como la sesi\u00f3n con la Comisionada Elisa \u00c1lvarez sobre la educaci\u00f3n biling\u00fce en el estado de Nueva York y la presentaci\u00f3n del poeta Frank B\u00e1ez sobre la literatura dominicana como herramienta educativa.<\/p>\n\n\n\n<p>Posteriormente, el equipo particip\u00f3 en un programa de inmersi\u00f3n en la RD titulado: \u00abRealidad social, educativa y cultural\u201d. Este programa forma parte de un convenio firmado entre el Departamento de Educaci\u00f3n del Estado de NY y el Ministerio de Educaci\u00f3n de la RD, liderado por la decana de asuntos comunitarios de la Universidad de Hostos, Ana Garc\u00eda Reyes.<\/p>\n\n\n\n<p>La iniciativa ofreci\u00f3 una experiencia formativa e integral que foment\u00f3 el di\u00e1logo binacional en torno a temas como las pol\u00edticas educativas, el papel de las universidades p\u00fablicas, la sostenibilidad, inclusi\u00f3n, historia e identidad cultural dominicana.<\/p>\n\n\n\n<p>Cada discusi\u00f3n fortaleci\u00f3 el compromiso del grupo participante de servir mejor a sus estudiantes inmigrantes dominicanos en los Estados Unidos, se inform\u00f3.<\/p>\n\n\n\n<p>Hubo encuentros con autoridades y docentes de la Facultad de Ciencias de la Educaci\u00f3n de la UASD.<\/p>\n\n\n\n<p>Tambi\u00e9n se destac\u00f3 la visita al Instituto Superior de Formaci\u00f3n Docente Salom\u00e9 Ure\u00f1a (ISFODOSU), pieza clave en la formaci\u00f3n magisterial del pa\u00eds caribe\u00f1o.<\/p>\n\n\n\n<p>La delegaci\u00f3n particip\u00f3 en la ceremonia de entrega del prestigioso \u00abReconocimiento al M\u00e9rito Magisterial 2025\u00bb, celebrada en el Sal\u00f3n de Las Cari\u00e1tides del Palacio Nacional y entregado por el presidente Luis Abinader.<\/p>\n\n\n\n<p>Fueron reconocidos Carisa Musialik, Ana del Carmen Garc\u00eda y Juan Soto-Franco, por su destacada labor educativa. La delegaci\u00f3n tambi\u00e9n fue recibida en el Congreso Nacional.<\/p>\n\n\n\n<p>Este programa no solo fortaleci\u00f3 los lazos institucionales entre Hostos\/CUNY y la UASD, tambi\u00e9n abri\u00f3 nuevas posibilidades para el desarrollo de programas colaborativos, investigaciones conjuntas y proyectos de formaci\u00f3n docente entre ambos contextos.<\/p>\n\n\n\n<p>La educaci\u00f3n, como puente entre culturas, reafirm\u00f3 su papel transformador en esta enriquecedora jornada de cooperaci\u00f3n, inform\u00f3 la d\u00e9cada Garc\u00eda Reyes.<\/p>\n\n\n\n<p>En el pr\u00f3ximo mes de septiembre se otorgar\u00e1n certificados a maestros que cumplieron con los requisitos del curso y el programa en su totalidad. Para m\u00e1s informaci\u00f3n, comunicarse con Gerson Pe\u00f1a = gpena@hostos.cuny.edu<\/p>\n","protected":false},"excerpt":{"rendered":"<p>Por Ram\u00f3n Mercedes NUEVA YORK.- Directores escolares, profesores universitarios y administradores de Hostos Community College, del sistema Universitario de NYC (CUNY), y del Departamento de Educaci\u00f3n, participaron recientemente de un&hellip;<\/p>\n","protected":false},"author":10,"featured_media":104036,"comment_status":"open","ping_status":"open","sticky":false,"template":"","format":"standard","meta":{"content-type":"","jetpack_post_was_ever_published":false,"_jetpack_newsletter_access":"","_jetpack_dont_email_post_to_subs":false,"_jetpack_newsletter_tier_id":0,"_jetpack_memberships_contains_paywalled_content":false,"_jetpack_memberships_contains_paid_content":false,"footnotes":""},"categories":[16289],"tags":[21982,21984,1171,1226,10975,21981,21983],"class_list":["post-104035","post","type-post","status-publish","format-standard","has-post-thumbnail","hentry","category-internacionales","tag-adiestra","tag-aprender","tag-maestros","tag-republica-dominicana","tag-sistema-educativo","tag-universidad-de-hostos-nyc","tag-viajan"],"jetpack_featured_media_url":"https:\/\/lasprimeras.com.do\/wp-content\/uploads\/2025\/07\/WhatsApp-Image-2025-07-21-at-6.13.45-AM-2.jpeg","jetpack-related-posts":[{"id":95868,"url":"https:\/\/lasprimeras.com.do\/index.php\/2025\/03\/21\/profesor-se-hace-eco-en-nyc-que-en-tenares-estudiantes-reciben-clases-en-funeraria-exhorta-gobierno-actuar\/","url_meta":{"origin":104035,"position":0},"title":"Profesor se hace eco en NYC que en Tenares estudiantes reciben clases en funeraria; exhorta gobierno actuar","author":"Nelson Feliz","date":"21 de marzo de 2025","format":false,"excerpt":"https:\/\/www.youtube.com\/watch?v=ZK-XJhnHT5s Por Ram\u00f3n Mercedes NUEVA YORK.- El profesor dominicano Rafael Encarnaci\u00f3n, certificado en el sistema de educaci\u00f3n del estado de NY, se hizo eco de la noticia publicada en la prensa nacional dando cuenta que estudiantes del municipio de Tenares, provincia Hermanas Mirabal, reciben clases en una funeraria. \u00abEs algo\u2026","rel":"","context":"En \u00abINTERNACIONALES\u00bb","block_context":{"text":"INTERNACIONALES","link":"https:\/\/lasprimeras.com.do\/index.php\/category\/sin-categoria\/internacionales\/"},"img":{"alt_text":"Profesor se hace eco NYC en funeraria Tenares estudiantes reciben clases en funeraria","src":"https:\/\/i0.wp.com\/lasprimeras.com.do\/wp-content\/uploads\/2025\/03\/WhatsApp-Image-2025-03-21-at-5.30.09-AM-2.jpeg?resize=350%2C200&ssl=1","width":350,"height":200,"srcset":"https:\/\/i0.wp.com\/lasprimeras.com.do\/wp-content\/uploads\/2025\/03\/WhatsApp-Image-2025-03-21-at-5.30.09-AM-2.jpeg?resize=350%2C200&ssl=1 1x, https:\/\/i0.wp.com\/lasprimeras.com.do\/wp-content\/uploads\/2025\/03\/WhatsApp-Image-2025-03-21-at-5.30.09-AM-2.jpeg?resize=525%2C300&ssl=1 1.5x, https:\/\/i0.wp.com\/lasprimeras.com.do\/wp-content\/uploads\/2025\/03\/WhatsApp-Image-2025-03-21-at-5.30.09-AM-2.jpeg?resize=700%2C400&ssl=1 2x"},"classes":[]},{"id":73231,"url":"https:\/\/lasprimeras.com.do\/index.php\/2024\/01\/07\/abel-martinez-recuperara-el-sistema-educativo-colapsado-por-el-prm\/","url_meta":{"origin":104035,"position":1},"title":"Abel Mart\u00ednez recuperara el sistema educativo, colapsado por el PRM","author":"Nelson Feliz","date":"7 de enero de 2024","format":false,"excerpt":"El candidato presidencial del Partido de la Liberaci\u00f3n Dominicana (PLD), Abel Mart\u00ednez, al ponderar la dedicaci\u00f3n, esfuerzo y trabajo del magisterio nacional ratific\u00f3 su llamado a sus dirigentes a reforzar los trabajos en el seno del pueblo para obtener una victoria contundente en las elecciones de febrero y mayo respectivamente.\u2026","rel":"","context":"En \u00abPORTADA\u00bb","block_context":{"text":"PORTADA","link":"https:\/\/lasprimeras.com.do\/index.php\/category\/portada\/"},"img":{"alt_text":"Abel Mart\u00ednez","src":"https:\/\/i0.wp.com\/lasprimeras.com.do\/wp-content\/uploads\/2023\/11\/Abel-MArtinez-1.jpeg?resize=350%2C200&ssl=1","width":350,"height":200,"srcset":"https:\/\/i0.wp.com\/lasprimeras.com.do\/wp-content\/uploads\/2023\/11\/Abel-MArtinez-1.jpeg?resize=350%2C200&ssl=1 1x, https:\/\/i0.wp.com\/lasprimeras.com.do\/wp-content\/uploads\/2023\/11\/Abel-MArtinez-1.jpeg?resize=525%2C300&ssl=1 1.5x, https:\/\/i0.wp.com\/lasprimeras.com.do\/wp-content\/uploads\/2023\/11\/Abel-MArtinez-1.jpeg?resize=700%2C400&ssl=1 2x, https:\/\/i0.wp.com\/lasprimeras.com.do\/wp-content\/uploads\/2023\/11\/Abel-MArtinez-1.jpeg?resize=1050%2C600&ssl=1 3x, https:\/\/i0.wp.com\/lasprimeras.com.do\/wp-content\/uploads\/2023\/11\/Abel-MArtinez-1.jpeg?resize=1400%2C800&ssl=1 4x"},"classes":[]},{"id":110866,"url":"https:\/\/lasprimeras.com.do\/index.php\/2025\/10\/02\/clausuran-en-alto-manhattan-programa-de-desarrollo-profesional-y-estudios-2025\/","url_meta":{"origin":104035,"position":2},"title":"Clausuran en Alto Manhattan programa de Desarrollo Profesional y Estudios 2025","author":"Nelson Feliz","date":"2 de octubre de 2025","format":false,"excerpt":"Por Ram\u00f3n Mercedes NUEVA YORK.- La Universidad Hostos en El Bronx clausur\u00f3 recientemente en el Alto Manhattan su programa de \u00abDesarrollo Profesional y Estudios en el Extranjero de Verano 2025\u00bb, donde participaron directores, docentes y expertos en centros culturales dominicanos del Departamento de Educaci\u00f3n de esta ciudad. Dicha clausura se\u2026","rel":"","context":"En \u00abINTERNACIONALES\u00bb","block_context":{"text":"INTERNACIONALES","link":"https:\/\/lasprimeras.com.do\/index.php\/category\/sin-categoria\/internacionales\/"},"img":{"alt_text":"","src":"https:\/\/i0.wp.com\/lasprimeras.com.do\/wp-content\/uploads\/2025\/10\/WhatsApp-Image-2025-10-02-at-6.56.31-AM.jpeg?resize=350%2C200&ssl=1","width":350,"height":200,"srcset":"https:\/\/i0.wp.com\/lasprimeras.com.do\/wp-content\/uploads\/2025\/10\/WhatsApp-Image-2025-10-02-at-6.56.31-AM.jpeg?resize=350%2C200&ssl=1 1x, https:\/\/i0.wp.com\/lasprimeras.com.do\/wp-content\/uploads\/2025\/10\/WhatsApp-Image-2025-10-02-at-6.56.31-AM.jpeg?resize=525%2C300&ssl=1 1.5x, https:\/\/i0.wp.com\/lasprimeras.com.do\/wp-content\/uploads\/2025\/10\/WhatsApp-Image-2025-10-02-at-6.56.31-AM.jpeg?resize=700%2C400&ssl=1 2x"},"classes":[]},{"id":56146,"url":"https:\/\/lasprimeras.com.do\/index.php\/2023\/07\/28\/mescyt-aprueba-a-unanimidad-ensenanza-de-la-constitucion-en-las-universidades-del-pais\/","url_meta":{"origin":104035,"position":3},"title":"MESCYT aprueba a unanimidad ense\u00f1anza de la Constituci\u00f3n en las universidades del pa\u00eds","author":"Nelson Feliz","date":"28 de julio de 2023","format":false,"excerpt":"El Ministerio de Educaci\u00f3n Superior, Ciencia y Tecnolog\u00eda (Mescyt), a trav\u00e9s del Consejo Nacional de Educaci\u00f3n Superior (Conescyt), aprob\u00f3 con unanimidad de votos la ense\u00f1anza de la Constituci\u00f3n en las Instituciones de Educaci\u00f3n Superior (IES) en presencia del presidente del Tribunal Constitucional de la Rep\u00fablica Dominicana, Milton Ray Guevara. Durante\u2026","rel":"","context":"En \u00abNACIONALES\u00bb","block_context":{"text":"NACIONALES","link":"https:\/\/lasprimeras.com.do\/index.php\/category\/nacionales\/"},"img":{"alt_text":"mescyt","src":"https:\/\/i0.wp.com\/lasprimeras.com.do\/wp-content\/uploads\/2023\/07\/mescyt-2.jpg?resize=350%2C200&ssl=1","width":350,"height":200,"srcset":"https:\/\/i0.wp.com\/lasprimeras.com.do\/wp-content\/uploads\/2023\/07\/mescyt-2.jpg?resize=350%2C200&ssl=1 1x, https:\/\/i0.wp.com\/lasprimeras.com.do\/wp-content\/uploads\/2023\/07\/mescyt-2.jpg?resize=525%2C300&ssl=1 1.5x, https:\/\/i0.wp.com\/lasprimeras.com.do\/wp-content\/uploads\/2023\/07\/mescyt-2.jpg?resize=700%2C400&ssl=1 2x"},"classes":[]},{"id":120782,"url":"https:\/\/lasprimeras.com.do\/index.php\/2026\/01\/27\/mescyt-exhorta-a-universidades-asumir-con-mayor-rigor-la-formacion-docente\/","url_meta":{"origin":104035,"position":4},"title":"MESCyT exhorta a universidades asumir con mayor rigor la formaci\u00f3n docente","author":"Nelson Feliz","date":"27 de enero de 2026","format":false,"excerpt":"\u201cLa formaci\u00f3n que reciben los maestros comienza en la universidad. Si esa formaci\u00f3n no es s\u00f3lida, el sistema educativo seguir\u00e1 arrastrando debilidades\u201d, afirm\u00f3. El Ministerio de Educaci\u00f3n Superior, Ciencia y Tecnolog\u00eda (MESCyT) exhort\u00f3 este martes a las universidades del pa\u00eds a revisar con mayor profundidad el rigor acad\u00e9mico con el\u2026","rel":"","context":"En \u00abNACIONALES\u00bb","block_context":{"text":"NACIONALES","link":"https:\/\/lasprimeras.com.do\/index.php\/category\/nacionales\/"},"img":{"alt_text":"MESCYT","src":"https:\/\/i0.wp.com\/lasprimeras.com.do\/wp-content\/uploads\/2026\/01\/MESCYT.jpg?resize=350%2C200&ssl=1","width":350,"height":200,"srcset":"https:\/\/i0.wp.com\/lasprimeras.com.do\/wp-content\/uploads\/2026\/01\/MESCYT.jpg?resize=350%2C200&ssl=1 1x, https:\/\/i0.wp.com\/lasprimeras.com.do\/wp-content\/uploads\/2026\/01\/MESCYT.jpg?resize=525%2C300&ssl=1 1.5x, https:\/\/i0.wp.com\/lasprimeras.com.do\/wp-content\/uploads\/2026\/01\/MESCYT.jpg?resize=700%2C400&ssl=1 2x"},"classes":[]},{"id":102247,"url":"https:\/\/lasprimeras.com.do\/index.php\/2025\/07\/02\/presidenta-universidad-hostos-en-el-bronx-entre-mujeres-distinguidas-2025-por-senado-estatal-ny\/","url_meta":{"origin":104035,"position":5},"title":"Presidenta Universidad Hostos en El Bronx entre \u00abMujeres Distinguidas 2025\u00bb por Senado Estatal NY","author":"Nelson Feliz","date":"2 de julio de 2025","format":false,"excerpt":"Por Ram\u00f3n Mercedes NUEVA YORK.- La presidenta del Hostos Community College, la dominicana Daisy Cocco De Filippis, Ph.D., ha sido reconocida por el Senado del Estado de NY como una de las Mujeres Distinguidas de 2025 por su liderazgo ejemplar, dedicaci\u00f3n y sus importantes contribuciones a la comunidad. Cocco De\u2026","rel":"","context":"En \u00abINTERNACIONALES\u00bb","block_context":{"text":"INTERNACIONALES","link":"https:\/\/lasprimeras.com.do\/index.php\/category\/sin-categoria\/internacionales\/"},"img":{"alt_text":"","src":"https:\/\/i0.wp.com\/lasprimeras.com.do\/wp-content\/uploads\/2025\/07\/presidenta-Universidad-Hostos-en-El-Bronx.jpg?resize=350%2C200&ssl=1","width":350,"height":200,"srcset":"https:\/\/i0.wp.com\/lasprimeras.com.do\/wp-content\/uploads\/2025\/07\/presidenta-Universidad-Hostos-en-El-Bronx.jpg?resize=350%2C200&ssl=1 1x, https:\/\/i0.wp.com\/lasprimeras.com.do\/wp-content\/uploads\/2025\/07\/presidenta-Universidad-Hostos-en-El-Bronx.jpg?resize=525%2C300&ssl=1 1.5x"},"classes":[]}],"jetpack_sharing_enabled":true,"_links":{"self":[{"href":"https:\/\/lasprimeras.com.do\/index.php\/wp-json\/wp\/v2\/posts\/104035","targetHints":{"allow":["GET"]}}],"collection":[{"href":"https:\/\/lasprimeras.com.do\/index.php\/wp-json\/wp\/v2\/posts"}],"about":[{"href":"https:\/\/lasprimeras.com.do\/index.php\/wp-json\/wp\/v2\/types\/post"}],"author":[{"embeddable":true,"href":"https:\/\/lasprimeras.com.do\/index.php\/wp-json\/wp\/v2\/users\/10"}],"replies":[{"embeddable":true,"href":"https:\/\/lasprimeras.com.do\/index.php\/wp-json\/wp\/v2\/comments?post=104035"}],"version-history":[{"count":1,"href":"https:\/\/lasprimeras.com.do\/index.php\/wp-json\/wp\/v2\/posts\/104035\/revisions"}],"predecessor-version":[{"id":104037,"href":"https:\/\/lasprimeras.com.do\/index.php\/wp-json\/wp\/v2\/posts\/104035\/revisions\/104037"}],"wp:featuredmedia":[{"embeddable":true,"href":"https:\/\/lasprimeras.com.do\/index.php\/wp-json\/wp\/v2\/media\/104036"}],"wp:attachment":[{"href":"https:\/\/lasprimeras.com.do\/index.php\/wp-json\/wp\/v2\/media?parent=104035"}],"wp:term":[{"taxonomy":"category","embeddable":true,"href":"https:\/\/lasprimeras.com.do\/index.php\/wp-json\/wp\/v2\/categories?post=104035"},{"taxonomy":"post_tag","embeddable":true,"href":"https:\/\/lasprimeras.com.do\/index.php\/wp-json\/wp\/v2\/tags?post=104035"}],"curies":[{"name":"wp","href":"https:\/\/api.w.org\/{rel}","templated":true}]}}