{"id":104041,"date":"2025-07-21T11:36:02","date_gmt":"2025-07-21T15:36:02","guid":{"rendered":"https:\/\/lasprimeras.com.do\/?p=104041"},"modified":"2025-07-21T11:36:04","modified_gmt":"2025-07-21T15:36:04","slug":"en-nyc-aumentan-ataques-contra-personas-envejecientes-residen-decenas-miles-de-dominicanos","status":"publish","type":"post","link":"https:\/\/lasprimeras.com.do\/index.php\/2025\/07\/21\/en-nyc-aumentan-ataques-contra-personas-envejecientes-residen-decenas-miles-de-dominicanos\/","title":{"rendered":"En NYC aumentan ataques contra personas envejecientes; residen decenas miles de dominicanos"},"content":{"rendered":"\n<p>Por Ram\u00f3n Mercedes<\/p>\n\n\n\n<p>NUEVA YORK.- Los ataques a neoyorquinos mayores aumentan a medida que crece la poblaci\u00f3n de la tercera edad en la ciudad. Se estima en m\u00e1s de 1.4 millones los envejecientes residentes en la Gran Manzana.<\/p>\n\n\n\n<p>Decenas de miles de envejecientes dominicanos residen en los cinco condados.<\/p>\n\n\n\n<p>El \u00faltimo ataque contra un envejeciente reportado por la Polic\u00eda ocurri\u00f3 este fin de semana, cuando un hombre de 73 a\u00f1os fue golpeado con su propio bast\u00f3n en la parada del metro de la calle 86 en Gravesend, en Brooklyn, dej\u00e1ndolo hospitalizado con un brazo roto y golpes en la cabeza.<\/p>\n\n\n\n<p>El joven agresor escap\u00f3.<\/p>\n\n\n\n<p>Datos de la polic\u00eda neoyorkina muestran que las agresiones contra personas mayores de 65 a\u00f1os han aumentado un 125%. Este aumento ha sorprendido a los defensores de los derechos de las personas mayores.<\/p>\n\n\n\n<p>Los expertos afirman que el envejecimiento de la poblaci\u00f3n de la ciudad ha sido un factor contribuyente. Este grupo demogr\u00e1fico ha crecido en m\u00e1s de 200.000 personas entre 2017 y 2023, pasando de 1,2 millones a 1,4 millones, seg\u00fan datos del censo.<\/p>\n\n\n\n<p>\u00abEsto preocupa a AARP NY\u00bb, organizaci\u00f3n sin fines de lucro y no partidista que se dedica a mejorar la calidad de vida de las personas mayores de 50 a\u00f1os en Estados Unidos\u201d, declar\u00f3 Beth Finkel, directora en el estado de NY.<\/p>\n\n\n\n<p>\u00abCreemos que los legisladores deber\u00edan centrarse en desarrollar y financiar programas para que las comunidades sean m\u00e1s seguras para los residentes que viven en diversos entornos\u00bb, indic\u00f3.<\/p>\n\n\n\n<p>La especializada en delitos contra personas mayores, Julie Brancale, sostiene que varios factores potenciales podr\u00edan hacer que los neoyorquinos mayores sean m\u00e1s vulnerables.<\/p>\n\n\n\n<p>\u201cNo solo estamos viendo este aumento, sino que tambi\u00e9n hay un cambio en la percepci\u00f3n que tenemos de nuestros adultos mayores\u201d, dijo. \u201c\u00bfSon vulnerables y f\u00e1ciles de abusar econ\u00f3micamente, sexualmente y f\u00edsicamente?\u201d<\/p>\n\n\n\n<p>Para 2040 se prev\u00e9 que la poblaci\u00f3n de m\u00e1s de 60 a\u00f1os en NY se mantenga alta en 1.86 millones, lo cual representa un aumento del 31.0 % con respecto a 2010.<\/p>\n","protected":false},"excerpt":{"rendered":"<p>Por Ram\u00f3n Mercedes NUEVA YORK.- Los ataques a neoyorquinos mayores aumentan a medida que crece la poblaci\u00f3n de la tercera edad en la ciudad. Se estima en m\u00e1s de 1.4&hellip;<\/p>\n","protected":false},"author":10,"featured_media":104042,"comment_status":"open","ping_status":"open","sticky":false,"template":"","format":"standard","meta":{"content-type":"","jetpack_post_was_ever_published":false,"_jetpack_newsletter_access":"","_jetpack_dont_email_post_to_subs":false,"_jetpack_newsletter_tier_id":0,"_jetpack_memberships_contains_paywalled_content":false,"_jetpack_memberships_contains_paid_content":false,"footnotes":""},"categories":[16289],"tags":[5605,6720,487,1197,316,21987],"class_list":["post-104041","post","type-post","status-publish","format-standard","has-post-thumbnail","hentry","category-internacionales","tag-ataques","tag-decenas","tag-dominicanos","tag-miles","tag-nyc","tag-personas-envejecientes"],"jetpack_featured_media_url":"https:\/\/lasprimeras.com.do\/wp-content\/uploads\/2025\/07\/WhatsApp-Image-2025-07-21-at-6.13.46-AM-1.jpeg","jetpack-related-posts":[{"id":115370,"url":"https:\/\/lasprimeras.com.do\/index.php\/2025\/11\/21\/aumentan-agresiones-contra-envejecientes-en-nyc-exhortan-dominicanos-tomar-precaucion\/","url_meta":{"origin":104041,"position":0},"title":"Aumentan agresiones contra envejecientes en NYC; exhortan dominicanos tomar precauci\u00f3n","author":"Nelson Feliz","date":"21 de noviembre de 2025","format":false,"excerpt":"Por Ram\u00f3n Mercedes NUEVA YORK.- La Polic\u00eda de esta ciudad (NYPD) informa que envejecientes est\u00e1n sufriendo agresiones f\u00edsicas por parte de desaprensivos. \u00abEs muy alarmante\u00bb, sostiene la instituci\u00f3n del orden, porque es un aumento de las agresiones contra personas mayores, proporcionales trompadas, patadas, asaltos y empujones, entre otros actos violentos.\u2026","rel":"","context":"En \u00abLA VOZ DE LA DIASPORA\u00bb","block_context":{"text":"LA VOZ DE LA DIASPORA","link":"https:\/\/lasprimeras.com.do\/index.php\/category\/la-voz-de-la-diaspora\/"},"img":{"alt_text":"Autoridades NY proporcionan mayores ayudas a v\u00edctimas de delitos y cr\u00edmenes","src":"https:\/\/i0.wp.com\/lasprimeras.com.do\/wp-content\/uploads\/2025\/11\/WhatsApp-Image-2025-11-21-at-6.49.33-AM.jpeg?resize=350%2C200&ssl=1","width":350,"height":200,"srcset":"https:\/\/i0.wp.com\/lasprimeras.com.do\/wp-content\/uploads\/2025\/11\/WhatsApp-Image-2025-11-21-at-6.49.33-AM.jpeg?resize=350%2C200&ssl=1 1x, https:\/\/i0.wp.com\/lasprimeras.com.do\/wp-content\/uploads\/2025\/11\/WhatsApp-Image-2025-11-21-at-6.49.33-AM.jpeg?resize=525%2C300&ssl=1 1.5x"},"classes":[]},{"id":100844,"url":"https:\/\/lasprimeras.com.do\/index.php\/2025\/06\/12\/desconocidos-golpean-y-desprenden-violentamente-prenda-a-envejecientes-en-el-alto-manhattan\/","url_meta":{"origin":104041,"position":1},"title":"Desconocidos golpean y desprenden violentamente prenda a envejecientes en el Alto Manhattan","author":"Nelson Feliz","date":"12 de junio de 2025","format":false,"excerpt":"Por Ram\u00f3n Mercedes NUEVA YORK.- Tres j\u00f3venes desconocidos arrancaron violentamente en el Alto Manhattan una cadena valorada en US$5,000 mil d\u00f3lares (equivalente a unos RD$300 mil pesos dominicanos), a un envejeciente de 62. La polic\u00eda no identific\u00f3 la nacionalidad ni dio a conocer el nombre de la v\u00edctima. Por el\u2026","rel":"","context":"En \u00abINTERNACIONALES\u00bb","block_context":{"text":"INTERNACIONALES","link":"https:\/\/lasprimeras.com.do\/index.php\/category\/sin-categoria\/internacionales\/"},"img":{"alt_text":"","src":"https:\/\/i0.wp.com\/lasprimeras.com.do\/wp-content\/uploads\/2025\/06\/WhatsApp-Image-2025-06-12-at-5.10.49-AM-3.jpeg?resize=350%2C200&ssl=1","width":350,"height":200,"srcset":"https:\/\/i0.wp.com\/lasprimeras.com.do\/wp-content\/uploads\/2025\/06\/WhatsApp-Image-2025-06-12-at-5.10.49-AM-3.jpeg?resize=350%2C200&ssl=1 1x, https:\/\/i0.wp.com\/lasprimeras.com.do\/wp-content\/uploads\/2025\/06\/WhatsApp-Image-2025-06-12-at-5.10.49-AM-3.jpeg?resize=525%2C300&ssl=1 1.5x, https:\/\/i0.wp.com\/lasprimeras.com.do\/wp-content\/uploads\/2025\/06\/WhatsApp-Image-2025-06-12-at-5.10.49-AM-3.jpeg?resize=700%2C400&ssl=1 2x"},"classes":[]},{"id":116083,"url":"https:\/\/lasprimeras.com.do\/index.php\/2025\/11\/27\/expresa-preocupacion-por-aumento-agresiones-fisicas-en-nyc-contra-personas-mayores\/","url_meta":{"origin":104041,"position":2},"title":"Expresa preocupaci\u00f3n por aumento agresiones f\u00edsicas en NYC contra personas mayores","author":"Nelson Feliz","date":"27 de noviembre de 2025","format":false,"excerpt":"Por Ram\u00f3n Mercedes NUEVA YORK.- El asesor de seguros de salud (Medicaid y Medicare) en esta ciudad, Jaime Vargas, que ofrece servicios gratuitos a miles de envejecientes anualmente en el Alto Manhattan, expresa preocupaci\u00f3n por el aumento de agresiones f\u00edsicas y otros actos de violencia contra personas mayores. El reconocido\u2026","rel":"","context":"En \u00abLA VOZ DE LA DIASPORA\u00bb","block_context":{"text":"LA VOZ DE LA DIASPORA","link":"https:\/\/lasprimeras.com.do\/index.php\/category\/la-voz-de-la-diaspora\/"},"img":{"alt_text":"","src":"https:\/\/i0.wp.com\/lasprimeras.com.do\/wp-content\/uploads\/2025\/11\/agresiones-fisicas-en-NYC.jpeg?resize=350%2C200&ssl=1","width":350,"height":200,"srcset":"https:\/\/i0.wp.com\/lasprimeras.com.do\/wp-content\/uploads\/2025\/11\/agresiones-fisicas-en-NYC.jpeg?resize=350%2C200&ssl=1 1x, https:\/\/i0.wp.com\/lasprimeras.com.do\/wp-content\/uploads\/2025\/11\/agresiones-fisicas-en-NYC.jpeg?resize=525%2C300&ssl=1 1.5x, https:\/\/i0.wp.com\/lasprimeras.com.do\/wp-content\/uploads\/2025\/11\/agresiones-fisicas-en-NYC.jpeg?resize=700%2C400&ssl=1 2x"},"classes":[]},{"id":124721,"url":"https:\/\/lasprimeras.com.do\/index.php\/2026\/03\/16\/agencias-de-servicios-nyc-atienden-a-envejecientes-tendrian-us32-millones-menos-en-2027-dominicanos-entre-perjudicados\/","url_meta":{"origin":104041,"position":3},"title":"Agencias de servicios NYC atienden a envejecientes tendr\u00edan US$32 millones menos en 2027; dominicanos entre perjudicados","author":"Nelson Feliz","date":"16 de marzo de 2026","format":false,"excerpt":"Por Ram\u00f3n Mercedes NUEVA YORK.- El plan preliminar para las agencias de servicios que atienden a personas envejecientes en esta ciudad propone 573 millones de d\u00f3lares para el a\u00f1o fiscal 2027, unos 32 millones menos que el presupuesto actual. Miles de dominicanos, entre otras etnias, que reciben dichos servicios en\u2026","rel":"","context":"En \u00abECONOM\u00cdA\u00bb","block_context":{"text":"ECONOM\u00cdA","link":"https:\/\/lasprimeras.com.do\/index.php\/category\/economia\/"},"img":{"alt_text":"","src":"https:\/\/i0.wp.com\/lasprimeras.com.do\/wp-content\/uploads\/2026\/03\/IMG-20260316-WA0043.jpg?resize=350%2C200&ssl=1","width":350,"height":200,"srcset":"https:\/\/i0.wp.com\/lasprimeras.com.do\/wp-content\/uploads\/2026\/03\/IMG-20260316-WA0043.jpg?resize=350%2C200&ssl=1 1x, https:\/\/i0.wp.com\/lasprimeras.com.do\/wp-content\/uploads\/2026\/03\/IMG-20260316-WA0043.jpg?resize=525%2C300&ssl=1 1.5x"},"classes":[]},{"id":102405,"url":"https:\/\/lasprimeras.com.do\/index.php\/2025\/07\/04\/fbi-alerta-de-estafa-contra-ancianos-en-usa\/","url_meta":{"origin":104041,"position":4},"title":"FBI alerta de estafa contra ancianos en USA","author":"Nelson Feliz","date":"4 de julio de 2025","format":false,"excerpt":"Por Ram\u00f3n Mercedes NUEVA YORK.- El FBI ha emitido una alerta sobre una nueva estafa de correos y mensajes falsos por delincuentes que se hacen pasar por aseguradoras de salud o por sus supuestos equipos de investigaci\u00f3n para robar informaci\u00f3n personal. Actualmente en territorio estadounidense residen decenas de miles de\u2026","rel":"","context":"En \u00abINTERNACIONALES\u00bb","block_context":{"text":"INTERNACIONALES","link":"https:\/\/lasprimeras.com.do\/index.php\/category\/sin-categoria\/internacionales\/"},"img":{"alt_text":"FBI alerta de estafa contra ancianos en USA donde residen miles de envejecientes dominicanos","src":"https:\/\/i0.wp.com\/lasprimeras.com.do\/wp-content\/uploads\/2025\/07\/WhatsApp-Image-2025-07-04-at-6.05.53-AM.jpeg?resize=350%2C200&ssl=1","width":350,"height":200,"srcset":"https:\/\/i0.wp.com\/lasprimeras.com.do\/wp-content\/uploads\/2025\/07\/WhatsApp-Image-2025-07-04-at-6.05.53-AM.jpeg?resize=350%2C200&ssl=1 1x, https:\/\/i0.wp.com\/lasprimeras.com.do\/wp-content\/uploads\/2025\/07\/WhatsApp-Image-2025-07-04-at-6.05.53-AM.jpeg?resize=525%2C300&ssl=1 1.5x"},"classes":[]},{"id":121862,"url":"https:\/\/lasprimeras.com.do\/index.php\/2026\/02\/11\/violencia-en-vecindarios-nyc-residen-dominicanos-y-otras-etnias\/","url_meta":{"origin":104041,"position":5},"title":"Violencia en vecindarios NYC residen dominicanos y otras etnias","author":"Nelson Feliz","date":"11 de febrero de 2026","format":false,"excerpt":"Por Ram\u00f3n Mercedes NUEVA YORK.- Varios actos de violencia han ocurrido en vecindarios de esta ciudad donde residen cientos de familias dominicanas, entre otras etnias. Un hombre de 41 a\u00f1os, presuntamente dominicano, muri\u00f3 de un disparo la tarde de este martes durante una pelea en la estaci\u00f3n del tren D\u2026","rel":"","context":"En \u00abINTERNACIONALES\u00bb","block_context":{"text":"INTERNACIONALES","link":"https:\/\/lasprimeras.com.do\/index.php\/category\/sin-categoria\/internacionales\/"},"img":{"alt_text":"","src":"https:\/\/i0.wp.com\/lasprimeras.com.do\/wp-content\/uploads\/2026\/02\/Violencia-en-vecindarios-NYC-residen-dominicanos-y-otras-etnias.jpg?resize=350%2C200&ssl=1","width":350,"height":200,"srcset":"https:\/\/i0.wp.com\/lasprimeras.com.do\/wp-content\/uploads\/2026\/02\/Violencia-en-vecindarios-NYC-residen-dominicanos-y-otras-etnias.jpg?resize=350%2C200&ssl=1 1x, https:\/\/i0.wp.com\/lasprimeras.com.do\/wp-content\/uploads\/2026\/02\/Violencia-en-vecindarios-NYC-residen-dominicanos-y-otras-etnias.jpg?resize=525%2C300&ssl=1 1.5x"},"classes":[]}],"jetpack_sharing_enabled":true,"_links":{"self":[{"href":"https:\/\/lasprimeras.com.do\/index.php\/wp-json\/wp\/v2\/posts\/104041","targetHints":{"allow":["GET"]}}],"collection":[{"href":"https:\/\/lasprimeras.com.do\/index.php\/wp-json\/wp\/v2\/posts"}],"about":[{"href":"https:\/\/lasprimeras.com.do\/index.php\/wp-json\/wp\/v2\/types\/post"}],"author":[{"embeddable":true,"href":"https:\/\/lasprimeras.com.do\/index.php\/wp-json\/wp\/v2\/users\/10"}],"replies":[{"embeddable":true,"href":"https:\/\/lasprimeras.com.do\/index.php\/wp-json\/wp\/v2\/comments?post=104041"}],"version-history":[{"count":1,"href":"https:\/\/lasprimeras.com.do\/index.php\/wp-json\/wp\/v2\/posts\/104041\/revisions"}],"predecessor-version":[{"id":104043,"href":"https:\/\/lasprimeras.com.do\/index.php\/wp-json\/wp\/v2\/posts\/104041\/revisions\/104043"}],"wp:featuredmedia":[{"embeddable":true,"href":"https:\/\/lasprimeras.com.do\/index.php\/wp-json\/wp\/v2\/media\/104042"}],"wp:attachment":[{"href":"https:\/\/lasprimeras.com.do\/index.php\/wp-json\/wp\/v2\/media?parent=104041"}],"wp:term":[{"taxonomy":"category","embeddable":true,"href":"https:\/\/lasprimeras.com.do\/index.php\/wp-json\/wp\/v2\/categories?post=104041"},{"taxonomy":"post_tag","embeddable":true,"href":"https:\/\/lasprimeras.com.do\/index.php\/wp-json\/wp\/v2\/tags?post=104041"}],"curies":[{"name":"wp","href":"https:\/\/api.w.org\/{rel}","templated":true}]}}