{"id":104049,"date":"2025-07-21T12:17:31","date_gmt":"2025-07-21T16:17:31","guid":{"rendered":"https:\/\/lasprimeras.com.do\/?p=104049"},"modified":"2025-07-21T12:17:32","modified_gmt":"2025-07-21T16:17:32","slug":"juramentan-miembros-nueva-asociacion-de-servidores-publicos-del-inavi","status":"publish","type":"post","link":"https:\/\/lasprimeras.com.do\/index.php\/2025\/07\/21\/juramentan-miembros-nueva-asociacion-de-servidores-publicos-del-inavi\/","title":{"rendered":"Juramentan miembros nueva Asociaci\u00f3n de Servidores P\u00fablicos del INAVI"},"content":{"rendered":"\n<p class=\"wp-block-paragraph\">El Ministerio de Administraci\u00f3n P\u00fablica (MAP), jurament\u00f3 la nueva directiva de la Asociaci\u00f3n de Servidores P\u00fablicos del Instituto de Auxilios (INAVI), durante una masiva asamblea que cont\u00f3 con la presencia del administrador general de la entidad, Dr. Elsido D\u00edaz Bueno.<\/p>\n\n\n\n<p class=\"wp-block-paragraph\">D\u00edaz Bueno augur\u00f3 que la Asociaci\u00f3n de Servidores P\u00fablicos del INAVI (ASPINAVI), contribuir\u00e1 al desarrollo y bienestar de los colaboradores, mejorando la eficiencia institucional y en el servicio p\u00fablico.<\/p>\n\n\n\n<p class=\"wp-block-paragraph\">Al tomar juramento a los integrantes de la nueva directiva, el representante del Ministerio de Administraci\u00f3n P\u00fablica (MAP), Adriano del Carmen, les record\u00f3 el compromiso que tienen con el Estado y con los compa\u00f1eros de labores, de trabajar a favor de la instituci\u00f3n.<\/p>\n\n\n\n<p class=\"wp-block-paragraph\">&#8220;Deben trabajar con las autoridades, ya que fortalecer el INAVI es un trabajo de todos; s\u00f3lo deben planificar sus acciones y los resultados ser\u00e1n positivos&#8221;, sostuvo el representante del MAP y garante del proceso electoral, Adriano del Carmen.<\/p>\n\n\n\n<p class=\"wp-block-paragraph\">De su lado, el nuevo presidente de la Asociaci\u00f3n de Servidores P\u00fablicos del INAVI (ASPINAVI), Jos\u00e9 Cruz, agradeci\u00f3 el apoyo recibido tanto de los colaboradores como de las autoridades, y prometi\u00f3 trabajar para beneficio de todos y el fortalecimiento de la instituci\u00f3n.<\/p>\n\n\n\n<p class=\"wp-block-paragraph\">La Comisi\u00f3n Electoral, responsable de organizar y validar el procedo, fue presidida por Johnny Reyes; la Dra. Jacqueline Ram\u00edrez, vicepresidenta y Liliana Montero, secretaria.<\/p>\n\n\n\n<p class=\"wp-block-paragraph\">Adem\u00e1s de Jos\u00e9 Cruz, como presidente; integran la directiva, Freddy Herrera Beltr\u00e9, vicepresidente; Effel Damaris Mojica, tesorera y Josefina Genao, secretaria.<\/p>\n\n\n\n<p class=\"wp-block-paragraph\">En tanto, que como vocales figuran, Hansel Anyelo Industrus, Modesta Figuereo, Fernanda Rubio, Orlando Pi\u00f1a y Ana Elisa Pineda; mientras que Jenny Esther Vargas, ser\u00e1 la comisaria de cuentas.<\/p>\n\n\n\n<p class=\"wp-block-paragraph\">Las Asociaciones de Servidores P\u00fablicos son organizaciones formadas por empleados del Estado con el objetivo de defender sus derechos laborales, promover su desarrollo y mejorar las condiciones de trabajo en la administraci\u00f3n p\u00fablica.<\/p>\n","protected":false},"excerpt":{"rendered":"<p>El Ministerio de Administraci\u00f3n P\u00fablica (MAP), jurament\u00f3 la nueva directiva de la Asociaci\u00f3n de Servidores P\u00fablicos del Instituto de Auxilios (INAVI), durante una masiva asamblea que cont\u00f3 con la presencia&hellip;<\/p>\n","protected":false},"author":10,"featured_media":104050,"comment_status":"open","ping_status":"open","sticky":false,"template":"","format":"standard","meta":{"content-type":"","_jetpack_newsletter_access":"","_jetpack_dont_email_post_to_subs":false,"_jetpack_newsletter_tier_id":0,"_jetpack_memberships_contains_paywalled_content":false,"_jetpack_feature_clip_id":0,"_jetpack_memberships_contains_paid_content":false,"footnotes":"","jetpack_post_was_ever_published":false},"categories":[35],"tags":[1139,21992,150,475,296,4745],"class_list":["post-104049","post","type-post","status-publish","format-standard","has-post-thumbnail","hentry","category-nacionales","tag-asociacion","tag-inavi","tag-juramentan","tag-miembros","tag-publicos","tag-servidores"],"jetpack-related-posts":[{"id":123015,"url":"https:\/\/lasprimeras.com.do\/index.php\/2026\/02\/24\/inavi-e-inabie-firman-trascendental-acuerdo-en-beneficio-de-colaboradores\/","url_meta":{"origin":104049,"position":0},"title":"INAVI e INABIE firman trascendental acuerdo en beneficio de colaboradores","author":"Nelson Feliz","date":"24 de febrero de 2026","format":false,"excerpt":"Mediante la firma de un importante convenio interinstitucional, el Instituto de Auxilios (INAVI) acord\u00f3 beneficiar de los servicios funerarios de que dispone, a todos los colaboradores del Instituto Nacional de Bienestar Estudiantil (INABIE). El acuerdo fue rubricado por el administrador general del INAVI, Dr. Elsido D\u00edaz Bueno y el director\u2026","rel":"","context":"En \u00abNACIONALES\u00bb","block_context":{"text":"NACIONALES","link":"https:\/\/lasprimeras.com.do\/index.php\/category\/nacionales\/"},"img":{"alt_text":"","src":"https:\/\/i0.wp.com\/lasprimeras.com.do\/wp-content\/uploads\/2026\/02\/acuerdo-1.jpg?resize=350%2C200&ssl=1","width":350,"height":200,"srcset":"https:\/\/i0.wp.com\/lasprimeras.com.do\/wp-content\/uploads\/2026\/02\/acuerdo-1.jpg?resize=350%2C200&ssl=1 1x, https:\/\/i0.wp.com\/lasprimeras.com.do\/wp-content\/uploads\/2026\/02\/acuerdo-1.jpg?resize=525%2C300&ssl=1 1.5x, https:\/\/i0.wp.com\/lasprimeras.com.do\/wp-content\/uploads\/2026\/02\/acuerdo-1.jpg?resize=700%2C400&ssl=1 2x"},"classes":[]},{"id":86322,"url":"https:\/\/lasprimeras.com.do\/index.php\/2024\/07\/22\/vicepresidenta-juramenta-nuevos-ministros-de-administracion-publica-y-de-la-juventud\/","url_meta":{"origin":104049,"position":1},"title":"Vicepresidenta juramenta nuevos ministros de Administraci\u00f3n P\u00fablica y de la Juventud","author":"Nelson Feliz","date":"22 de julio de 2024","format":false,"excerpt":"La vicepresidenta de la Rep\u00fablica, Raquel Pe\u00f1a, jurament\u00f3 este lunes a Sigmund Freund Mena, como el nuevo ministro de Administraci\u00f3n P\u00fablica y a Carlos Jos\u00e9 Valdez Matos al frente del Ministerio de la Juventud. La vicemandataria manifest\u00f3 su confianza en que los nuevos ministros dejar\u00e1n sus huellas en sus respectivas\u2026","rel":"","context":"En \u00abNACIONALES\u00bb","block_context":{"text":"NACIONALES","link":"https:\/\/lasprimeras.com.do\/index.php\/category\/nacionales\/"},"img":{"alt_text":"","src":"https:\/\/i0.wp.com\/lasprimeras.com.do\/wp-content\/uploads\/2024\/07\/Simound.jpg?resize=350%2C200&ssl=1","width":350,"height":200,"srcset":"https:\/\/i0.wp.com\/lasprimeras.com.do\/wp-content\/uploads\/2024\/07\/Simound.jpg?resize=350%2C200&ssl=1 1x, https:\/\/i0.wp.com\/lasprimeras.com.do\/wp-content\/uploads\/2024\/07\/Simound.jpg?resize=525%2C300&ssl=1 1.5x, https:\/\/i0.wp.com\/lasprimeras.com.do\/wp-content\/uploads\/2024\/07\/Simound.jpg?resize=700%2C400&ssl=1 2x"},"classes":[]},{"id":101986,"url":"https:\/\/lasprimeras.com.do\/index.php\/2025\/06\/30\/el-estado-contrato-a-mas-de-47049-servidores-publicos-en-ultimo-ano\/","url_meta":{"origin":104049,"position":2},"title":"El Estado contrat\u00f3 a m\u00e1s de 47,049 servidores p\u00fablicos en \u00faltimo a\u00f1o","author":"Nelson Feliz","date":"30 de junio de 2025","format":false,"excerpt":"La mayor\u00eda de los nuevos empleados contratados son mujeres, 36,066, un 76.65 % El Ministerio de Administraci\u00f3n P\u00fablica (MAP) inform\u00f3 que, entre el primer trimestre de 2024 y el primer trimestre de 2025, la n\u00f3mina p\u00fablica del Estado registr\u00f3 un aumento absoluto de 47,049 servidores, lo que representa un crecimiento\u2026","rel":"","context":"En \u00abECONOM\u00cdA\u00bb","block_context":{"text":"ECONOM\u00cdA","link":"https:\/\/lasprimeras.com.do\/index.php\/category\/economia\/"},"img":{"alt_text":"","src":"https:\/\/i0.wp.com\/lasprimeras.com.do\/wp-content\/uploads\/2025\/06\/MAP.jpg?resize=350%2C200&ssl=1","width":350,"height":200,"srcset":"https:\/\/i0.wp.com\/lasprimeras.com.do\/wp-content\/uploads\/2025\/06\/MAP.jpg?resize=350%2C200&ssl=1 1x, https:\/\/i0.wp.com\/lasprimeras.com.do\/wp-content\/uploads\/2025\/06\/MAP.jpg?resize=525%2C300&ssl=1 1.5x, https:\/\/i0.wp.com\/lasprimeras.com.do\/wp-content\/uploads\/2025\/06\/MAP.jpg?resize=700%2C400&ssl=1 2x"},"classes":[]},{"id":136663,"url":"https:\/\/lasprimeras.com.do\/index.php\/2026\/08\/06\/pld-denuncia-desorden-en-la-administracion-publica-en-el-gobierno-del-prm\/","url_meta":{"origin":104049,"position":3},"title":"PLD denuncia desorden en la administraci\u00f3n p\u00fablica en el Gobierno del PRM","author":"Nelson Feliz","date":"6 de agosto de 2026","format":false,"excerpt":"Johnny Pujols, Secretario General del PLD, en nombre del Partido exige respeto al trabajo del eficiente servidor p\u00fablico, Ram\u00f3n Ventura Camejo Santo Domingo = El Secretario General del Partido de la Liberaci\u00f3n Dominicana (PLD), Johnny Pujols, consider\u00f3 una gran irresponsabilidad atribuir el descontrol del gobierno actual en la administraci\u00f3n p\u00fablica\u2026","rel":"","context":"En \u00abPORTADA\u00bb","block_context":{"text":"PORTADA","link":"https:\/\/lasprimeras.com.do\/index.php\/category\/portada\/"},"img":{"alt_text":"","src":"https:\/\/i0.wp.com\/lasprimeras.com.do\/wp-content\/uploads\/2026\/06\/Johnny-Pujols.jpg?resize=350%2C200&ssl=1","width":350,"height":200,"srcset":"https:\/\/i0.wp.com\/lasprimeras.com.do\/wp-content\/uploads\/2026\/06\/Johnny-Pujols.jpg?resize=350%2C200&ssl=1 1x, https:\/\/i0.wp.com\/lasprimeras.com.do\/wp-content\/uploads\/2026\/06\/Johnny-Pujols.jpg?resize=525%2C300&ssl=1 1.5x, https:\/\/i0.wp.com\/lasprimeras.com.do\/wp-content\/uploads\/2026\/06\/Johnny-Pujols.jpg?resize=700%2C400&ssl=1 2x"},"classes":[]},{"id":84862,"url":"https:\/\/lasprimeras.com.do\/index.php\/2024\/06\/16\/asodoprom-juramenta-comision-de-abogados-que-asistira-legalmente-a-sus-miembros\/","url_meta":{"origin":104049,"position":4},"title":"Asodoprom juramenta comisi\u00f3n de abogados que asistir\u00e1 legalmente a sus miembros","author":"Nelson Feliz","date":"16 de junio de 2024","format":false,"excerpt":"La Asociaci\u00f3n Dominicana de Productores de Opini\u00f3n P\u00fablica, (Asodoprom), jurament\u00f3 una comisi\u00f3n de abogados que asistir\u00e1 legalmente a sus miembros de manera gratuita. En un acto celebrado en el local de Asodoprom, los abogados firmantes del acuerdo se comprometen a defender de manera gratuita a los productores afiliados a dicha\u2026","rel":"","context":"En \u00abNACIONALES\u00bb","block_context":{"text":"NACIONALES","link":"https:\/\/lasprimeras.com.do\/index.php\/category\/nacionales\/"},"img":{"alt_text":"Asodoprom","src":"https:\/\/i0.wp.com\/lasprimeras.com.do\/wp-content\/uploads\/2024\/06\/Asodoprom-1.jpg?resize=350%2C200&ssl=1","width":350,"height":200,"srcset":"https:\/\/i0.wp.com\/lasprimeras.com.do\/wp-content\/uploads\/2024\/06\/Asodoprom-1.jpg?resize=350%2C200&ssl=1 1x, https:\/\/i0.wp.com\/lasprimeras.com.do\/wp-content\/uploads\/2024\/06\/Asodoprom-1.jpg?resize=525%2C300&ssl=1 1.5x"},"classes":[]},{"id":95014,"url":"https:\/\/lasprimeras.com.do\/index.php\/2025\/03\/07\/ministro-de-salud-victor-atallah-juramenta-a-dos-nuevos-viceministros\/","url_meta":{"origin":104049,"position":5},"title":"Ministro de Salud, V\u00edctor Atallah, juramenta a dos nuevos viceministros","author":"Nelson Feliz","date":"7 de marzo de 2025","format":false,"excerpt":"Exhort\u00f3 a los funcionarios a continuar trabajando por el bienestar de la poblaci\u00f3n. El ministro de Salud, V\u00edctor Atallah, jurament\u00f3 a dos nuevos viceministros de esa instituci\u00f3n, Luis Nelson Rosario Socias, de la Direcciones Provinciales de Salud, y Gina Beatriz Estrella Ramia, de Gesti\u00f3n de Riesgo y Salud Ambiental, durante\u2026","rel":"","context":"En \u00abNACIONALES\u00bb","block_context":{"text":"NACIONALES","link":"https:\/\/lasprimeras.com.do\/index.php\/category\/nacionales\/"},"img":{"alt_text":"","src":"https:\/\/i0.wp.com\/lasprimeras.com.do\/wp-content\/uploads\/2025\/03\/atallah.jpg?resize=350%2C200&ssl=1","width":350,"height":200,"srcset":"https:\/\/i0.wp.com\/lasprimeras.com.do\/wp-content\/uploads\/2025\/03\/atallah.jpg?resize=350%2C200&ssl=1 1x, https:\/\/i0.wp.com\/lasprimeras.com.do\/wp-content\/uploads\/2025\/03\/atallah.jpg?resize=525%2C300&ssl=1 1.5x"},"classes":[]}],"jetpack_sharing_enabled":true,"jetpack_featured_media_url":"https:\/\/lasprimeras.com.do\/wp-content\/uploads\/2025\/07\/servidores.jpg","_links":{"self":[{"href":"https:\/\/lasprimeras.com.do\/index.php\/wp-json\/wp\/v2\/posts\/104049","targetHints":{"allow":["GET"]}}],"collection":[{"href":"https:\/\/lasprimeras.com.do\/index.php\/wp-json\/wp\/v2\/posts"}],"about":[{"href":"https:\/\/lasprimeras.com.do\/index.php\/wp-json\/wp\/v2\/types\/post"}],"author":[{"embeddable":true,"href":"https:\/\/lasprimeras.com.do\/index.php\/wp-json\/wp\/v2\/users\/10"}],"replies":[{"embeddable":true,"href":"https:\/\/lasprimeras.com.do\/index.php\/wp-json\/wp\/v2\/comments?post=104049"}],"version-history":[{"count":1,"href":"https:\/\/lasprimeras.com.do\/index.php\/wp-json\/wp\/v2\/posts\/104049\/revisions"}],"predecessor-version":[{"id":104051,"href":"https:\/\/lasprimeras.com.do\/index.php\/wp-json\/wp\/v2\/posts\/104049\/revisions\/104051"}],"wp:featuredmedia":[{"embeddable":true,"href":"https:\/\/lasprimeras.com.do\/index.php\/wp-json\/wp\/v2\/media\/104050"}],"wp:attachment":[{"href":"https:\/\/lasprimeras.com.do\/index.php\/wp-json\/wp\/v2\/media?parent=104049"}],"wp:term":[{"taxonomy":"category","embeddable":true,"href":"https:\/\/lasprimeras.com.do\/index.php\/wp-json\/wp\/v2\/categories?post=104049"},{"taxonomy":"post_tag","embeddable":true,"href":"https:\/\/lasprimeras.com.do\/index.php\/wp-json\/wp\/v2\/tags?post=104049"}],"curies":[{"name":"wp","href":"https:\/\/api.w.org\/{rel}","templated":true}]}}