{"id":104079,"date":"2025-07-21T17:54:48","date_gmt":"2025-07-21T21:54:48","guid":{"rendered":"https:\/\/lasprimeras.com.do\/?p=104079"},"modified":"2025-07-21T17:54:50","modified_gmt":"2025-07-21T21:54:50","slug":"infotep-y-spain-business-school-de-madrid-firman-acuerdo-para-fortalecer-la-formacion-de-los-dominicanos","status":"publish","type":"post","link":"https:\/\/lasprimeras.com.do\/index.php\/2025\/07\/21\/infotep-y-spain-business-school-de-madrid-firman-acuerdo-para-fortalecer-la-formacion-de-los-dominicanos\/","title":{"rendered":"INFOTEP y Spain Business School de Madrid firman acuerdo para fortalecer la formaci\u00f3n de los dominicanos"},"content":{"rendered":"\n<p><strong>\u00b7 La alianza beneficiar\u00e1 a residentes dominicanos en Espa\u00f1a y fomentar\u00e1 programas conjuntos de capacitaci\u00f3n, certificaci\u00f3n internacional y movilidad acad\u00e9mica.<\/strong><\/p>\n\n\n\n<p>Madrid, Espa\u00f1a. -El Instituto Nacional de Formaci\u00f3n T\u00e9cnico Profesional (INFOTEP) y la Spain Business School (SBS) firmaron un Memor\u00e1ndum de Entendimiento que marca el inicio de una alianza estrat\u00e9gica orientada a fortalecer la formaci\u00f3n t\u00e9cnico-profesional, apoyar la empleabilidad de los dominicanos residentes en Espa\u00f1a y promover la internacionalizaci\u00f3n de la oferta formativa de ambas instituciones.<\/p>\n\n\n\n<p>La firma se llev\u00f3 a cabo en la ciudad de Madrid, donde ambas entidades pactaron colaborar en el dise\u00f1o e implementaci\u00f3n de programas conjuntos de formaci\u00f3n t\u00e9cnica y ejecutiva, el desarrollo de competencias aplicadas, el intercambio de buenas pr\u00e1cticas y la certificaci\u00f3n internacional de egresados t\u00e9cnicos.<\/p>\n\n\n\n<p>El director general del INFOTEP, Rafael Santos Bad\u00eda, valor\u00f3 como trascendental esta nueva alianza internacional, al destacar que representa un paso firme hacia la expansi\u00f3n de las oportunidades de formaci\u00f3n y desarrollo para los dominicanos que residen en el exterior.<\/p>\n\n\n\n<p>Subray\u00f3 que el acuerdo permitir\u00e1 fortalecer \u00e1reas clave como la evaluaci\u00f3n de competencias, la capacitaci\u00f3n docente y la vinculaci\u00f3n efectiva con el mercado laboral europeo.<\/p>\n\n\n\n<p>\u201cHoy hemos firmado un Memor\u00e1ndum de Entendimiento para apoyar a los dominicanos residentes en Espa\u00f1a en la formaci\u00f3n t\u00e9cnico-profesional, en la evaluaci\u00f3n de competencias y tambi\u00e9n en la gesti\u00f3n de empleo, as\u00ed como la capacitaci\u00f3n de nuestros facilitadores. Agradezco al Instituto, agradezco a su director fundador, Miguel \u00c1ngel Blanco Cedr\u00fa. Es un gran momento para la Rep\u00fablica Dominicana, es un gran momento para el INFOTEP, afirm\u00f3 Santos Bad\u00eda.\u201d<\/p>\n\n\n\n<p>Entre los objetivos del acuerdo se contempla la creaci\u00f3n de programas de doble certificaci\u00f3n en \u00e1reas como transformaci\u00f3n digital, ciberseguridad, comercio electr\u00f3nico, marketing digital y gesti\u00f3n del talento humano, as\u00ed como la implementaci\u00f3n de plataformas digitales, laboratorios de innovaci\u00f3n y escuelas de liderazgo para mandos medios.<\/p>\n\n\n\n<p>De su lado, el fundador y director acad\u00e9mico de la Spain Business School (SBS), Miguel \u00c1ngel Blanco Cedr\u00fa, manifest\u00f3 su satisfacci\u00f3n por concretar esta alianza con el INFOTEP, destacando que representa una valiosa oportunidad para potenciar el talento dominicano y responder a las demandas actuales del mercado laboral.<\/p>\n\n\n\n<p>\u201cDesde Spain Business School queremos agradecer, tras esta firma, las capacitaciones, las competencias que se titulen porque es lo que demanda el mercado laboral. Creo que este acuerdo potenciar\u00e1 el valor del talento que tienen para ponerlo en el mercado laboral. Es un inicio muy esperanzador.\u201d<\/p>\n\n\n\n<p>Como parte del acuerdo, se establecer\u00e1 una comisi\u00f3n de seguimiento integrada por representantes de ambas instituciones, quienes ser\u00e1n responsables de coordinar el desarrollo de actividades anuales y garantizar la sostenibilidad y alcance de esta cooperaci\u00f3n.<\/p>\n\n\n\n<p>El memor\u00e1ndum tendr\u00e1 una vigencia de cinco a\u00f1os y permitir\u00e1 la expansi\u00f3n de la formaci\u00f3n t\u00e9cnico-profesional dominicana a contextos europeos, con enfoque en la calidad, innovaci\u00f3n y pertinencia para el mundo laboral global.<\/p>\n","protected":false},"excerpt":{"rendered":"<p>\u00b7 La alianza beneficiar\u00e1 a residentes dominicanos en Espa\u00f1a y fomentar\u00e1 programas conjuntos de capacitaci\u00f3n, certificaci\u00f3n internacional y movilidad acad\u00e9mica. Madrid, Espa\u00f1a. -El Instituto Nacional de Formaci\u00f3n T\u00e9cnico Profesional (INFOTEP)&hellip;<\/p>\n","protected":false},"author":10,"featured_media":104080,"comment_status":"open","ping_status":"open","sticky":false,"template":"","format":"standard","meta":{"content-type":"","jetpack_post_was_ever_published":false,"_jetpack_newsletter_access":"","_jetpack_dont_email_post_to_subs":false,"_jetpack_newsletter_tier_id":0,"_jetpack_memberships_contains_paywalled_content":false,"_jetpack_memberships_contains_paid_content":false,"footnotes":""},"categories":[16289],"tags":[521,487,862,1036,1880,670,17151],"class_list":["post-104079","post","type-post","status-publish","format-standard","has-post-thumbnail","hentry","category-internacionales","tag-acuerdo","tag-dominicanos","tag-formacion","tag-fortalecer","tag-infotep","tag-madrid","tag-spain-business-school"],"jetpack_featured_media_url":"https:\/\/lasprimeras.com.do\/wp-content\/uploads\/2025\/07\/info.jpg","jetpack-related-posts":[{"id":93151,"url":"https:\/\/lasprimeras.com.do\/index.php\/2025\/01\/26\/caesco-y-spain-business-school-firman-alianza-para-impulsar-la-formacion-profesional-internacional\/","url_meta":{"origin":104079,"position":0},"title":"CAESCO y Spain Business School firman alianza para impulsar la formaci\u00f3n profesional internacional","author":"Nelson Feliz","date":"26 de enero de 2025","format":false,"excerpt":"Madrid, Espa\u00f1a. \u2013 El Centro de An\u00e1lisis y Estudio de la Comunicaci\u00f3n (CAESCO) y Spain Business School firmaron un convenio de colaboraci\u00f3n interinstitucional que busca expandir y diversificar las oportunidades formativas en \u00e1reas de inter\u00e9s estrat\u00e9gico como la comunicaci\u00f3n, la transformaci\u00f3n digital, y la capacitaci\u00f3n profesional internacional. Este acuerdo permitir\u00e1\u2026","rel":"","context":"En \u00abINTERNACIONALES\u00bb","block_context":{"text":"INTERNACIONALES","link":"https:\/\/lasprimeras.com.do\/index.php\/category\/sin-categoria\/internacionales\/"},"img":{"alt_text":"","src":"https:\/\/i0.wp.com\/lasprimeras.com.do\/wp-content\/uploads\/2025\/01\/CAESCO.jpg?resize=350%2C200&ssl=1","width":350,"height":200,"srcset":"https:\/\/i0.wp.com\/lasprimeras.com.do\/wp-content\/uploads\/2025\/01\/CAESCO.jpg?resize=350%2C200&ssl=1 1x, https:\/\/i0.wp.com\/lasprimeras.com.do\/wp-content\/uploads\/2025\/01\/CAESCO.jpg?resize=525%2C300&ssl=1 1.5x, https:\/\/i0.wp.com\/lasprimeras.com.do\/wp-content\/uploads\/2025\/01\/CAESCO.jpg?resize=700%2C400&ssl=1 2x"},"classes":[]},{"id":120102,"url":"https:\/\/lasprimeras.com.do\/index.php\/2026\/01\/20\/alcalde-dio-astacio-firma-acuerdo-con-la-universidad-spain-business-school\/","url_meta":{"origin":104079,"position":1},"title":"Alcalde Dio Astacio firma acuerdo con la universidad Spain Business School","author":"Nelson Feliz","date":"20 de enero de 2026","format":false,"excerpt":"El alcalde de Santo Domingo Este, D\u00edo Astacio, en representaci\u00f3n del Ayuntamiento, y Miguel \u00c1ngel Blanco Cedr\u00fan, rector de Spain Business School.","rel":"","context":"En \u00abNACIONALES\u00bb","block_context":{"text":"NACIONALES","link":"https:\/\/lasprimeras.com.do\/index.php\/category\/nacionales\/"},"img":{"alt_text":"El alcalde de Santo Domingo Este, D\u00edo Astacio, en representaci\u00f3n del Ayuntamiento, y Miguel \u00c1ngel Blanco Cedr\u00fan, rector de Spain Business School.","src":"https:\/\/i0.wp.com\/lasprimeras.com.do\/wp-content\/uploads\/2026\/01\/Dio-Astacio-1.jpg?resize=350%2C200&ssl=1","width":350,"height":200,"srcset":"https:\/\/i0.wp.com\/lasprimeras.com.do\/wp-content\/uploads\/2026\/01\/Dio-Astacio-1.jpg?resize=350%2C200&ssl=1 1x, https:\/\/i0.wp.com\/lasprimeras.com.do\/wp-content\/uploads\/2026\/01\/Dio-Astacio-1.jpg?resize=525%2C300&ssl=1 1.5x, https:\/\/i0.wp.com\/lasprimeras.com.do\/wp-content\/uploads\/2026\/01\/Dio-Astacio-1.jpg?resize=700%2C400&ssl=1 2x"},"classes":[]},{"id":104920,"url":"https:\/\/lasprimeras.com.do\/index.php\/2025\/07\/28\/consulado-general-de-la-rd-en-barcelona-e-isde-business-school-firman-un-acuerdo-de-colaboracion\/","url_meta":{"origin":104079,"position":2},"title":"Consulado General de la RD en Barcelona e ISDE Business School firman un acuerdo de colaboraci\u00f3n","author":"Nelson Feliz","date":"28 de julio de 2025","format":false,"excerpt":"Barcelona, Espa\u00f1a.- El consulado general de la Rep\u00fablica Dominicana en Barcelona celebr\u00f3 la firma de un acuerdo de colaboraci\u00f3n con el ISDE Business School, instituci\u00f3n acad\u00e9mica de prestigio internacional adscrita a la Universidad Complutense de Madrid, con sede en Barcelona y Madrid. El acuerdo fue suscrito por el c\u00f3nsul general,\u2026","rel":"","context":"En \u00abINTERNACIONALES\u00bb","block_context":{"text":"INTERNACIONALES","link":"https:\/\/lasprimeras.com.do\/index.php\/category\/sin-categoria\/internacionales\/"},"img":{"alt_text":"","src":"https:\/\/i0.wp.com\/lasprimeras.com.do\/wp-content\/uploads\/2025\/07\/consulado-2.jpg?resize=350%2C200&ssl=1","width":350,"height":200,"srcset":"https:\/\/i0.wp.com\/lasprimeras.com.do\/wp-content\/uploads\/2025\/07\/consulado-2.jpg?resize=350%2C200&ssl=1 1x, https:\/\/i0.wp.com\/lasprimeras.com.do\/wp-content\/uploads\/2025\/07\/consulado-2.jpg?resize=525%2C300&ssl=1 1.5x, https:\/\/i0.wp.com\/lasprimeras.com.do\/wp-content\/uploads\/2025\/07\/consulado-2.jpg?resize=700%2C400&ssl=1 2x"},"classes":[]},{"id":107568,"url":"https:\/\/lasprimeras.com.do\/index.php\/2025\/08\/28\/el-consulado-dominicano-en-barcelona-y-la-asociacion-para-el-talento-formalizan-acuerdo\/","url_meta":{"origin":104079,"position":3},"title":"El Consulado dominicano en Barcelona y la Asociaci\u00f3n para el Talento formalizan acuerdo","author":"Nelson Feliz","date":"28 de agosto de 2025","format":false,"excerpt":"Impulsaran la formaci\u00f3n de los dominicanos en el exterior. Barcelona, Espa\u00f1a.- Tras los acercamientos iniciados el pasado 25 de julio, el Consulado General de la Rep\u00fablica Dominicana en Barcelona formaliz\u00f3 este 25 de agosto la firma de un acuerdo de colaboraci\u00f3n con la Asociaci\u00f3n para el Talento, con el objetivo\u2026","rel":"","context":"En \u00abINTERNACIONALES\u00bb","block_context":{"text":"INTERNACIONALES","link":"https:\/\/lasprimeras.com.do\/index.php\/category\/sin-categoria\/internacionales\/"},"img":{"alt_text":"Antonio Jos\u00e9 G\u00f3mez Pe\u00f1a y Alexander Phimister Medina","src":"https:\/\/i0.wp.com\/lasprimeras.com.do\/wp-content\/uploads\/2025\/08\/Antonio-Jose-Gomez-Pena-y-Alexander-Phimister-Medina.jpg?resize=350%2C200&ssl=1","width":350,"height":200,"srcset":"https:\/\/i0.wp.com\/lasprimeras.com.do\/wp-content\/uploads\/2025\/08\/Antonio-Jose-Gomez-Pena-y-Alexander-Phimister-Medina.jpg?resize=350%2C200&ssl=1 1x, https:\/\/i0.wp.com\/lasprimeras.com.do\/wp-content\/uploads\/2025\/08\/Antonio-Jose-Gomez-Pena-y-Alexander-Phimister-Medina.jpg?resize=525%2C300&ssl=1 1.5x, https:\/\/i0.wp.com\/lasprimeras.com.do\/wp-content\/uploads\/2025\/08\/Antonio-Jose-Gomez-Pena-y-Alexander-Phimister-Medina.jpg?resize=700%2C400&ssl=1 2x"},"classes":[]},{"id":126274,"url":"https:\/\/lasprimeras.com.do\/index.php\/2026\/03\/31\/infotep-y-universidad-isa-revisan-alianza-para-fortalecer-formacion-de-tecnicos-del-sector-agropecuario\/","url_meta":{"origin":104079,"position":4},"title":"INFOTEP y Universidad ISA revisan alianza para fortalecer formaci\u00f3n de t\u00e9cnicos del sector agropecuario","author":"Nelson Feliz","date":"31 de marzo de 2026","format":false,"excerpt":"\u00b7 La directora general del INFOTEP, Maira Morla Pineda, encabez\u00f3 el encuentro con autoridades de la Universidad ISA. El Instituto Nacional de Formaci\u00f3n T\u00e9cnico Profesional (INFOTEP) y la Universidad ISA iniciaron un proceso de evaluaci\u00f3n de su alianza estrat\u00e9gica con el objetivo de fortalecer la formaci\u00f3n de t\u00e9cnicos capacitados para\u2026","rel":"","context":"En \u00abNACIONALES\u00bb","block_context":{"text":"NACIONALES","link":"https:\/\/lasprimeras.com.do\/index.php\/category\/nacionales\/"},"img":{"alt_text":"","src":"https:\/\/i0.wp.com\/lasprimeras.com.do\/wp-content\/uploads\/2026\/03\/IMG-20260331-WA0742.jpg?resize=350%2C200&ssl=1","width":350,"height":200,"srcset":"https:\/\/i0.wp.com\/lasprimeras.com.do\/wp-content\/uploads\/2026\/03\/IMG-20260331-WA0742.jpg?resize=350%2C200&ssl=1 1x, https:\/\/i0.wp.com\/lasprimeras.com.do\/wp-content\/uploads\/2026\/03\/IMG-20260331-WA0742.jpg?resize=525%2C300&ssl=1 1.5x, https:\/\/i0.wp.com\/lasprimeras.com.do\/wp-content\/uploads\/2026\/03\/IMG-20260331-WA0742.jpg?resize=700%2C400&ssl=1 2x, https:\/\/i0.wp.com\/lasprimeras.com.do\/wp-content\/uploads\/2026\/03\/IMG-20260331-WA0742.jpg?resize=1050%2C600&ssl=1 3x, https:\/\/i0.wp.com\/lasprimeras.com.do\/wp-content\/uploads\/2026\/03\/IMG-20260331-WA0742.jpg?resize=1400%2C800&ssl=1 4x"},"classes":[]},{"id":100919,"url":"https:\/\/lasprimeras.com.do\/index.php\/2025\/06\/13\/infotep-capacita-diez-instructores-del-inadeh-de-panama-en-hosteleria-y-gastronomia\/","url_meta":{"origin":104079,"position":5},"title":"INFOTEP capacita diez instructores del INADEH de Panam\u00e1 en hosteler\u00eda y gastronom\u00eda","author":"Nelson Feliz","date":"13 de junio de 2025","format":false,"excerpt":"\u00b7La capacitaci\u00f3n forma parte de un acuerdo de cooperaci\u00f3n firmado entre ambas instituciones para fortalecer la formaci\u00f3n t\u00e9cnico-profesional y compartir buenas pr\u00e1cticas en gesti\u00f3n hotelera y t\u00e9cnicas culinarias. El Instituto Nacional de Formaci\u00f3n T\u00e9cnico Profesional (INFOTEP) recibi\u00f3 la visita de una delegaci\u00f3n del Instituto Nacional de Formaci\u00f3n Profesional y Capacitaci\u00f3n\u2026","rel":"","context":"En \u00abNACIONALES\u00bb","block_context":{"text":"NACIONALES","link":"https:\/\/lasprimeras.com.do\/index.php\/category\/nacionales\/"},"img":{"alt_text":"","src":"https:\/\/i0.wp.com\/lasprimeras.com.do\/wp-content\/uploads\/2025\/06\/INFOTEP.jpg?resize=350%2C200&ssl=1","width":350,"height":200,"srcset":"https:\/\/i0.wp.com\/lasprimeras.com.do\/wp-content\/uploads\/2025\/06\/INFOTEP.jpg?resize=350%2C200&ssl=1 1x, https:\/\/i0.wp.com\/lasprimeras.com.do\/wp-content\/uploads\/2025\/06\/INFOTEP.jpg?resize=525%2C300&ssl=1 1.5x, https:\/\/i0.wp.com\/lasprimeras.com.do\/wp-content\/uploads\/2025\/06\/INFOTEP.jpg?resize=700%2C400&ssl=1 2x"},"classes":[]}],"jetpack_sharing_enabled":true,"_links":{"self":[{"href":"https:\/\/lasprimeras.com.do\/index.php\/wp-json\/wp\/v2\/posts\/104079","targetHints":{"allow":["GET"]}}],"collection":[{"href":"https:\/\/lasprimeras.com.do\/index.php\/wp-json\/wp\/v2\/posts"}],"about":[{"href":"https:\/\/lasprimeras.com.do\/index.php\/wp-json\/wp\/v2\/types\/post"}],"author":[{"embeddable":true,"href":"https:\/\/lasprimeras.com.do\/index.php\/wp-json\/wp\/v2\/users\/10"}],"replies":[{"embeddable":true,"href":"https:\/\/lasprimeras.com.do\/index.php\/wp-json\/wp\/v2\/comments?post=104079"}],"version-history":[{"count":1,"href":"https:\/\/lasprimeras.com.do\/index.php\/wp-json\/wp\/v2\/posts\/104079\/revisions"}],"predecessor-version":[{"id":104081,"href":"https:\/\/lasprimeras.com.do\/index.php\/wp-json\/wp\/v2\/posts\/104079\/revisions\/104081"}],"wp:featuredmedia":[{"embeddable":true,"href":"https:\/\/lasprimeras.com.do\/index.php\/wp-json\/wp\/v2\/media\/104080"}],"wp:attachment":[{"href":"https:\/\/lasprimeras.com.do\/index.php\/wp-json\/wp\/v2\/media?parent=104079"}],"wp:term":[{"taxonomy":"category","embeddable":true,"href":"https:\/\/lasprimeras.com.do\/index.php\/wp-json\/wp\/v2\/categories?post=104079"},{"taxonomy":"post_tag","embeddable":true,"href":"https:\/\/lasprimeras.com.do\/index.php\/wp-json\/wp\/v2\/tags?post=104079"}],"curies":[{"name":"wp","href":"https:\/\/api.w.org\/{rel}","templated":true}]}}