{"id":104100,"date":"2025-07-21T18:45:40","date_gmt":"2025-07-21T22:45:40","guid":{"rendered":"https:\/\/lasprimeras.com.do\/?p=104100"},"modified":"2025-07-21T18:45:42","modified_gmt":"2025-07-21T22:45:42","slug":"pavon-llama-a-la-juventud-de-fp-a-participar-masivamente-en-elecciones-internas-del-3-de-agosto","status":"publish","type":"post","link":"https:\/\/lasprimeras.com.do\/index.php\/2025\/07\/21\/pavon-llama-a-la-juventud-de-fp-a-participar-masivamente-en-elecciones-internas-del-3-de-agosto\/","title":{"rendered":"Pav\u00f3n llama a la juventud de FP a participar masivamente en elecciones internas del 3 de agosto"},"content":{"rendered":"\n<p class=\"wp-block-paragraph\">El dirigente nacional del partido Fuerza del Pueblo(FP), V\u00edctor Pav\u00f3n, pidi\u00f3 este lunes a la dirigencia juvenil de esa organizaci\u00f3n pol\u00edtica a participar masivamente en las elecciones internas que realizar\u00e1 dentro del Congreso Manolo Tav\u00e1rez Justo, el d\u00eda 3 de agosto.<\/p>\n\n\n\n<p class=\"wp-block-paragraph\">Pav\u00f3n dijo que la juventud debe jugar un papel de primer orden en el proceso electoral interno, ya que el momento requiere de que el partido se nutra de nuevos rostros con ideas renovadoras con la vista puesta en el proceso electoral del 2028.<\/p>\n\n\n\n<p class=\"wp-block-paragraph\">\u00abNosotros apostamos a que en este evento electoral interno logremos salir fortalecidos y rejuvenecidos con nuevos actores en capacidad de conducir junto a nuestro l\u00edder Leonel Fernandez al pueblo dominicano en la direcci\u00f3n de trillar el camino hacia el Palacio Nacional, con el prop\u00f3sito de ejecutar desde el poder los grandes proyectos de<br>transformaciones que anhela el pa\u00eds\u00bb, destac\u00f3 Pav\u00f3n.<\/p>\n\n\n\n<p class=\"wp-block-paragraph\">Puntualiz\u00f3 que es necesario y vital para el desarrollo y crecimiento partidario que la juventud sana integre el alto organismo de direcci\u00f3n partidaria, porque solo as\u00ed, se robustece y dinamiza nuestra organizaci\u00f3n de cara a los nuevos procesos electorales que vendr\u00e1n en el 2028.<\/p>\n\n\n\n<p class=\"wp-block-paragraph\">\u00abNuestra organizaci\u00f3n est\u00e1 obligada a renovarse constantemente y s\u00f3lo podemos lograrlo si le damos una amplia participaci\u00f3n a la juventud entreg\u00e1ndoles responsabilidades para que mediante el trabajo puedan aportar al desarrollo de la organizaci\u00f3n\u00bb, agreg\u00f3.<\/p>\n","protected":false},"excerpt":{"rendered":"<p>El dirigente nacional del partido Fuerza del Pueblo(FP), V\u00edctor Pav\u00f3n, pidi\u00f3 este lunes a la dirigencia juvenil de esa organizaci\u00f3n pol\u00edtica a participar masivamente en las elecciones internas que realizar\u00e1&hellip;<\/p>\n","protected":false},"author":10,"featured_media":104101,"comment_status":"open","ping_status":"open","sticky":false,"template":"","format":"standard","meta":{"content-type":"","_jetpack_newsletter_access":"","_jetpack_dont_email_post_to_subs":false,"_jetpack_newsletter_tier_id":0,"_jetpack_memberships_contains_paywalled_content":false,"_jetpack_feature_clip_id":0,"_jetpack_memberships_contains_paid_content":false,"footnotes":"","jetpack_post_was_ever_published":false},"categories":[16559,25],"tags":[22009,8081,22008,825,2942],"class_list":["post-104100","post","type-post","status-publish","format-standard","has-post-thumbnail","hentry","category-politica","category-portada","tag-3-de-agosto","tag-elecciones-internas","tag-juventud-de-fp","tag-participar","tag-victor-pavon"],"jetpack-related-posts":[{"id":105341,"url":"https:\/\/lasprimeras.com.do\/index.php\/2025\/08\/01\/victor-pavon-llama-a-presidentes-de-bases-de-fp-a-participar-en-las-elecciones-internas\/","url_meta":{"origin":104100,"position":0},"title":"V\u00edctor Pav\u00f3n llama a presidentes de bases de FP a participar en las elecciones internas","author":"Nelson Feliz","date":"1 de agosto de 2025","format":false,"excerpt":"El dirigente nacional del partido Fuerza del Pueblo, empresario V\u00edctor Pav\u00f3n, exhort\u00f3 este viernes a los presidentes de bases, direcciones medias, territoriales y municipales a participar de manera activa el pr\u00f3ximo domingo 3 de agosto en las elecciones internas de esa entidad. Pav\u00f3n dijo que con la amplia participaci\u00f3n electoral\u2026","rel":"","context":"En \u00abPOLITICA\u00bb","block_context":{"text":"POLITICA","link":"https:\/\/lasprimeras.com.do\/index.php\/category\/politica\/"},"img":{"alt_text":"V\u00edctor Pav\u00f3n","src":"https:\/\/i0.wp.com\/lasprimeras.com.do\/wp-content\/uploads\/2025\/08\/Victor-Pavon.jpg?resize=350%2C200&ssl=1","width":350,"height":200,"srcset":"https:\/\/i0.wp.com\/lasprimeras.com.do\/wp-content\/uploads\/2025\/08\/Victor-Pavon.jpg?resize=350%2C200&ssl=1 1x, https:\/\/i0.wp.com\/lasprimeras.com.do\/wp-content\/uploads\/2025\/08\/Victor-Pavon.jpg?resize=525%2C300&ssl=1 1.5x, https:\/\/i0.wp.com\/lasprimeras.com.do\/wp-content\/uploads\/2025\/08\/Victor-Pavon.jpg?resize=700%2C400&ssl=1 2x"},"classes":[]},{"id":105437,"url":"https:\/\/lasprimeras.com.do\/index.php\/2025\/08\/04\/victor-pavon-califica-elecciones-internas-fp-como-una-demostracion-de-fuerza-en-rd\/","url_meta":{"origin":104100,"position":1},"title":"V\u00edctor Pav\u00f3n califica elecciones internas FP como una demostraci\u00f3n de fuerza en RD","author":"Nelson Feliz","date":"4 de agosto de 2025","format":false,"excerpt":"El dirigente nacional del Partido Fuerza del Pueblo (FP), V\u00edctor Pav\u00f3n, asegur\u00f3 este domingo que con la masiva participaci\u00f3n de los electores que se dieron cita en las elecciones internas para escoger a los miembros de la Direcci\u00f3n Central y territorial. \u201cHa quedado claro que nuestro partido FP cuenta con\u2026","rel":"","context":"En \u00abPOLITICA\u00bb","block_context":{"text":"POLITICA","link":"https:\/\/lasprimeras.com.do\/index.php\/category\/politica\/"},"img":{"alt_text":"V\u00edctor Pav\u00f3n","src":"https:\/\/i0.wp.com\/lasprimeras.com.do\/wp-content\/uploads\/2025\/08\/Victor-Pavon-1.jpg?resize=350%2C200&ssl=1","width":350,"height":200,"srcset":"https:\/\/i0.wp.com\/lasprimeras.com.do\/wp-content\/uploads\/2025\/08\/Victor-Pavon-1.jpg?resize=350%2C200&ssl=1 1x, https:\/\/i0.wp.com\/lasprimeras.com.do\/wp-content\/uploads\/2025\/08\/Victor-Pavon-1.jpg?resize=525%2C300&ssl=1 1.5x, https:\/\/i0.wp.com\/lasprimeras.com.do\/wp-content\/uploads\/2025\/08\/Victor-Pavon-1.jpg?resize=700%2C400&ssl=1 2x"},"classes":[]},{"id":135927,"url":"https:\/\/lasprimeras.com.do\/index.php\/2026\/07\/29\/fundadores-de-la-fp-en-sd-norte-respaldan-a-victor-pavon-rumbo-a-2028\/","url_meta":{"origin":104100,"position":2},"title":"Fundadores de la FP en SD-Norte respaldan a V\u00edctor Pav\u00f3n rumbo a 2028","author":"Nelson Feliz","date":"29 de julio de 2026","format":false,"excerpt":"Santo Domingo Norte. \u2014 Los seis encargados de bloque fundadores del partido Fuerza del Pueblo (FP) en Santo Domingo Norte, activos desde el a\u00f1o 2019, expresaron su respaldo a V\u00edctor Pav\u00f3n como aspirante a la Alcald\u00eda del municipio de cara a las elecciones del a\u00f1o 2028. En el encuentro estuvieron\u2026","rel":"","context":"En \u00abPOLITICA\u00bb","block_context":{"text":"POLITICA","link":"https:\/\/lasprimeras.com.do\/index.php\/category\/politica\/"},"img":{"alt_text":"V\u00edctor Pav\u00f3n","src":"https:\/\/i0.wp.com\/lasprimeras.com.do\/wp-content\/uploads\/2026\/01\/Victor-Pavon.jpg?resize=350%2C200&ssl=1","width":350,"height":200,"srcset":"https:\/\/i0.wp.com\/lasprimeras.com.do\/wp-content\/uploads\/2026\/01\/Victor-Pavon.jpg?resize=350%2C200&ssl=1 1x, https:\/\/i0.wp.com\/lasprimeras.com.do\/wp-content\/uploads\/2026\/01\/Victor-Pavon.jpg?resize=525%2C300&ssl=1 1.5x, https:\/\/i0.wp.com\/lasprimeras.com.do\/wp-content\/uploads\/2026\/01\/Victor-Pavon.jpg?resize=700%2C400&ssl=1 2x"},"classes":[]},{"id":113427,"url":"https:\/\/lasprimeras.com.do\/index.php\/2025\/11\/02\/dirigente-fp-pide-a-presidentes-de-bases-en-sdn-escoger-a-pavon-como-secretario-general\/","url_meta":{"origin":104100,"position":3},"title":"Dirigente FP pide a presidentes de bases en SDN escoger a Pav\u00f3n como secretario general","author":"Nelson Feliz","date":"2 de noviembre de 2025","format":false,"excerpt":"El miembro de la Direcci\u00f3n Central del Partido Fuerza del Pueblo (FP9 y encargado del bloque 6 del sector Los Guaricanos en Santo Domingo Norte, \u00c9ramos Brito, sugiri\u00f3 a los presidentes bases de esa entidad en Santo Domingo Norte (SDN) escoger de manera un\u00e1nime a V\u00edctor Pav\u00f3n como secretario general\u2026","rel":"","context":"En \u00abPOLITICA\u00bb","block_context":{"text":"POLITICA","link":"https:\/\/lasprimeras.com.do\/index.php\/category\/politica\/"},"img":{"alt_text":"Victor Pav\u00f3n","src":"https:\/\/i0.wp.com\/lasprimeras.com.do\/wp-content\/uploads\/2024\/10\/Victor-Pavon.jpg?resize=350%2C200&ssl=1","width":350,"height":200,"srcset":"https:\/\/i0.wp.com\/lasprimeras.com.do\/wp-content\/uploads\/2024\/10\/Victor-Pavon.jpg?resize=350%2C200&ssl=1 1x, https:\/\/i0.wp.com\/lasprimeras.com.do\/wp-content\/uploads\/2024\/10\/Victor-Pavon.jpg?resize=525%2C300&ssl=1 1.5x, https:\/\/i0.wp.com\/lasprimeras.com.do\/wp-content\/uploads\/2024\/10\/Victor-Pavon.jpg?resize=700%2C400&ssl=1 2x"},"classes":[]},{"id":134888,"url":"https:\/\/lasprimeras.com.do\/index.php\/2026\/07\/17\/victor-pavon-no-hay-fuerza-humana-que-pueda-detener-victoria-de-leonel-en-primera-vuelta-en-el-2028\/","url_meta":{"origin":104100,"position":4},"title":"V\u00edctor Pav\u00f3n: No hay fuerza humana que pueda detener victoria de Leonel en primera vuelta en el 2028","author":"Nelson Feliz","date":"17 de julio de 2026","format":false,"excerpt":"Pav\u00f3n sostiene encuentro con presidentes de bloques y miembros Direcci\u00f3n Central SDN Santo Domingo, D.N. El aspirante a alcalde por Santo Domingo Norte, (SDN) V\u00edctor Pav\u00f3n, asegur\u00f3 durante un encuentro con presidentes y miembros de la Direcci\u00f3n Central, que no hay fuerza humana que detenga el triunfo primera vuelta de\u2026","rel":"","context":"En \u00abPOLITICA\u00bb","block_context":{"text":"POLITICA","link":"https:\/\/lasprimeras.com.do\/index.php\/category\/politica\/"},"img":{"alt_text":"","src":"https:\/\/i0.wp.com\/lasprimeras.com.do\/wp-content\/uploads\/2026\/07\/IMG-20260717-WA0426.jpg?resize=350%2C200&ssl=1","width":350,"height":200,"srcset":"https:\/\/i0.wp.com\/lasprimeras.com.do\/wp-content\/uploads\/2026\/07\/IMG-20260717-WA0426.jpg?resize=350%2C200&ssl=1 1x, https:\/\/i0.wp.com\/lasprimeras.com.do\/wp-content\/uploads\/2026\/07\/IMG-20260717-WA0426.jpg?resize=525%2C300&ssl=1 1.5x, https:\/\/i0.wp.com\/lasprimeras.com.do\/wp-content\/uploads\/2026\/07\/IMG-20260717-WA0426.jpg?resize=700%2C400&ssl=1 2x, https:\/\/i0.wp.com\/lasprimeras.com.do\/wp-content\/uploads\/2026\/07\/IMG-20260717-WA0426.jpg?resize=1050%2C600&ssl=1 3x"},"classes":[]},{"id":109995,"url":"https:\/\/lasprimeras.com.do\/index.php\/2025\/09\/24\/victor-pavon-pondera-el-exito-y-apoyo-masivo-recibe-leonel-en-nueva-york\/","url_meta":{"origin":104100,"position":5},"title":"V\u00edctor Pav\u00f3n pondera el \u00e9xito y apoyo masivo recibe Leonel en Nueva York","author":"Nelson Feliz","date":"24 de septiembre de 2025","format":false,"excerpt":"Estados Unidos.- El alto dirigente del partido Fuerza del Pueblo (FP), empresario V\u00edctor Pav\u00f3n, ponder\u00f3 hoy el \u00e9xito y el apoyo masivo que la di\u00e1spora dominicana le ha dispensado al ex presidente de la Rep\u00fablica, Leonel Fern\u00e1ndez en su periplo pol\u00edtico y educativo por la ciudad de Nueva York. Pav\u00f3n,\u2026","rel":"","context":"En \u00abPOLITICA\u00bb","block_context":{"text":"POLITICA","link":"https:\/\/lasprimeras.com.do\/index.php\/category\/politica\/"},"img":{"alt_text":"","src":"https:\/\/i0.wp.com\/lasprimeras.com.do\/wp-content\/uploads\/2025\/09\/Victor-Pavon-2.jpg?resize=350%2C200&ssl=1","width":350,"height":200,"srcset":"https:\/\/i0.wp.com\/lasprimeras.com.do\/wp-content\/uploads\/2025\/09\/Victor-Pavon-2.jpg?resize=350%2C200&ssl=1 1x, https:\/\/i0.wp.com\/lasprimeras.com.do\/wp-content\/uploads\/2025\/09\/Victor-Pavon-2.jpg?resize=525%2C300&ssl=1 1.5x, https:\/\/i0.wp.com\/lasprimeras.com.do\/wp-content\/uploads\/2025\/09\/Victor-Pavon-2.jpg?resize=700%2C400&ssl=1 2x"},"classes":[]}],"jetpack_sharing_enabled":true,"jetpack_featured_media_url":"https:\/\/lasprimeras.com.do\/wp-content\/uploads\/2025\/07\/WhatsApp-Image-2025-07-21-at-3.03.25-PM.jpeg","_links":{"self":[{"href":"https:\/\/lasprimeras.com.do\/index.php\/wp-json\/wp\/v2\/posts\/104100","targetHints":{"allow":["GET"]}}],"collection":[{"href":"https:\/\/lasprimeras.com.do\/index.php\/wp-json\/wp\/v2\/posts"}],"about":[{"href":"https:\/\/lasprimeras.com.do\/index.php\/wp-json\/wp\/v2\/types\/post"}],"author":[{"embeddable":true,"href":"https:\/\/lasprimeras.com.do\/index.php\/wp-json\/wp\/v2\/users\/10"}],"replies":[{"embeddable":true,"href":"https:\/\/lasprimeras.com.do\/index.php\/wp-json\/wp\/v2\/comments?post=104100"}],"version-history":[{"count":1,"href":"https:\/\/lasprimeras.com.do\/index.php\/wp-json\/wp\/v2\/posts\/104100\/revisions"}],"predecessor-version":[{"id":104102,"href":"https:\/\/lasprimeras.com.do\/index.php\/wp-json\/wp\/v2\/posts\/104100\/revisions\/104102"}],"wp:featuredmedia":[{"embeddable":true,"href":"https:\/\/lasprimeras.com.do\/index.php\/wp-json\/wp\/v2\/media\/104101"}],"wp:attachment":[{"href":"https:\/\/lasprimeras.com.do\/index.php\/wp-json\/wp\/v2\/media?parent=104100"}],"wp:term":[{"taxonomy":"category","embeddable":true,"href":"https:\/\/lasprimeras.com.do\/index.php\/wp-json\/wp\/v2\/categories?post=104100"},{"taxonomy":"post_tag","embeddable":true,"href":"https:\/\/lasprimeras.com.do\/index.php\/wp-json\/wp\/v2\/tags?post=104100"}],"curies":[{"name":"wp","href":"https:\/\/api.w.org\/{rel}","templated":true}]}}