{"id":104141,"date":"2025-07-22T07:35:33","date_gmt":"2025-07-22T11:35:33","guid":{"rendered":"https:\/\/lasprimeras.com.do\/?p=104141"},"modified":"2025-07-22T07:35:34","modified_gmt":"2025-07-22T11:35:34","slug":"air-india-no-encuentra-problemas-en-el-mecanismo-de-control-de-combustible-en-su-flota-de-boeing","status":"publish","type":"post","link":"https:\/\/lasprimeras.com.do\/index.php\/2025\/07\/22\/air-india-no-encuentra-problemas-en-el-mecanismo-de-control-de-combustible-en-su-flota-de-boeing\/","title":{"rendered":"Air India no encuentra problemas en el mecanismo de control de combustible en su flota de Boeing"},"content":{"rendered":"\n<p>POR RAJESH ROY<\/p>\n\n\n\n<p>NUEVA DELHI (AP) \u2014 Air India dijo el martes que hab\u00eda completado inspecciones preventivas en el mecanismo de bloqueo de los interruptores de control de combustible para ciertos aviones Boeing, sin encontrar \u201cning\u00fan problema\u201d.<\/p>\n\n\n\n<p>El anuncio se produjo d\u00edas despu\u00e9s de que una investigaci\u00f3n preliminar sobre el accidente del avi\u00f3n de Air India del mes pasado indicara que los interruptores se desplazaron y voltearon en segundos, dejando a ambos motores sin combustible.<\/p>\n\n\n\n<p>Air India opera una flota de Boeing 787 Dreamliners para operaciones de larga distancia, mientras que su subsidiaria y unidad de bajo costo, Air India Express, opera los aviones Boeing 737 para vuelos de corta distancia.<\/p>\n\n\n\n<p>La aerol\u00ednea dijo en un comunicado que realiz\u00f3 inspecciones en toda su flota de ambos tipos de aviones.<\/p>\n\n\n\n<p>\u201cEn las inspecciones, no se encontraron problemas con el mencionado mecanismo de bloqueo\u201d, afirm\u00f3.<\/p>\n\n\n\n<p>La investigaci\u00f3n de la Oficina de Investigaci\u00f3n de Accidentes de Aeronaves de India sobre el avi\u00f3n con destino a Londres que se estrell\u00f3 en la ciudad noroccidental de Ahmedabad el 12 de junio, matando a 260 personas, se centra en los interruptores de control de combustible del jet Boeing 787. Una persona sobrevivi\u00f3 al accidente.<\/p>\n\n\n\n<p>La semana pasada, el regulador de aviaci\u00f3n de India orden\u00f3 a todas las aerol\u00edneas que operan varios modelos de Boeing examinar los interruptores de control de combustible y presentar sus hallazgos al regulador antes del 21 de julio.<\/p>\n\n\n\n<p>Air India tiene 33 Dreamliners en su flota, y Air India Express opera 75 aviones Boeing 737.<\/p>\n\n\n\n<p>En las \u00faltimas semanas, la aerol\u00ednea ha enfrentado interrupciones en los servicios en medio de un escrutinio intensificado e inspecciones de seguridad adicionales, lo que ha llevado a retrasos en los vuelos, cancelaciones y creciente ansiedad entre los pasajeros.<\/p>\n\n\n\n<p>El lunes, un vuelo de un Airbus 320 de Air India se sali\u00f3 de la pista al aterrizar durante fuertes lluvias en el Aeropuerto Internacional de Mumbai, da\u00f1ando parcialmente la parte inferior de uno de los motores del avi\u00f3n y provocando un cierre temporal de la pista.<\/p>\n\n\n\n<p>El vuelo hab\u00eda salido de Kochi, en el estado sure\u00f1o de Kerala. La aerol\u00ednea dijo en un comunicado que todos los pasajeros y miembros de la tripulaci\u00f3n desembarcaron de manera segura y que el avi\u00f3n fue inmovilizado para revisiones.<\/p>\n\n\n\n<p>El conglomerado indio Tata Sons asumi\u00f3 el control de Air India en 2022, devolviendo la aerol\u00ednea nacional endeudada a la propiedad privada despu\u00e9s de d\u00e9cadas de control gubernamental.<\/p>\n\n\n\n<p>El acuerdo de 2.400 millones de d\u00f3lares se consider\u00f3 un esfuerzo del gobierno por vender negocios estatales deficitarios. Tambi\u00e9n fue, en cierto modo, un regreso a casa para Air India, que fue lanzada por la familia Tata en 1932.<\/p>\n\n\n\n<p>Desde la adquisici\u00f3n, Air India ha ordenado cientos de nuevos aviones por un valor de m\u00e1s de 70.000 millones de d\u00f3lares, ha redise\u00f1ado su marca e imagen y ha absorbido aerol\u00edneas m\u00e1s peque\u00f1as en las que Tata ten\u00eda participaciones.<\/p>\n\n\n\n<p>La compa\u00f1\u00eda adem\u00e1s ha comprometido millones de d\u00f3lares para renovaciones digitales de aviones y la remodelaci\u00f3n de interiores de m\u00e1s de cinco docenas de aviones antiguos.<\/p>\n","protected":false},"excerpt":{"rendered":"<p>POR RAJESH ROY NUEVA DELHI (AP) \u2014 Air India dijo el martes que hab\u00eda completado inspecciones preventivas en el mecanismo de bloqueo de los interruptores de control de combustible para&hellip;<\/p>\n","protected":false},"author":10,"featured_media":104142,"comment_status":"open","ping_status":"open","sticky":false,"template":"","format":"standard","meta":{"content-type":"","jetpack_post_was_ever_published":false,"_jetpack_newsletter_access":"","_jetpack_dont_email_post_to_subs":false,"_jetpack_newsletter_tier_id":0,"_jetpack_memberships_contains_paywalled_content":false,"_jetpack_memberships_contains_paid_content":false,"footnotes":""},"categories":[16289],"tags":[20447,22021,22019,22020,7714],"class_list":["post-104141","post","type-post","status-publish","format-standard","has-post-thumbnail","hentry","category-internacionales","tag-air-india","tag-boeing-787-dreamliners","tag-control-de-combustible","tag-flota-de-boeing","tag-mecanismo"],"jetpack_featured_media_url":"https:\/\/lasprimeras.com.do\/wp-content\/uploads\/2025\/07\/Air-India.jpg","jetpack-related-posts":[{"id":73226,"url":"https:\/\/lasprimeras.com.do\/index.php\/2024\/01\/07\/alerta-con-los-boeing-737-max-9-es-seguro-volar-en-uno-que-companias-usan-este-avion\/","url_meta":{"origin":104141,"position":0},"title":"Alerta con los Boeing 737 Max 9: \u00bfEs seguro volar en uno? \u00bfQu\u00e9 compa\u00f1\u00edas usan este avi\u00f3n?","author":"Nelson Feliz","date":"7 de enero de 2024","format":false,"excerpt":"Resolvemos las principales dudas tras la alerta con el modelo de avi\u00f3n despu\u00e9s de que una aeronave de Alaska Airlines tuviese que aterrizar de emergencia. Los aviones Boeing 737 Max 9 est\u00e1n en el punto de mira despu\u00e9s de que este s\u00e1bado una aeronave de Alaska Airlines tuviese que aterrizar\u2026","rel":"","context":"En \u00abSin categor\u00eda\u00bb","block_context":{"text":"Sin categor\u00eda","link":"https:\/\/lasprimeras.com.do\/index.php\/category\/sin-categoria\/"},"img":{"alt_text":"Boeing 737 Max 9","src":"https:\/\/i0.wp.com\/lasprimeras.com.do\/wp-content\/uploads\/2024\/01\/Boeing-737-Max-9.jpg?resize=350%2C200&ssl=1","width":350,"height":200,"srcset":"https:\/\/i0.wp.com\/lasprimeras.com.do\/wp-content\/uploads\/2024\/01\/Boeing-737-Max-9.jpg?resize=350%2C200&ssl=1 1x, https:\/\/i0.wp.com\/lasprimeras.com.do\/wp-content\/uploads\/2024\/01\/Boeing-737-Max-9.jpg?resize=525%2C300&ssl=1 1.5x, https:\/\/i0.wp.com\/lasprimeras.com.do\/wp-content\/uploads\/2024\/01\/Boeing-737-Max-9.jpg?resize=700%2C400&ssl=1 2x"},"classes":[]},{"id":100895,"url":"https:\/\/lasprimeras.com.do\/index.php\/2025\/06\/13\/investigadores-buscan-pruebas-y-mas-victimas-en-el-lugar-del-accidente-de-air-india\/","url_meta":{"origin":104141,"position":1},"title":"Investigadores buscan pruebas y m\u00e1s v\u00edctimas en el lugar del accidente de Air India","author":"Nelson Feliz","date":"13 de junio de 2025","format":false,"excerpt":"POR RAJESH ROY, SHONAL GANGULY and AIJAZ HUSSAIN AHMEDABAD, India (AP) \u2014 Investigadores registraban el viernes el escenario de uno de los peores desastres a\u00e9reos en la historia de India y el primer ministro, Narendra Modi, visit\u00f3 al \u00fanico pasajero que sobrevivi\u00f3 al accidente de un vuelo de Air India,\u2026","rel":"","context":"En \u00abINTERNACIONALES\u00bb","block_context":{"text":"INTERNACIONALES","link":"https:\/\/lasprimeras.com.do\/index.php\/category\/sin-categoria\/internacionales\/"},"img":{"alt_text":"","src":"https:\/\/i0.wp.com\/lasprimeras.com.do\/wp-content\/uploads\/2025\/06\/BOING-787.jpg?resize=350%2C200&ssl=1","width":350,"height":200,"srcset":"https:\/\/i0.wp.com\/lasprimeras.com.do\/wp-content\/uploads\/2025\/06\/BOING-787.jpg?resize=350%2C200&ssl=1 1x, https:\/\/i0.wp.com\/lasprimeras.com.do\/wp-content\/uploads\/2025\/06\/BOING-787.jpg?resize=525%2C300&ssl=1 1.5x, https:\/\/i0.wp.com\/lasprimeras.com.do\/wp-content\/uploads\/2025\/06\/BOING-787.jpg?resize=700%2C400&ssl=1 2x"},"classes":[]},{"id":67102,"url":"https:\/\/lasprimeras.com.do\/index.php\/2023\/11\/13\/aerolinea-emirates-inaugura-el-salon-aeronautico-de-dubai-compra-de-aviones-boeing-por-52-000-millones-de-dolares\/","url_meta":{"origin":104141,"position":2},"title":"Aerol\u00ednea Emirates inaugura el Sal\u00f3n Aeron\u00e1utico de Dub\u00e1i; compra de aviones Boeing por 52.000 millones de d\u00f3lares","author":"Nelson Feliz","date":"13 de noviembre de 2023","format":false,"excerpt":"POR JON GAMBRELL DUBAI, Emiratos \u00c1rabes Unidos (AP) \u2014 La aerol\u00ednea de larga distancia Emirates inaugur\u00f3 el Sal\u00f3n Aeron\u00e1utico de Dub\u00e1i con una compra de aviones Boeing Co. por 52.000 millones de d\u00f3lares, lo que muestra c\u00f3mo la aviaci\u00f3n se ha recuperado despu\u00e9s de las paralizaciones provocadas por la pandemia\u2026","rel":"","context":"En \u00abSin categor\u00eda\u00bb","block_context":{"text":"Sin categor\u00eda","link":"https:\/\/lasprimeras.com.do\/index.php\/category\/sin-categoria\/"},"img":{"alt_text":"","src":"https:\/\/i0.wp.com\/lasprimeras.com.do\/wp-content\/uploads\/2023\/11\/DUBAI.jpg?resize=350%2C200&ssl=1","width":350,"height":200,"srcset":"https:\/\/i0.wp.com\/lasprimeras.com.do\/wp-content\/uploads\/2023\/11\/DUBAI.jpg?resize=350%2C200&ssl=1 1x, https:\/\/i0.wp.com\/lasprimeras.com.do\/wp-content\/uploads\/2023\/11\/DUBAI.jpg?resize=525%2C300&ssl=1 1.5x, https:\/\/i0.wp.com\/lasprimeras.com.do\/wp-content\/uploads\/2023\/11\/DUBAI.jpg?resize=700%2C400&ssl=1 2x"},"classes":[]},{"id":100781,"url":"https:\/\/lasprimeras.com.do\/index.php\/2025\/06\/12\/se-estrello-en-india-avion-en-que-viajaban-mas-de-240-personas\/","url_meta":{"origin":104141,"position":3},"title":"Se estrell\u00f3 en India avi\u00f3n en que viajaban m\u00e1s de 240 personas","author":"Nelson Feliz","date":"12 de junio de 2025","format":false,"excerpt":"Nueva Delhi, (EFE).- M\u00e1s de 240 personas iban a bordo del Boeing 787 de la compa\u00f1\u00eda Air India que se estrell\u00f3 este jueves por la tarde en el exterior del per\u00edmetro del aeropuerto de Ahmedabad, en el oeste de la India, confirm\u00f3 la autoridad de aviaci\u00f3n civil de la India.\u2026","rel":"","context":"En \u00abINTERNACIONALES\u00bb","block_context":{"text":"INTERNACIONALES","link":"https:\/\/lasprimeras.com.do\/index.php\/category\/sin-categoria\/internacionales\/"},"img":{"alt_text":"","src":"https:\/\/i0.wp.com\/lasprimeras.com.do\/wp-content\/uploads\/2025\/06\/Avion.jpg?resize=350%2C200&ssl=1","width":350,"height":200,"srcset":"https:\/\/i0.wp.com\/lasprimeras.com.do\/wp-content\/uploads\/2025\/06\/Avion.jpg?resize=350%2C200&ssl=1 1x, https:\/\/i0.wp.com\/lasprimeras.com.do\/wp-content\/uploads\/2025\/06\/Avion.jpg?resize=525%2C300&ssl=1 1.5x, https:\/\/i0.wp.com\/lasprimeras.com.do\/wp-content\/uploads\/2025\/06\/Avion.jpg?resize=700%2C400&ssl=1 2x"},"classes":[]},{"id":81368,"url":"https:\/\/lasprimeras.com.do\/index.php\/2024\/04\/20\/boeing-aterriza-de-emergencia-en-aeropuerto-de-manchester-reino-unido\/","url_meta":{"origin":104141,"position":4},"title":"Boeing aterriza de emergencia en aeropuerto de Manchester, Reino Unido","author":"BIMARY DE JES\u00daS Matos","date":"20 de abril de 2024","format":false,"excerpt":"Este viernes, un Boeing 787 aterriz\u00f3 de emergencia a alta velocidad en la pista del aeropuerto de Manchester en Reino Unido, tras notarse humo en la cabina. La aeronave se dirig\u00eda a Punta Cana, sin embargo, unos minutos despu\u00e9s de despegar declar\u00f3 emergencia, vi\u00e9ndose obligado a dar media vuelta para\u2026","rel":"","context":"En \u00abSin categor\u00eda\u00bb","block_context":{"text":"Sin categor\u00eda","link":"https:\/\/lasprimeras.com.do\/index.php\/category\/sin-categoria\/"},"img":{"alt_text":"","src":"https:\/\/i0.wp.com\/lasprimeras.com.do\/wp-content\/uploads\/2024\/04\/6a0c8a05-4f4b-48f5-a1d9-1ad180753c4a-25.jpg?resize=350%2C200&ssl=1","width":350,"height":200},"classes":[]},{"id":73223,"url":"https:\/\/lasprimeras.com.do\/index.php\/2024\/01\/07\/republica-dominicana-suspende-operaciones-de-aviones-boeing-737-max-9\/","url_meta":{"origin":104141,"position":5},"title":"Rep\u00fablica Dominicana suspende operaciones de aviones Boeing 737 Max 9","author":"Nelson Feliz","date":"7 de enero de 2024","format":false,"excerpt":"Rep\u00fablica Dominicana acogio disposici\u00f3n de la Administraci\u00f3n Federal de Aviaci\u00f3n (FAA, en ingl\u00e9s) de suspender temporalmente los vuelos de algunos aviones Boeing 737 Max 9, usados por aerol\u00edneas estadounidenses, luego de un reciente incidente ocurrido durante un vuelo. La aeronave de la l\u00ednea Alaska Airlines perdi\u00f3 parte de su fuselaje\u2026","rel":"","context":"En \u00abNACIONALES\u00bb","block_context":{"text":"NACIONALES","link":"https:\/\/lasprimeras.com.do\/index.php\/category\/nacionales\/"},"img":{"alt_text":"Boeing 737 Max 9","src":"https:\/\/i0.wp.com\/lasprimeras.com.do\/wp-content\/uploads\/2024\/01\/Boeing-737-Max-9.jpg?resize=350%2C200&ssl=1","width":350,"height":200,"srcset":"https:\/\/i0.wp.com\/lasprimeras.com.do\/wp-content\/uploads\/2024\/01\/Boeing-737-Max-9.jpg?resize=350%2C200&ssl=1 1x, https:\/\/i0.wp.com\/lasprimeras.com.do\/wp-content\/uploads\/2024\/01\/Boeing-737-Max-9.jpg?resize=525%2C300&ssl=1 1.5x, https:\/\/i0.wp.com\/lasprimeras.com.do\/wp-content\/uploads\/2024\/01\/Boeing-737-Max-9.jpg?resize=700%2C400&ssl=1 2x"},"classes":[]}],"jetpack_sharing_enabled":true,"_links":{"self":[{"href":"https:\/\/lasprimeras.com.do\/index.php\/wp-json\/wp\/v2\/posts\/104141","targetHints":{"allow":["GET"]}}],"collection":[{"href":"https:\/\/lasprimeras.com.do\/index.php\/wp-json\/wp\/v2\/posts"}],"about":[{"href":"https:\/\/lasprimeras.com.do\/index.php\/wp-json\/wp\/v2\/types\/post"}],"author":[{"embeddable":true,"href":"https:\/\/lasprimeras.com.do\/index.php\/wp-json\/wp\/v2\/users\/10"}],"replies":[{"embeddable":true,"href":"https:\/\/lasprimeras.com.do\/index.php\/wp-json\/wp\/v2\/comments?post=104141"}],"version-history":[{"count":1,"href":"https:\/\/lasprimeras.com.do\/index.php\/wp-json\/wp\/v2\/posts\/104141\/revisions"}],"predecessor-version":[{"id":104143,"href":"https:\/\/lasprimeras.com.do\/index.php\/wp-json\/wp\/v2\/posts\/104141\/revisions\/104143"}],"wp:featuredmedia":[{"embeddable":true,"href":"https:\/\/lasprimeras.com.do\/index.php\/wp-json\/wp\/v2\/media\/104142"}],"wp:attachment":[{"href":"https:\/\/lasprimeras.com.do\/index.php\/wp-json\/wp\/v2\/media?parent=104141"}],"wp:term":[{"taxonomy":"category","embeddable":true,"href":"https:\/\/lasprimeras.com.do\/index.php\/wp-json\/wp\/v2\/categories?post=104141"},{"taxonomy":"post_tag","embeddable":true,"href":"https:\/\/lasprimeras.com.do\/index.php\/wp-json\/wp\/v2\/tags?post=104141"}],"curies":[{"name":"wp","href":"https:\/\/api.w.org\/{rel}","templated":true}]}}