{"id":104144,"date":"2025-07-22T07:41:22","date_gmt":"2025-07-22T11:41:22","guid":{"rendered":"https:\/\/lasprimeras.com.do\/?p=104144"},"modified":"2025-07-22T07:41:23","modified_gmt":"2025-07-22T11:41:23","slug":"fiscalia-de-venezuela-abre-investigacion-contra-nayib-bukele-por-presunto-maltrato-a-migrantes","status":"publish","type":"post","link":"https:\/\/lasprimeras.com.do\/index.php\/2025\/07\/22\/fiscalia-de-venezuela-abre-investigacion-contra-nayib-bukele-por-presunto-maltrato-a-migrantes\/","title":{"rendered":"Fiscal\u00eda de Venezuela abre investigaci\u00f3n contra Nayib Bukele por presunto maltrato a migrantes"},"content":{"rendered":"\n<p>CARACAS (AP) \u2014 La Fiscal\u00eda General de Venezuela anunci\u00f3 el lunes que abri\u00f3 una investigaci\u00f3n formal contra el presidente salvadore\u00f1o Nayib Bukele tras las denuncias por presuntos malos tratos y violaciones de derechos humanos que hicieron migrantes venezolanos deportados por Estados Unidos y encarcelados en El Salvador.<\/p>\n\n\n\n<p>El fiscal general Tarek William Saab dijo que tambi\u00e9n ser\u00e1n investigados el ministro de Justicia y Seguridad P\u00fablica salvadore\u00f1o, Gustavo Villatoro, y el director general de Centros Penales, Osiris Luna, por su supuesta responsabilidad en \u201ctortura, tratos crueles, tratos inhumanos o degradantes, desaparici\u00f3n forzada, privaci\u00f3n leg\u00edtima de libertad y asociaci\u00f3n para delinquir\u201d.<\/p>\n\n\n\n<p>En una declaraci\u00f3n a la prensa Saab hizo un llamado a la Corte Penal Internacional y al Consejo de Derechos Humanos de la ONU, entre otros organismos internacionales, para que \u201chagan lo propio que estamos haciendo nosotros como Ministerio P\u00fablico en Venezuela contra estos tres sujetos y los que puedan aparecer\u201d como responsables en las investigaciones.<\/p>\n\n\n\n<p>El anuncio se produjo tres d\u00edas despu\u00e9s de que Venezuela liber\u00f3 a 10 reos estadounidenses y residentes permanentes a cambio de recibir a m\u00e1s de 250 detenidos en una c\u00e1rcel de m\u00e1xima seguridad en El Salvador que hab\u00edan llegado a ese pa\u00eds centroamericano deportados por el gobierno de Donald Trump.<\/p>\n\n\n\n<p>El complejo acuerdo de tres pa\u00edses represent\u00f3 un logro diplom\u00e1tico para el presidente venezolano Nicol\u00e1s Maduro, ayud\u00f3 a Trump en su objetivo de llevar a casa a estadounidenses encarcelados en el extranjero y le otorg\u00f3 a Bukele un intercambio que hab\u00eda propuesto meses atr\u00e1s.<\/p>\n\n\n\n<p>El Salvador hab\u00eda llegado en marzo a un acuerdo para recibir un pago de seis millones de d\u00f3lares del gobierno de Trump con el fin de retener a los migrantes venezolanos.<\/p>\n\n\n\n<p>Trump invoc\u00f3 una ley de tiempos de guerra del siglo XVIII, la Ley de Enemigos Extranjeros, para expulsar r\u00e1pidamente del pa\u00eds a hombres que su gobierno hab\u00eda acusado de pertenecer a la violenta pandilla Tren de Aragua.<\/p>\n\n\n\n<p>El gobierno estadounidense no proporcion\u00f3 evidencia que respaldara esas afirmaciones.<\/p>\n\n\n\n<p>Los venezolanos estuvieron detenidos en una mega prisi\u00f3n llamada Centro de Confinamiento del Terrorismo (CECOT), construida para albergar a presuntos pandilleros en la guerra de Bukele contra las pandillas salvadore\u00f1as.<\/p>\n\n\n\n<p>Grupos defensores de los derechos humanos han documentado cientos de muertes y casos de tortura dentro de sus muros.<\/p>\n\n\n\n<p>Tras su llegada a Venezuela, Maduro aleg\u00f3 que algunos de los migrantes fueron sometidos a diversas formas de abuso en la prisi\u00f3n salvadore\u00f1a y uno de ellos incluso perdi\u00f3 un ri\u00f1\u00f3n debido a \u201clas palizas que le dieron\u201d.<\/p>\n","protected":false},"excerpt":{"rendered":"<p>CARACAS (AP) \u2014 La Fiscal\u00eda General de Venezuela anunci\u00f3 el lunes que abri\u00f3 una investigaci\u00f3n formal contra el presidente salvadore\u00f1o Nayib Bukele tras las denuncias por presuntos malos tratos y&hellip;<\/p>\n","protected":false},"author":10,"featured_media":104145,"comment_status":"open","ping_status":"open","sticky":false,"template":"","format":"standard","meta":{"content-type":"","jetpack_post_was_ever_published":false,"_jetpack_newsletter_access":"","_jetpack_dont_email_post_to_subs":false,"_jetpack_newsletter_tier_id":0,"_jetpack_memberships_contains_paywalled_content":false,"_jetpack_memberships_contains_paid_content":false,"footnotes":""},"categories":[16289],"tags":[22022,2388,11361,907,338],"class_list":["post-104144","post","type-post","status-publish","format-standard","has-post-thumbnail","hentry","category-internacionales","tag-fiscalia-de-venezuela","tag-investigacion","tag-maltrato","tag-migrantes","tag-nayib-bukele"],"jetpack_featured_media_url":"https:\/\/lasprimeras.com.do\/wp-content\/uploads\/2025\/07\/deportaciones.jpg","jetpack-related-posts":[{"id":92740,"url":"https:\/\/lasprimeras.com.do\/index.php\/2025\/01\/12\/maria-corina-destaca-el-respaldo-de-nayib-bukele-a-la-lucha-por-la-libertad-en-venezuela\/","url_meta":{"origin":104144,"position":0},"title":"Mar\u00eda Corina destaca el respaldo de Nayib Bukele a la lucha por la libertad en Venezuela","author":"Nelson Feliz","date":"12 de enero de 2025","format":false,"excerpt":"La l\u00edder opositora venezolana Mar\u00eda Corina Machado, anunci\u00f3 a trav\u00e9s de su cuenta en la red social X (anteriormente Twitter), que sostuvo una conversaci\u00f3n con el presidente de El Salvador, Nayib Bukele. Seg\u00fan lo expresado por Machado, durante el di\u00e1logo Bukele expres\u00f3 su admiraci\u00f3n y apoyo a la lucha del\u2026","rel":"","context":"En \u00abINTERNACIONALES\u00bb","block_context":{"text":"INTERNACIONALES","link":"https:\/\/lasprimeras.com.do\/index.php\/category\/sin-categoria\/internacionales\/"},"img":{"alt_text":"Mar\u00eda Corina Machado","src":"https:\/\/i0.wp.com\/lasprimeras.com.do\/wp-content\/uploads\/2024\/07\/Maria-Corina-Machado-1.jpg?resize=350%2C200&ssl=1","width":350,"height":200,"srcset":"https:\/\/i0.wp.com\/lasprimeras.com.do\/wp-content\/uploads\/2024\/07\/Maria-Corina-Machado-1.jpg?resize=350%2C200&ssl=1 1x, https:\/\/i0.wp.com\/lasprimeras.com.do\/wp-content\/uploads\/2024\/07\/Maria-Corina-Machado-1.jpg?resize=525%2C300&ssl=1 1.5x, https:\/\/i0.wp.com\/lasprimeras.com.do\/wp-content\/uploads\/2024\/07\/Maria-Corina-Machado-1.jpg?resize=700%2C400&ssl=1 2x"},"classes":[]},{"id":98963,"url":"https:\/\/lasprimeras.com.do\/index.php\/2025\/05\/14\/congresista-republicana-de-florida-dice-que-nayib-bukele-libero-a-el-salvador-del-terrorismo\/","url_meta":{"origin":104144,"position":1},"title":"Congresista republicana de Florida dice que Nayib Bukele liber\u00f3 a El Salvador del terrorismo","author":"Nelson Feliz","date":"14 de mayo de 2025","format":false,"excerpt":"La representante Anna Paulina Luna dijo que se sent\u00eda honrada de acompa\u00f1ar al mandatario en la lucha por lograr paz y justicia duraderas en El Salvador. Por Luis De Jes\u00fas La congresista estadounidense Anna Paulina Luna, representante republicana por Florida, se reuni\u00f3 con el presidente de El Salvador Nayib Bukele,\u2026","rel":"","context":"En \u00abINTERNACIONALES\u00bb","block_context":{"text":"INTERNACIONALES","link":"https:\/\/lasprimeras.com.do\/index.php\/category\/sin-categoria\/internacionales\/"},"img":{"alt_text":"","src":"https:\/\/i0.wp.com\/lasprimeras.com.do\/wp-content\/uploads\/2025\/05\/Nayib-Bukele.jpg?resize=350%2C200&ssl=1","width":350,"height":200,"srcset":"https:\/\/i0.wp.com\/lasprimeras.com.do\/wp-content\/uploads\/2025\/05\/Nayib-Bukele.jpg?resize=350%2C200&ssl=1 1x, https:\/\/i0.wp.com\/lasprimeras.com.do\/wp-content\/uploads\/2025\/05\/Nayib-Bukele.jpg?resize=525%2C300&ssl=1 1.5x, https:\/\/i0.wp.com\/lasprimeras.com.do\/wp-content\/uploads\/2025\/05\/Nayib-Bukele.jpg?resize=700%2C400&ssl=1 2x"},"classes":[]},{"id":55990,"url":"https:\/\/lasprimeras.com.do\/index.php\/2023\/07\/27\/voces-del-sur-pide-a-bukele-un-alto-al-acoso-y-hostigamiento-de-la-prensa-en-el-salvador\/","url_meta":{"origin":104144,"position":2},"title":"Voces del Sur pide a Bukele un alto al &#8220;acoso y hostigamiento&#8221; de la prensa en El Salvador","author":"Nelson Feliz","date":"27 de julio de 2023","format":false,"excerpt":"La red latinoamericana de organizaciones Voces del Sur pidi\u00f3 al presidente salvadore\u00f1o, Nayib Bukele, un alto al \"acoso y hostigamiento\" contra la prensa cr\u00edtica. \"Pedimos nuevamente a Nayib Bukele que disponga el cese del acoso y hostigamiento desde el Gobierno contra la prensa y el periodismo cr\u00edtico\", public\u00f3 el ente\u2026","rel":"","context":"En \u00abSin categor\u00eda\u00bb","block_context":{"text":"Sin categor\u00eda","link":"https:\/\/lasprimeras.com.do\/index.php\/category\/sin-categoria\/"},"img":{"alt_text":"Nayib Bukele","src":"https:\/\/i0.wp.com\/lasprimeras.com.do\/wp-content\/uploads\/2023\/07\/Nayib-Bukele-2.jpg?resize=350%2C200&ssl=1","width":350,"height":200,"srcset":"https:\/\/i0.wp.com\/lasprimeras.com.do\/wp-content\/uploads\/2023\/07\/Nayib-Bukele-2.jpg?resize=350%2C200&ssl=1 1x, https:\/\/i0.wp.com\/lasprimeras.com.do\/wp-content\/uploads\/2023\/07\/Nayib-Bukele-2.jpg?resize=525%2C300&ssl=1 1.5x, https:\/\/i0.wp.com\/lasprimeras.com.do\/wp-content\/uploads\/2023\/07\/Nayib-Bukele-2.jpg?resize=700%2C400&ssl=1 2x"},"classes":[]},{"id":60598,"url":"https:\/\/lasprimeras.com.do\/index.php\/2023\/09\/16\/salvadorenos-marchan-contra-detencion-de-inocentes-y-reeleccion-de-bukele\/","url_meta":{"origin":104144,"position":3},"title":"Salvadore\u00f1os marchan contra detenci\u00f3n de inocentes y reelecci\u00f3n de Bukele","author":"Nelson Feliz","date":"16 de septiembre de 2023","format":false,"excerpt":"Bajo un sol calcinante, cientos de salvadore\u00f1os marcharon este viernes para rechazar la intenci\u00f3n del presidente Nayib Bukele de ser reelegido y denunciar la detenci\u00f3n de \"inocentes\" en la lucha sin cuartel contra los grupos criminales. \"No a la reelecci\u00f3n\",\"\u00a1ni un d\u00eda m\u00e1s!\", dec\u00edan unas pancartas que alzaban los manifestantes,\u2026","rel":"","context":"En \u00abSin categor\u00eda\u00bb","block_context":{"text":"Sin categor\u00eda","link":"https:\/\/lasprimeras.com.do\/index.php\/category\/sin-categoria\/"},"img":{"alt_text":"La gente porta carteles que dicen \"No m\u00e1s corrupci\u00f3n\" durante una protesta contra las pol\u00edticas del presidente Nayib Bukele y su reelecci\u00f3n el D\u00eda de la Independencia en San SalvadorAFP","src":"https:\/\/i0.wp.com\/lasprimeras.com.do\/wp-content\/uploads\/2023\/09\/marcha.jpeg?resize=350%2C200&ssl=1","width":350,"height":200,"srcset":"https:\/\/i0.wp.com\/lasprimeras.com.do\/wp-content\/uploads\/2023\/09\/marcha.jpeg?resize=350%2C200&ssl=1 1x, https:\/\/i0.wp.com\/lasprimeras.com.do\/wp-content\/uploads\/2023\/09\/marcha.jpeg?resize=525%2C300&ssl=1 1.5x, https:\/\/i0.wp.com\/lasprimeras.com.do\/wp-content\/uploads\/2023\/09\/marcha.jpeg?resize=700%2C400&ssl=1 2x"},"classes":[]},{"id":75767,"url":"https:\/\/lasprimeras.com.do\/index.php\/2024\/02\/05\/nayib-bukele-se-autoproclama-ganador-con-mas-del-85-de-los-votos\/","url_meta":{"origin":104144,"position":4},"title":"Nayib Bukele se autoproclama ganador &#8220;con m\u00e1s del 85 % de los votos&#8221;","author":"Nelson Feliz","date":"5 de febrero de 2024","format":false,"excerpt":"Bukele, que se postul\u00f3 para la reelecci\u00f3n a pesar de que la Constituci\u00f3n lo impide, ech\u00f3 mano de una argucia legal para presentarse a los comicios. El Salvador, EFE.-.El presidente de El Salvador, Nayib Bukele, se autoproclam\u00f3 hoy ganador de las elecciones generales celebradas este domingo, \"con m\u00e1s del 85\u2026","rel":"","context":"En \u00abSin categor\u00eda\u00bb","block_context":{"text":"Sin categor\u00eda","link":"https:\/\/lasprimeras.com.do\/index.php\/category\/sin-categoria\/"},"img":{"alt_text":"Nayib Bukele","src":"https:\/\/i0.wp.com\/lasprimeras.com.do\/wp-content\/uploads\/2024\/02\/Nayib-Bukele.jpeg?resize=350%2C200&ssl=1","width":350,"height":200,"srcset":"https:\/\/i0.wp.com\/lasprimeras.com.do\/wp-content\/uploads\/2024\/02\/Nayib-Bukele.jpeg?resize=350%2C200&ssl=1 1x, https:\/\/i0.wp.com\/lasprimeras.com.do\/wp-content\/uploads\/2024\/02\/Nayib-Bukele.jpeg?resize=525%2C300&ssl=1 1.5x, https:\/\/i0.wp.com\/lasprimeras.com.do\/wp-content\/uploads\/2024\/02\/Nayib-Bukele.jpeg?resize=700%2C400&ssl=1 2x"},"classes":[]},{"id":55975,"url":"https:\/\/lasprimeras.com.do\/index.php\/2023\/07\/26\/bukele-reacciona-a-publicacion-de-periodico-de-eeuu-y-pregunta-por-que-nos-tienen-miedo\/","url_meta":{"origin":104144,"position":5},"title":"Bukele reacciona a publicaci\u00f3n de peri\u00f3dico de EEUU y pregunta: \u00bfPor qu\u00e9 nos tienen miedo?","author":"Nelson Feliz","date":"26 de julio de 2023","format":false,"excerpt":"El presidente de El Salvador, Nayib Bukele, reaccion\u00f3 a una publicaci\u00f3n del peri\u00f3dico estadounidense Los Angeles Times y pregunt\u00f3: \u00bfPor qu\u00e9 los principales medios de comunicaci\u00f3n nos tienen tanto medio? En la publicaci\u00f3n, 'Dentro del creciente culto a Nayib Bukele de El Salvador, la estrella pol\u00edtica de Am\u00e9rica Latina', se\u2026","rel":"","context":"En \u00abSin categor\u00eda\u00bb","block_context":{"text":"Sin categor\u00eda","link":"https:\/\/lasprimeras.com.do\/index.php\/category\/sin-categoria\/"},"img":{"alt_text":"El presidente de El Salvador, Nayib Bukele","src":"https:\/\/i0.wp.com\/lasprimeras.com.do\/wp-content\/uploads\/2023\/07\/Bukele.jpg?resize=350%2C200&ssl=1","width":350,"height":200,"srcset":"https:\/\/i0.wp.com\/lasprimeras.com.do\/wp-content\/uploads\/2023\/07\/Bukele.jpg?resize=350%2C200&ssl=1 1x, https:\/\/i0.wp.com\/lasprimeras.com.do\/wp-content\/uploads\/2023\/07\/Bukele.jpg?resize=525%2C300&ssl=1 1.5x"},"classes":[]}],"jetpack_sharing_enabled":true,"_links":{"self":[{"href":"https:\/\/lasprimeras.com.do\/index.php\/wp-json\/wp\/v2\/posts\/104144","targetHints":{"allow":["GET"]}}],"collection":[{"href":"https:\/\/lasprimeras.com.do\/index.php\/wp-json\/wp\/v2\/posts"}],"about":[{"href":"https:\/\/lasprimeras.com.do\/index.php\/wp-json\/wp\/v2\/types\/post"}],"author":[{"embeddable":true,"href":"https:\/\/lasprimeras.com.do\/index.php\/wp-json\/wp\/v2\/users\/10"}],"replies":[{"embeddable":true,"href":"https:\/\/lasprimeras.com.do\/index.php\/wp-json\/wp\/v2\/comments?post=104144"}],"version-history":[{"count":1,"href":"https:\/\/lasprimeras.com.do\/index.php\/wp-json\/wp\/v2\/posts\/104144\/revisions"}],"predecessor-version":[{"id":104146,"href":"https:\/\/lasprimeras.com.do\/index.php\/wp-json\/wp\/v2\/posts\/104144\/revisions\/104146"}],"wp:featuredmedia":[{"embeddable":true,"href":"https:\/\/lasprimeras.com.do\/index.php\/wp-json\/wp\/v2\/media\/104145"}],"wp:attachment":[{"href":"https:\/\/lasprimeras.com.do\/index.php\/wp-json\/wp\/v2\/media?parent=104144"}],"wp:term":[{"taxonomy":"category","embeddable":true,"href":"https:\/\/lasprimeras.com.do\/index.php\/wp-json\/wp\/v2\/categories?post=104144"},{"taxonomy":"post_tag","embeddable":true,"href":"https:\/\/lasprimeras.com.do\/index.php\/wp-json\/wp\/v2\/tags?post=104144"}],"curies":[{"name":"wp","href":"https:\/\/api.w.org\/{rel}","templated":true}]}}