{"id":104147,"date":"2025-07-22T07:49:26","date_gmt":"2025-07-22T11:49:26","guid":{"rendered":"https:\/\/lasprimeras.com.do\/?p=104147"},"modified":"2025-07-22T07:49:27","modified_gmt":"2025-07-22T11:49:27","slug":"israel-avanza-en-una-ciudad-del-centro-de-gaza-que-habia-dejado-casi-intacta-en-21-meses-de-guerra","status":"publish","type":"post","link":"https:\/\/lasprimeras.com.do\/index.php\/2025\/07\/22\/israel-avanza-en-una-ciudad-del-centro-de-gaza-que-habia-dejado-casi-intacta-en-21-meses-de-guerra\/","title":{"rendered":"Israel avanza en una ciudad del centro de Gaza que hab\u00eda dejado casi intacta en 21 meses de guerra"},"content":{"rendered":"\n<p>POR WAFAA SHURAFA, MELANIE LIDMAN and SAMY MAGDY<\/p>\n\n\n\n<p>DEIR AL-BALAH, Franja de Gaza (AP) \u2014 La primera incursi\u00f3n de tropas terrestres israel\u00edes en \u00e1reas de una ciudad central de Gaza, donde se encuentran varias organizaciones de ayuda, se llev\u00f3 a cabo el lunes, en lo que parec\u00eda ser el \u00faltimo esfuerzo por dividir el territorio palestino con corredores militares.<\/p>\n\n\n\n<p>Deir al-Balah es la \u00fanica ciudad de Gaza que no hab\u00eda tenido operaciones terrestres importantes ni sufrido devastaci\u00f3n generalizada en 21 meses de guerra, lo que ha llevado a especulaciones de que el grupo armado Ham\u00e1s mantiene all\u00ed a un gran n\u00famero de rehenes.<\/p>\n\n\n\n<p>El principal grupo que representa a las familias de los rehenes dijo estar \u201cconmocionado y alarmado\u201d por la incursi\u00f3n y exigi\u00f3 respuestas a los l\u00edderes israel\u00edes.<\/p>\n\n\n\n<p>Israel dice que la toma de territorio en Gaza tiene como objetivo presionar a Ham\u00e1s para liberar a los rehenes, pero es un punto de gran controversia en las conversaciones de alto el fuego en curso.<\/p>\n\n\n\n<p>Mientras tanto, la agencia alimentaria de la ONU acus\u00f3 a las fuerzas israel\u00edes de disparar contra una multitud de palestinos que buscaban ayuda humanitaria durante el fin de semana.<\/p>\n\n\n\n<p>El Ministerio de Salud de Gaza lo calific\u00f3 como uno de los ataques m\u00e1s mortales contra solicitantes de ayuda en la guerra que ha llevado al territorio al borde de la hambruna.<\/p>\n\n\n\n<p>En la \u00faltima se\u00f1al de frustraci\u00f3n internacional, Reino Unido, Francia y otros 23 pa\u00edses alineados con Occidente emitieron un comunicado diciendo que \u201cla guerra en Gaza debe terminar ahora\u201d.<\/p>\n\n\n\n<p>Criticaron duramente las restricciones de Israel a la ayuda humanitaria y pidieron la liberaci\u00f3n de los 50 rehenes que permanecen en Gaza.<\/p>\n\n\n\n<p>\u00d3rdenes de evacuaci\u00f3n emitidas al amanecer<\/p>\n\n\n\n<p>Reporteros de The Associated Press escucharon explosiones y vieron humo elev\u00e1ndose desde partes de la ciudad que recibieron la orden de evacuar el domingo.<\/p>\n\n\n\n<p>Un funcionario militar israel\u00ed, que habl\u00f3 bajo condici\u00f3n de anonimato de acuerdo con las regulaciones, dijo que era la primera vez que tropas terrestres operaban en el \u00e1rea.<\/p>\n\n\n\n<p>Un hombre que vive en la zona de evacuaci\u00f3n, quien habl\u00f3 bajo condici\u00f3n de anonimato por temor a represalias, dijo que Israel lanz\u00f3 panfletos al amanecer ordenando a la gente evacuar. Dos horas despu\u00e9s, los tanques entraron en el \u00e1rea.<\/p>\n\n\n\n<p>Agreg\u00f3 que su padre de 62 a\u00f1os, que hab\u00eda pasado la noche en otro lugar, huy\u00f3 de casa en casa mientras las fuerzas israel\u00edes avanzaban y los vio aplanar estructuras con bulldozers y tanques. Ambos hombres lograron salir de la zona de evacuaci\u00f3n.<\/p>\n\n\n\n<p>La OMS dice que Israel allan\u00f3 su complejo y detuvo al personal<\/p>\n\n\n\n<p>La Organizaci\u00f3n Mundial de la Salud dijo que las fuerzas israel\u00edes allanaron su residencia principal de personal en Deir al-Balah, obligando a mujeres y ni\u00f1os a evacuar a pie hacia la costa.<\/p>\n\n\n\n<p>\u201cEl personal masculino y los miembros de la familia fueron esposados, desnudados, interrogados en el lugar y registrados a punta de pistola\u201d, dijo la agencia de salud de la ONU en un comunicado.<\/p>\n\n\n\n<p>Dijo que dos miembros del personal y dos familiares fueron detenidos, de los que tres fueron liberados m\u00e1s tarde y otro segu\u00eda retenido.<\/p>\n\n\n\n<p>La OMS dijo que su almac\u00e9n principal en la ciudad, que est\u00e1 en la zona de evacuaci\u00f3n, fue da\u00f1ado por una explosi\u00f3n y un incendio, afectando la capacidad de la agencia para ayudar a hospitales y equipos m\u00e9dicos de emergencia. No hubo comentarios inmediatos del ej\u00e9rcito israel\u00ed.<\/p>\n\n\n\n<p>El portavoz de Naciones Unidas, Stephane Dujarric, hab\u00eda dicho antes que dos casas de hu\u00e9spedes de la ONU en Deir al-Balah fueron da\u00f1adas por metralla.<\/p>\n\n\n\n<p>Dijo que la causa a\u00fan estaba siendo investigada, pero que se hab\u00edan reportado intensos ataques a\u00e9reos israel\u00edes en el \u00e1rea. El personal local e internacional continuar\u00e1 trabajando all\u00ed, a\u00f1adi\u00f3.<\/p>\n\n\n\n<p>El Ej\u00e9rcito declin\u00f3 decir si hab\u00eda ordenado la evacuaci\u00f3n de los grupos de ayuda que tienen su base en la ciudad, diciendo solo que mantiene contacto continuo con ellos y facilita su reubicaci\u00f3n cuando es necesario.<\/p>\n\n\n\n<p>Por separado, el Ej\u00e9rcito anunci\u00f3 que un soldado de 19 a\u00f1os muri\u00f3 y un oficial result\u00f3 gravemente herido en combate en el sur de Gaza.<\/p>\n\n\n\n<p>La ONU dice que casi el 90% de Gaza ahora est\u00e1 aislada<\/p>\n\n\n\n<p>Decenas de miles de personas buscaron refugio en Deir al-Balah durante repetidas olas de desplazamiento masivo en Gaza.<\/p>\n\n\n\n<p>El coordinador humanitario de la ONU dice que el 87,8% de Gaza ahora est\u00e1 bajo \u00f3rdenes de evacuaci\u00f3n o dentro de zonas militares israel\u00edes, \u201cdejando a 2,1 millones de civiles comprimidos en un fragmentado 12% de la Franja, donde los servicios esenciales han colapsado\u201d.<\/p>\n\n\n\n<p>Israel ha tomado el control de grandes \u00e1reas de Gaza y ha dividido el territorio con corredores que se extienden desde la frontera hasta el mar mientras busca presionar a Ham\u00e1s para liberar m\u00e1s rehenes.<\/p>\n\n\n\n<p>En respuesta a la incursi\u00f3n en Deir al-Balah, el Foro de Rehenes y Familias Desaparecidas advirti\u00f3 en su declaraci\u00f3n que \u201cel pueblo de Israel no perdonar\u00e1 a nadie que conscientemente haya puesto en peligro a los rehenes, tanto a los vivos como a los fallecidos. Nadie podr\u00e1 alegar que no sab\u00eda lo que estaba en juego\u201d.<\/p>\n\n\n\n<p>Milicianos liderados por Ham\u00e1s secuestraron a 251 personas en el ataque del 7 de octubre de 2023, que desencaden\u00f3 la guerra y mat\u00f3 unas 1.200 personas. Se cree que menos de la mitad de los 50 rehenes que a\u00fan est\u00e1n en Gaza est\u00e1n vivos.<\/p>\n\n\n\n<p>Israel culpa a Ham\u00e1s por las muertes de civiles palestinos porque los militantes operan en \u00e1reas densamente pobladas, y acusa al grupo de prolongar la guerra porque Ham\u00e1s no ha aceptado los t\u00e9rminos de Israel para un alto el fuego.<\/p>\n\n\n\n<p>Rara condena de la agencia alimentaria de la ONU<\/p>\n\n\n\n<p>El Programa Mundial de Alimentos (PMA), en una rara condena, dijo que la multitud que rodeaba su convoy en el norte de Gaza el domingo \u201cfue atacada por tanques israel\u00edes, francotiradores y otros disparos\u201d.<\/p>\n\n\n\n<p>Dijo que se perdieron \u201cinnumerables vidas\u201d. Un fot\u00f3grafo que trabaja con la AP cont\u00f3 51 cuerpos en dos hospitales.<\/p>\n\n\n\n<p>El Ministerio de Salud de Gaza dijo que al menos 80 personas murieron. El Ej\u00e9rcito israel\u00ed dijo que dispar\u00f3 tiros de advertencia \u201cpara eliminar una amenaza inmediata\u201d y cuestion\u00f3 el n\u00famero de muertos reportado por los palestinos. Declinaron comentar sobre el comunicado del PMA.<\/p>\n\n\n\n<p>Cientos de personas han sido asesinadas mientras buscaban alimentos en las \u00faltimas semanas, tanto de convoyes de la ONU como de sitios de ayuda separados administrados por un grupo respaldado por Israel que ha estado envuelto en controversia.<\/p>\n\n\n\n<p>El n\u00famero de muertos palestinos por la guerra ha aumentado a m\u00e1s de 59.000, seg\u00fan el Ministerio de Salud de Gaza. Su conteo no distingue entre milicianos y civiles, pero el ministerio dice que m\u00e1s de la mitad de los muertos son mujeres y ni\u00f1os.<\/p>\n\n\n\n<p>El ministerio forma parte del gobierno de Ham\u00e1s, pero la ONU y otras organizaciones internacionales lo consideran la fuente m\u00e1s confiable de datos sobre v\u00edctimas.<\/p>\n\n\n\n<p>Israel detiene al portavoz del Ministerio de Salud de Gaza<\/p>\n\n\n\n<p>Funcionarios de salud de Gaza dijeron que al menos 18 personas, incluidas tres mujeres y cinco ni\u00f1os, murieron en ataques israel\u00edes durante la noche y hasta el lunes. El Ej\u00e9rcito israel\u00ed no hizo comentarios inmediatos.<\/p>\n\n\n\n<p>Al menos tres personas murieron cuando multitudes de palestinos que esperaban camiones de ayuda fueron atacadas en el \u00e1rea del corredor de Netzarim en el centro de Gaza, seg\u00fan dos hospitales que recibieron los cuerpos.<\/p>\n\n\n\n<p>El Ministerio de Salud de Gaza dijo que las fuerzas israel\u00edes detuvieron al doctor Marwan al-Hams, director interino de los hospitales de campa\u00f1a de la franja y portavoz del ministerio.<\/p>\n\n\n\n<p>Tropas israel\u00edes mataron a un periodista local, Tamer al-Zaanein, que acompa\u00f1aba a al-Hams, e hirieron a otras dos personas cuando lo detuvieron cerca de un hospital de campa\u00f1a de la Cruz Roja en el sur de Gaza, seg\u00fan el Ministerio de Salud y la familia del periodista.<\/p>\n\n\n\n<p>El Comit\u00e9 Internacional de la Cruz Roja declin\u00f3 proporcionar detalles, pero dijo que estaba \u201cmuy preocupado\u201d por la seguridad alrededor del hospital \u201cy el impacto que esto puede tener en los pacientes y el personal\u201d.<\/p>\n\n\n\n<p>El ej\u00e9rcito israel\u00ed no hizo comentarios inmediatos.<\/p>\n\n\n\n<p>Israel ataca de nuevo el puerto controlado por rebeldes en Yemen<\/p>\n\n\n\n<p>La lucha en Gaza ha desencadenado conflictos en otras partes de la regi\u00f3n, como entre Israel y los rebeldes hut\u00edes respaldados por Ir\u00e1n en Yemen, quienes han lanzado misiles y drones hacia Israel en lo que dicen es una muestra de solidaridad con los palestinos.<\/p>\n\n\n\n<p>El Ej\u00e9rcito israel\u00ed dijo que atac\u00f3 el puerto de Hodeida en Yemen el lunes por la ma\u00f1ana. Israel ha atacado el puerto antes, incluyendo hace dos semanas, acusando a los hut\u00edes de usarlo para importar armas de Ir\u00e1n.<\/p>\n\n\n\n<p>El ministro de Defensa israel\u00ed, Israel Katz, dijo que los objetivos inclu\u00edan \u00e1reas del puerto que Israel hab\u00eda destruido en ataques anteriores. \u201cLos hut\u00edes pagar\u00e1n un alto precio por lanzar misiles hacia el estado de Israel\u201d, dijo Katz.<\/p>\n","protected":false},"excerpt":{"rendered":"<p>POR WAFAA SHURAFA, MELANIE LIDMAN and SAMY MAGDY DEIR AL-BALAH, Franja de Gaza (AP) \u2014 La primera incursi\u00f3n de tropas terrestres israel\u00edes en \u00e1reas de una ciudad central de Gaza,&hellip;<\/p>\n","protected":false},"author":10,"featured_media":104148,"comment_status":"open","ping_status":"open","sticky":false,"template":"","format":"standard","meta":{"content-type":"","jetpack_post_was_ever_published":false,"_jetpack_newsletter_access":"","_jetpack_dont_email_post_to_subs":false,"_jetpack_newsletter_tier_id":0,"_jetpack_memberships_contains_paywalled_content":false,"_jetpack_memberships_contains_paid_content":false,"footnotes":""},"categories":[16289],"tags":[609,10691,8513,2060,3499],"class_list":["post-104147","post","type-post","status-publish","format-standard","has-post-thumbnail","hentry","category-internacionales","tag-avanza","tag-centro-de-gaza","tag-franja-de-gaza","tag-guerra","tag-israel"],"jetpack_featured_media_url":"https:\/\/lasprimeras.com.do\/wp-content\/uploads\/2025\/07\/cadaveres.jpg","jetpack-related-posts":[{"id":96345,"url":"https:\/\/lasprimeras.com.do\/index.php\/2025\/03\/30\/eid-de-tristeza-la-escasez-de-comida-y-la-guerra-marcan-una-celebracion-musulmana-en-gaza\/","url_meta":{"origin":104147,"position":0},"title":"\u201cEid de tristeza&#8221;: La escasez de comida y la guerra marcan una celebraci\u00f3n musulmana en Gaza","author":"Nelson Feliz","date":"30 de marzo de 2025","format":false,"excerpt":"POR WAFAA SHURAFA DEIR AL BALAH, Franja de Gaza (AP) \u2014 Los palestinos en la Franja de Gaza ten\u00edan poco que celebrar el domingo, cuando comenzaban a conmemorar una festividad musulmana normalmente alegre, mientras los suministros de alimentos disminu\u00edan con rapidez y sin un final a la vista para la\u2026","rel":"","context":"En \u00abINTERNACIONALES\u00bb","block_context":{"text":"INTERNACIONALES","link":"https:\/\/lasprimeras.com.do\/index.php\/category\/sin-categoria\/internacionales\/"},"img":{"alt_text":"","src":"https:\/\/i0.wp.com\/lasprimeras.com.do\/wp-content\/uploads\/2025\/03\/palestinos-1.jpg?resize=350%2C200&ssl=1","width":350,"height":200,"srcset":"https:\/\/i0.wp.com\/lasprimeras.com.do\/wp-content\/uploads\/2025\/03\/palestinos-1.jpg?resize=350%2C200&ssl=1 1x, https:\/\/i0.wp.com\/lasprimeras.com.do\/wp-content\/uploads\/2025\/03\/palestinos-1.jpg?resize=525%2C300&ssl=1 1.5x, https:\/\/i0.wp.com\/lasprimeras.com.do\/wp-content\/uploads\/2025\/03\/palestinos-1.jpg?resize=700%2C400&ssl=1 2x"},"classes":[]},{"id":97355,"url":"https:\/\/lasprimeras.com.do\/index.php\/2025\/04\/19\/netanyahu-dice-que-israel-no-tiene-otra-opcion-que-continuar-luchando-en-gaza\/","url_meta":{"origin":104147,"position":1},"title":"Netanyahu dice que Israel no tiene \u2018otra opci\u00f3n\u2019 que continuar luchando en Gaza","author":"Nelson Feliz","date":"19 de abril de 2025","format":false,"excerpt":"POR WAFAA SHURAFA, SAMY MAGDY and JOSEF FEDERMAN DEIR AL-BALAH, Franja de Gaza (AP) \u2014 El primer ministro israel\u00ed Benjamin Netanyahu insisti\u00f3 nuevamente el s\u00e1bado que Israel \u201cno tiene otra opci\u00f3n\u201d que continuar luchando en Gaza y no terminar\u00e1 la guerra antes de destruir a Ham\u00e1s, liberar a los rehenes\u2026","rel":"","context":"En \u00abINTERNACIONALES\u00bb","block_context":{"text":"INTERNACIONALES","link":"https:\/\/lasprimeras.com.do\/index.php\/category\/sin-categoria\/internacionales\/"},"img":{"alt_text":"","src":"https:\/\/i0.wp.com\/lasprimeras.com.do\/wp-content\/uploads\/2025\/04\/muertos.jpg?resize=350%2C200&ssl=1","width":350,"height":200,"srcset":"https:\/\/i0.wp.com\/lasprimeras.com.do\/wp-content\/uploads\/2025\/04\/muertos.jpg?resize=350%2C200&ssl=1 1x, https:\/\/i0.wp.com\/lasprimeras.com.do\/wp-content\/uploads\/2025\/04\/muertos.jpg?resize=525%2C300&ssl=1 1.5x"},"classes":[]},{"id":79758,"url":"https:\/\/lasprimeras.com.do\/index.php\/2024\/03\/31\/gaza-matan-2-palestinos-e-hirien-periodistas-en-un-ataque-aereo-israeli\/","url_meta":{"origin":104147,"position":2},"title":"Gaza: Matan 2 palestinos e hirien periodistas en un ataque a\u00e9reo israel\u00ed","author":"Nelson Feliz","date":"31 de marzo de 2024","format":false,"excerpt":"POR WAFAA SHURAFA Y SAMY MAGDY DEIR AL-BALAH, Franja de Gaza (AP) \u2014 Un ataque a\u00e9reo israel\u00ed alcanz\u00f3 el domingo un campamento de tiendas de campa\u00f1a en el patio de un abarrotado hospital en el centro de Gaza, matando a dos palestinos e hiriendo a otros 15, incluidos periodistas que\u2026","rel":"","context":"En \u00abSin categor\u00eda\u00bb","block_context":{"text":"Sin categor\u00eda","link":"https:\/\/lasprimeras.com.do\/index.php\/category\/sin-categoria\/"},"img":{"alt_text":"","src":"https:\/\/i0.wp.com\/lasprimeras.com.do\/wp-content\/uploads\/2024\/03\/Ataque-1.jpg?resize=350%2C200&ssl=1","width":350,"height":200,"srcset":"https:\/\/i0.wp.com\/lasprimeras.com.do\/wp-content\/uploads\/2024\/03\/Ataque-1.jpg?resize=350%2C200&ssl=1 1x, https:\/\/i0.wp.com\/lasprimeras.com.do\/wp-content\/uploads\/2024\/03\/Ataque-1.jpg?resize=525%2C300&ssl=1 1.5x"},"classes":[]},{"id":73264,"url":"https:\/\/lasprimeras.com.do\/index.php\/2024\/01\/08\/los-palestinos-huyen-del-principal-hospital-del-centro-de-gaza\/","url_meta":{"origin":104147,"position":3},"title":"Los palestinos huyen del principal hospital del centro de Gaza","author":"Nelson Feliz","date":"8 de enero de 2024","format":false,"excerpt":"Un ataque mata al comandante de Hezbol\u00e1 en el L\u00edbano POR WAFAA SHURAFA, SAMY MAGDY, KAREEM CHEHAYEB Y BASSEM MROUE DEIR AL-BALAH, Franja de Gaza (AP) \u2014 M\u00e9dicos, pacientes y personas desplazadas est\u00e1n huyendo del principal hospital en el centro de Gaza a medida que se acercan los combates entre\u2026","rel":"","context":"En \u00abSin categor\u00eda\u00bb","block_context":{"text":"Sin categor\u00eda","link":"https:\/\/lasprimeras.com.do\/index.php\/category\/sin-categoria\/"},"img":{"alt_text":"ATAQUES","src":"https:\/\/i0.wp.com\/lasprimeras.com.do\/wp-content\/uploads\/2024\/01\/ATAQUES.jpg?resize=350%2C200&ssl=1","width":350,"height":200,"srcset":"https:\/\/i0.wp.com\/lasprimeras.com.do\/wp-content\/uploads\/2024\/01\/ATAQUES.jpg?resize=350%2C200&ssl=1 1x, https:\/\/i0.wp.com\/lasprimeras.com.do\/wp-content\/uploads\/2024\/01\/ATAQUES.jpg?resize=525%2C300&ssl=1 1.5x, https:\/\/i0.wp.com\/lasprimeras.com.do\/wp-content\/uploads\/2024\/01\/ATAQUES.jpg?resize=700%2C400&ssl=1 2x"},"classes":[]},{"id":97727,"url":"https:\/\/lasprimeras.com.do\/index.php\/2025\/04\/27\/ministerio-de-salud-de-gaza-reporta-51-muertos-por-ataques-israelies-con-un-total-de-mas-de-52-000\/","url_meta":{"origin":104147,"position":4},"title":"Ministerio de Salud de Gaza reporta 51 muertos por ataques israel\u00edes, con un total de m\u00e1s de 52.000","author":"Nelson Feliz","date":"27 de abril de 2025","format":false,"excerpt":"POR WAFAA SHURAFA and SAMY MAGDY DEIR AL-BALAH, Franja de Gaza (AP) \u2014 Los hospitales en la Franja de Gaza recibieron en las \u00faltimas 24 horas los restos de 51 palestinos asesinados en ataques israel\u00edes, inform\u00f3 el domingo el Ministerio de Salud local, lo que elevaba a 52.243 el n\u00famero\u2026","rel":"","context":"En \u00abINTERNACIONALES\u00bb","block_context":{"text":"INTERNACIONALES","link":"https:\/\/lasprimeras.com.do\/index.php\/category\/sin-categoria\/internacionales\/"},"img":{"alt_text":"","src":"https:\/\/i0.wp.com\/lasprimeras.com.do\/wp-content\/uploads\/2025\/04\/ataques-2.jpg?resize=350%2C200&ssl=1","width":350,"height":200,"srcset":"https:\/\/i0.wp.com\/lasprimeras.com.do\/wp-content\/uploads\/2025\/04\/ataques-2.jpg?resize=350%2C200&ssl=1 1x, https:\/\/i0.wp.com\/lasprimeras.com.do\/wp-content\/uploads\/2025\/04\/ataques-2.jpg?resize=525%2C300&ssl=1 1.5x"},"classes":[]},{"id":66019,"url":"https:\/\/lasprimeras.com.do\/index.php\/2023\/11\/02\/ser-padre-en-gaza-es-una-maldicion-mas-de-3-600-ninos-palestinos-asesinados-en-solo-tres-semanas-de-guerra\/","url_meta":{"origin":104147,"position":5},"title":"&#8216;Ser padre en Gaza es una maldici\u00f3n&#8217;: M\u00e1s de 3.600 ni\u00f1os palestinos asesinados en s\u00f3lo tres semanas de guerra","author":"Nelson Feliz","date":"2 de noviembre de 2023","format":false,"excerpt":"POR ISABEL DEBRE Y WAFAA SHURAFA DEIR AL-BALAH, Franja de Gaza (AP) \u2014 M\u00e1s de 3.600 ni\u00f1os palestinos murieron en los primeros 25 d\u00edas de la guerra entre Israel y Hamas , seg\u00fan el Ministerio de Salud de Gaza dirigido por Hamas. Fueron alcanzados por ataques a\u00e9reos, destrozados por cohetes\u2026","rel":"","context":"En \u00abSin categor\u00eda\u00bb","block_context":{"text":"Sin categor\u00eda","link":"https:\/\/lasprimeras.com.do\/index.php\/category\/sin-categoria\/"},"img":{"alt_text":"ni\u00f1os palestinos asesinados","src":"https:\/\/i0.wp.com\/lasprimeras.com.do\/wp-content\/uploads\/2023\/11\/ninos-palestinos-asesinados.jpg?resize=350%2C200&ssl=1","width":350,"height":200,"srcset":"https:\/\/i0.wp.com\/lasprimeras.com.do\/wp-content\/uploads\/2023\/11\/ninos-palestinos-asesinados.jpg?resize=350%2C200&ssl=1 1x, https:\/\/i0.wp.com\/lasprimeras.com.do\/wp-content\/uploads\/2023\/11\/ninos-palestinos-asesinados.jpg?resize=525%2C300&ssl=1 1.5x"},"classes":[]}],"jetpack_sharing_enabled":true,"_links":{"self":[{"href":"https:\/\/lasprimeras.com.do\/index.php\/wp-json\/wp\/v2\/posts\/104147","targetHints":{"allow":["GET"]}}],"collection":[{"href":"https:\/\/lasprimeras.com.do\/index.php\/wp-json\/wp\/v2\/posts"}],"about":[{"href":"https:\/\/lasprimeras.com.do\/index.php\/wp-json\/wp\/v2\/types\/post"}],"author":[{"embeddable":true,"href":"https:\/\/lasprimeras.com.do\/index.php\/wp-json\/wp\/v2\/users\/10"}],"replies":[{"embeddable":true,"href":"https:\/\/lasprimeras.com.do\/index.php\/wp-json\/wp\/v2\/comments?post=104147"}],"version-history":[{"count":1,"href":"https:\/\/lasprimeras.com.do\/index.php\/wp-json\/wp\/v2\/posts\/104147\/revisions"}],"predecessor-version":[{"id":104149,"href":"https:\/\/lasprimeras.com.do\/index.php\/wp-json\/wp\/v2\/posts\/104147\/revisions\/104149"}],"wp:featuredmedia":[{"embeddable":true,"href":"https:\/\/lasprimeras.com.do\/index.php\/wp-json\/wp\/v2\/media\/104148"}],"wp:attachment":[{"href":"https:\/\/lasprimeras.com.do\/index.php\/wp-json\/wp\/v2\/media?parent=104147"}],"wp:term":[{"taxonomy":"category","embeddable":true,"href":"https:\/\/lasprimeras.com.do\/index.php\/wp-json\/wp\/v2\/categories?post=104147"},{"taxonomy":"post_tag","embeddable":true,"href":"https:\/\/lasprimeras.com.do\/index.php\/wp-json\/wp\/v2\/tags?post=104147"}],"curies":[{"name":"wp","href":"https:\/\/api.w.org\/{rel}","templated":true}]}}