{"id":104150,"date":"2025-07-22T07:56:21","date_gmt":"2025-07-22T11:56:21","guid":{"rendered":"https:\/\/lasprimeras.com.do\/?p=104150"},"modified":"2025-07-22T07:56:22","modified_gmt":"2025-07-22T11:56:22","slug":"zelenskyy-renueva-la-oferta-de-reunirse-con-putin","status":"publish","type":"post","link":"https:\/\/lasprimeras.com.do\/index.php\/2025\/07\/22\/zelenskyy-renueva-la-oferta-de-reunirse-con-putin\/","title":{"rendered":"Zelenskyy renueva la oferta de reunirse con Putin"},"content":{"rendered":"\n<p>POR ILLIA NOVIKOV<\/p>\n\n\n\n<p>KIEV, Ucrania (AP) \u2014 El presidente de Ucrania, Volodymyr Zelenskyy, renov\u00f3 el martes su oferta de reunirse con el l\u00edder ruso, Vlad\u00edmir Putin y negociar el fin de la guerra en Ucrania, pero las esperanzas de progresos eran bajas mientras las delegaciones de ambos gobiernos se preparaban para celebrar una tercera ronda de conversaciones directas.<\/p>\n\n\n\n<p>Mientras tanto, las fuerzas rusas atacaron cuatro ciudades ucranianas en ataques nocturnos que, seg\u00fan los funcionarios, mataron a un ni\u00f1o.<\/p>\n\n\n\n<p>Putin ha rechazado las ofertas anteriores de Zelenskyy de una reuni\u00f3n cara a cara para poner fin al mayor conflicto de Europa desde la II Guerra Mundial.<\/p>\n\n\n\n<p>Pero el l\u00edder ucraniano insiste en que las delegaciones de menor nivel, como las que se esperan para las conversaciones en Estambul el mi\u00e9rcoles, no tienen el peso pol\u00edtico para detener los combates, cuando las demandas de cada lado para poner fin a la invasi\u00f3n a gran escala de Rusia, lanzada el 24 de febrero de 2022, siguen estando tan alejadas.<\/p>\n\n\n\n<p>\u201cUcrania nunca quiso esta guerra, y es Rusia la que debe poner fin a la guerra que ella misma comenz\u00f3&#8221;, dijo Zelenskyy en una publicaci\u00f3n de Telegram.<\/p>\n\n\n\n<p>El Kremlin enfr\u00eda las esperanzas para las conversaciones en Estambul<\/p>\n\n\n\n<p>El portavoz del Kremlin, Dmitry Peskov, dijo el martes que \u201cse necesita hacer mucho trabajo antes de tener una discusi\u00f3n detallada sobre la posibilidad de reuniones de alto nivel\u201d, lo que en la pr\u00e1ctica descart\u00f3 las esperanzas de una cumbre en el corto plazo. No proporcion\u00f3 una fecha para las conversaciones en Estambul.<\/p>\n\n\n\n<p>Funcionarios ucranianos y occidentales han acusado al Kremlin de dar largas en las conversaciones para que su ej\u00e9rcito, m\u00e1s grande, capture m\u00e1s territorio ucraniano. Rusia controla actualmente alrededor del 20% de Ucrania.<\/p>\n\n\n\n<p>El anuncio de Zelenskyy el lunes por la noche de que se llevar\u00edan a cabo las negociaciones gener\u00f3 pocas esperanzas de que lograran alg\u00fan progreso en poner fin a la guerra.<\/p>\n\n\n\n<p>Esto a pesar de los esfuerzos del gobierno de Trump por impulsar los esfuerzos de paz, que se han estancado ante los reparos del presidente ruso, Vlad\u00edmir Putin, a ceder en sus demandas.<\/p>\n\n\n\n<p>Peskov dijo que \u201cno tenemos razones para esperar avances m\u00e1gicos, es dif\u00edcilmente posible en la situaci\u00f3n actual\u201d.<\/p>\n\n\n\n<p>Las dos rondas anteriores se llevaron a cabo en Estambul, y los reportes de los medios rusos dijeron que probablemente la ciudad turca tambi\u00e9n albergar\u00eda la reuni\u00f3n esta vez.<\/p>\n\n\n\n<p>Las conversaciones en mayo y junio llevaron a una serie de intercambios de prisioneros de guerra y cuerpos de soldados ca\u00eddos, pero no produjeron otros acuerdos.<\/p>\n\n\n\n<p>M\u00e1s intercambios de prisioneros en la agenda de las conversaciones<\/p>\n\n\n\n<p>Mientras tanto, Rusia est\u00e1 presionando fuertemente para abrirse paso en puntos del este y noreste en la l\u00ednea del frente de 1.000 kil\u00f3metros (620 millas). Tambi\u00e9n est\u00e1 disparando m\u00e1s de 700 drones por noche a ciudades ucranianas.<\/p>\n\n\n\n<p>Zelenskyy dijo que en las pr\u00f3ximas conversaciones en Estambul, Ucrania quiere asegurar la liberaci\u00f3n de m\u00e1s prisioneros del cautiverio rusa y el regreso de los ni\u00f1os que Ucrania dice fueron secuestrados.<\/p>\n\n\n\n<p>La delegaci\u00f3n ucraniana estar\u00e1 encabezada por el exministro de Defensa Rustem Umerov, actual secretario del Consejo de Seguridad y Defensa Nacional de Ucrania.<br>Incluir\u00e1 representantes de la inteligencia ucraniana, el Ministerio de Asuntos Exteriores y la oficina del presidente, dijo Zelenskyy.<\/p>\n\n\n\n<p>Peskov dijo que \u201cel tema de un acuerdo ucraniano es tan complejo que incluso llegar a acuerdos sobre intercambios de prisioneros o el retorno de cuerpos ya es un \u00e9xito\u201d.<\/p>\n\n\n\n<p>Rusia ataca ciudades ucranianas con drones y bombas planeadoras<\/p>\n\n\n\n<p>Las fuerzas rusas atacaron cuatro ciudades ucranianas en tres regiones en ataques nocturnos, matando a un ni\u00f1o e hiriendo al menos a 41 personas, dijeron funcionarios.<\/p>\n\n\n\n<p>Desde el anochecer del lunes por la noche, Rusia atac\u00f3 las regiones ucranianas de Sumy en el noreste, Odesa en el sur y Kramatorsk en el este.<\/p>\n\n\n\n<p>En Kramatorsk, una bomba planeadora impact\u00f3 en un edificio de apartamentos, provocando un incendio, seg\u00fan el jefe de la administraci\u00f3n militar de la ciudad, Oleksandr Honcharenko.<\/p>\n\n\n\n<p>Un ni\u00f1o nacido en 2015 muri\u00f3, dijeron funcionarios locales, sin dar su edad exacta. Otras cinco personas resultaron heridas.<\/p>\n\n\n\n<p>La regi\u00f3n de Sumy fue objeto de m\u00faltiples oleadas de ataques, inform\u00f3 la administraci\u00f3n militar regional. Un dron impact\u00f3 en una gasolinera en la ciudad de Putyvl, hiriendo a cuatro personas, incluido un ni\u00f1o de cinco a\u00f1os.<\/p>\n\n\n\n<p>Un segundo ataque de dron golpe\u00f3 el mismo lugar menos de dos horas despu\u00e9s e hiri\u00f3 a siete m\u00e1s.<\/p>\n\n\n\n<p>Despu\u00e9s del anochecer, dos poderosas bombas planeadoras rusas fueron lanzadas sobre la ciudad de Sumy, hiriendo a 13 personas, incluido un ni\u00f1o de seis a\u00f1os.<br>Seg\u00fan las autoridades regionales, cinco edificios de apartamentos, dos casas particulares y un centro comercial resultaron da\u00f1ados en el ataque.<\/p>\n\n\n\n<p>El alcalde en funciones, Artem Kobzar, dijo que las explosiones rompieron ventanas y destruyeron balcones en edificios residenciales.<\/p>\n\n\n\n<p>Tambi\u00e9n el martes, el Ministerio ruso de Defensa dijo que sus defensas antia\u00e9reas derribaron 35 drones ucranianos de largo alcance sobre varias regiones durante la noche, incluidos tres sobre la regi\u00f3n de Mosc\u00fa.<\/p>\n","protected":false},"excerpt":{"rendered":"<p>POR ILLIA NOVIKOV KIEV, Ucrania (AP) \u2014 El presidente de Ucrania, Volodymyr Zelenskyy, renov\u00f3 el martes su oferta de reunirse con el l\u00edder ruso, Vlad\u00edmir Putin y negociar el fin&hellip;<\/p>\n","protected":false},"author":10,"featured_media":104151,"comment_status":"open","ping_status":"open","sticky":false,"template":"","format":"standard","meta":{"content-type":"","jetpack_post_was_ever_published":false,"_jetpack_newsletter_access":"","_jetpack_dont_email_post_to_subs":false,"_jetpack_newsletter_tier_id":0,"_jetpack_memberships_contains_paywalled_content":false,"_jetpack_memberships_contains_paid_content":false,"footnotes":""},"categories":[16289],"tags":[16716,22023,751,1108,3868,11941],"class_list":["post-104150","post","type-post","status-publish","format-standard","has-post-thumbnail","hentry","category-internacionales","tag-ataque-ruso","tag-nino-muerto","tag-oferta","tag-ucrania","tag-vladimir-putin-2","tag-volodymyr-zelenskyy"],"jetpack_featured_media_url":"https:\/\/lasprimeras.com.do\/wp-content\/uploads\/2025\/07\/ataque.jpg","jetpack-related-posts":[{"id":98841,"url":"https:\/\/lasprimeras.com.do\/index.php\/2025\/05\/13\/zelenskyy-dice-que-esperara-a-putin-en-ankara-el-jueves\/","url_meta":{"origin":104150,"position":0},"title":"Zelenskyy dice que esperar\u00e1 a Putin en Ankara el jueves","author":"Nelson Feliz","date":"13 de mayo de 2025","format":false,"excerpt":"POR ILLIA NOVIKOV KIEV, Ucrania (AP) \u2014 El presidente ucraniano Volodymyr Zelenskyy dijo el martes que esperar\u00e1 a su hom\u00f3logo ruso Vlad\u00edmir Putin en la capital turca esta semana para llevar a cabo conversaciones cara a cara sobre la guerra, en medio de una fuerte presi\u00f3n de los l\u00edderes de\u2026","rel":"","context":"En \u00abINTERNACIONALES\u00bb","block_context":{"text":"INTERNACIONALES","link":"https:\/\/lasprimeras.com.do\/index.php\/category\/sin-categoria\/internacionales\/"},"img":{"alt_text":"","src":"https:\/\/i0.wp.com\/lasprimeras.com.do\/wp-content\/uploads\/2025\/05\/Volodymyr-Zelenskyy.jpg?resize=350%2C200&ssl=1","width":350,"height":200,"srcset":"https:\/\/i0.wp.com\/lasprimeras.com.do\/wp-content\/uploads\/2025\/05\/Volodymyr-Zelenskyy.jpg?resize=350%2C200&ssl=1 1x, https:\/\/i0.wp.com\/lasprimeras.com.do\/wp-content\/uploads\/2025\/05\/Volodymyr-Zelenskyy.jpg?resize=525%2C300&ssl=1 1.5x, https:\/\/i0.wp.com\/lasprimeras.com.do\/wp-content\/uploads\/2025\/05\/Volodymyr-Zelenskyy.jpg?resize=700%2C400&ssl=1 2x"},"classes":[]},{"id":99002,"url":"https:\/\/lasprimeras.com.do\/index.php\/2025\/05\/15\/zelenskyy-llega-a-turquia-para-conversaciones-de-paz-sobre-ucrania-pero-putin-no-acude\/","url_meta":{"origin":104150,"position":1},"title":"Zelenskyy llega a Turqu\u00eda para conversaciones de paz sobre Ucrania, pero Putin no acude","author":"Nelson Feliz","date":"15 de mayo de 2025","format":false,"excerpt":"POR MEHMET GUZEL ESTAMBUL, Turqu\u00eda (AP) \u2014 El presidente de Rusia, Vlad\u00edmir Putin, no se present\u00f3 en Turqu\u00eda el jueves para las conversaciones de paz directas propuestas con el l\u00edder ucraniano Volodymyr Zelenskyy, quien lo esperaba en la capital de Ankara tras desafiar al l\u00edder del Kremlin a reunirse cara\u2026","rel":"","context":"En \u00abINTERNACIONALES\u00bb","block_context":{"text":"INTERNACIONALES","link":"https:\/\/lasprimeras.com.do\/index.php\/category\/sin-categoria\/internacionales\/"},"img":{"alt_text":"","src":"https:\/\/i0.wp.com\/lasprimeras.com.do\/wp-content\/uploads\/2025\/05\/ARMADOS.jpg?resize=350%2C200&ssl=1","width":350,"height":200,"srcset":"https:\/\/i0.wp.com\/lasprimeras.com.do\/wp-content\/uploads\/2025\/05\/ARMADOS.jpg?resize=350%2C200&ssl=1 1x, https:\/\/i0.wp.com\/lasprimeras.com.do\/wp-content\/uploads\/2025\/05\/ARMADOS.jpg?resize=525%2C300&ssl=1 1.5x, https:\/\/i0.wp.com\/lasprimeras.com.do\/wp-content\/uploads\/2025\/05\/ARMADOS.jpg?resize=700%2C400&ssl=1 2x"},"classes":[]},{"id":99197,"url":"https:\/\/lasprimeras.com.do\/index.php\/2025\/05\/19\/trump-espera-avanzar-en-un-alto-el-fuego-en-ucrania-en-llamadas-con-putin-y-zelenskyy\/","url_meta":{"origin":104150,"position":2},"title":"Trump espera avanzar en un alto el fuego en Ucrania en llamadas con Putin y Zelenskyy","author":"Nelson Feliz","date":"19 de mayo de 2025","format":false,"excerpt":"POR JOSH BOAK WASHINGTON (AP) \u2014 El presidente de Estados Unidos, Donald Trump, espera que las llamadas telef\u00f3nicas separadas el lunes con el l\u00edder ruso, Vlad\u00edmir Putin, y el presidente ucraniano, Volodymyr Zelenskyy, logren avances hacia un alto el fuego en la guerra en Ucrania. Trump expres\u00f3 sus esperanzas de\u2026","rel":"","context":"En \u00abINTERNACIONALES\u00bb","block_context":{"text":"INTERNACIONALES","link":"https:\/\/lasprimeras.com.do\/index.php\/category\/sin-categoria\/internacionales\/"},"img":{"alt_text":"Donald Trump vs Vlad\u00edmir Putin","src":"https:\/\/i0.wp.com\/lasprimeras.com.do\/wp-content\/uploads\/2025\/05\/Donald-Trump-vs-Vladimir-Putin.jpg?resize=350%2C200&ssl=1","width":350,"height":200,"srcset":"https:\/\/i0.wp.com\/lasprimeras.com.do\/wp-content\/uploads\/2025\/05\/Donald-Trump-vs-Vladimir-Putin.jpg?resize=350%2C200&ssl=1 1x, https:\/\/i0.wp.com\/lasprimeras.com.do\/wp-content\/uploads\/2025\/05\/Donald-Trump-vs-Vladimir-Putin.jpg?resize=525%2C300&ssl=1 1.5x, https:\/\/i0.wp.com\/lasprimeras.com.do\/wp-content\/uploads\/2025\/05\/Donald-Trump-vs-Vladimir-Putin.jpg?resize=700%2C400&ssl=1 2x"},"classes":[]},{"id":97649,"url":"https:\/\/lasprimeras.com.do\/index.php\/2025\/04\/25\/ucrania-reporta-3-muertos-en-otro-ataque-ruso-con-drones-tras-las-criticas-de-trump-a-putin\/","url_meta":{"origin":104150,"position":3},"title":"Ucrania reporta 3 muertos en otro ataque ruso con drones tras las cr\u00edticas de Trump a Putin","author":"Nelson Feliz","date":"25 de abril de 2025","format":false,"excerpt":"POR ILLIA NOVIKOV KIEV, Ucrania (AP) \u2014 Un dron ruso alcanz\u00f3 un edificio de apartamentos en una ciudad del sureste de Ucrania y caus\u00f3 tres muertos y 10 heridos, dijeron funcionarios el viernes, un d\u00eda despu\u00e9s de que el presidente de Estados Unidos, Donald Trump, reprendi\u00f3 a su hom\u00f3logo en\u2026","rel":"","context":"En \u00abINTERNACIONALES\u00bb","block_context":{"text":"INTERNACIONALES","link":"https:\/\/lasprimeras.com.do\/index.php\/category\/sin-categoria\/internacionales\/"},"img":{"alt_text":"","src":"https:\/\/i0.wp.com\/lasprimeras.com.do\/wp-content\/uploads\/2025\/04\/muertos-1.jpg?resize=350%2C200&ssl=1","width":350,"height":200,"srcset":"https:\/\/i0.wp.com\/lasprimeras.com.do\/wp-content\/uploads\/2025\/04\/muertos-1.jpg?resize=350%2C200&ssl=1 1x, https:\/\/i0.wp.com\/lasprimeras.com.do\/wp-content\/uploads\/2025\/04\/muertos-1.jpg?resize=525%2C300&ssl=1 1.5x, https:\/\/i0.wp.com\/lasprimeras.com.do\/wp-content\/uploads\/2025\/04\/muertos-1.jpg?resize=700%2C400&ssl=1 2x"},"classes":[]},{"id":93719,"url":"https:\/\/lasprimeras.com.do\/index.php\/2025\/02\/19\/trump-advierte-a-zelenskyy-que-debe-negociar-rapidamente-el-fin-de-la-guerra-con-rusia\/","url_meta":{"origin":104150,"position":4},"title":"Trump advierte a Zelenskyy que debe negociar r\u00e1pidamente el fin de la guerra con Rusia","author":"Nelson Feliz","date":"19 de febrero de 2025","format":false,"excerpt":"POR AAMER MADHANI, MIKE PESOLI and STEPHANY MATAT MIAMI (AP) \u2014 El presidente Donald Trump advirti\u00f3 el mi\u00e9rcoles al presidente ucraniano Volodymyr Zelenskyy que \u201cmejor act\u00fae r\u00e1pido\u201d para negociar el fin de la invasi\u00f3n de Rusia a Ucrania, o se arriesga a no tener una naci\u00f3n que liderar. La ret\u00f3rica\u2026","rel":"","context":"En \u00abINTERNACIONALES\u00bb","block_context":{"text":"INTERNACIONALES","link":"https:\/\/lasprimeras.com.do\/index.php\/category\/sin-categoria\/internacionales\/"},"img":{"alt_text":"Volodymyr Zelenskyy","src":"https:\/\/i0.wp.com\/lasprimeras.com.do\/wp-content\/uploads\/2025\/02\/Volodymyr-Zelenskyy-1.jpg?resize=350%2C200&ssl=1","width":350,"height":200,"srcset":"https:\/\/i0.wp.com\/lasprimeras.com.do\/wp-content\/uploads\/2025\/02\/Volodymyr-Zelenskyy-1.jpg?resize=350%2C200&ssl=1 1x, https:\/\/i0.wp.com\/lasprimeras.com.do\/wp-content\/uploads\/2025\/02\/Volodymyr-Zelenskyy-1.jpg?resize=525%2C300&ssl=1 1.5x"},"classes":[]},{"id":95724,"url":"https:\/\/lasprimeras.com.do\/index.php\/2025\/03\/18\/trump-y-putin-hablaran-por-telefono-sobre-alto-el-fuego-pero-zelenskyy-se-muestra-esceptico\/","url_meta":{"origin":104150,"position":5},"title":"Trump y Putin hablar\u00e1n por tel\u00e9fono sobre alto el fuego, pero Zelenskyy se muestra esc\u00e9ptico","author":"Nelson Feliz","date":"18 de marzo de 2025","format":false,"excerpt":"POR AAMER MADHANI WASHINGTON (AP) \u2014 Donald Trump, mantendr\u00e1 conversaciones el martes con su hom\u00f3logo ruso, Vlad\u00edmir Putin, en su intento por obtener apoyos para la propuesta de alto el fuego de Estados Unidos que espera que pueda crear una v\u00eda para poner fin a la devastadora guerra de Rusia\u2026","rel":"","context":"En \u00abINTERNACIONALES\u00bb","block_context":{"text":"INTERNACIONALES","link":"https:\/\/lasprimeras.com.do\/index.php\/category\/sin-categoria\/internacionales\/"},"img":{"alt_text":"Vlad\u00edmir Putin y Donald Trump","src":"https:\/\/i0.wp.com\/lasprimeras.com.do\/wp-content\/uploads\/2025\/03\/Vladimir-Putin-y-Donald-Trump.jpg?resize=350%2C200&ssl=1","width":350,"height":200,"srcset":"https:\/\/i0.wp.com\/lasprimeras.com.do\/wp-content\/uploads\/2025\/03\/Vladimir-Putin-y-Donald-Trump.jpg?resize=350%2C200&ssl=1 1x, https:\/\/i0.wp.com\/lasprimeras.com.do\/wp-content\/uploads\/2025\/03\/Vladimir-Putin-y-Donald-Trump.jpg?resize=525%2C300&ssl=1 1.5x, https:\/\/i0.wp.com\/lasprimeras.com.do\/wp-content\/uploads\/2025\/03\/Vladimir-Putin-y-Donald-Trump.jpg?resize=700%2C400&ssl=1 2x"},"classes":[]}],"jetpack_sharing_enabled":true,"_links":{"self":[{"href":"https:\/\/lasprimeras.com.do\/index.php\/wp-json\/wp\/v2\/posts\/104150","targetHints":{"allow":["GET"]}}],"collection":[{"href":"https:\/\/lasprimeras.com.do\/index.php\/wp-json\/wp\/v2\/posts"}],"about":[{"href":"https:\/\/lasprimeras.com.do\/index.php\/wp-json\/wp\/v2\/types\/post"}],"author":[{"embeddable":true,"href":"https:\/\/lasprimeras.com.do\/index.php\/wp-json\/wp\/v2\/users\/10"}],"replies":[{"embeddable":true,"href":"https:\/\/lasprimeras.com.do\/index.php\/wp-json\/wp\/v2\/comments?post=104150"}],"version-history":[{"count":1,"href":"https:\/\/lasprimeras.com.do\/index.php\/wp-json\/wp\/v2\/posts\/104150\/revisions"}],"predecessor-version":[{"id":104152,"href":"https:\/\/lasprimeras.com.do\/index.php\/wp-json\/wp\/v2\/posts\/104150\/revisions\/104152"}],"wp:featuredmedia":[{"embeddable":true,"href":"https:\/\/lasprimeras.com.do\/index.php\/wp-json\/wp\/v2\/media\/104151"}],"wp:attachment":[{"href":"https:\/\/lasprimeras.com.do\/index.php\/wp-json\/wp\/v2\/media?parent=104150"}],"wp:term":[{"taxonomy":"category","embeddable":true,"href":"https:\/\/lasprimeras.com.do\/index.php\/wp-json\/wp\/v2\/categories?post=104150"},{"taxonomy":"post_tag","embeddable":true,"href":"https:\/\/lasprimeras.com.do\/index.php\/wp-json\/wp\/v2\/tags?post=104150"}],"curies":[{"name":"wp","href":"https:\/\/api.w.org\/{rel}","templated":true}]}}