{"id":104159,"date":"2025-07-22T08:59:49","date_gmt":"2025-07-22T12:59:49","guid":{"rendered":"https:\/\/lasprimeras.com.do\/?p=104159"},"modified":"2025-07-22T08:59:50","modified_gmt":"2025-07-22T12:59:50","slug":"inmigracion-inundara-nyc-de-agentes-por-herir-federal-usbp-en-alto-manhattan","status":"publish","type":"post","link":"https:\/\/lasprimeras.com.do\/index.php\/2025\/07\/22\/inmigracion-inundara-nyc-de-agentes-por-herir-federal-usbp-en-alto-manhattan\/","title":{"rendered":"Inmigraci\u00f3n inundar\u00e1 NYC de agentes por herir federal USBP en Alto Manhattan"},"content":{"rendered":"\n<p>Por Ram\u00f3n Mercedes<\/p>\n\n\n\n<p>NUEVA YORK.- El Departamento de Seguridad Nacional (DHS) afirm\u00f3 este lunes que agentes de Inmigraci\u00f3n inundar\u00e1n esta ciudad en respuesta a la acci\u00f3n del dominicano Miguel Francisco Mora N\u00fa\u00f1ez, quien hiri\u00f3 de balas a un federal de la Patrulla Fronteriza (USBP), cuando trat\u00f3 de asaltarlo en un parque del Alto Manhattan.<\/p>\n\n\n\n<p>Tambi\u00e9n inform\u00f3 que el acompa\u00f1ante del gatillero, su compatriota, Christhian Aybar Berroa, quien lo transportaba en una pasola, fue apresado este lunes. Ambos son indocumentados y tienen prontuario delictivo, inform\u00f3 la polic\u00eda.<\/p>\n\n\n\n<p>El zar fronterizo, Tom Homan, dijo que habr\u00e1 una ofensiva migratoria en la Gran Manzana. \u00abVamos a inundar la zona, delineando un plan para perseguir con mayor agresividad a los delincuentes indocumentados, pero tambi\u00e9n para detener a cualquier otra persona en el pa\u00eds sin estatus migratorio, independientemente de su sospecha criminal\u201d, precis\u00f3.<\/p>\n\n\n\n<p>El ICE ya ha adoptado una estrategia cada vez m\u00e1s agresiva en el \u00e1rea triestatal. Han allanado lugares de trabajo, abordado a ni\u00f1os en parques y arrestado a personas justo afuera de los tribunales de inmigraci\u00f3n, incluso con casos de asilo y residencia permanente pendientes, dijo.<\/p>\n\n\n\n<p>Asimismo, la Secretaria de Seguridad Nacional, Kristi Noem, culp\u00f3 del tiroteo al alcalde de la Gran Manzana, Eric Adams, y otros funcionarios locales que apoyan las pol\u00edticas de Ciudad Santuario.<\/p>\n\n\n\n<p>Sin embargo, el alcalde ha sido uno de los pocos funcionarios de NYC que ha estado a favor de cambiar el sistema de justicia penal del estado de NY, y modificar las pol\u00edticas de santuario, que impiden que las fuerzas del orden locales cooperen m\u00e1s con las autoridades de inmigraci\u00f3n.<\/p>\n\n\n\n<p>\u00abSoy muy claro, dejen de convertirse en un sistema, persigan a los migrantes peligrosos y asignen a los solicitantes que est\u00e1n aqu\u00ed, y permitan que las personas trabajadoras que est\u00e1n en NYC sigan con sus vidas\u201d, expres\u00f3 el ejecutivo municipal.<\/p>\n\n\n\n<p>El agente federal, no identificado por las autoridades, se recupera en un hospital, y Mora N\u00fa\u00f1ez en el Hospital Lincoln, en El Bronx, luego de recibir tres balazos durante el intercambio de disparos.<\/p>\n\n\n\n<p>Este hecho ocurri\u00f3 el pasado s\u00e1bado en horas de la noche en el Fort Washington Park, Alto Manhattan, cuando el federal se encontraba fuera de servicio con una amiga y se puede observar en un video de vigilancia que dos hombres en una pasola y armados se acercaron a \u00e9l en un aparente intento de robo. El agente y los dos hombres intercambiaron disparos y se hirieron ambos.<\/p>\n","protected":false},"excerpt":{"rendered":"<p>Por Ram\u00f3n Mercedes NUEVA YORK.- El Departamento de Seguridad Nacional (DHS) afirm\u00f3 este lunes que agentes de Inmigraci\u00f3n inundar\u00e1n esta ciudad en respuesta a la acci\u00f3n del dominicano Miguel Francisco&hellip;<\/p>\n","protected":false},"author":10,"featured_media":104160,"comment_status":"open","ping_status":"open","sticky":false,"template":"","format":"standard","meta":{"content-type":"","jetpack_post_was_ever_published":false,"_jetpack_newsletter_access":"","_jetpack_dont_email_post_to_subs":false,"_jetpack_newsletter_tier_id":0,"_jetpack_memberships_contains_paywalled_content":false,"_jetpack_memberships_contains_paid_content":false,"footnotes":""},"categories":[16289],"tags":[3660,7883,22026,4249,316],"class_list":["post-104159","post","type-post","status-publish","format-standard","has-post-thumbnail","hentry","category-internacionales","tag-agentes","tag-alto-manhattan","tag-herir-federal","tag-inmigracion","tag-nyc"],"jetpack_featured_media_url":"https:\/\/lasprimeras.com.do\/wp-content\/uploads\/2025\/07\/WhatsApp-Image-2025-07-22-at-7.00.15-AM.jpeg","jetpack-related-posts":[{"id":98779,"url":"https:\/\/lasprimeras.com.do\/index.php\/2025\/05\/12\/encuentro-entre-trump-y-adams-en-la-casa-blanca-ambos-divulgan-lo-tratado\/","url_meta":{"origin":104159,"position":0},"title":"Encuentro entre Trump y Adams en la Casa Blanca; ambos divulgan lo tratado","author":"Nelson Feliz","date":"12 de mayo de 2025","format":false,"excerpt":"Por Ram\u00f3n Mercedes NUEVA YORK.- La prensa anglosajona public\u00f3 este fin de semana el encuentro en la Casa Blanca entre el presidente Donald Trump y el alcalde de esta ciudad, Eric Adams; dominicanos en la urbe han prestado sumo inter\u00e9s a la misma. El alcalde declar\u00f3 que visit\u00f3 al presidente\u2026","rel":"","context":"En \u00abINTERNACIONALES\u00bb","block_context":{"text":"INTERNACIONALES","link":"https:\/\/lasprimeras.com.do\/index.php\/category\/sin-categoria\/internacionales\/"},"img":{"alt_text":"","src":"https:\/\/i0.wp.com\/lasprimeras.com.do\/wp-content\/uploads\/2025\/05\/WhatsApp-Image-2025-05-12-at-6.33.00-AM-3.jpeg?resize=350%2C200&ssl=1","width":350,"height":200,"srcset":"https:\/\/i0.wp.com\/lasprimeras.com.do\/wp-content\/uploads\/2025\/05\/WhatsApp-Image-2025-05-12-at-6.33.00-AM-3.jpeg?resize=350%2C200&ssl=1 1x, https:\/\/i0.wp.com\/lasprimeras.com.do\/wp-content\/uploads\/2025\/05\/WhatsApp-Image-2025-05-12-at-6.33.00-AM-3.jpeg?resize=525%2C300&ssl=1 1.5x"},"classes":[]},{"id":96230,"url":"https:\/\/lasprimeras.com.do\/index.php\/2025\/03\/28\/alcalde-nyc-asiste-encuentro-en-alto-manhattan-con-poca-asistencia-de-dominicanos\/","url_meta":{"origin":104159,"position":1},"title":"Alcalde NYC asiste encuentro en Alto Manhattan con poca asistencia de dominicanos","author":"Nelson Feliz","date":"28 de marzo de 2025","format":false,"excerpt":"Por Ram\u00f3n Mercedes NUEVA YORK.- El alcalde de esta ciudad, Eric Adams, asisti\u00f3 la noche de este lunes a un encuentro en el Alto Manhattan, que convocara su comisionado de Transporte de NYC (DOT), Ydanis Rodr\u00edguez, con la comunidad dominicana. Contrario a las convocatorias que con frecuencia efectuaba Rodr\u00edguez cuando\u2026","rel":"","context":"En \u00abINTERNACIONALES\u00bb","block_context":{"text":"INTERNACIONALES","link":"https:\/\/lasprimeras.com.do\/index.php\/category\/sin-categoria\/internacionales\/"},"img":{"alt_text":"Alcalde NYC asiste encuentro en Alto Manhattan con poca asistencia de dominicanos","src":"https:\/\/i0.wp.com\/lasprimeras.com.do\/wp-content\/uploads\/2025\/03\/WhatsApp-Image-2025-03-27-at-6.14.59-AM.jpeg?resize=350%2C200&ssl=1","width":350,"height":200,"srcset":"https:\/\/i0.wp.com\/lasprimeras.com.do\/wp-content\/uploads\/2025\/03\/WhatsApp-Image-2025-03-27-at-6.14.59-AM.jpeg?resize=350%2C200&ssl=1 1x, https:\/\/i0.wp.com\/lasprimeras.com.do\/wp-content\/uploads\/2025\/03\/WhatsApp-Image-2025-03-27-at-6.14.59-AM.jpeg?resize=525%2C300&ssl=1 1.5x"},"classes":[]},{"id":119369,"url":"https:\/\/lasprimeras.com.do\/index.php\/2026\/01\/12\/defensor-publico-nyc-advierte-inmigracion-viene-para-la-gran-manzana\/","url_meta":{"origin":104159,"position":2},"title":"Defensor P\u00fablico NYC advierte \u201cInmigraci\u00f3n viene para la Gran Manzana\u201d","author":"Nelson Feliz","date":"12 de enero de 2026","format":false,"excerpt":"Por Ram\u00f3n Mercedes NUEVA YORK.-\u00a0El Defensor P\u00fablico en esta ciudad, Jumaane Williams, emiti\u00f3 el pasado fin de semana una advertencia a los neoyorquinos de que \u201cInmigraci\u00f3n viene para la Gran Manzana\u201d. El Defensor del Pueblo es un funcionario electo que act\u00faa como vigilante, investiga quejas, es una figura pol\u00edtica de\u2026","rel":"","context":"En \u00abINTERNACIONALES\u00bb","block_context":{"text":"INTERNACIONALES","link":"https:\/\/lasprimeras.com.do\/index.php\/category\/sin-categoria\/internacionales\/"},"img":{"alt_text":"","src":"https:\/\/i0.wp.com\/lasprimeras.com.do\/wp-content\/uploads\/2026\/01\/Defensor-Publico-NYC-advierte-Inmigracion-viene-para-la-Gran-Manzana.jpg?resize=350%2C200&ssl=1","width":350,"height":200,"srcset":"https:\/\/i0.wp.com\/lasprimeras.com.do\/wp-content\/uploads\/2026\/01\/Defensor-Publico-NYC-advierte-Inmigracion-viene-para-la-Gran-Manzana.jpg?resize=350%2C200&ssl=1 1x, https:\/\/i0.wp.com\/lasprimeras.com.do\/wp-content\/uploads\/2026\/01\/Defensor-Publico-NYC-advierte-Inmigracion-viene-para-la-Gran-Manzana.jpg?resize=525%2C300&ssl=1 1.5x, https:\/\/i0.wp.com\/lasprimeras.com.do\/wp-content\/uploads\/2026\/01\/Defensor-Publico-NYC-advierte-Inmigracion-viene-para-la-Gran-Manzana.jpg?resize=700%2C400&ssl=1 2x, https:\/\/i0.wp.com\/lasprimeras.com.do\/wp-content\/uploads\/2026\/01\/Defensor-Publico-NYC-advierte-Inmigracion-viene-para-la-Gran-Manzana.jpg?resize=1050%2C600&ssl=1 3x"},"classes":[]},{"id":114390,"url":"https:\/\/lasprimeras.com.do\/index.php\/2025\/11\/13\/agentes-inmigracion-se-tiran-en-alto-manhattan-y-apresan-joven\/","url_meta":{"origin":104159,"position":3},"title":"Agentes Inmigraci\u00f3n se tiran en Alto Manhattan y apresan joven","author":"Nelson Feliz","date":"13 de noviembre de 2025","format":false,"excerpt":"https:\/\/www.youtube.com\/watch?v=2Hft4f1-mSM Por Ram\u00f3n Mercedes NUEVA YORK.- Agentes de Inmigraci\u00f3n (ICE) y Seguridad Nacional (DHS) enmascarados se tiraron en el Alto Manhattan la ma\u00f1ana de este mi\u00e9rcoles y apresaron un joven en presencia de m\u00faltiples dominicanos que firmaban la escena. El hecho ocurri\u00f3 a eso de las 8:30 de en la\u2026","rel":"","context":"En \u00abLA VOZ DE LA DIASPORA\u00bb","block_context":{"text":"LA VOZ DE LA DIASPORA","link":"https:\/\/lasprimeras.com.do\/index.php\/category\/la-voz-de-la-diaspora\/"},"img":{"alt_text":"","src":"https:\/\/i0.wp.com\/lasprimeras.com.do\/wp-content\/uploads\/2025\/11\/Agentes-Inmigracion-se-tiran-en-Alto-Manhattan-y-apresan-joven.jpg?resize=350%2C200&ssl=1","width":350,"height":200},"classes":[]},{"id":114515,"url":"https:\/\/lasprimeras.com.do\/index.php\/2025\/11\/15\/agentes-inmigracion-se-tiran-en-alto-manhattan-y-apresan-joven-2\/","url_meta":{"origin":104159,"position":4},"title":"Agentes Inmigraci\u00f3n se tiran en Alto Manhattan y apresan joven","author":"Nelson Feliz","date":"15 de noviembre de 2025","format":false,"excerpt":"https:\/\/www.youtube.com\/watch?v=2Hft4f1-mSM Por Ram\u00f3n Mercedes NUEVA YORK.- Agentes de Inmigraci\u00f3n (ICE) y Seguridad Nacional (DHS) enmascarados se tiraron en el Alto Manhattan la ma\u00f1ana de este mi\u00e9rcoles y apresaron un joven en presencia de m\u00faltiples dominicanos que firmaban la escena. El hecho ocurri\u00f3 a eso de las 8:30 de en la\u2026","rel":"","context":"En \u00abLA VOZ DE LA DIASPORA\u00bb","block_context":{"text":"LA VOZ DE LA DIASPORA","link":"https:\/\/lasprimeras.com.do\/index.php\/category\/la-voz-de-la-diaspora\/"},"img":{"alt_text":"","src":"https:\/\/i0.wp.com\/lasprimeras.com.do\/wp-content\/uploads\/2025\/11\/WhatsApp-Image-2025-11-13-at-7.34.57-AM-1.jpeg?resize=350%2C200&ssl=1","width":350,"height":200},"classes":[]},{"id":98784,"url":"https:\/\/lasprimeras.com.do\/index.php\/2025\/05\/12\/enterate-ny-8\/","url_meta":{"origin":104159,"position":5},"title":"Ent\u00e9rate NY","author":"Nelson Feliz","date":"12 de mayo de 2025","format":false,"excerpt":"PERIODISMO INFORMATIVO Y CR\u00cdTICO AL SERVICIO DE LA COMUNIDAD Por Ram\u00f3n Mercedes \u25ba\u00bfDesalojar\u00e1n FP en NY?: Durante una visita la semana pasada a NJ unos \u00ableoncitos\u00bb informaron a Ent\u00e9rate NY, pidiendo reservas de sus identidades, que hay probabilidad de que el amplio local de la FP, estrat\u00e9gicamente ubicado en 555\u2026","rel":"","context":"En \u00abOPINI\u00d3N\u00bb","block_context":{"text":"OPINI\u00d3N","link":"https:\/\/lasprimeras.com.do\/index.php\/category\/opinion\/"},"img":{"alt_text":"","src":"https:\/\/i0.wp.com\/lasprimeras.com.do\/wp-content\/uploads\/2025\/03\/Ramon-Mercedes.jpeg?resize=350%2C200&ssl=1","width":350,"height":200},"classes":[]}],"jetpack_sharing_enabled":true,"_links":{"self":[{"href":"https:\/\/lasprimeras.com.do\/index.php\/wp-json\/wp\/v2\/posts\/104159","targetHints":{"allow":["GET"]}}],"collection":[{"href":"https:\/\/lasprimeras.com.do\/index.php\/wp-json\/wp\/v2\/posts"}],"about":[{"href":"https:\/\/lasprimeras.com.do\/index.php\/wp-json\/wp\/v2\/types\/post"}],"author":[{"embeddable":true,"href":"https:\/\/lasprimeras.com.do\/index.php\/wp-json\/wp\/v2\/users\/10"}],"replies":[{"embeddable":true,"href":"https:\/\/lasprimeras.com.do\/index.php\/wp-json\/wp\/v2\/comments?post=104159"}],"version-history":[{"count":1,"href":"https:\/\/lasprimeras.com.do\/index.php\/wp-json\/wp\/v2\/posts\/104159\/revisions"}],"predecessor-version":[{"id":104161,"href":"https:\/\/lasprimeras.com.do\/index.php\/wp-json\/wp\/v2\/posts\/104159\/revisions\/104161"}],"wp:featuredmedia":[{"embeddable":true,"href":"https:\/\/lasprimeras.com.do\/index.php\/wp-json\/wp\/v2\/media\/104160"}],"wp:attachment":[{"href":"https:\/\/lasprimeras.com.do\/index.php\/wp-json\/wp\/v2\/media?parent=104159"}],"wp:term":[{"taxonomy":"category","embeddable":true,"href":"https:\/\/lasprimeras.com.do\/index.php\/wp-json\/wp\/v2\/categories?post=104159"},{"taxonomy":"post_tag","embeddable":true,"href":"https:\/\/lasprimeras.com.do\/index.php\/wp-json\/wp\/v2\/tags?post=104159"}],"curies":[{"name":"wp","href":"https:\/\/api.w.org\/{rel}","templated":true}]}}