{"id":104168,"date":"2025-07-22T09:55:10","date_gmt":"2025-07-22T13:55:10","guid":{"rendered":"https:\/\/lasprimeras.com.do\/?p=104168"},"modified":"2025-07-22T09:55:12","modified_gmt":"2025-07-22T13:55:12","slug":"entregan-premios-a-estudiantes-meritorios-dominicanos-en-nueva-york","status":"publish","type":"post","link":"https:\/\/lasprimeras.com.do\/index.php\/2025\/07\/22\/entregan-premios-a-estudiantes-meritorios-dominicanos-en-nueva-york\/","title":{"rendered":"Entregan premios a estudiantes meritorios dominicanos en Nueva York"},"content":{"rendered":"\n<p><strong>El presidente Luis Abinader recibir\u00e1 a estudiantes dominicanos meritorios.<\/strong><\/p>\n\n\n\n<p><strong>Nueva York, EE. UU. \u2013<\/strong> Treinta estudiantes de ascendencia dominicana, reconocidos por su excelencia acad\u00e9mica en el estado de Nueva York, recibieron tabletas electr\u00f3nicas donadas por la Fundaci\u00f3n Rica, como parte del programa \u201cOr\u00edgenes de Excelencia\u201d, una iniciativa que celebra el talento, el esfuerzo y el compromiso de la juventud dominicana en el exterior.<\/p>\n\n\n\n<p>La entrega se llev\u00f3 a cabo en la sede del Consulado General de la Rep\u00fablica Dominicana en Nueva York, donde el c\u00f3nsul Jes\u00fas V\u00e1squez Mart\u00ednez destac\u00f3 el orgullo que representan estos j\u00f3venes para la di\u00e1spora.<\/p>\n\n\n\n<p>El funcionario anunci\u00f3 que del 4 al 10 de agosto estar\u00e1n visitando la Rep\u00fablica Dominicana, donde ser\u00e1n recibidos por el presidente Luis Abinader, as\u00ed como por el ministro de Educaci\u00f3n, Luis Miguel De Camps, el ministro de Cultura, Roberto \u00c1ngel Salcedo, el presidente del Senado, Ricardo de los Santos, el presidente de la C\u00e1mara de Diputados, Alfredo Pacheco, as\u00ed como con empresarios, educadores y dem\u00e1s personalidades.<\/p>\n\n\n\n<p>Los estudiantes fueron seleccionados recientemente durante una ceremonia realizada en Nueva York, en un proceso riguroso que tom\u00f3 en cuenta su rendimiento acad\u00e9mico, liderazgo y participaci\u00f3n comunitaria.<\/p>\n\n\n\n<p>El programa \u201cOr\u00edgenes de Excelencia\u201d tiene como misi\u00f3n reconectar a j\u00f3venes destacados con sus ra\u00edces, fortaleciendo su identidad nacional y generando un v\u00ednculo directo con las instituciones dominicanas, mediante una experiencia cultural, educativa y patri\u00f3tica en su tierra de origen.<\/p>\n\n\n\n<p>Con este reconocimiento, el Gobierno dominicano, el Consulado dominicano en Nueva York, reafirman su compromiso con la educaci\u00f3n, la juventud y la integraci\u00f3n de la di\u00e1spora como parte activa del desarrollo nacional.<\/p>\n","protected":false},"excerpt":{"rendered":"<p>El presidente Luis Abinader recibir\u00e1 a estudiantes dominicanos meritorios. Nueva York, EE. UU. \u2013 Treinta estudiantes de ascendencia dominicana, reconocidos por su excelencia acad\u00e9mica en el estado de Nueva York,&hellip;<\/p>\n","protected":false},"author":10,"featured_media":104169,"comment_status":"open","ping_status":"open","sticky":false,"template":"","format":"standard","meta":{"content-type":"","jetpack_post_was_ever_published":false,"_jetpack_newsletter_access":"","_jetpack_dont_email_post_to_subs":false,"_jetpack_newsletter_tier_id":0,"_jetpack_memberships_contains_paywalled_content":false,"_jetpack_memberships_contains_paid_content":false,"footnotes":""},"categories":[16289],"tags":[487,3349,22030,104,2409],"class_list":["post-104168","post","type-post","status-publish","format-standard","has-post-thumbnail","hentry","category-internacionales","tag-dominicanos","tag-entregan","tag-estudiantes-meritorios","tag-nueva-york","tag-premios"],"jetpack_featured_media_url":"https:\/\/lasprimeras.com.do\/wp-content\/uploads\/2025\/07\/estudiantes-meritorios-dominicanos.jpg","jetpack-related-posts":[{"id":105620,"url":"https:\/\/lasprimeras.com.do\/index.php\/2025\/08\/05\/abinader-recibe-a-estudiantes-meritorios-hijos-de-padres-dominicanos-en-nueva-york\/","url_meta":{"origin":104168,"position":0},"title":"Abinader recibe a estudiantes meritorios hijos de padres dominicanos en Nueva York","author":"Nelson Feliz","date":"5 de agosto de 2025","format":false,"excerpt":"\u201cEste ser\u00e1 siempre su pa\u00eds y tendremos las puertas abiertas para cada uno de ustedes\u201d El presidente Luis Abinader recibi\u00f3 a 30 estudiantes meritorios, hijos de padres dominicanos que residen en Nueva York, Estados Unidos. Esto con el objetivo de fortalecer las ra\u00edces dominicanas en cada uno de esos j\u00f3venes,\u2026","rel":"","context":"En \u00abNACIONALES\u00bb","block_context":{"text":"NACIONALES","link":"https:\/\/lasprimeras.com.do\/index.php\/category\/nacionales\/"},"img":{"alt_text":"Luis Abinader","src":"https:\/\/i0.wp.com\/lasprimeras.com.do\/wp-content\/uploads\/2025\/08\/Luis-Abinader.jpg?resize=350%2C200&ssl=1","width":350,"height":200,"srcset":"https:\/\/i0.wp.com\/lasprimeras.com.do\/wp-content\/uploads\/2025\/08\/Luis-Abinader.jpg?resize=350%2C200&ssl=1 1x, https:\/\/i0.wp.com\/lasprimeras.com.do\/wp-content\/uploads\/2025\/08\/Luis-Abinader.jpg?resize=525%2C300&ssl=1 1.5x, https:\/\/i0.wp.com\/lasprimeras.com.do\/wp-content\/uploads\/2025\/08\/Luis-Abinader.jpg?resize=700%2C400&ssl=1 2x"},"classes":[]},{"id":94722,"url":"https:\/\/lasprimeras.com.do\/index.php\/2025\/03\/04\/presidente-del-senado-anuncia-respaldo-a-proyectos-en-favor-de-la-diaspora\/","url_meta":{"origin":104168,"position":1},"title":"Presidente del Senado anuncia respaldo a proyectos en favor de la di\u00e1spora","author":"Nelson Feliz","date":"4 de marzo de 2025","format":false,"excerpt":"El presidente del Senado, Ricardo de los Santos, recibi\u00f3 este lunes la visita del c\u00f3nsul dominicano en la ciudad de New York, Jes\u00fas Antonio V\u00e1squez, quien acudi\u00f3 a presentarle varias iniciativas que favorecen a los dominicanos residentes en esa urbe. En sus planteamientos, el c\u00f3nsul dominicano present\u00f3 un proyecto de\u2026","rel":"","context":"En \u00abNACIONALES\u00bb","block_context":{"text":"NACIONALES","link":"https:\/\/lasprimeras.com.do\/index.php\/category\/nacionales\/"},"img":{"alt_text":"Ricardo de los Santos","src":"https:\/\/i0.wp.com\/lasprimeras.com.do\/wp-content\/uploads\/2025\/03\/Ricardo-de-los-Santos-3.jpg?resize=350%2C200&ssl=1","width":350,"height":200,"srcset":"https:\/\/i0.wp.com\/lasprimeras.com.do\/wp-content\/uploads\/2025\/03\/Ricardo-de-los-Santos-3.jpg?resize=350%2C200&ssl=1 1x, https:\/\/i0.wp.com\/lasprimeras.com.do\/wp-content\/uploads\/2025\/03\/Ricardo-de-los-Santos-3.jpg?resize=525%2C300&ssl=1 1.5x, https:\/\/i0.wp.com\/lasprimeras.com.do\/wp-content\/uploads\/2025\/03\/Ricardo-de-los-Santos-3.jpg?resize=700%2C400&ssl=1 2x"},"classes":[]},{"id":92499,"url":"https:\/\/lasprimeras.com.do\/index.php\/2025\/01\/05\/entregaran-reconocimientos-en-el-marco-del-premio-nacional-de-la-juventud-2025-en-ny\/","url_meta":{"origin":104168,"position":2},"title":"Entregar\u00e1n reconocimientos en el marco del Premio Nacional de la Juventud 2025 en NY","author":"Nelson Feliz","date":"5 de enero de 2025","format":false,"excerpt":"El Ministerio de la Juventud de la Rep\u00fablica Dominicana y el Consulado Dominicano en New York Por Aquiles Rojas NUEVA YORK. - El Ministerio de la Juventud y el Consulado General de la Rep\u00fablica Dominicana en Nueva York realizar\u00e1n su entrega anual del Premio Internacional con motivo del D\u00eda Nacional\u2026","rel":"","context":"En \u00abINTERNACIONALES\u00bb","block_context":{"text":"INTERNACIONALES","link":"https:\/\/lasprimeras.com.do\/index.php\/category\/sin-categoria\/internacionales\/"},"img":{"alt_text":"Premio Internacional","src":"https:\/\/i0.wp.com\/lasprimeras.com.do\/wp-content\/uploads\/2025\/01\/Premio-Internacional.jpg?resize=350%2C200&ssl=1","width":350,"height":200,"srcset":"https:\/\/i0.wp.com\/lasprimeras.com.do\/wp-content\/uploads\/2025\/01\/Premio-Internacional.jpg?resize=350%2C200&ssl=1 1x, https:\/\/i0.wp.com\/lasprimeras.com.do\/wp-content\/uploads\/2025\/01\/Premio-Internacional.jpg?resize=525%2C300&ssl=1 1.5x"},"classes":[]},{"id":109932,"url":"https:\/\/lasprimeras.com.do\/index.php\/2025\/09\/23\/mescyt-entrega-108-nuevas-becas-a-estudiantes-meritorios-para-continuar-su-formacion-superior\/","url_meta":{"origin":104168,"position":3},"title":"MESCyT entrega 108 nuevas becas a estudiantes meritorios para continuar su formaci\u00f3n superior","author":"Nelson Feliz","date":"23 de septiembre de 2025","format":false,"excerpt":"El Ministerio de Educaci\u00f3n Superior, Ciencia y Tecnolog\u00eda, (MESCyT) entreg\u00f3 un nuevo grupo de becas nacionales a estudiantes meritorios, seleccionados entre m\u00e1s de 80 mil solicitudes recibidas durante la convocatoria. De acuerdo con las autoridades, la meta es otorgar 8,000 becas, lo que resalta a\u00fan m\u00e1s el m\u00e9rito acad\u00e9mico de\u2026","rel":"","context":"En \u00abNACIONALES\u00bb","block_context":{"text":"NACIONALES","link":"https:\/\/lasprimeras.com.do\/index.php\/category\/nacionales\/"},"img":{"alt_text":"","src":"https:\/\/i0.wp.com\/lasprimeras.com.do\/wp-content\/uploads\/2025\/09\/becas.jpg?resize=350%2C200&ssl=1","width":350,"height":200,"srcset":"https:\/\/i0.wp.com\/lasprimeras.com.do\/wp-content\/uploads\/2025\/09\/becas.jpg?resize=350%2C200&ssl=1 1x, https:\/\/i0.wp.com\/lasprimeras.com.do\/wp-content\/uploads\/2025\/09\/becas.jpg?resize=525%2C300&ssl=1 1.5x, https:\/\/i0.wp.com\/lasprimeras.com.do\/wp-content\/uploads\/2025\/09\/becas.jpg?resize=700%2C400&ssl=1 2x"},"classes":[]},{"id":114321,"url":"https:\/\/lasprimeras.com.do\/index.php\/2025\/11\/12\/ministro-de-camps-reconoce-a-150-estudiantes-meritorios\/","url_meta":{"origin":104168,"position":4},"title":"Ministro De Camps reconoce a 150 estudiantes meritorios","author":"Nelson Feliz","date":"12 de noviembre de 2025","format":false,"excerpt":"El ministro de Educaci\u00f3n, Luis Miguel De Camps, entreg\u00f3 este mi\u00e9rcoles el Galard\u00f3n Diploma de M\u00e1xima Excelencia a 150 estudiantes del nivel Secundario pertenecientes a las 18 Direcciones Regionales del pa\u00eds, en reconocimiento a su rendimiento acad\u00e9mico, valores humanos y compromiso social. La premiaci\u00f3n forma parte del Programa de Reconocimiento\u2026","rel":"","context":"En \u00abNACIONALES\u00bb","block_context":{"text":"NACIONALES","link":"https:\/\/lasprimeras.com.do\/index.php\/category\/nacionales\/"},"img":{"alt_text":"","src":"https:\/\/i0.wp.com\/lasprimeras.com.do\/wp-content\/uploads\/2025\/11\/Luis-Miguel-reconoce-estudiantes-meritorios.jpg?resize=350%2C200&ssl=1","width":350,"height":200,"srcset":"https:\/\/i0.wp.com\/lasprimeras.com.do\/wp-content\/uploads\/2025\/11\/Luis-Miguel-reconoce-estudiantes-meritorios.jpg?resize=350%2C200&ssl=1 1x, https:\/\/i0.wp.com\/lasprimeras.com.do\/wp-content\/uploads\/2025\/11\/Luis-Miguel-reconoce-estudiantes-meritorios.jpg?resize=525%2C300&ssl=1 1.5x, https:\/\/i0.wp.com\/lasprimeras.com.do\/wp-content\/uploads\/2025\/11\/Luis-Miguel-reconoce-estudiantes-meritorios.jpg?resize=700%2C400&ssl=1 2x"},"classes":[]},{"id":59196,"url":"https:\/\/lasprimeras.com.do\/index.php\/2023\/08\/31\/abinader-recibe-estudiantes-meritorios-hijos-de-dominicanos-en-el-exterior\/","url_meta":{"origin":104168,"position":5},"title":"Abinader recibe estudiantes meritorios hijos de dominicanos en el exterior","author":"Nelson Feliz","date":"31 de agosto de 2023","format":false,"excerpt":"El presidente Luis Abinader recibi\u00f3 la ma\u00f1ana de este jueves a un grupo de 17 estudiantes meritorios hijos de dominicanos residentes en el exterior. Previo a su encuentro con el jefe de Estado, los estudiantes realizaron un recorrido por la casa de gobierno, donde conocieron la estructura completa y su\u2026","rel":"","context":"En \u00abNACIONALES\u00bb","block_context":{"text":"NACIONALES","link":"https:\/\/lasprimeras.com.do\/index.php\/category\/nacionales\/"},"img":{"alt_text":"","src":"https:\/\/i0.wp.com\/lasprimeras.com.do\/wp-content\/uploads\/2023\/08\/MERITORIOS.jpg?resize=350%2C200&ssl=1","width":350,"height":200,"srcset":"https:\/\/i0.wp.com\/lasprimeras.com.do\/wp-content\/uploads\/2023\/08\/MERITORIOS.jpg?resize=350%2C200&ssl=1 1x, https:\/\/i0.wp.com\/lasprimeras.com.do\/wp-content\/uploads\/2023\/08\/MERITORIOS.jpg?resize=525%2C300&ssl=1 1.5x, https:\/\/i0.wp.com\/lasprimeras.com.do\/wp-content\/uploads\/2023\/08\/MERITORIOS.jpg?resize=700%2C400&ssl=1 2x"},"classes":[]}],"jetpack_sharing_enabled":true,"_links":{"self":[{"href":"https:\/\/lasprimeras.com.do\/index.php\/wp-json\/wp\/v2\/posts\/104168","targetHints":{"allow":["GET"]}}],"collection":[{"href":"https:\/\/lasprimeras.com.do\/index.php\/wp-json\/wp\/v2\/posts"}],"about":[{"href":"https:\/\/lasprimeras.com.do\/index.php\/wp-json\/wp\/v2\/types\/post"}],"author":[{"embeddable":true,"href":"https:\/\/lasprimeras.com.do\/index.php\/wp-json\/wp\/v2\/users\/10"}],"replies":[{"embeddable":true,"href":"https:\/\/lasprimeras.com.do\/index.php\/wp-json\/wp\/v2\/comments?post=104168"}],"version-history":[{"count":1,"href":"https:\/\/lasprimeras.com.do\/index.php\/wp-json\/wp\/v2\/posts\/104168\/revisions"}],"predecessor-version":[{"id":104170,"href":"https:\/\/lasprimeras.com.do\/index.php\/wp-json\/wp\/v2\/posts\/104168\/revisions\/104170"}],"wp:featuredmedia":[{"embeddable":true,"href":"https:\/\/lasprimeras.com.do\/index.php\/wp-json\/wp\/v2\/media\/104169"}],"wp:attachment":[{"href":"https:\/\/lasprimeras.com.do\/index.php\/wp-json\/wp\/v2\/media?parent=104168"}],"wp:term":[{"taxonomy":"category","embeddable":true,"href":"https:\/\/lasprimeras.com.do\/index.php\/wp-json\/wp\/v2\/categories?post=104168"},{"taxonomy":"post_tag","embeddable":true,"href":"https:\/\/lasprimeras.com.do\/index.php\/wp-json\/wp\/v2\/tags?post=104168"}],"curies":[{"name":"wp","href":"https:\/\/api.w.org\/{rel}","templated":true}]}}