{"id":104203,"date":"2025-07-22T16:39:01","date_gmt":"2025-07-22T20:39:01","guid":{"rendered":"https:\/\/lasprimeras.com.do\/?p=104203"},"modified":"2025-07-22T16:39:02","modified_gmt":"2025-07-22T20:39:02","slug":"eeuu-anuncia-su-salida-de-la-unesco-apenas-dos-anos-despues-de-volver","status":"publish","type":"post","link":"https:\/\/lasprimeras.com.do\/index.php\/2025\/07\/22\/eeuu-anuncia-su-salida-de-la-unesco-apenas-dos-anos-despues-de-volver\/","title":{"rendered":"EEUU anuncia su salida de la UNESCO, apenas dos a\u00f1os despu\u00e9s de volver"},"content":{"rendered":"\n<p>POR SAMUEL PETREQUIN,<br>FARNOUSH AMIRI and ASSOCIATED PRESS<\/p>\n\n\n\n<p>PAR\u00cdS (AP) \u2014 La administraci\u00f3n Trump anunci\u00f3 el martes que se retirar\u00e1 nuevamente de la agencia cultural de la ONU, UNESCO, un movimiento esperado que hace que Estados Unidos se retire a\u00fan m\u00e1s de las organizaciones internacionales.<\/p>\n\n\n\n<p>La decisi\u00f3n de retirar la financiaci\u00f3n y participaci\u00f3n de Estados Unidos de la UNESCO se produce dos a\u00f1os despu\u00e9s de que la administraci\u00f3n Biden se reincorporara tras una controvertida ausencia de cinco a\u00f1os que comenz\u00f3 durante el primer mandato del presidente Donald Trump.<\/p>\n\n\n\n<p>La Casa Blanca cit\u00f3 preocupaciones similares a las de 2018, diciendo que cree que la participaci\u00f3n de Estados Unidos no est\u00e1 en su inter\u00e9s nacional y acusando a la agencia de promover discursos anti-Israel.<\/p>\n\n\n\n<p>La salida, que no entrar\u00e1 en vigor hasta diciembre de 2026, supondr\u00e1 un golpe para una agencia conocida por preservar el patrimonio cultural a trav\u00e9s de su programa de Sitios del Patrimonio Mundial de la UNESCO, que reconoce hitos significativos para su protecci\u00f3n, desde el Taj Mahal hasta las pir\u00e1mides de Giza en Egipto y el Parque Nacional del Gran Ca\u00f1\u00f3n. La agencia tambi\u00e9n promueve la educaci\u00f3n y la ciencia en todo el mundo.<\/p>\n\n\n\n<p>Es el \u00faltimo movimiento de la administraci\u00f3n Trump para retirar el apoyo a las agencias de la ONU bajo una campa\u00f1a m\u00e1s amplia para remodelar la diplomacia de Estados Unidos. Bajo el enfoque de \u201cEstados Unidos Primero\u201d, la administraci\u00f3n se ha retirado de la Organizaci\u00f3n Mundial de la Salud de la ONU y del principal organismo de derechos humanos de la ONU, mientras reeval\u00faa su financiaci\u00f3n para otros.<\/p>\n\n\n\n<p>La portavoz del Departamento de Estado, Tammy Bruce, dijo en un comunicado que la retirada estaba vinculada a la agenda percibida de la UNESCO de \u201cavanzar causas sociales y culturales divisivas\u201d.<\/p>\n\n\n\n<p>Agreg\u00f3 que la decisi\u00f3n de la UNESCO en 2011 de \u201cadmitir al \u2018Estado de Palestina\u2019 como Estado Miembro es altamente problem\u00e1tica, contraria a la pol\u00edtica de Estados Unidos, y contribuy\u00f3 a la proliferaci\u00f3n de ret\u00f3rica anti-Israel dentro de la organizaci\u00f3n\u201d.<\/p>\n\n\n\n<p>La directora general de la UNESCO, Audrey Azoulay, dijo que lamenta \u201cprofundamente\u201d la decisi\u00f3n de Estados Unidos, pero afirm\u00f3 que era esperada y que la agencia \u201cse ha preparado para ello\u201d.<\/p>\n\n\n\n<p>Tambi\u00e9n neg\u00f3 las acusaciones de sesgo anti-Israel, diciendo que contradice \u201cla realidad de los esfuerzos de la UNESCO, particularmente en el campo de la educaci\u00f3n sobre el Holocausto y la lucha contra el antisemitismo\u201d.<\/p>\n\n\n\n<p>Azoulay agreg\u00f3 que \u201clas razones presentadas por Estados Unidos de Am\u00e9rica son las mismas que hace siete a\u00f1os, aunque la situaci\u00f3n ha cambiado profundamente, las tensiones pol\u00edticas han disminuido, y la UNESCO hoy constituye un foro raro para el consenso sobre el multilateralismo concreto y orientado a la acci\u00f3n\u201d.<\/p>\n\n\n\n<p>La administraci\u00f3n Biden se hab\u00eda reincorporado a la UNESCO en 2023 despu\u00e9s de citar preocupaciones de que China estaba llenando el vac\u00edo dejado por Estados Unidos en la formulaci\u00f3n de pol\u00edticas de la UNESCO, especialmente en el establecimiento de est\u00e1ndares para la inteligencia artificial y la educaci\u00f3n tecnol\u00f3gica.<\/p>\n\n\n\n<p>La retirada, que fue reportada por primera vez por el New York Post, se produjo despu\u00e9s de una revisi\u00f3n ordenada por la administraci\u00f3n Trump a principios de este a\u00f1o.<br>Si bien Estados Unidos hab\u00eda proporcionado anteriormente una parte notable del presupuesto de la agencia, la UNESCO ha diversificado sus fuentes de financiaci\u00f3n en los \u00faltimos a\u00f1os a medida que la contribuci\u00f3n de Estados Unidos ha disminuido.<\/p>\n\n\n\n<p>Hoy, la asistencia estadounidense representa solo el 8% del presupuesto total de la agencia.<\/p>\n\n\n\n<p>Azoulay prometi\u00f3 que la UNESCO llevar\u00e1 a cabo sus misiones a pesar de los \u201crecursos inevitablemente reducidos\u201d. La agencia dijo que no est\u00e1 considerando despidos de personal en esta etapa.<\/p>\n\n\n\n<p>\u201cEl prop\u00f3sito de la UNESCO es dar la bienvenida a todas las naciones del mundo, y Estados Unidos de Am\u00e9rica es y siempre ser\u00e1 bienvenido\u201d, dijo.<\/p>\n\n\n\n<p>\u201cContinuaremos trabajando mano a mano con todos nuestros socios estadounidenses en el sector privado, la academia y las organizaciones sin fines de lucro, y continuaremos nuestro di\u00e1logo pol\u00edtico con la administraci\u00f3n de Estados Unidos y el Congreso\u201d.<\/p>\n\n\n\n<p>Estados Unidos se retir\u00f3 previamente de la UNESCO bajo la administraci\u00f3n Reagan en 1984 porque consideraba que la agencia estaba mal gestionada, era corrupta y se utilizaba para avanzar los intereses de la Uni\u00f3n Sovi\u00e9tica. Se reincorpor\u00f3 en 2003 durante la presidencia de George W. Bush.<\/p>\n","protected":false},"excerpt":{"rendered":"<p>POR SAMUEL PETREQUIN,FARNOUSH AMIRI and ASSOCIATED PRESS PAR\u00cdS (AP) \u2014 La administraci\u00f3n Trump anunci\u00f3 el martes que se retirar\u00e1 nuevamente de la agencia cultural de la ONU, UNESCO, un movimiento&hellip;<\/p>\n","protected":false},"author":10,"featured_media":104204,"comment_status":"open","ping_status":"open","sticky":false,"template":"","format":"standard","meta":{"content-type":"","jetpack_post_was_ever_published":false,"_jetpack_newsletter_access":"","_jetpack_dont_email_post_to_subs":false,"_jetpack_newsletter_tier_id":0,"_jetpack_memberships_contains_paywalled_content":false,"_jetpack_memberships_contains_paid_content":false,"footnotes":""},"categories":[16289],"tags":[1720,978,979,98,1343,1548],"class_list":["post-104203","post","type-post","status-publish","format-standard","has-post-thumbnail","hentry","category-internacionales","tag-casa-blanca","tag-donald-trump","tag-eeuu","tag-estados-unidos","tag-joe-biden","tag-unesco"],"jetpack_featured_media_url":"https:\/\/lasprimeras.com.do\/wp-content\/uploads\/2025\/07\/unesco.jpg","jetpack-related-posts":[{"id":98248,"url":"https:\/\/lasprimeras.com.do\/index.php\/2025\/05\/04\/nicaragua-se-retira-de-la-unesco-en-protesta-por-premio-a-la-libertad-de-prensa\/","url_meta":{"origin":104203,"position":0},"title":"Nicaragua se retira de la UNESCO en protesta por premio a la libertad de prensa","author":"Nelson Feliz","date":"4 de mayo de 2025","format":false,"excerpt":"PAR\u00cdS (AP) \u2014 La agencia de Naciones Unidas que promueve la educaci\u00f3n, la ciencia y la cultura y tambi\u00e9n trabaja para la preservaci\u00f3n del patrimonio cultural y natural destacado en todo el mundo est\u00e1 perdiendo abruptamente a uno de sus 194 pa\u00edses miembros. Esto representa un golpe para el organismo\u2026","rel":"","context":"En \u00abINTERNACIONALES\u00bb","block_context":{"text":"INTERNACIONALES","link":"https:\/\/lasprimeras.com.do\/index.php\/category\/sin-categoria\/internacionales\/"},"img":{"alt_text":"","src":"https:\/\/i0.wp.com\/lasprimeras.com.do\/wp-content\/uploads\/2025\/05\/unesco.jpg?resize=350%2C200&ssl=1","width":350,"height":200,"srcset":"https:\/\/i0.wp.com\/lasprimeras.com.do\/wp-content\/uploads\/2025\/05\/unesco.jpg?resize=350%2C200&ssl=1 1x, https:\/\/i0.wp.com\/lasprimeras.com.do\/wp-content\/uploads\/2025\/05\/unesco.jpg?resize=525%2C300&ssl=1 1.5x, https:\/\/i0.wp.com\/lasprimeras.com.do\/wp-content\/uploads\/2025\/05\/unesco.jpg?resize=700%2C400&ssl=1 2x"},"classes":[]},{"id":95695,"url":"https:\/\/lasprimeras.com.do\/index.php\/2025\/03\/18\/trump-retira-la-proteccion-del-servicio-secreto-a-los-hijos-de-biden\/","url_meta":{"origin":104203,"position":1},"title":"Trump retira la protecci\u00f3n del Servicio Secreto a los hijos de Biden","author":"Nelson Feliz","date":"18 de marzo de 2025","format":false,"excerpt":"El presidente Donald Trump asegur\u00f3 que la protecci\u00f3n del Servicio Secreto a Hunter y Ashley, hijos del expresidente Joe Biden, representaba un gasto excesivo. Por Ra\u00fal Castillo El presidente de Estados Unidos, Donald Trump, anunci\u00f3 este lunes que Hunter y Ashley Biden, hijos del expresidente Joe Biden, dejar\u00e1n de contar\u2026","rel":"","context":"En \u00abINTERNACIONALES\u00bb","block_context":{"text":"INTERNACIONALES","link":"https:\/\/lasprimeras.com.do\/index.php\/category\/sin-categoria\/internacionales\/"},"img":{"alt_text":"","src":"https:\/\/i0.wp.com\/lasprimeras.com.do\/wp-content\/uploads\/2025\/03\/Hunter-Biden-y-su-hija-Ashley-Biden.png?resize=350%2C200&ssl=1","width":350,"height":200,"srcset":"https:\/\/i0.wp.com\/lasprimeras.com.do\/wp-content\/uploads\/2025\/03\/Hunter-Biden-y-su-hija-Ashley-Biden.png?resize=350%2C200&ssl=1 1x, https:\/\/i0.wp.com\/lasprimeras.com.do\/wp-content\/uploads\/2025\/03\/Hunter-Biden-y-su-hija-Ashley-Biden.png?resize=525%2C300&ssl=1 1.5x, https:\/\/i0.wp.com\/lasprimeras.com.do\/wp-content\/uploads\/2025\/03\/Hunter-Biden-y-su-hija-Ashley-Biden.png?resize=700%2C400&ssl=1 2x"},"classes":[]},{"id":92917,"url":"https:\/\/lasprimeras.com.do\/index.php\/2025\/01\/19\/tiktok-esta-restableciendo-su-servicio-en-eeuu-por-la-garantia-recibida-de-trump\/","url_meta":{"origin":104203,"position":2},"title":"TikTok est\u00e1 restableciendo su servicio en EEUU por la garant\u00eda recibida de Trump","author":"Nelson Feliz","date":"19 de enero de 2025","format":false,"excerpt":"Seg\u00fan a\u00f1adi\u00f3, trabajar\u00e1n con el futuro mandatario en una soluci\u00f3n a largo plazo que permita su funcionamiento en Estados Unidos. Washington, EEUU.-.TikTok afirm\u00f3 este domingo que se encuentra en proceso de restaurar su servicio en Estados Unidos por las garant\u00edas ofrecidas a sus proveedores por el mandatario electo estadounidense, Donald\u2026","rel":"","context":"En \u00abINTERNACIONALES\u00bb","block_context":{"text":"INTERNACIONALES","link":"https:\/\/lasprimeras.com.do\/index.php\/category\/sin-categoria\/internacionales\/"},"img":{"alt_text":"","src":"https:\/\/i0.wp.com\/lasprimeras.com.do\/wp-content\/uploads\/2025\/01\/TikTok-1.jpeg?resize=350%2C200&ssl=1","width":350,"height":200,"srcset":"https:\/\/i0.wp.com\/lasprimeras.com.do\/wp-content\/uploads\/2025\/01\/TikTok-1.jpeg?resize=350%2C200&ssl=1 1x, https:\/\/i0.wp.com\/lasprimeras.com.do\/wp-content\/uploads\/2025\/01\/TikTok-1.jpeg?resize=525%2C300&ssl=1 1.5x, https:\/\/i0.wp.com\/lasprimeras.com.do\/wp-content\/uploads\/2025\/01\/TikTok-1.jpeg?resize=700%2C400&ssl=1 2x"},"classes":[]},{"id":89357,"url":"https:\/\/lasprimeras.com.do\/index.php\/2024\/09\/22\/trump-descarta-postularse-en-2028-si-pierde-la-proxima-eleccion-en-eeuu\/","url_meta":{"origin":104203,"position":3},"title":"Trump descarta postularse en 2028 si pierde la pr\u00f3xima elecci\u00f3n en EEUU","author":"Nelson Feliz","date":"22 de septiembre de 2024","format":false,"excerpt":"Trump dijo que espera tener \"\u00e9xito\" en las urnas el 5 de noviembre. Washington, AFP -El candidato republicano a la presidencia de Estados Unidos, el magnate Donald Trump, dijo que si pierde la elecci\u00f3n del pr\u00f3ximo noviembre no volver\u00e1 a presentarse en 2028, seg\u00fan una entrevista difundida este domingo \"No,\u2026","rel":"","context":"En \u00abSin categor\u00eda\u00bb","block_context":{"text":"Sin categor\u00eda","link":"https:\/\/lasprimeras.com.do\/index.php\/category\/sin-categoria\/"},"img":{"alt_text":"Donald Trump","src":"https:\/\/i0.wp.com\/lasprimeras.com.do\/wp-content\/uploads\/2024\/05\/Donald-Trump-1.jpg?resize=350%2C200&ssl=1","width":350,"height":200,"srcset":"https:\/\/i0.wp.com\/lasprimeras.com.do\/wp-content\/uploads\/2024\/05\/Donald-Trump-1.jpg?resize=350%2C200&ssl=1 1x, https:\/\/i0.wp.com\/lasprimeras.com.do\/wp-content\/uploads\/2024\/05\/Donald-Trump-1.jpg?resize=525%2C300&ssl=1 1.5x, https:\/\/i0.wp.com\/lasprimeras.com.do\/wp-content\/uploads\/2024\/05\/Donald-Trump-1.jpg?resize=700%2C400&ssl=1 2x"},"classes":[]},{"id":91205,"url":"https:\/\/lasprimeras.com.do\/index.php\/2024\/11\/13\/donald-trump-bromea-con-un-tercer-periodo\/","url_meta":{"origin":104203,"position":4},"title":"Donald Trump bromea con un tercer periodo","author":"Nelson Feliz","date":"13 de noviembre de 2024","format":false,"excerpt":"\u00bfPuede ser elegido m\u00e1s de dos veces como presidente de EE.UU? Washington.-.El reci\u00e9n electo presidente de Estados Unidos, Donald Trump, ha bromeado en varias ocasiones sobre cumplir m\u00e1s de dos mandatos presidenciales. Su comentario m\u00e1s reciente fue este mi\u00e9rcoles cuando hizo referencia a que no volver\u00e1 a presentarse como candidato\u2026","rel":"","context":"En \u00abINTERNACIONALES\u00bb","block_context":{"text":"INTERNACIONALES","link":"https:\/\/lasprimeras.com.do\/index.php\/category\/sin-categoria\/internacionales\/"},"img":{"alt_text":"","src":"https:\/\/i0.wp.com\/lasprimeras.com.do\/wp-content\/uploads\/2024\/10\/Donald-Trump.jpg?resize=350%2C200&ssl=1","width":350,"height":200,"srcset":"https:\/\/i0.wp.com\/lasprimeras.com.do\/wp-content\/uploads\/2024\/10\/Donald-Trump.jpg?resize=350%2C200&ssl=1 1x, https:\/\/i0.wp.com\/lasprimeras.com.do\/wp-content\/uploads\/2024\/10\/Donald-Trump.jpg?resize=525%2C300&ssl=1 1.5x"},"classes":[]},{"id":92987,"url":"https:\/\/lasprimeras.com.do\/index.php\/2025\/01\/21\/el-mundo-reacciona-a-las-primeras-medidas-de-trump-con-cautela-y-advertencias-de-peligro\/","url_meta":{"origin":104203,"position":5},"title":"El mundo reacciona a las primeras medidas de Trump con cautela y advertencias de peligro","author":"Nelson Feliz","date":"21 de enero de 2025","format":false,"excerpt":"Con dos puntos calientes en las relaciones chino-estadounidenses a\u00fan sin resolver por Trump, la respuesta china fue cauta. WASHINGTON, EFE - El nuevo presidente de Estados Unidos, Donald Trump, logr\u00f3 en menos de 24 horas en el cargo que Gobiernos, organizaciones internacionales, oneg\u00e9s e individuos de todo el mundo reaccionasen\u2026","rel":"","context":"En \u00abINTERNACIONALES\u00bb","block_context":{"text":"INTERNACIONALES","link":"https:\/\/lasprimeras.com.do\/index.php\/category\/sin-categoria\/internacionales\/"},"img":{"alt_text":"Donald Trump","src":"https:\/\/i0.wp.com\/lasprimeras.com.do\/wp-content\/uploads\/2025\/01\/Donald-Trump-2.jpg?resize=350%2C200&ssl=1","width":350,"height":200,"srcset":"https:\/\/i0.wp.com\/lasprimeras.com.do\/wp-content\/uploads\/2025\/01\/Donald-Trump-2.jpg?resize=350%2C200&ssl=1 1x, https:\/\/i0.wp.com\/lasprimeras.com.do\/wp-content\/uploads\/2025\/01\/Donald-Trump-2.jpg?resize=525%2C300&ssl=1 1.5x, https:\/\/i0.wp.com\/lasprimeras.com.do\/wp-content\/uploads\/2025\/01\/Donald-Trump-2.jpg?resize=700%2C400&ssl=1 2x"},"classes":[]}],"jetpack_sharing_enabled":true,"_links":{"self":[{"href":"https:\/\/lasprimeras.com.do\/index.php\/wp-json\/wp\/v2\/posts\/104203","targetHints":{"allow":["GET"]}}],"collection":[{"href":"https:\/\/lasprimeras.com.do\/index.php\/wp-json\/wp\/v2\/posts"}],"about":[{"href":"https:\/\/lasprimeras.com.do\/index.php\/wp-json\/wp\/v2\/types\/post"}],"author":[{"embeddable":true,"href":"https:\/\/lasprimeras.com.do\/index.php\/wp-json\/wp\/v2\/users\/10"}],"replies":[{"embeddable":true,"href":"https:\/\/lasprimeras.com.do\/index.php\/wp-json\/wp\/v2\/comments?post=104203"}],"version-history":[{"count":1,"href":"https:\/\/lasprimeras.com.do\/index.php\/wp-json\/wp\/v2\/posts\/104203\/revisions"}],"predecessor-version":[{"id":104205,"href":"https:\/\/lasprimeras.com.do\/index.php\/wp-json\/wp\/v2\/posts\/104203\/revisions\/104205"}],"wp:featuredmedia":[{"embeddable":true,"href":"https:\/\/lasprimeras.com.do\/index.php\/wp-json\/wp\/v2\/media\/104204"}],"wp:attachment":[{"href":"https:\/\/lasprimeras.com.do\/index.php\/wp-json\/wp\/v2\/media?parent=104203"}],"wp:term":[{"taxonomy":"category","embeddable":true,"href":"https:\/\/lasprimeras.com.do\/index.php\/wp-json\/wp\/v2\/categories?post=104203"},{"taxonomy":"post_tag","embeddable":true,"href":"https:\/\/lasprimeras.com.do\/index.php\/wp-json\/wp\/v2\/tags?post=104203"}],"curies":[{"name":"wp","href":"https:\/\/api.w.org\/{rel}","templated":true}]}}