{"id":104206,"date":"2025-07-22T16:49:11","date_gmt":"2025-07-22T20:49:11","guid":{"rendered":"https:\/\/lasprimeras.com.do\/?p=104206"},"modified":"2025-07-22T16:49:13","modified_gmt":"2025-07-22T20:49:13","slug":"abogados-dicen-que-venezolano-fue-deportado-a-su-pais-en-intercambio-de-prisioneros","status":"publish","type":"post","link":"https:\/\/lasprimeras.com.do\/index.php\/2025\/07\/22\/abogados-dicen-que-venezolano-fue-deportado-a-su-pais-en-intercambio-de-prisioneros\/","title":{"rendered":"Abogados dicen que venezolano fue deportado a su pa\u00eds en intercambio de prisioneros"},"content":{"rendered":"\n<p>POR LEA SKENE<\/p>\n\n\n\n<p>BALTIMORE (AP) \u2014 A pesar de la orden de una jueza que ped\u00eda su regreso a Estados Unidos desde El Salvador, un migrante venezolano fue enviado de regreso a su pa\u00eds de origen en un acuerdo de intercambio de prisioneros alcanzado la semana pasada, un suceso inesperado que dej\u00f3 a sus abogados batallando para localizarlo.<\/p>\n\n\n\n<p>Se trata de una complicaci\u00f3n m\u00e1s en otra batalla judicial desordenada por las duras acciones de la administraci\u00f3n de presidente Donald Trump contra la inmigraci\u00f3n ilegal, la cual ha desafiado repetidamente el poder de los tribunales federales.<\/p>\n\n\n\n<p>Los abogados del venezolano \u2014identificado solo como Cristian en los documentos judiciales\u2014 dijeron durante una audiencia en la corte el martes que no saben d\u00f3nde est\u00e1 ni c\u00f3mo ponerse en contacto con \u00e9l.<\/p>\n\n\n\n<p>Despu\u00e9s de que fue deportado a una mega prisi\u00f3n salvadore\u00f1a en marzo, la jueza federal estadounidense Stephanie Gallagher orden\u00f3 al gobierno facilitar su regreso a Estados Unidos. Cit\u00f3 el caso de Kilmar \u00c1brego Garc\u00eda, un salvadore\u00f1o que viv\u00eda en Maryland y fue deportado por error a la misma prisi\u00f3n en El Salvador, el Centro de Confinamiento por Terrorismo (CECOT), que fue construida para albergar a presuntos pandilleros.<\/p>\n\n\n\n<p>Cristian es parte de un grupo de demandantes que ingresaron al pa\u00eds como ni\u00f1os no acompa\u00f1ados en busca de asilo. Un acuerdo de conciliaci\u00f3n de 2019 dec\u00eda que no pod\u00edan ser deportados hasta que sus solicitudes de asilo fueran adjudicadas.<\/p>\n\n\n\n<p>Debido a que su solicitud a\u00fan est\u00e1 pendiente, dijo Gallagher, la administraci\u00f3n Trump viol\u00f3 ese acuerdo al enviar a Cristian al CECOT.<\/p>\n\n\n\n<p>Y ahora est\u00e1 de regreso en Venezuela, el pa\u00eds del que escap\u00f3 hace a\u00f1os porque tem\u00eda la persecuci\u00f3n, argumentaron sus abogados durante la audiencia del martes en el tribunal federal en Baltimore.<\/p>\n\n\n\n<p>\u201cLo enviaron de regreso al \u00fanico pa\u00eds del que realmente buscaba asilarse\u201d, dijo el abogado Kevin DeJong al tribunal. \u201cNos sorprendi\u00f3 ver que eso sucediera el viernes\u201d.<\/p>\n\n\n\n<p>Cristian fue liberado del CECOT junto con otros 251 migrantes venezolanos que hab\u00edan estado encarcelados en El Salvador desde marzo.<\/p>\n\n\n\n<p>El presidente Trump le pag\u00f3 a El Salvador 6 millones de d\u00f3lares para albergarlos all\u00ed despu\u00e9s de que emiti\u00f3 una proclamaci\u00f3n pidiendo el arresto y la expulsi\u00f3n de miembros de pandillas venezolanas bajo la Ley de Enemigos Extranjeros, una ley de tiempos de guerra de 1798.<\/p>\n\n\n\n<p>Como parte del acuerdo del viernes, Venezuela liber\u00f3 a diez ciudadanos estadounidenses y residentes permanentes encarcelados a cambio de recuperar a los 252 deportados.<\/p>\n\n\n\n<p>\u201cCristian fue una pieza en este plan, no s\u00e9 c\u00f3mo m\u00e1s decirlo\u201d, expres\u00f3 DeJong. \u201cFue una pieza en este acuerdo de intercambio de prisioneros\u201d.<\/p>\n\n\n\n<p>DeJong dijo que el equipo legal de Cristian no ha podido ponerse en contacto con \u00e9l desde entonces.<\/p>\n\n\n\n<p>Gallagher, quien fue nominada al tribunal federal por Trump en 2019, dijo a los abogados del gobierno el martes que ayuden a proporcionar informaci\u00f3n de contacto para Cristian.<\/p>\n\n\n\n<p>Pero la abogada del Departamento de Justicia, Ruth Ann Mueller, no pudo confirmar siquiera en qu\u00e9 parte de Venezuela termin\u00f3.<\/p>\n\n\n\n<p>\u201cEsta es una situaci\u00f3n que evoluciona r\u00e1pidamente\u201d, dijo.<\/p>\n\n\n\n<p>La jueza indic\u00f3 que no ha visto evidencia que muestre que la administraci\u00f3n Trump intent\u00f3 que Cristian fuera enviado directamente a Estados Unidos tras su liberaci\u00f3n de la prisi\u00f3n en El Salvador.<\/p>\n\n\n\n<p>Los abogados de los demandantes dijeron que planean presentar una moci\u00f3n solicitando sanciones contra el gobierno por no cumplir con las \u00f3rdenes del tribunal.<\/p>\n\n\n\n<p>Mueller, sin embargo, argument\u00f3 que estaban cumpliendo, diciendo que cree que \u201clo que sucedi\u00f3 con El Salvador es irrelevante ahora\u201d, dado que Cristian ha sido liberado. Agreg\u00f3 que facilitar su regreso se ve \u201cmuy diferente ahora que est\u00e1 en Venezuela\u201d. El primer paso ser\u00eda que los abogados de Cristian se pongan en contacto con \u00e9l y confirmen si realmente desea regresar a Estados Unidos.<\/p>\n","protected":false},"excerpt":{"rendered":"<p>POR LEA SKENE BALTIMORE (AP) \u2014 A pesar de la orden de una jueza que ped\u00eda su regreso a Estados Unidos desde El Salvador, un migrante venezolano fue enviado de&hellip;<\/p>\n","protected":false},"author":10,"featured_media":104207,"comment_status":"open","ping_status":"open","sticky":false,"template":"","format":"standard","meta":{"content-type":"","jetpack_post_was_ever_published":false,"_jetpack_newsletter_access":"","_jetpack_dont_email_post_to_subs":false,"_jetpack_newsletter_tier_id":0,"_jetpack_memberships_contains_paywalled_content":false,"_jetpack_memberships_contains_paid_content":false,"footnotes":""},"categories":[16289],"tags":[3106,7230,978,598,98,4287,21335,5320,22048,3251],"class_list":["post-104206","post","type-post","status-publish","format-standard","has-post-thumbnail","hentry","category-internacionales","tag-abogados","tag-deportado","tag-donald-trump","tag-el-salvador","tag-estados-unidos","tag-intercambio","tag-prision-salvadorena","tag-prisioneros","tag-tribunales-federales","tag-venezolano"],"jetpack_featured_media_url":"https:\/\/lasprimeras.com.do\/wp-content\/uploads\/2025\/07\/presos.jpg","jetpack-related-posts":[{"id":96054,"url":"https:\/\/lasprimeras.com.do\/index.php\/2025\/03\/25\/gobierno-de-trump-invoca-privilegio-de-secretos-de-estado-en-caso-de-deportaciones\/","url_meta":{"origin":104206,"position":0},"title":"Gobierno de Trump invoca privilegio de secretos de Estado en caso de deportaciones","author":"Nelson Feliz","date":"25 de marzo de 2025","format":false,"excerpt":"POR MICHAEL KUNZELMAN and LINDSAY WHITEHURST WASHINGTON (AP) \u2014 El gobierno del presidente estadounidense Donald Trump invoc\u00f3 el lunes un \u201cprivilegio de secretos de Estado\u201d y se neg\u00f3 a proporcionarle a un juez federal informaci\u00f3n adicional sobre la deportaci\u00f3n de migrantes venezolanos a El Salvador bajo una ley de guerra\u2026","rel":"","context":"En \u00abINTERNACIONALES\u00bb","block_context":{"text":"INTERNACIONALES","link":"https:\/\/lasprimeras.com.do\/index.php\/category\/sin-categoria\/internacionales\/"},"img":{"alt_text":"","src":"https:\/\/i0.wp.com\/lasprimeras.com.do\/wp-content\/uploads\/2025\/03\/carcel-1.jpg?resize=350%2C200&ssl=1","width":350,"height":200,"srcset":"https:\/\/i0.wp.com\/lasprimeras.com.do\/wp-content\/uploads\/2025\/03\/carcel-1.jpg?resize=350%2C200&ssl=1 1x, https:\/\/i0.wp.com\/lasprimeras.com.do\/wp-content\/uploads\/2025\/03\/carcel-1.jpg?resize=525%2C300&ssl=1 1.5x, https:\/\/i0.wp.com\/lasprimeras.com.do\/wp-content\/uploads\/2025\/03\/carcel-1.jpg?resize=700%2C400&ssl=1 2x"},"classes":[]},{"id":97154,"url":"https:\/\/lasprimeras.com.do\/index.php\/2025\/04\/16\/juez-halla-causa-para-acusar-de-desacato-al-gobierno-de-trump-por-violar-orden-de-deportacion\/","url_meta":{"origin":104206,"position":1},"title":"Juez halla causa para acusar de desacato al gobierno de Trump por violar orden de deportaci\u00f3n","author":"Nelson Feliz","date":"16 de abril de 2025","format":false,"excerpt":"POR ALANNA DURKIN RICHER and MICHAEL KUNZELMAN WASHINGTON (AP) \u2014 Un juez federal indic\u00f3 el mi\u00e9rcoles que ha encontrado causa probable para declarar al gobierno del presidente estadounidense Donald Trump en desacato penal al tribunal. Advirti\u00f3 que podr\u00eda buscar el enjuiciamiento de algunos funcionarios por incumplir sus \u00f3rdenes el mes\u2026","rel":"","context":"En \u00abINTERNACIONALES\u00bb","block_context":{"text":"INTERNACIONALES","link":"https:\/\/lasprimeras.com.do\/index.php\/category\/sin-categoria\/internacionales\/"},"img":{"alt_text":"James E. Boasberg","src":"https:\/\/i0.wp.com\/lasprimeras.com.do\/wp-content\/uploads\/2025\/04\/James-E.-Boasberg.jpg?resize=350%2C200&ssl=1","width":350,"height":200,"srcset":"https:\/\/i0.wp.com\/lasprimeras.com.do\/wp-content\/uploads\/2025\/04\/James-E.-Boasberg.jpg?resize=350%2C200&ssl=1 1x, https:\/\/i0.wp.com\/lasprimeras.com.do\/wp-content\/uploads\/2025\/04\/James-E.-Boasberg.jpg?resize=525%2C300&ssl=1 1.5x, https:\/\/i0.wp.com\/lasprimeras.com.do\/wp-content\/uploads\/2025\/04\/James-E.-Boasberg.jpg?resize=700%2C400&ssl=1 2x"},"classes":[]},{"id":98958,"url":"https:\/\/lasprimeras.com.do\/index.php\/2025\/05\/14\/llega-a-venezuela-nina-de-2-anos-separada-de-sus-padres-deportados-de-estados-unidos\/","url_meta":{"origin":104206,"position":2},"title":"Llega a Venezuela ni\u00f1a de 2 a\u00f1os separada de sus padres deportados de Estados Unidos","author":"Nelson Feliz","date":"14 de mayo de 2025","format":false,"excerpt":"CARACAS (AP) \u2014 La ni\u00f1a de dos a\u00f1os que permanec\u00eda en territorio estadounidense luego de que las autoridades deportaran a sus padres venezolanos lleg\u00f3 el mi\u00e9rcoles a Venezuela en un vuelo de migrantes deportados desde Estados Unidos. El gobierno del presidente Nicol\u00e1s Maduro hab\u00eda denunciado repetidamente que se trataba de\u2026","rel":"","context":"En \u00abINTERNACIONALES\u00bb","block_context":{"text":"INTERNACIONALES","link":"https:\/\/lasprimeras.com.do\/index.php\/category\/sin-categoria\/internacionales\/"},"img":{"alt_text":"","src":"https:\/\/i0.wp.com\/lasprimeras.com.do\/wp-content\/uploads\/2024\/09\/Nicolas-Maduro.jpg?resize=350%2C200&ssl=1","width":350,"height":200},"classes":[]},{"id":96547,"url":"https:\/\/lasprimeras.com.do\/index.php\/2025\/04\/02\/crece-indignacion-por-la-deportacion-erronea-de-un-hombre-de-maryland-a-una-prision-en-el-salvador\/","url_meta":{"origin":104206,"position":3},"title":"Crece indignaci\u00f3n por la deportaci\u00f3n err\u00f3nea de un hombre de Maryland a una prisi\u00f3n en El Salvador","author":"Nelson Feliz","date":"2 de abril de 2025","format":false,"excerpt":"POR BEN FINLEY En los 22 d\u00edas que han pasado desde que Kilmar Abrego Garc\u00eda, residente en Maryland, fue deportado por error a una violenta prisi\u00f3n de El Salvador, su hijo autista ha buscado consuelo en el aroma de la ropa de su padre. \u201cAunque no puede hablar, me muestra\u2026","rel":"","context":"En \u00abINTERNACIONALES\u00bb","block_context":{"text":"INTERNACIONALES","link":"https:\/\/lasprimeras.com.do\/index.php\/category\/sin-categoria\/internacionales\/"},"img":{"alt_text":"Kilmar Abrego Garc\u00eda","src":"https:\/\/i0.wp.com\/lasprimeras.com.do\/wp-content\/uploads\/2025\/04\/Kilmar-Abrego-Garcia.jpg?resize=350%2C200&ssl=1","width":350,"height":200,"srcset":"https:\/\/i0.wp.com\/lasprimeras.com.do\/wp-content\/uploads\/2025\/04\/Kilmar-Abrego-Garcia.jpg?resize=350%2C200&ssl=1 1x, https:\/\/i0.wp.com\/lasprimeras.com.do\/wp-content\/uploads\/2025\/04\/Kilmar-Abrego-Garcia.jpg?resize=525%2C300&ssl=1 1.5x, https:\/\/i0.wp.com\/lasprimeras.com.do\/wp-content\/uploads\/2025\/04\/Kilmar-Abrego-Garcia.jpg?resize=700%2C400&ssl=1 2x"},"classes":[]},{"id":102729,"url":"https:\/\/lasprimeras.com.do\/index.php\/2025\/07\/08\/migrantes-deportados-a-prision-salvadorena-siguen-bajo-control-de-eeuu-dice-el-salvador-a-la-onu\/","url_meta":{"origin":104206,"position":4},"title":"Migrantes deportados a prisi\u00f3n salvadore\u00f1a siguen bajo control de EEUU, dice El Salvador a la ONU","author":"Nelson Feliz","date":"8 de julio de 2025","format":false,"excerpt":"POR MARK SHERMAN WASHINGTON (AP) \u2014 El gobierno de El Salvador ha reconocido ante investigadores de las Naciones Unidas que la administraci\u00f3n Trump mantiene el control sobre los hombres venezolanos que fueron deportados desde Estados Unidos a una notoria prisi\u00f3n salvadore\u00f1a, contradiciendo las declaraciones p\u00fablicas de funcionarios de ambos pa\u00edses.\u2026","rel":"","context":"En \u00abINTERNACIONALES\u00bb","block_context":{"text":"INTERNACIONALES","link":"https:\/\/lasprimeras.com.do\/index.php\/category\/sin-categoria\/internacionales\/"},"img":{"alt_text":"","src":"https:\/\/i0.wp.com\/lasprimeras.com.do\/wp-content\/uploads\/2025\/07\/carcel.jpg?resize=350%2C200&ssl=1","width":350,"height":200,"srcset":"https:\/\/i0.wp.com\/lasprimeras.com.do\/wp-content\/uploads\/2025\/07\/carcel.jpg?resize=350%2C200&ssl=1 1x, https:\/\/i0.wp.com\/lasprimeras.com.do\/wp-content\/uploads\/2025\/07\/carcel.jpg?resize=525%2C300&ssl=1 1.5x, https:\/\/i0.wp.com\/lasprimeras.com.do\/wp-content\/uploads\/2025\/07\/carcel.jpg?resize=700%2C400&ssl=1 2x"},"classes":[]},{"id":99474,"url":"https:\/\/lasprimeras.com.do\/index.php\/2025\/05\/22\/juez-dice-que-el-gobierno-de-eeuu-indudablemente-violo-una-orden-judicial-sobre-deportaciones\/","url_meta":{"origin":104206,"position":5},"title":"Juez dice que el gobierno de EEUU \u201cindudablemente viol\u00f3&#8221; una orden judicial sobre deportaciones","author":"Nelson Feliz","date":"22 de mayo de 2025","format":false,"excerpt":"POR LINDSAY WHITEHURST, MICHAEL CASEY, TIM SULLIVAN and REBECCA SANTANA WASHINGTON (AP) \u2014 La Casa Blanca viol\u00f3 una orden judicial sobre deportaciones a terceros pa\u00edses con un vuelo vinculado a la ca\u00f3tica naci\u00f3n africana de Sud\u00e1n del Sur, declar\u00f3 el mi\u00e9rcoles un juez federal, horas despu\u00e9s de que el gobierno\u2026","rel":"","context":"En \u00abINTERNACIONALES\u00bb","block_context":{"text":"INTERNACIONALES","link":"https:\/\/lasprimeras.com.do\/index.php\/category\/sin-categoria\/internacionales\/"},"img":{"alt_text":"","src":"https:\/\/i0.wp.com\/lasprimeras.com.do\/wp-content\/uploads\/2025\/05\/La-Casa-Blanca.jpg?resize=350%2C200&ssl=1","width":350,"height":200,"srcset":"https:\/\/i0.wp.com\/lasprimeras.com.do\/wp-content\/uploads\/2025\/05\/La-Casa-Blanca.jpg?resize=350%2C200&ssl=1 1x, https:\/\/i0.wp.com\/lasprimeras.com.do\/wp-content\/uploads\/2025\/05\/La-Casa-Blanca.jpg?resize=525%2C300&ssl=1 1.5x, https:\/\/i0.wp.com\/lasprimeras.com.do\/wp-content\/uploads\/2025\/05\/La-Casa-Blanca.jpg?resize=700%2C400&ssl=1 2x"},"classes":[]}],"jetpack_sharing_enabled":true,"_links":{"self":[{"href":"https:\/\/lasprimeras.com.do\/index.php\/wp-json\/wp\/v2\/posts\/104206","targetHints":{"allow":["GET"]}}],"collection":[{"href":"https:\/\/lasprimeras.com.do\/index.php\/wp-json\/wp\/v2\/posts"}],"about":[{"href":"https:\/\/lasprimeras.com.do\/index.php\/wp-json\/wp\/v2\/types\/post"}],"author":[{"embeddable":true,"href":"https:\/\/lasprimeras.com.do\/index.php\/wp-json\/wp\/v2\/users\/10"}],"replies":[{"embeddable":true,"href":"https:\/\/lasprimeras.com.do\/index.php\/wp-json\/wp\/v2\/comments?post=104206"}],"version-history":[{"count":1,"href":"https:\/\/lasprimeras.com.do\/index.php\/wp-json\/wp\/v2\/posts\/104206\/revisions"}],"predecessor-version":[{"id":104208,"href":"https:\/\/lasprimeras.com.do\/index.php\/wp-json\/wp\/v2\/posts\/104206\/revisions\/104208"}],"wp:featuredmedia":[{"embeddable":true,"href":"https:\/\/lasprimeras.com.do\/index.php\/wp-json\/wp\/v2\/media\/104207"}],"wp:attachment":[{"href":"https:\/\/lasprimeras.com.do\/index.php\/wp-json\/wp\/v2\/media?parent=104206"}],"wp:term":[{"taxonomy":"category","embeddable":true,"href":"https:\/\/lasprimeras.com.do\/index.php\/wp-json\/wp\/v2\/categories?post=104206"},{"taxonomy":"post_tag","embeddable":true,"href":"https:\/\/lasprimeras.com.do\/index.php\/wp-json\/wp\/v2\/tags?post=104206"}],"curies":[{"name":"wp","href":"https:\/\/api.w.org\/{rel}","templated":true}]}}