{"id":104212,"date":"2025-07-22T17:04:50","date_gmt":"2025-07-22T21:04:50","guid":{"rendered":"https:\/\/lasprimeras.com.do\/?p=104212"},"modified":"2025-07-22T17:04:51","modified_gmt":"2025-07-22T21:04:51","slug":"fiscales-anunciaran-cargos-por-atropellamiento-que-dejo-36-heridos-en-los-angeles","status":"publish","type":"post","link":"https:\/\/lasprimeras.com.do\/index.php\/2025\/07\/22\/fiscales-anunciaran-cargos-por-atropellamiento-que-dejo-36-heridos-en-los-angeles\/","title":{"rendered":"Fiscales anunciar\u00e1n cargos por atropellamiento que dej\u00f3 36 heridos en Los \u00c1ngeles"},"content":{"rendered":"\n<p>POR JAIMIE DING<\/p>\n\n\n\n<p>LOS \u00c1NGELES (AP) \u2014 Se espera que los fiscales de Los \u00c1ngeles anuncien cargos por delitos graves en relaci\u00f3n con un accidente automovil\u00edstico ocurrido fuera de un club nocturno durante el fin de semana, que dej\u00f3 al menos 36 personas heridas y con el conductor baleado.<\/p>\n\n\n\n<p>Los asistentes a la fiesta estaban saliendo del lugar Vermont Hollywood al final de un evento de reggae hip-hop temprano el s\u00e1bado cuando un veh\u00edculo embisti\u00f3 a la multitud a lo largo de un concurrido bulevar en East Hollywood.<\/p>\n\n\n\n<p>El autom\u00f3vil se detuvo despu\u00e9s de chocar con varios carritos de comida, que quedaron atrapados debajo del veh\u00edculo, y los transe\u00fantes atacaron al conductor, seg\u00fan la polic\u00eda. Las lesiones iban desde menores hasta fracturas y laceraciones graves, y algunas personas quedaron brevemente atrapadas debajo del veh\u00edculo.<\/p>\n\n\n\n<p>Se espera que el fiscal del distrito del condado Los \u00c1ngeles, Nathan Hochman, anuncie cargos por delitos graves contra el conductor, quien fue identificado el domingo como Fernando Ram\u00edrez, de 29 a\u00f1os.<\/p>\n\n\n\n<p>Se espera que enfrente un cargo por delito grave de asalto con un arma mortal. Se desconoce si tiene un abogado que comente sobre su situaci\u00f3n judicial.<\/p>\n\n\n\n<p>Posteriormente, se descubri\u00f3 que Ram\u00edrez hab\u00eda recibido un disparo en la parte baja de la espalda, pero las autoridades no han identificado a la persona que dispar\u00f3.<\/p>\n\n\n\n<p>La polic\u00eda de Los \u00c1ngeles public\u00f3 el lunes fotos de c\u00e1maras de vigilancia cercanas al accidente que muestran a un hombre con barba de candado vistiendo una chaqueta azul de los Dodgers y una camiseta azul claro con el n\u00famero \u201c5&#8243;.<\/p>\n\n\n\n<p>Ram\u00edrez tiene antecedentes penales que incluyen un cargo de agresi\u00f3n y relacionado con pandillas en 2014, una condena por agresi\u00f3n agravada por un ataque en 2019 a un hombre negro en una tienda de comestibles Whole Foods en Laguna Beach, California, y un cargo de violencia dom\u00e9stica en 2021, seg\u00fan los registros.<\/p>\n\n\n\n<p>Los fiscales del condado Orange afirmaron en un documento judicial por el ataque de 2019 que Ram\u00edrez \u201cha demostrado ser violento tanto con extra\u00f1os como con su familia y claramente carece de preocupaci\u00f3n por la seguridad de los dem\u00e1s\u201d.<\/p>\n\n\n\n<p>Un caso de conducci\u00f3n en estado de ebriedad de 2024 y un cargo de violencia dom\u00e9stica de 2022 estaban pendientes en el momento del accidente en el club nocturno, seg\u00fan los registros.<\/p>\n","protected":false},"excerpt":{"rendered":"<p>POR JAIMIE DING LOS \u00c1NGELES (AP) \u2014 Se espera que los fiscales de Los \u00c1ngeles anuncien cargos por delitos graves en relaci\u00f3n con un accidente automovil\u00edstico ocurrido fuera de un&hellip;<\/p>\n","protected":false},"author":10,"featured_media":104213,"comment_status":"open","ping_status":"open","sticky":false,"template":"","format":"standard","meta":{"content-type":"","jetpack_post_was_ever_published":false,"_jetpack_newsletter_access":"","_jetpack_dont_email_post_to_subs":false,"_jetpack_newsletter_tier_id":0,"_jetpack_memberships_contains_paywalled_content":false,"_jetpack_memberships_contains_paid_content":false,"footnotes":""},"categories":[16289],"tags":[22050,22053,22049,22052,3545,22051,4361,4409,22054],"class_list":["post-104212","post","type-post","status-publish","format-standard","has-post-thumbnail","hentry","category-internacionales","tag-36-heridos","tag-accidente-automovilistico","tag-atropellamiento","tag-bulevar-en-east-hollywood","tag-cargos","tag-conductor-baleado","tag-fiscales","tag-los-angeles","tag-vermont-hollywood"],"jetpack_featured_media_url":"https:\/\/lasprimeras.com.do\/wp-content\/uploads\/2025\/07\/accidentes.jpg","jetpack-related-posts":[{"id":51302,"url":"https:\/\/lasprimeras.com.do\/index.php\/2023\/05\/30\/varias-personas-resultan-heridas-durante-tiroteo-en-hollywood-beach-miami\/","url_meta":{"origin":104212,"position":0},"title":"Varias personas resultan heridas durante tiroteo en Hollywood Beach, Miami","author":"prenxa100","date":"30 de mayo de 2023","format":false,"excerpt":"Miami, EFE.-.Nueve personas fueron hospitalizadas este lunes por un enfrentamiento a tiros entre dos grupos en el paseo de la playa de la ciudad de Hollywood, a unos 30 kil\u00f3metros al norte de Miami, seg\u00fan confirmaron fuentes policiales. Una persona fue detenida como sospechosa y la Polic\u00eda busca a otro\u2026","rel":"","context":"En \u00abSin categor\u00eda\u00bb","block_context":{"text":"Sin categor\u00eda","link":"https:\/\/lasprimeras.com.do\/index.php\/category\/sin-categoria\/"},"img":{"alt_text":"","src":"","width":0,"height":0},"classes":[]},{"id":65500,"url":"https:\/\/lasprimeras.com.do\/index.php\/2023\/10\/29\/dos-jovenes-muertos-y-un-herido-al-estrellarse-el-vehiculo-contra-una-pared-en-dajabon\/","url_meta":{"origin":104212,"position":1},"title":"Dos j\u00f3venes muertos y un herido al estrellarse el veh\u00edculo contra una pared en Dajab\u00f3n","author":"Nelson Feliz","date":"29 de octubre de 2023","format":false,"excerpt":"Dos j\u00f3venes perdieron la vida y otro result\u00f3 herido de gravedad, en un accidente automovil\u00edstico ocurrido en la calle Pablo Reyes esquina Martin Juferman del municipio cabecera de Dajab\u00f3n. Los occisos fueron identificados como Jorge Miguel Alejo Rodr\u00edguez y Cristian Bienvenido Estrella Gonz\u00e1lez, mientras que el herido es el joven\u2026","rel":"","context":"En \u00abNACIONALES\u00bb","block_context":{"text":"NACIONALES","link":"https:\/\/lasprimeras.com.do\/index.php\/category\/nacionales\/"},"img":{"alt_text":"As\u00ed qued\u00f3 el veh\u00edculo que se estrell\u00f3 con una pared en Dajab\u00f3nGOIDY REYES","src":"https:\/\/i0.wp.com\/lasprimeras.com.do\/wp-content\/uploads\/2023\/10\/accidente.jpeg?resize=350%2C200&ssl=1","width":350,"height":200,"srcset":"https:\/\/i0.wp.com\/lasprimeras.com.do\/wp-content\/uploads\/2023\/10\/accidente.jpeg?resize=350%2C200&ssl=1 1x, https:\/\/i0.wp.com\/lasprimeras.com.do\/wp-content\/uploads\/2023\/10\/accidente.jpeg?resize=525%2C300&ssl=1 1.5x, https:\/\/i0.wp.com\/lasprimeras.com.do\/wp-content\/uploads\/2023\/10\/accidente.jpeg?resize=700%2C400&ssl=1 2x"},"classes":[]},{"id":60685,"url":"https:\/\/lasprimeras.com.do\/index.php\/2023\/09\/17\/dos-ninas-pierden-la-vida-y-varios-resultan-heridos-luego-de-ser-atropellados-en-san-luis\/","url_meta":{"origin":104212,"position":2},"title":"Dos ni\u00f1as pierden la vida y varios resultan heridos luego de ser atropellados en San Luis","author":"Nelson Feliz","date":"17 de septiembre de 2023","format":false,"excerpt":"Tras el impacto, el conductor, quien se transportaba en un carro Honda Civic, huy\u00f3 del lugar a pies sin que lograran identificar su identidad. Dos ni\u00f1as perdieron la vida luego de que un conductor penetrara al interior de una vivienda en el sector Las Casitas, en San Luis, Santo Domingo\u2026","rel":"","context":"En \u00abNACIONALES\u00bb","block_context":{"text":"NACIONALES","link":"https:\/\/lasprimeras.com.do\/index.php\/category\/nacionales\/"},"img":{"alt_text":"accidentes","src":"https:\/\/i0.wp.com\/lasprimeras.com.do\/wp-content\/uploads\/2023\/09\/accidentes.jpeg?resize=350%2C200&ssl=1","width":350,"height":200,"srcset":"https:\/\/i0.wp.com\/lasprimeras.com.do\/wp-content\/uploads\/2023\/09\/accidentes.jpeg?resize=350%2C200&ssl=1 1x, https:\/\/i0.wp.com\/lasprimeras.com.do\/wp-content\/uploads\/2023\/09\/accidentes.jpeg?resize=525%2C300&ssl=1 1.5x, https:\/\/i0.wp.com\/lasprimeras.com.do\/wp-content\/uploads\/2023\/09\/accidentes.jpeg?resize=700%2C400&ssl=1 2x"},"classes":[]},{"id":91333,"url":"https:\/\/lasprimeras.com.do\/index.php\/2024\/11\/17\/siete-personas-resultan-ilesa-tras-volcarse-jeepeta-en-que-viajaban-en-barahona\/","url_meta":{"origin":104212,"position":3},"title":"Siete personas resultan ilesa tras volcarse jeepeta en que viajaban en Barahona","author":"Nelson Feliz","date":"17 de noviembre de 2024","format":false,"excerpt":"Un accidente de tr\u00e1nsito ocurrido en la carretera Barahona-El Pe\u00f1\u00f3n que dej\u00f3 como saldo una yipeta volcada, pero afortunadamente, todos sus ocupantes salieron ilesos. El incidente involucr\u00f3 a siete personas, entre ellos dos menores de edad, que se dirig\u00edan a Neiba tras pasar el d\u00eda en Barahona. El accidente ocurri\u00f3\u2026","rel":"","context":"En \u00abNACIONALES\u00bb","block_context":{"text":"NACIONALES","link":"https:\/\/lasprimeras.com.do\/index.php\/category\/nacionales\/"},"img":{"alt_text":"","src":"https:\/\/i0.wp.com\/lasprimeras.com.do\/wp-content\/uploads\/2024\/11\/JEEP.jpeg?resize=350%2C200&ssl=1","width":350,"height":200,"srcset":"https:\/\/i0.wp.com\/lasprimeras.com.do\/wp-content\/uploads\/2024\/11\/JEEP.jpeg?resize=350%2C200&ssl=1 1x, https:\/\/i0.wp.com\/lasprimeras.com.do\/wp-content\/uploads\/2024\/11\/JEEP.jpeg?resize=525%2C300&ssl=1 1.5x, https:\/\/i0.wp.com\/lasprimeras.com.do\/wp-content\/uploads\/2024\/11\/JEEP.jpeg?resize=700%2C400&ssl=1 2x"},"classes":[]},{"id":72677,"url":"https:\/\/lasprimeras.com.do\/index.php\/2024\/01\/02\/dos-muertos-y-un-herido-en-accidente-de-transito-en-la-autopista-del-coral\/","url_meta":{"origin":104212,"position":4},"title":"Dos muertos y un herido en accidente de tr\u00e1nsito en la Autopista del Coral","author":"Nelson Feliz","date":"2 de enero de 2024","format":false,"excerpt":"La colisi\u00f3n ocurri\u00f3 entre dos veh\u00edculos y una motocicleta. Dos personas murieron y una result\u00f3 herida en un accidente de tr\u00e1nsito ocurrido en la Autopista del Coral, pr\u00f3ximo al cruce de Bayah\u00edbe, este primero de enero de 2024, el cual involucr\u00f3 a dos veh\u00edculos y una motocicleta. La colisi\u00f3n ocurri\u00f3\u2026","rel":"","context":"En \u00abNACIONALES\u00bb","block_context":{"text":"NACIONALES","link":"https:\/\/lasprimeras.com.do\/index.php\/category\/nacionales\/"},"img":{"alt_text":"accidente de tr\u00e1nsito","src":"https:\/\/i0.wp.com\/lasprimeras.com.do\/wp-content\/uploads\/2024\/01\/accidente-de-transito.jpg?resize=350%2C200&ssl=1","width":350,"height":200,"srcset":"https:\/\/i0.wp.com\/lasprimeras.com.do\/wp-content\/uploads\/2024\/01\/accidente-de-transito.jpg?resize=350%2C200&ssl=1 1x, https:\/\/i0.wp.com\/lasprimeras.com.do\/wp-content\/uploads\/2024\/01\/accidente-de-transito.jpg?resize=525%2C300&ssl=1 1.5x, https:\/\/i0.wp.com\/lasprimeras.com.do\/wp-content\/uploads\/2024\/01\/accidente-de-transito.jpg?resize=700%2C400&ssl=1 2x"},"classes":[]},{"id":98317,"url":"https:\/\/lasprimeras.com.do\/index.php\/2025\/05\/06\/reitera-peticion-de-doble-parqueo-para-taxistas-recoger-y-dejar-pasajeros-con-discapacidades-en-nyc\/","url_meta":{"origin":104212,"position":5},"title":"Reitera petici\u00f3n de doble parqueo para taxistas recoger y dejar pasajeros con discapacidades en NYC","author":"Nelson Feliz","date":"6 de mayo de 2025","format":false,"excerpt":"Por Ram\u00f3n Mercedes NUEVA YORK.- El presidente del Consorcio High Class en esta ciudad, Antonio Cabrera (Tuly), que aglutina cientos de taxistas, reiter\u00f3 a las autoridades neoyorkinas permitirles a todos conductores de este tipo en los cinco condados estacionarse en doble l\u00ednea o utilizar moment\u00e1neamente los carriles de autobuses para\u2026","rel":"","context":"En \u00abINTERNACIONALES\u00bb","block_context":{"text":"INTERNACIONALES","link":"https:\/\/lasprimeras.com.do\/index.php\/category\/sin-categoria\/internacionales\/"},"img":{"alt_text":"","src":"https:\/\/i0.wp.com\/lasprimeras.com.do\/wp-content\/uploads\/2025\/05\/WhatsApp-Image-2025-05-06-at-5.22.38-AM-2.jpeg?resize=350%2C200&ssl=1","width":350,"height":200,"srcset":"https:\/\/i0.wp.com\/lasprimeras.com.do\/wp-content\/uploads\/2025\/05\/WhatsApp-Image-2025-05-06-at-5.22.38-AM-2.jpeg?resize=350%2C200&ssl=1 1x, https:\/\/i0.wp.com\/lasprimeras.com.do\/wp-content\/uploads\/2025\/05\/WhatsApp-Image-2025-05-06-at-5.22.38-AM-2.jpeg?resize=525%2C300&ssl=1 1.5x, https:\/\/i0.wp.com\/lasprimeras.com.do\/wp-content\/uploads\/2025\/05\/WhatsApp-Image-2025-05-06-at-5.22.38-AM-2.jpeg?resize=700%2C400&ssl=1 2x"},"classes":[]}],"jetpack_sharing_enabled":true,"_links":{"self":[{"href":"https:\/\/lasprimeras.com.do\/index.php\/wp-json\/wp\/v2\/posts\/104212","targetHints":{"allow":["GET"]}}],"collection":[{"href":"https:\/\/lasprimeras.com.do\/index.php\/wp-json\/wp\/v2\/posts"}],"about":[{"href":"https:\/\/lasprimeras.com.do\/index.php\/wp-json\/wp\/v2\/types\/post"}],"author":[{"embeddable":true,"href":"https:\/\/lasprimeras.com.do\/index.php\/wp-json\/wp\/v2\/users\/10"}],"replies":[{"embeddable":true,"href":"https:\/\/lasprimeras.com.do\/index.php\/wp-json\/wp\/v2\/comments?post=104212"}],"version-history":[{"count":1,"href":"https:\/\/lasprimeras.com.do\/index.php\/wp-json\/wp\/v2\/posts\/104212\/revisions"}],"predecessor-version":[{"id":104214,"href":"https:\/\/lasprimeras.com.do\/index.php\/wp-json\/wp\/v2\/posts\/104212\/revisions\/104214"}],"wp:featuredmedia":[{"embeddable":true,"href":"https:\/\/lasprimeras.com.do\/index.php\/wp-json\/wp\/v2\/media\/104213"}],"wp:attachment":[{"href":"https:\/\/lasprimeras.com.do\/index.php\/wp-json\/wp\/v2\/media?parent=104212"}],"wp:term":[{"taxonomy":"category","embeddable":true,"href":"https:\/\/lasprimeras.com.do\/index.php\/wp-json\/wp\/v2\/categories?post=104212"},{"taxonomy":"post_tag","embeddable":true,"href":"https:\/\/lasprimeras.com.do\/index.php\/wp-json\/wp\/v2\/tags?post=104212"}],"curies":[{"name":"wp","href":"https:\/\/api.w.org\/{rel}","templated":true}]}}