{"id":104218,"date":"2025-07-22T17:25:02","date_gmt":"2025-07-22T21:25:02","guid":{"rendered":"https:\/\/lasprimeras.com.do\/?p=104218"},"modified":"2025-07-22T17:25:04","modified_gmt":"2025-07-22T21:25:04","slug":"uruguay-y-espana-afianzan-lazos-y-anuncian-acuerdo-para-combatir-el-crimen-transnacional","status":"publish","type":"post","link":"https:\/\/lasprimeras.com.do\/index.php\/2025\/07\/22\/uruguay-y-espana-afianzan-lazos-y-anuncian-acuerdo-para-combatir-el-crimen-transnacional\/","title":{"rendered":"Uruguay y Espa\u00f1a afianzan lazos y anuncian acuerdo para combatir el crimen transnacional"},"content":{"rendered":"\n<p>MONTEVIDEO (AP) \u2014 El mandatario uruguayo Yamand\u00fa Orsi y el presidente del gobierno de Espa\u00f1a, Pedro S\u00e1nchez, anunciaron la firma de seis acuerdos bilaterales para fortalecer sus lazos, entre ellos uno de seguridad para combatir el crimen transnacional.<\/p>\n\n\n\n<p>\u201cEsto es fruto de una larga historia de relaciones que va a seguir con el tiempo pero que, adem\u00e1s, necesita de muchos encuentros que nos permitan seguir entendiendo todo lo que nos une con Espa\u00f1a\u201d, dijo Orsi en una rueda de prensa tras recibir al espa\u00f1ol en la Torre Ejecutiva de Montevideo.<\/p>\n\n\n\n<p>Ambos mandatarios ya hab\u00edan sostenido la v\u00edspera un encuentro, al lado de otros tres l\u00edderes progresistas latinoamericanos, en el marco de una reuni\u00f3n de alto nivel para fortalecer la democracia. Y el martes se reunieron a puertas cerradas en la capital uruguaya.<\/p>\n\n\n\n<p>S\u00e1nchez precis\u00f3 en la rueda que los acuerdos firmados buscan fortalecer la cooperaci\u00f3n bilateral en la lucha contra la delincuencia transnacional, el desarrollo sostenible, el fomento de la igualdad efectiva entre mujeres y hombres y tambi\u00e9n en el intercambio cultural entre ambos. Sin embargo, ambos mandatarios evitaron dar mayores detalles sobre los convenios.<\/p>\n\n\n\n<p>En el \u00e1mbito econ\u00f3mico, Orsi y S\u00e1nchez insistieron en la necesidad de fortalecer el multilateralismo y potenciar un mercado global abierto con reglas claras.<\/p>\n\n\n\n<p>En ese sentido, el jefe del gobierno espa\u00f1ol destac\u00f3 la \u201cnecesidad imperiosa\u201d de culminar el acuerdo sellado a fines del a\u00f1o pasado entre la Uni\u00f3n Europea y el Mercosur, el bloque formado por Brasil, Paraguay, Uruguay, Argentina y la reci\u00e9n incorporada Bolivia.<\/p>\n\n\n\n<p>\u201cHemos vuelto a compartir la necesidad imperiosa, yo dir\u00eda m\u00e1xima, de culminar el acuerdo de la Uni\u00f3n Europea y Mercosur, que pueda cerrarse y entrar en vigor lo antes posible\u201d, se\u00f1al\u00f3.<\/p>\n\n\n\n<p>La concreci\u00f3n de este acuerdo, que abarcar\u00eda a un mercado de m\u00e1s de 700 millones de personas y representar\u00eda casi el 25% del Producto Interno Bruto mundial, representar\u00eda no solo la \u201ccreaci\u00f3n de la zona de libre comercio m\u00e1s importante del mundo\u201d sino enviar\u00eda adem\u00e1s un importante \u201cmensaje de apertura\u201d en momentos de \u201censimismamiento, de confrontaci\u00f3n y guerra comercial\u201d, agreg\u00f3 S\u00e1nchez.<\/p>\n\n\n\n<p>En el marco de su visita oficial a Sudam\u00e9rica y tras pasar por Chile, S\u00e1nchez mantendr\u00e1 tambi\u00e9n esta tarde un encuentro con la exsenadora y ex vicepresidenta uruguaya Luc\u00eda Topolansky, viuda del exmandatario Jos\u00e9 Mujica, fallecido en mayo a los 89 a\u00f1os.<\/p>\n\n\n\n<p>Posteriormente, viajar\u00e1 a Paraguay, donde tiene previsto reunirse con el presidente Santiago Pe\u00f1a el mi\u00e9rcoles.<\/p>\n","protected":false},"excerpt":{"rendered":"<p>MONTEVIDEO (AP) \u2014 El mandatario uruguayo Yamand\u00fa Orsi y el presidente del gobierno de Espa\u00f1a, Pedro S\u00e1nchez, anunciaron la firma de seis acuerdos bilaterales para fortalecer sus lazos, entre ellos&hellip;<\/p>\n","protected":false},"author":10,"featured_media":104219,"comment_status":"open","ping_status":"open","sticky":false,"template":"","format":"standard","meta":{"content-type":"","jetpack_post_was_ever_published":false,"_jetpack_newsletter_access":"","_jetpack_dont_email_post_to_subs":false,"_jetpack_newsletter_tier_id":0,"_jetpack_memberships_contains_paywalled_content":false,"_jetpack_memberships_contains_paid_content":false,"footnotes":""},"categories":[16289],"tags":[521,1576,22057,28,3746,2512,14081,17680],"class_list":["post-104218","post","type-post","status-publish","format-standard","has-post-thumbnail","hentry","category-internacionales","tag-acuerdo","tag-combatir","tag-crimen-transnacional","tag-espana","tag-lazos","tag-pedro-sanchez","tag-uruguay","tag-yamandu-orsi"],"jetpack_featured_media_url":"https:\/\/lasprimeras.com.do\/wp-content\/uploads\/2025\/07\/Uruguay-y-Espana.jpg","jetpack-related-posts":[{"id":94448,"url":"https:\/\/lasprimeras.com.do\/index.php\/2025\/02\/28\/abinader-sostiene-reunion-bilateral-con-el-electo-mandatario-uruguayo-yamandu-orsi-en-montevideo\/","url_meta":{"origin":104218,"position":0},"title":"Abinader sostiene reuni\u00f3n bilateral con el electo mandatario uruguayo Yamand\u00fa Orsi en Montevideo","author":"Nelson Feliz","date":"28 de febrero de 2025","format":false,"excerpt":"Montevideo, Uruguay. \u2013 En el marco de su visita oficial para asistir a la toma de posesi\u00f3n del nuevo presidente de Uruguay, Yamand\u00fa Orsi, el presidente de la Rep\u00fablica Dominicana, Luis Abinader, sostuvo una reuni\u00f3n bilateral con este. La reuni\u00f3n se llev\u00f3 a cabo inmediatamente despu\u00e9s de la llegada del\u2026","rel":"","context":"En \u00abNACIONALES\u00bb","block_context":{"text":"NACIONALES","link":"https:\/\/lasprimeras.com.do\/index.php\/category\/nacionales\/"},"img":{"alt_text":"","src":"https:\/\/i0.wp.com\/lasprimeras.com.do\/wp-content\/uploads\/2025\/02\/Luis-Abinader-25.jpg?resize=350%2C200&ssl=1","width":350,"height":200,"srcset":"https:\/\/i0.wp.com\/lasprimeras.com.do\/wp-content\/uploads\/2025\/02\/Luis-Abinader-25.jpg?resize=350%2C200&ssl=1 1x, https:\/\/i0.wp.com\/lasprimeras.com.do\/wp-content\/uploads\/2025\/02\/Luis-Abinader-25.jpg?resize=525%2C300&ssl=1 1.5x, https:\/\/i0.wp.com\/lasprimeras.com.do\/wp-content\/uploads\/2025\/02\/Luis-Abinader-25.jpg?resize=700%2C400&ssl=1 2x"},"classes":[]},{"id":94342,"url":"https:\/\/lasprimeras.com.do\/index.php\/2025\/02\/27\/abinader-viajara-este-viernes-a-uruguay-para-asistir-a-la-toma-de-posesion-de-yamandu-orsi\/","url_meta":{"origin":104218,"position":1},"title":"Abinader viajar\u00e1 este viernes a Uruguay para asistir a la toma de posesi\u00f3n de Yamand\u00fa Orsi","author":"Nelson Feliz","date":"27 de febrero de 2025","format":false,"excerpt":"El presidente Luis Abinader viajar\u00e1 ma\u00f1ana viernes a Montevideo, Rep\u00fablica Oriental del Uruguay, para asistir a la toma de posesi\u00f3n del nuevo gobernante de esa naci\u00f3n, Yamand\u00fa Orsi. El jefe de estado dominicano tiene previsto salir en la primeras horas de la ma\u00f1ana y arribara a Montevideo alrededor de las\u2026","rel":"","context":"En \u00abNACIONALES\u00bb","block_context":{"text":"NACIONALES","link":"https:\/\/lasprimeras.com.do\/index.php\/category\/nacionales\/"},"img":{"alt_text":"Luis Abinader","src":"https:\/\/i0.wp.com\/lasprimeras.com.do\/wp-content\/uploads\/2023\/07\/Luis-Abinader-viaja.jpg?resize=350%2C200&ssl=1","width":350,"height":200,"srcset":"https:\/\/i0.wp.com\/lasprimeras.com.do\/wp-content\/uploads\/2023\/07\/Luis-Abinader-viaja.jpg?resize=350%2C200&ssl=1 1x, https:\/\/i0.wp.com\/lasprimeras.com.do\/wp-content\/uploads\/2023\/07\/Luis-Abinader-viaja.jpg?resize=525%2C300&ssl=1 1.5x, https:\/\/i0.wp.com\/lasprimeras.com.do\/wp-content\/uploads\/2023\/07\/Luis-Abinader-viaja.jpg?resize=700%2C400&ssl=1 2x"},"classes":[]},{"id":94511,"url":"https:\/\/lasprimeras.com.do\/index.php\/2025\/03\/02\/presidente-abinader-regresa-a-rd-tras-una-exitosa-visita-a-uruguay-donde-fortalecio-lazos-internacionales\/","url_meta":{"origin":104218,"position":2},"title":"Presidente Abinader regresa a RD tras una exitosa visita a Uruguay, donde fortaleci\u00f3 lazos internacionales","author":"Nelson Feliz","date":"2 de marzo de 2025","format":false,"excerpt":"El mandatario dominicano particip\u00f3 en la toma de posesi\u00f3n de Yamand\u00fa Orsi y sostuvo importantes reuniones bilaterales con l\u00edderes internacionales El presidente Luis Abinader, regres\u00f3 al pa\u00eds la madrugada de este domingo tras una exitosa visita oficial a la Rep\u00fablica Oriental del Uruguay, donde fue invitado a la toma de\u2026","rel":"","context":"En \u00abNACIONALES\u00bb","block_context":{"text":"NACIONALES","link":"https:\/\/lasprimeras.com.do\/index.php\/category\/nacionales\/"},"img":{"alt_text":"","src":"https:\/\/i0.wp.com\/lasprimeras.com.do\/wp-content\/uploads\/2023\/06\/Luis-Abinader-regresa-SICA.jpg?resize=350%2C200&ssl=1","width":350,"height":200,"srcset":"https:\/\/i0.wp.com\/lasprimeras.com.do\/wp-content\/uploads\/2023\/06\/Luis-Abinader-regresa-SICA.jpg?resize=350%2C200&ssl=1 1x, https:\/\/i0.wp.com\/lasprimeras.com.do\/wp-content\/uploads\/2023\/06\/Luis-Abinader-regresa-SICA.jpg?resize=525%2C300&ssl=1 1.5x, https:\/\/i0.wp.com\/lasprimeras.com.do\/wp-content\/uploads\/2023\/06\/Luis-Abinader-regresa-SICA.jpg?resize=700%2C400&ssl=1 2x"},"classes":[]},{"id":94393,"url":"https:\/\/lasprimeras.com.do\/index.php\/2025\/02\/28\/abinader-sale-a-uruguay-para-asistir-a-toma-de-posesion-de-yamandu-orsi\/","url_meta":{"origin":104218,"position":3},"title":"Abinader sale a Uruguay para asistir a toma de posesi\u00f3n de Yamand\u00fa Orsi","author":"Nelson Feliz","date":"28 de febrero de 2025","format":false,"excerpt":"El presidente Luis Abinader parti\u00f3 la ma\u00f1ana de este viernes hacia la Rep\u00fablica Oriental de Uruguay, donde asistir\u00e1 a la toma de posesi\u00f3n del nuevo gobernante de esa naci\u00f3n, Yamand\u00fa Orsi. El mandatario sali\u00f3 a las 9:48 de la ma\u00f1ana desde la Base A\u00e9rea de San Isidro, donde fue despedido\u2026","rel":"","context":"En \u00abPORTADA\u00bb","block_context":{"text":"PORTADA","link":"https:\/\/lasprimeras.com.do\/index.php\/category\/portada\/"},"img":{"alt_text":"Abinader sale a Uruguay","src":"https:\/\/i0.wp.com\/lasprimeras.com.do\/wp-content\/uploads\/2025\/02\/Abinader-sale-a-Uruguay.jpg?resize=350%2C200&ssl=1","width":350,"height":200,"srcset":"https:\/\/i0.wp.com\/lasprimeras.com.do\/wp-content\/uploads\/2025\/02\/Abinader-sale-a-Uruguay.jpg?resize=350%2C200&ssl=1 1x, https:\/\/i0.wp.com\/lasprimeras.com.do\/wp-content\/uploads\/2025\/02\/Abinader-sale-a-Uruguay.jpg?resize=525%2C300&ssl=1 1.5x, https:\/\/i0.wp.com\/lasprimeras.com.do\/wp-content\/uploads\/2025\/02\/Abinader-sale-a-Uruguay.jpg?resize=700%2C400&ssl=1 2x"},"classes":[]},{"id":94886,"url":"https:\/\/lasprimeras.com.do\/index.php\/2025\/03\/06\/el-nuevo-gobierno-del-uruguay\/","url_meta":{"origin":104218,"position":4},"title":"El Nuevo Gobierno del Uruguay","author":"Nelson Feliz","date":"6 de marzo de 2025","format":false,"excerpt":"Por: Luis Fern\u00e1ndez En la Rep\u00fablica Oriental del Uruguay situada en Am\u00e9rica del sur y segundo pa\u00eds mas peque\u00f1o despu\u00e9s de Surinam en esa regi\u00f3n del mundo, se acaba de instalar el cuarto gobierno del Frente Amplio, partido pol\u00edtico de la Izquierda progresista de Am\u00e9rica Latina que esta integrado por\u2026","rel":"","context":"En \u00abOPINI\u00d3N\u00bb","block_context":{"text":"OPINI\u00d3N","link":"https:\/\/lasprimeras.com.do\/index.php\/category\/opinion\/"},"img":{"alt_text":"Luis Fern\u00e1ndez","src":"https:\/\/i0.wp.com\/lasprimeras.com.do\/wp-content\/uploads\/2024\/03\/Luis-Fernandez.jpg?resize=350%2C200&ssl=1","width":350,"height":200,"srcset":"https:\/\/i0.wp.com\/lasprimeras.com.do\/wp-content\/uploads\/2024\/03\/Luis-Fernandez.jpg?resize=350%2C200&ssl=1 1x, https:\/\/i0.wp.com\/lasprimeras.com.do\/wp-content\/uploads\/2024\/03\/Luis-Fernandez.jpg?resize=525%2C300&ssl=1 1.5x"},"classes":[]},{"id":118384,"url":"https:\/\/lasprimeras.com.do\/index.php\/2025\/12\/28\/orsi-firmo-decreto-para-modificar-calculo-en-devolucion-de-aportes-al-fonasa-como-sera\/","url_meta":{"origin":104218,"position":5},"title":"Orsi firm\u00f3 decreto para modificar c\u00e1lculo en devoluci\u00f3n de aportes al Fonasa: \u00bfc\u00f3mo ser\u00e1?","author":"Nelson Feliz","date":"28 de diciembre de 2025","format":false,"excerpt":"El presidente de la Rep\u00fablica, Yamand\u00fa Orsi, firm\u00f3 un decreto que introduce cambios en el sistema de aportes al Fondo Nacional de Salud (Fonasa) para trabajadores y pasivos, con efecto a partir del 1.\u00ba de enero de 2026, algo que hab\u00eda adelantado este viernes en una charla informal con periodistas\u2026","rel":"","context":"En \u00abINTERNACIONALES\u00bb","block_context":{"text":"INTERNACIONALES","link":"https:\/\/lasprimeras.com.do\/index.php\/category\/sin-categoria\/internacionales\/"},"img":{"alt_text":"Yamand\u00fa Orsi","src":"https:\/\/i0.wp.com\/lasprimeras.com.do\/wp-content\/uploads\/2025\/12\/Yamandu-Orsi.jpg?resize=350%2C200&ssl=1","width":350,"height":200,"srcset":"https:\/\/i0.wp.com\/lasprimeras.com.do\/wp-content\/uploads\/2025\/12\/Yamandu-Orsi.jpg?resize=350%2C200&ssl=1 1x, https:\/\/i0.wp.com\/lasprimeras.com.do\/wp-content\/uploads\/2025\/12\/Yamandu-Orsi.jpg?resize=525%2C300&ssl=1 1.5x"},"classes":[]}],"jetpack_sharing_enabled":true,"_links":{"self":[{"href":"https:\/\/lasprimeras.com.do\/index.php\/wp-json\/wp\/v2\/posts\/104218","targetHints":{"allow":["GET"]}}],"collection":[{"href":"https:\/\/lasprimeras.com.do\/index.php\/wp-json\/wp\/v2\/posts"}],"about":[{"href":"https:\/\/lasprimeras.com.do\/index.php\/wp-json\/wp\/v2\/types\/post"}],"author":[{"embeddable":true,"href":"https:\/\/lasprimeras.com.do\/index.php\/wp-json\/wp\/v2\/users\/10"}],"replies":[{"embeddable":true,"href":"https:\/\/lasprimeras.com.do\/index.php\/wp-json\/wp\/v2\/comments?post=104218"}],"version-history":[{"count":1,"href":"https:\/\/lasprimeras.com.do\/index.php\/wp-json\/wp\/v2\/posts\/104218\/revisions"}],"predecessor-version":[{"id":104220,"href":"https:\/\/lasprimeras.com.do\/index.php\/wp-json\/wp\/v2\/posts\/104218\/revisions\/104220"}],"wp:featuredmedia":[{"embeddable":true,"href":"https:\/\/lasprimeras.com.do\/index.php\/wp-json\/wp\/v2\/media\/104219"}],"wp:attachment":[{"href":"https:\/\/lasprimeras.com.do\/index.php\/wp-json\/wp\/v2\/media?parent=104218"}],"wp:term":[{"taxonomy":"category","embeddable":true,"href":"https:\/\/lasprimeras.com.do\/index.php\/wp-json\/wp\/v2\/categories?post=104218"},{"taxonomy":"post_tag","embeddable":true,"href":"https:\/\/lasprimeras.com.do\/index.php\/wp-json\/wp\/v2\/tags?post=104218"}],"curies":[{"name":"wp","href":"https:\/\/api.w.org\/{rel}","templated":true}]}}