{"id":104221,"date":"2025-07-22T17:29:26","date_gmt":"2025-07-22T21:29:26","guid":{"rendered":"https:\/\/lasprimeras.com.do\/?p=104221"},"modified":"2025-07-22T17:29:28","modified_gmt":"2025-07-22T21:29:28","slug":"el-gobierno-de-puerto-rico-demanda-a-empresa-electrica-privada-por-danos-a-clientes","status":"publish","type":"post","link":"https:\/\/lasprimeras.com.do\/index.php\/2025\/07\/22\/el-gobierno-de-puerto-rico-demanda-a-empresa-electrica-privada-por-danos-a-clientes\/","title":{"rendered":"El gobierno de Puerto Rico demanda a empresa el\u00e9ctrica privada por da\u00f1os a clientes"},"content":{"rendered":"\n<p>SAN JUAN, Puerto Rico (AP) \u2014 El gobierno de Puerto Rico present\u00f3 una demanda contra una empresa el\u00e9ctrica privada, alegando que es responsable de los da\u00f1os a los electrodom\u00e9sticos de sus clientes causados por los cortes de energ\u00eda cr\u00f3nicos en el territorio.<\/p>\n\n\n\n<p>En la demanda civil, presentada por el departamento de asuntos del consumidor, se indica que la empresa Luma, que supervisa la transmisi\u00f3n y distribuci\u00f3n de energ\u00eda en Puerto Rico, fue negligente y es responsable de los da\u00f1os causados a los electrodom\u00e9sticos de los consumidores por los cortes y fluctuaciones de energ\u00eda.<\/p>\n\n\n\n<p>Se indic\u00f3 que el departamento tiene la autoridad para llevar casos ante los tribunales para proteger a las personas afectadas por la ineficiencia y falta de servicio adecuado de la empresa.<\/p>\n\n\n\n<p>La acci\u00f3n fue presentada contra la empresa en su conjunto, ya que la ley exime a los empleados y contratistas de Luma de las reclamaciones presentadas por los clientes en virtud de una inmunidad otorgada en 2021 por la Oficina de Energ\u00eda de Puerto Rico.<\/p>\n\n\n\n<p>En la demanda se menciona una declaraci\u00f3n hecha recientemente por la empresa en una audiencia p\u00fablica en la que rechaz\u00f3 1.828 reclamaciones. \u201cYa es hora de que Luma rinda cuentas plenamente ante los consumidores puertorrique\u00f1os\u201d, se indic\u00f3.<\/p>\n\n\n\n<p>La empresa dijo en un breve comunicado que abordar\u00eda la demanda con la seriedad y responsabilidad que merece.<\/p>\n\n\n\n<p>\u201cNuestro compromiso es seguir trabajando en beneficio de los clientes, pese a los retos significativos que enfrentamos en operar un sistema el\u00e9ctrico fr\u00e1gil y deteriorado, que por a\u00f1os ha carecido del mantenimiento y la inversi\u00f3n necesaria\u201d, se\u00f1al\u00f3 la empresa.<\/p>\n\n\n\n<p>Los cortes han da\u00f1ado miles de electrodom\u00e9sticos, desde aparatos de aire acondicionado hasta refrigeradores, en la isla de 3,2 millones de habitantes con un \u00edndice de pobreza del 40%.<\/p>\n\n\n\n<p>La demanda se presenta meses despu\u00e9s de que el gobernador de Puerto Rico prometiera cancelar el contrato de Luma, advirtiendo que ser\u00eda un proceso largo y complejo.<\/p>\n\n\n\n<p>La ira contra la empresa ha ido creciendo desde que firm\u00f3 un contrato con el gobierno de Puerto Rico en 2020.<\/p>\n\n\n\n<p>Los cortes se han vuelto comunes desde que el hurac\u00e1n Mar\u00eda arrasara la red el\u00e9ctrica de Puerto Rico cuando golpe\u00f3 la isla como una poderosa tormenta de categor\u00eda 4 en septiembre de 2017. Pero la red ya era fr\u00e1gil debido a que, durante d\u00e9cadas, no recibi\u00f3 la inversi\u00f3n ni el mantenimiento por parte de la Autoridad de Energ\u00eda El\u00e9ctrica de Puerto Rico, que lucha por reestructurar 9.000 millones de d\u00f3lares en deuda.<\/p>\n\n\n\n<p>En los \u00faltimos meses, ocurrieron dos apagones que afectaron a toda la isla, uno de ellos, en la v\u00edspera de A\u00f1o Nuevo y el otro durante la Semana Santa.<\/p>\n","protected":false},"excerpt":{"rendered":"<p>SAN JUAN, Puerto Rico (AP) \u2014 El gobierno de Puerto Rico present\u00f3 una demanda contra una empresa el\u00e9ctrica privada, alegando que es responsable de los da\u00f1os a los electrodom\u00e9sticos de&hellip;<\/p>\n","protected":false},"author":10,"featured_media":104222,"comment_status":"open","ping_status":"open","sticky":false,"template":"","format":"standard","meta":{"content-type":"","jetpack_post_was_ever_published":false,"_jetpack_newsletter_access":"","_jetpack_dont_email_post_to_subs":false,"_jetpack_newsletter_tier_id":0,"_jetpack_memberships_contains_paywalled_content":false,"_jetpack_memberships_contains_paid_content":false,"footnotes":""},"categories":[16289],"tags":[1084,2033,1085,22058,171,448,1078],"class_list":["post-104221","post","type-post","status-publish","format-standard","has-post-thumbnail","hentry","category-internacionales","tag-clientes","tag-danos","tag-demanda","tag-empresa-electrica","tag-gobierno","tag-privada","tag-puerto-rico"],"jetpack_featured_media_url":"https:\/\/lasprimeras.com.do\/wp-content\/uploads\/2025\/07\/Puerto-Rico-demanda-a-empresa-electrica-privada.jpg","jetpack-related-posts":[{"id":92166,"url":"https:\/\/lasprimeras.com.do\/index.php\/2024\/12\/31\/casi-todo-puerto-rico-se-queda-sin-electricidad-en-nochevieja\/","url_meta":{"origin":104221,"position":0},"title":"Casi todo Puerto Rico se queda sin electricidad en Nochevieja","author":"Nelson Feliz","date":"31 de diciembre de 2024","format":false,"excerpt":"By D\u00c1NICA COTO SAN JUAN (AP) \u2014 Un apag\u00f3n afect\u00f3 a casi todo Puerto Rico la madrugada del martes cuando el territorio estadounidense se preparaba para celebrar la Nochevieja, dejando a m\u00e1s de 1,3 millones de clientes a oscuras. Funcionarios advirtieron que podr\u00eda tomar hasta dos d\u00edas restaurar la energ\u00eda.\u2026","rel":"","context":"En \u00abINTERNACIONALES\u00bb","block_context":{"text":"INTERNACIONALES","link":"https:\/\/lasprimeras.com.do\/index.php\/category\/sin-categoria\/internacionales\/"},"img":{"alt_text":"","src":"https:\/\/i0.wp.com\/lasprimeras.com.do\/wp-content\/uploads\/2024\/12\/energia.jpg?resize=350%2C200&ssl=1","width":350,"height":200,"srcset":"https:\/\/i0.wp.com\/lasprimeras.com.do\/wp-content\/uploads\/2024\/12\/energia.jpg?resize=350%2C200&ssl=1 1x, https:\/\/i0.wp.com\/lasprimeras.com.do\/wp-content\/uploads\/2024\/12\/energia.jpg?resize=525%2C300&ssl=1 1.5x, https:\/\/i0.wp.com\/lasprimeras.com.do\/wp-content\/uploads\/2024\/12\/energia.jpg?resize=700%2C400&ssl=1 2x"},"classes":[]},{"id":97296,"url":"https:\/\/lasprimeras.com.do\/index.php\/2025\/04\/18\/restablecen-la-electricidad-a-casi-todos-los-clientes-en-puerto-rico\/","url_meta":{"origin":104221,"position":1},"title":"Restablecen la electricidad a casi todos los clientes en Puerto Rico","author":"Nelson Feliz","date":"18 de abril de 2025","format":false,"excerpt":"SAN JUAN (AP) \u2014 El 98,8% de los clientes volv\u00edan a tener suministro el\u00e9ctrico a primera hora del viernes despu\u00e9s de un apag\u00f3n generalizado que afect\u00f3 a Puerto Rico a principios de semana, seg\u00fan las autoridades. M\u00e1s de 1,45 millones de clientes ten\u00edan electricidad menos de 48 horas despu\u00e9s del\u2026","rel":"","context":"En \u00abINTERNACIONALES\u00bb","block_context":{"text":"INTERNACIONALES","link":"https:\/\/lasprimeras.com.do\/index.php\/category\/sin-categoria\/internacionales\/"},"img":{"alt_text":"","src":"https:\/\/i0.wp.com\/lasprimeras.com.do\/wp-content\/uploads\/2025\/04\/PR.jpg?resize=350%2C200&ssl=1","width":350,"height":200,"srcset":"https:\/\/i0.wp.com\/lasprimeras.com.do\/wp-content\/uploads\/2025\/04\/PR.jpg?resize=350%2C200&ssl=1 1x, https:\/\/i0.wp.com\/lasprimeras.com.do\/wp-content\/uploads\/2025\/04\/PR.jpg?resize=525%2C300&ssl=1 1.5x, https:\/\/i0.wp.com\/lasprimeras.com.do\/wp-content\/uploads\/2025\/04\/PR.jpg?resize=700%2C400&ssl=1 2x"},"classes":[]},{"id":97218,"url":"https:\/\/lasprimeras.com.do\/index.php\/2025\/04\/17\/autoridades-piden-respuestas-mientras-puerto-rico-trata-de-recuperarse-de-un-nuevo-apagon-general\/","url_meta":{"origin":104221,"position":2},"title":"Autoridades piden respuestas mientras Puerto Rico trata de recuperarse de un nuevo apag\u00f3n general","author":"Nelson Feliz","date":"17 de abril de 2025","format":false,"excerpt":"POR D\u00c1NICA COTO SAN JUAN (AP) \u2014 Cuadrillas de operarios trabajaron durante la madrugada del jueves para restablecer el suministro el\u00e9ctrico en Puerto Rico despu\u00e9s de un apag\u00f3n generalizado en la isla que afect\u00f3 al principal aeropuerto internacional, a varios hospitales y a hoteles llenos de turistas que disfrutaban de\u2026","rel":"","context":"En \u00abINTERNACIONALES\u00bb","block_context":{"text":"INTERNACIONALES","link":"https:\/\/lasprimeras.com.do\/index.php\/category\/sin-categoria\/internacionales\/"},"img":{"alt_text":"","src":"https:\/\/i0.wp.com\/lasprimeras.com.do\/wp-content\/uploads\/2025\/04\/APAGON.jpg?resize=350%2C200&ssl=1","width":350,"height":200,"srcset":"https:\/\/i0.wp.com\/lasprimeras.com.do\/wp-content\/uploads\/2025\/04\/APAGON.jpg?resize=350%2C200&ssl=1 1x, https:\/\/i0.wp.com\/lasprimeras.com.do\/wp-content\/uploads\/2025\/04\/APAGON.jpg?resize=525%2C300&ssl=1 1.5x, https:\/\/i0.wp.com\/lasprimeras.com.do\/wp-content\/uploads\/2025\/04\/APAGON.jpg?resize=700%2C400&ssl=1 2x"},"classes":[]},{"id":98457,"url":"https:\/\/lasprimeras.com.do\/index.php\/2025\/05\/07\/gobernador-de-puerto-rico-bajo-fuego-mientras-fondos-federales-para-proyectos-solares-se-estancan\/","url_meta":{"origin":104221,"position":3},"title":"Gobernador de Puerto Rico bajo fuego mientras fondos federales para proyectos solares se estancan","author":"Nelson Feliz","date":"7 de mayo de 2025","format":false,"excerpt":"Por D\u00c1NICA COTO SAN JUAN, Puerto Rico (AP) \u2014 La gobernadora de Puerto Rico fue criticada el martes luego de que su promesa de apoyar la inversi\u00f3n de millones de d\u00f3lares federales en proyectos solares en todo el territorio estadounidense pareci\u00f3 desvanecerse. Ha transcurrido m\u00e1s de una semana desde que\u2026","rel":"","context":"En \u00abINTERNACIONALES\u00bb","block_context":{"text":"INTERNACIONALES","link":"https:\/\/lasprimeras.com.do\/index.php\/category\/sin-categoria\/internacionales\/"},"img":{"alt_text":"","src":"https:\/\/i0.wp.com\/lasprimeras.com.do\/wp-content\/uploads\/2025\/05\/Jenniffer-Gonzalez.jpg?resize=350%2C200&ssl=1","width":350,"height":200,"srcset":"https:\/\/i0.wp.com\/lasprimeras.com.do\/wp-content\/uploads\/2025\/05\/Jenniffer-Gonzalez.jpg?resize=350%2C200&ssl=1 1x, https:\/\/i0.wp.com\/lasprimeras.com.do\/wp-content\/uploads\/2025\/05\/Jenniffer-Gonzalez.jpg?resize=525%2C300&ssl=1 1.5x, https:\/\/i0.wp.com\/lasprimeras.com.do\/wp-content\/uploads\/2025\/05\/Jenniffer-Gonzalez.jpg?resize=700%2C400&ssl=1 2x"},"classes":[]},{"id":87592,"url":"https:\/\/lasprimeras.com.do\/index.php\/2024\/08\/14\/casi-un-millon-de-personas-sin-luz-en-puerto-rico-por-la-tormenta-ernesto\/","url_meta":{"origin":104221,"position":4},"title":"Casi un mill\u00f3n de personas sin luz en Puerto Rico por la tormenta Ernesto","author":"Nelson Feliz","date":"14 de agosto de 2024","format":false,"excerpt":"San Juan, EFE.- Casi un mill\u00f3n de personas est\u00e1n sin luz en Puerto Rico este mi\u00e9rcoles debido al paso de la tormenta tropical Ernesto por el este de la isla, provocando tambi\u00e9n el cierre de carreteras por inundaciones y r\u00e1fagas de vientos que alcanzan el potencial de un hurac\u00e1n categor\u00eda\u2026","rel":"","context":"En \u00abSin categor\u00eda\u00bb","block_context":{"text":"Sin categor\u00eda","link":"https:\/\/lasprimeras.com.do\/index.php\/category\/sin-categoria\/"},"img":{"alt_text":"","src":"https:\/\/i0.wp.com\/lasprimeras.com.do\/wp-content\/uploads\/2024\/08\/LLUVIAS-2.jpg?resize=350%2C200&ssl=1","width":350,"height":200,"srcset":"https:\/\/i0.wp.com\/lasprimeras.com.do\/wp-content\/uploads\/2024\/08\/LLUVIAS-2.jpg?resize=350%2C200&ssl=1 1x, https:\/\/i0.wp.com\/lasprimeras.com.do\/wp-content\/uploads\/2024\/08\/LLUVIAS-2.jpg?resize=525%2C300&ssl=1 1.5x"},"classes":[]},{"id":100015,"url":"https:\/\/lasprimeras.com.do\/index.php\/2025\/05\/30\/gobernadora-de-puerto-rico-se-compromete-a-mejorar-la-red-electrica-y-la-economia-de-la-isla\/","url_meta":{"origin":104221,"position":5},"title":"Gobernadora de Puerto Rico se compromete a mejorar la red el\u00e9ctrica y la econom\u00eda de la isla","author":"Nelson Feliz","date":"30 de mayo de 2025","format":false,"excerpt":"POR D\u00c1NICA COTO SAN JUAN (AP) \u2014 La gobernadora Jenniffer Gonz\u00e1lez Col\u00f3n se comprometi\u00f3 el jueves a mejorar la deteriorada red el\u00e9ctrica de Puerto Rico y a impulsar la econom\u00eda, en su primer discurso tras ser elegida el a\u00f1o pasado mientras crece la indignaci\u00f3n por los cortes de energ\u00eda cr\u00f3nicos\u2026","rel":"","context":"En \u00abECONOM\u00cdA\u00bb","block_context":{"text":"ECONOM\u00cdA","link":"https:\/\/lasprimeras.com.do\/index.php\/category\/economia\/"},"img":{"alt_text":"","src":"https:\/\/i0.wp.com\/lasprimeras.com.do\/wp-content\/uploads\/2025\/05\/Jenniffer-Gonzalez-1.jpg?resize=350%2C200&ssl=1","width":350,"height":200,"srcset":"https:\/\/i0.wp.com\/lasprimeras.com.do\/wp-content\/uploads\/2025\/05\/Jenniffer-Gonzalez-1.jpg?resize=350%2C200&ssl=1 1x, https:\/\/i0.wp.com\/lasprimeras.com.do\/wp-content\/uploads\/2025\/05\/Jenniffer-Gonzalez-1.jpg?resize=525%2C300&ssl=1 1.5x, https:\/\/i0.wp.com\/lasprimeras.com.do\/wp-content\/uploads\/2025\/05\/Jenniffer-Gonzalez-1.jpg?resize=700%2C400&ssl=1 2x"},"classes":[]}],"jetpack_sharing_enabled":true,"_links":{"self":[{"href":"https:\/\/lasprimeras.com.do\/index.php\/wp-json\/wp\/v2\/posts\/104221","targetHints":{"allow":["GET"]}}],"collection":[{"href":"https:\/\/lasprimeras.com.do\/index.php\/wp-json\/wp\/v2\/posts"}],"about":[{"href":"https:\/\/lasprimeras.com.do\/index.php\/wp-json\/wp\/v2\/types\/post"}],"author":[{"embeddable":true,"href":"https:\/\/lasprimeras.com.do\/index.php\/wp-json\/wp\/v2\/users\/10"}],"replies":[{"embeddable":true,"href":"https:\/\/lasprimeras.com.do\/index.php\/wp-json\/wp\/v2\/comments?post=104221"}],"version-history":[{"count":1,"href":"https:\/\/lasprimeras.com.do\/index.php\/wp-json\/wp\/v2\/posts\/104221\/revisions"}],"predecessor-version":[{"id":104223,"href":"https:\/\/lasprimeras.com.do\/index.php\/wp-json\/wp\/v2\/posts\/104221\/revisions\/104223"}],"wp:featuredmedia":[{"embeddable":true,"href":"https:\/\/lasprimeras.com.do\/index.php\/wp-json\/wp\/v2\/media\/104222"}],"wp:attachment":[{"href":"https:\/\/lasprimeras.com.do\/index.php\/wp-json\/wp\/v2\/media?parent=104221"}],"wp:term":[{"taxonomy":"category","embeddable":true,"href":"https:\/\/lasprimeras.com.do\/index.php\/wp-json\/wp\/v2\/categories?post=104221"},{"taxonomy":"post_tag","embeddable":true,"href":"https:\/\/lasprimeras.com.do\/index.php\/wp-json\/wp\/v2\/tags?post=104221"}],"curies":[{"name":"wp","href":"https:\/\/api.w.org\/{rel}","templated":true}]}}