{"id":104252,"date":"2025-07-22T19:01:01","date_gmt":"2025-07-22T23:01:01","guid":{"rendered":"https:\/\/lasprimeras.com.do\/?p=104252"},"modified":"2025-07-22T19:01:02","modified_gmt":"2025-07-22T23:01:02","slug":"italia-indignacion-por-condena-de-14-anos-al-asesino-de-la-dominicana-yirelis-santana","status":"publish","type":"post","link":"https:\/\/lasprimeras.com.do\/index.php\/2025\/07\/22\/italia-indignacion-por-condena-de-14-anos-al-asesino-de-la-dominicana-yirelis-santana\/","title":{"rendered":"Italia: Indignaci\u00f3n por condena de 14 a\u00f1os al asesino de la dominicana Yirelis Santana"},"content":{"rendered":"\n<p>Italia.- La condena de 14 a\u00f1os impuesta al asesino de Yirelis Pe\u00f1a Santana ha generado profunda indignaci\u00f3n entre la comunidad dominicana en Italia. La joven de 34 a\u00f1os, madre de tres hijos, fue brutalmente asesinada a pu\u00f1aladas en su apartamento de Cassino en mayo de 2023.<\/p>\n\n\n\n<p>El Tribunal de Cassino conden\u00f3 a Sandro Di Carlo, de 26 a\u00f1os, tras reconocer su &#8220;semi-incapacidad mental&#8221;, reduciendo significativamente la pena. La Fiscal\u00eda hab\u00eda solicitado 24 a\u00f1os de prisi\u00f3n por el brutal crimen que conmocion\u00f3 a la comunidad.<\/p>\n\n\n\n<p>La madre de la v\u00edctima expres\u00f3 su dolor e indignaci\u00f3n: &#8220;14 a\u00f1os son pocos, mi hija ya no est\u00e1 y sus hijos ya no tienen madre&#8221;, declar\u00f3 entre l\u00e1grimas tras conocer el veredicto en el tribunal.<\/p>\n\n\n\n<p>Yirelis, oriunda de Jima Abajo, La Vega, hab\u00eda llegado a Italia buscando mejores oportunidades. Viv\u00eda en el pa\u00eds desde hac\u00eda varios a\u00f1os, habiendo residido previamente en G\u00e9nova y Vercelli antes de establecerse en Cassino apenas un mes antes de su muerte.<\/p>\n\n\n\n<p>El caso evidencia la necesidad urgente de mayor protecci\u00f3n para las mujeres dominicanas en el exterior.<\/p>\n\n\n\n<p>Estas informaciones fueron reveladas por Stephanie Barry en el programa Italia al D\u00eda por Amo Dominicana en Directo, destacando que los feminicidios han afectado a muchas dominicanas en territorio italiano.<\/p>\n\n\n\n<p>Barry tambi\u00e9n destac\u00f3 el apoyo brindado por la Embajada Dominicana en Italia acompa\u00f1ando a la familia durante todo el proceso judicial, estando presente en las audiencias y junto a los familiares en su b\u00fasqueda de justicia.<\/p>\n","protected":false},"excerpt":{"rendered":"<p>Italia.- La condena de 14 a\u00f1os impuesta al asesino de Yirelis Pe\u00f1a Santana ha generado profunda indignaci\u00f3n entre la comunidad dominicana en Italia. La joven de 34 a\u00f1os, madre de&hellip;<\/p>\n","protected":false},"author":10,"featured_media":104253,"comment_status":"open","ping_status":"open","sticky":false,"template":"","format":"standard","meta":{"content-type":"","jetpack_post_was_ever_published":false,"_jetpack_newsletter_access":"","_jetpack_dont_email_post_to_subs":false,"_jetpack_newsletter_tier_id":0,"_jetpack_memberships_contains_paywalled_content":false,"_jetpack_memberships_contains_paid_content":false,"footnotes":""},"categories":[16289],"tags":[22072,10072,417,549,5479,1870,22073],"class_list":["post-104252","post","type-post","status-publish","format-standard","has-post-thumbnail","hentry","category-internacionales","tag-14-anos","tag-asesino","tag-condena","tag-dominicana","tag-indignacion","tag-italia","tag-yirelis-santana"],"jetpack_featured_media_url":"https:\/\/lasprimeras.com.do\/wp-content\/uploads\/2025\/07\/BANNER-2CIRCULO-6.png","jetpack-related-posts":[{"id":76758,"url":"https:\/\/lasprimeras.com.do\/index.php\/2024\/02\/14\/condenan-a-cadena-perpetua-a-futbolista-que-mato-a-golpes-y-martillazos-a-su-exnovia-en-italia\/","url_meta":{"origin":104252,"position":0},"title":"Condenan a cadena perpetua a futbolista que mat\u00f3 a golpes y martillazos a su exnovia en Italia","author":"Nelson Feliz","date":"14 de febrero de 2024","format":false,"excerpt":"Los hechos ocurrieron en agosto de 2022 en la ciudad de Bolonia. El Tribunal de Primera Instancia de Bolonia (Italia) conden\u00f3 este lunes a cadena perpetua a Giovanni Padovani, futbolista que asesin\u00f3 a su exnovia Alessandra Matteuzzi en agosto de 2022, informa la agencia estatal ANSA. Tras dos horas de\u2026","rel":"","context":"En \u00abSin categor\u00eda\u00bb","block_context":{"text":"Sin categor\u00eda","link":"https:\/\/lasprimeras.com.do\/index.php\/category\/sin-categoria\/"},"img":{"alt_text":"Giovanni Padovani es escoltado antes de ser juzgado, Bolonia (Italia), el 12 de febrero de 2024. Michele Nucci \/ Keystone Press Agency \/ www.globallookpress.com","src":"https:\/\/i0.wp.com\/lasprimeras.com.do\/wp-content\/uploads\/2024\/02\/Giovanni-Padovani.jpg?resize=350%2C200&ssl=1","width":350,"height":200,"srcset":"https:\/\/i0.wp.com\/lasprimeras.com.do\/wp-content\/uploads\/2024\/02\/Giovanni-Padovani.jpg?resize=350%2C200&ssl=1 1x, https:\/\/i0.wp.com\/lasprimeras.com.do\/wp-content\/uploads\/2024\/02\/Giovanni-Padovani.jpg?resize=525%2C300&ssl=1 1.5x, https:\/\/i0.wp.com\/lasprimeras.com.do\/wp-content\/uploads\/2024\/02\/Giovanni-Padovani.jpg?resize=700%2C400&ssl=1 2x"},"classes":[]},{"id":55252,"url":"https:\/\/lasprimeras.com.do\/index.php\/2023\/07\/19\/condena-de-30-anos-a-hombre-que-violo-y-asesino-nina-de-4-anos-en-santiago\/","url_meta":{"origin":104252,"position":1},"title":"Condena de 30 a\u00f1os a hombre que viol\u00f3 y asesin\u00f3 ni\u00f1a de 4 a\u00f1os en Santiago","author":"Nelson Feliz","date":"19 de julio de 2023","format":false,"excerpt":"Familia de la v\u00edctima encuentra justicia en caso de violaci\u00f3n sexual y asesinato. Los jueces del Segundo Tribunal Colegiado del distrito judicial de Santiago condenaron a Franklin Fern\u00e1ndez Cruz (Gile), de 35 a\u00f1os, a 30 a\u00f1os de prisi\u00f3n por la violaci\u00f3n sexual y asesinato de una ni\u00f1a de 4 a\u00f1os\u2026","rel":"","context":"En \u00abJUSTICIA\u00bb","block_context":{"text":"JUSTICIA","link":"https:\/\/lasprimeras.com.do\/index.php\/category\/justicia\/"},"img":{"alt_text":"","src":"https:\/\/i0.wp.com\/lasprimeras.com.do\/wp-content\/uploads\/2023\/07\/Nina-asesinada.jpeg?resize=350%2C200&ssl=1","width":350,"height":200,"srcset":"https:\/\/i0.wp.com\/lasprimeras.com.do\/wp-content\/uploads\/2023\/07\/Nina-asesinada.jpeg?resize=350%2C200&ssl=1 1x, https:\/\/i0.wp.com\/lasprimeras.com.do\/wp-content\/uploads\/2023\/07\/Nina-asesinada.jpeg?resize=525%2C300&ssl=1 1.5x, https:\/\/i0.wp.com\/lasprimeras.com.do\/wp-content\/uploads\/2023\/07\/Nina-asesinada.jpeg?resize=700%2C400&ssl=1 2x"},"classes":[]},{"id":54692,"url":"https:\/\/lasprimeras.com.do\/index.php\/2023\/07\/13\/familires-joven-asesinado-en-san-cristobal-piden-condena-de-30-anos-contra-agresor\/","url_meta":{"origin":104252,"position":2},"title":"Familires joven asesinado en San Crist\u00f3bal piden condena de 30 a\u00f1os contra agresor","author":"Nelson Feliz","date":"13 de julio de 2023","format":false,"excerpt":"Familiares de un joven brutalmente asesinado a tiros en San Crist\u00f3bal, piden que se haga justicia en este caso y sea condenado a 30 a\u00f1os de prisi\u00f3n el agresor. Los Parientes de Carlos Enrique Ram\u00edrez de los Santo, mejor conocido como (bombo), fue ultimado de seis disparos la noche del\u2026","rel":"","context":"En \u00abNACIONALES\u00bb","block_context":{"text":"NACIONALES","link":"https:\/\/lasprimeras.com.do\/index.php\/category\/nacionales\/"},"img":{"alt_text":"JUSTICIA","src":"https:\/\/i0.wp.com\/lasprimeras.com.do\/wp-content\/uploads\/2023\/07\/JUSTICIA.jpg?resize=350%2C200&ssl=1","width":350,"height":200,"srcset":"https:\/\/i0.wp.com\/lasprimeras.com.do\/wp-content\/uploads\/2023\/07\/JUSTICIA.jpg?resize=350%2C200&ssl=1 1x, https:\/\/i0.wp.com\/lasprimeras.com.do\/wp-content\/uploads\/2023\/07\/JUSTICIA.jpg?resize=525%2C300&ssl=1 1.5x, https:\/\/i0.wp.com\/lasprimeras.com.do\/wp-content\/uploads\/2023\/07\/JUSTICIA.jpg?resize=700%2C400&ssl=1 2x"},"classes":[]},{"id":48836,"url":"https:\/\/lasprimeras.com.do\/index.php\/2023\/05\/04\/a-27-anos-del-asesinato-del-nino-jose-rafael-llenas-aybar\/","url_meta":{"origin":104252,"position":3},"title":"A 27 a\u00f1os del asesinato del ni\u00f1o Jos\u00e9 Rafael Llenas Aybar","author":"prenxa100","date":"4 de mayo de 2023","format":false,"excerpt":"Hoy, 4 de mayo, la sociedad dominicana a\u00fan recuerda con pesar c\u00f3mo hace 27 a\u00f1os dos j\u00f3venes le arrebataron la vida al ni\u00f1o Jos\u00e9 Rafael Llenas Aybar, en uno de los casos m\u00e1s tr\u00e1gicos que ha sufrido el pa\u00eds, llegando a ser definido como \u201cel caso del siglo\u201d. Su cuerpo\u2026","rel":"","context":"En \u00abJUSTICIA\u00bb","block_context":{"text":"JUSTICIA","link":"https:\/\/lasprimeras.com.do\/index.php\/category\/justicia\/"},"img":{"alt_text":"","src":"","width":0,"height":0},"classes":[]},{"id":75601,"url":"https:\/\/lasprimeras.com.do\/index.php\/2024\/02\/02\/condenan-a-40-anos-a-hombre-mato-a-su-expareja-y-disparo-contra-sus-dos-hijos\/","url_meta":{"origin":104252,"position":4},"title":"Condenan a 40 a\u00f1os a hombre mat\u00f3 a su expareja y dispar\u00f3 contra sus dos hijos","author":"Nelson Feliz","date":"2 de febrero de 2024","format":false,"excerpt":"Por Roberto P\u00e9rez El Tercer Tribunal Colegiado de Santiago, acogi\u00f3 a unanimidad la solicitud del Ministerio P\u00fablico y conden\u00f3 a 40 a\u00f1os de c\u00e1rcel a un hombre que asesin\u00f3 de su expareja, al asestarle un disparo en la frente en momentos en los que penetr\u00f3 a la residencia de la\u2026","rel":"","context":"En \u00abJUSTICIA\u00bb","block_context":{"text":"JUSTICIA","link":"https:\/\/lasprimeras.com.do\/index.php\/category\/justicia\/"},"img":{"alt_text":"condenado","src":"https:\/\/i0.wp.com\/lasprimeras.com.do\/wp-content\/uploads\/2024\/02\/condenado.jpg?resize=350%2C200&ssl=1","width":350,"height":200,"srcset":"https:\/\/i0.wp.com\/lasprimeras.com.do\/wp-content\/uploads\/2024\/02\/condenado.jpg?resize=350%2C200&ssl=1 1x, https:\/\/i0.wp.com\/lasprimeras.com.do\/wp-content\/uploads\/2024\/02\/condenado.jpg?resize=525%2C300&ssl=1 1.5x"},"classes":[]},{"id":83437,"url":"https:\/\/lasprimeras.com.do\/index.php\/2024\/05\/16\/asesinan-en-najayo-al-comunicador-yaco-monthy-mendoza-condenado-por-violar-menor\/","url_meta":{"origin":104252,"position":5},"title":"Asesinan en Najayo al comunicador Yaco Monthy Mendoza condenado por violar menor","author":"Nelson Feliz","date":"16 de mayo de 2024","format":false,"excerpt":"Un segundo interno muri\u00f3 en medio de una ri\u00f1a en la madrugada. El comunicador Yaco Monthy Mendoza Bruj\u00e1n condenado por violaci\u00f3n de una menor en Villa Altagracia fue asesinado junto a otro interno en la c\u00e1rcel de Najayo Hombre la madrugada de este jueves. Los primeros informes extraoficiales dan cuenta\u2026","rel":"","context":"En \u00abNACIONALES\u00bb","block_context":{"text":"NACIONALES","link":"https:\/\/lasprimeras.com.do\/index.php\/category\/nacionales\/"},"img":{"alt_text":"","src":"https:\/\/i0.wp.com\/lasprimeras.com.do\/wp-content\/uploads\/2024\/05\/yaco-monti-mendoza-e1715894781618.jpg?resize=350%2C200&ssl=1","width":350,"height":200,"srcset":"https:\/\/i0.wp.com\/lasprimeras.com.do\/wp-content\/uploads\/2024\/05\/yaco-monti-mendoza-e1715894781618.jpg?resize=350%2C200&ssl=1 1x, https:\/\/i0.wp.com\/lasprimeras.com.do\/wp-content\/uploads\/2024\/05\/yaco-monti-mendoza-e1715894781618.jpg?resize=525%2C300&ssl=1 1.5x"},"classes":[]}],"jetpack_sharing_enabled":true,"_links":{"self":[{"href":"https:\/\/lasprimeras.com.do\/index.php\/wp-json\/wp\/v2\/posts\/104252","targetHints":{"allow":["GET"]}}],"collection":[{"href":"https:\/\/lasprimeras.com.do\/index.php\/wp-json\/wp\/v2\/posts"}],"about":[{"href":"https:\/\/lasprimeras.com.do\/index.php\/wp-json\/wp\/v2\/types\/post"}],"author":[{"embeddable":true,"href":"https:\/\/lasprimeras.com.do\/index.php\/wp-json\/wp\/v2\/users\/10"}],"replies":[{"embeddable":true,"href":"https:\/\/lasprimeras.com.do\/index.php\/wp-json\/wp\/v2\/comments?post=104252"}],"version-history":[{"count":1,"href":"https:\/\/lasprimeras.com.do\/index.php\/wp-json\/wp\/v2\/posts\/104252\/revisions"}],"predecessor-version":[{"id":104254,"href":"https:\/\/lasprimeras.com.do\/index.php\/wp-json\/wp\/v2\/posts\/104252\/revisions\/104254"}],"wp:featuredmedia":[{"embeddable":true,"href":"https:\/\/lasprimeras.com.do\/index.php\/wp-json\/wp\/v2\/media\/104253"}],"wp:attachment":[{"href":"https:\/\/lasprimeras.com.do\/index.php\/wp-json\/wp\/v2\/media?parent=104252"}],"wp:term":[{"taxonomy":"category","embeddable":true,"href":"https:\/\/lasprimeras.com.do\/index.php\/wp-json\/wp\/v2\/categories?post=104252"},{"taxonomy":"post_tag","embeddable":true,"href":"https:\/\/lasprimeras.com.do\/index.php\/wp-json\/wp\/v2\/tags?post=104252"}],"curies":[{"name":"wp","href":"https:\/\/api.w.org\/{rel}","templated":true}]}}