{"id":104714,"date":"2025-07-26T21:55:23","date_gmt":"2025-07-27T01:55:23","guid":{"rendered":"https:\/\/lasprimeras.com.do\/?p=104714"},"modified":"2025-07-26T21:55:24","modified_gmt":"2025-07-27T01:55:24","slug":"leonel-juramenta-un-regidor-un-vocal-varios-presidentes-de-intermedio-y-mas-dirigentes-del-pld","status":"publish","type":"post","link":"https:\/\/lasprimeras.com.do\/index.php\/2025\/07\/26\/leonel-juramenta-un-regidor-un-vocal-varios-presidentes-de-intermedio-y-mas-dirigentes-del-pld\/","title":{"rendered":"Leonel juramenta un regidor, un vocal, varios presidentes de intermedio y m\u00e1s dirigentes del PLD"},"content":{"rendered":"\n<p>El partido Fuerza del Pueblo (FP) continu\u00f3 el proceso de incorporaci\u00f3n de nuevos militantes a sus filas. Cientos de personas de los diferentes municipios de la provincia Peravia, pertenecientes al PLD y a otras organizaciones, fueron juramentadas por el presidente y l\u00edder de esta organizaci\u00f3n opositora, Leonel Fern\u00e1ndez.<\/p>\n\n\n\n<p>Entre los juramentados se encuentra Vianelo F\u00e9lix Presival, actual regidor del municipio de Matanzas y presidente de un comit\u00e9 intermedio del PLD, quien encabeza el amplio listado de dirigentes que se suman a la principal entidad pol\u00edtica de la oposici\u00f3n dominicana.<\/p>\n\n\n\n<p>Asimismo, se integr\u00f3 a la Fuerza del Pueblo el exregidor y expresidente de intermedio pelede\u00edsta Pr\u00f3spero Ortiz.<\/p>\n\n\n\n<p>Del distrito municipal El Limonar, municipio de Ban\u00ed, fueron juramentados Santo Santana Aybar, exdirector de la Junta Distrital del Limonar y aspirante a la misma posici\u00f3n en las pasadas elecciones, adem\u00e1s de presidente de intermedio del PLD; Santa Andrea Guerrero; y Hoberto Felicio Peguero Marte, actual vocal del Distrito Municipal El Limonar.<\/p>\n\n\n\n<p>Otros dirigentes provenientes del PLD en esa demarcaci\u00f3n son: Juan Bartolo Aybar Guerrero, Santo Felicito Aybar, Inocencio Santana Carmona, Santa Martha Lara, M\u00e1rtires Lara Santana, entre otros.<\/p>\n\n\n\n<figure class=\"wp-block-image size-full\"><img decoding=\"async\" width=\"900\" height=\"600\" src=\"https:\/\/lasprimeras.com.do\/wp-content\/uploads\/2025\/07\/dirigentes-pld.jpg\" alt=\"\" class=\"wp-image-104716\" srcset=\"https:\/\/lasprimeras.com.do\/wp-content\/uploads\/2025\/07\/dirigentes-pld.jpg 900w, https:\/\/lasprimeras.com.do\/wp-content\/uploads\/2025\/07\/dirigentes-pld-300x200.jpg 300w, https:\/\/lasprimeras.com.do\/wp-content\/uploads\/2025\/07\/dirigentes-pld-768x512.jpg 768w\" sizes=\"(max-width: 900px) 100vw, 900px\" \/><\/figure>\n\n\n\n<p>Del municipio de Matanzas, junto al regidor actual del PLD, Vianelo F\u00e9lix Presival, se sumaron a la entidad pol\u00edtica que lidera la oposici\u00f3n dominicana los se\u00f1ores: Susi Josefina P\u00e9rez Mella (exalcaldesa del municipio), Avascar Lincor P\u00e9rez (exvicealcalde), Yessico Marisol Liniawo Cabrera, Altagracia Marelis Fulols de Fern\u00e1ndez, Pedro Jacobo Toribio G\u00f3mez y Hilda Natividad Pi\u00f1a D\u00edaz, todos renunciantes del PLD.<\/p>\n\n\n\n<p>Otros nuevos miembros de la Fuerza del Pueblo, tambi\u00e9n procedentes del partido morado, son: Daisy Mar\u00eda Mant\u00edvez Aguasvivas, Luis Jos\u00e9 Mej\u00eda, Xodalis Madaliz P\u00e9rez, Bernardo Mante Lorenzo, Ram\u00f3n de Jes\u00fas de los Santos Soto, junto a un extenso grupo de m\u00e1s de 200 personas de este municipio que decidieron asumir militancia en la entidad pol\u00edtica opositora de mayor crecimiento del pa\u00eds.<\/p>\n","protected":false},"excerpt":{"rendered":"<p>El partido Fuerza del Pueblo (FP) continu\u00f3 el proceso de incorporaci\u00f3n de nuevos militantes a sus filas. Cientos de personas de los diferentes municipios de la provincia Peravia, pertenecientes al&hellip;<\/p>\n","protected":false},"author":10,"featured_media":104715,"comment_status":"open","ping_status":"open","sticky":false,"template":"","format":"standard","meta":{"content-type":"","jetpack_post_was_ever_published":false,"_jetpack_newsletter_access":"","_jetpack_dont_email_post_to_subs":false,"_jetpack_newsletter_tier_id":0,"_jetpack_memberships_contains_paywalled_content":false,"_jetpack_memberships_contains_paid_content":false,"footnotes":""},"categories":[16559,25],"tags":[158,268,51,1297,269,22283,32,22284],"class_list":["post-104714","post","type-post","status-publish","format-standard","has-post-thumbnail","hentry","category-politica","category-portada","tag-fuerza-del-pueblo","tag-juramenta","tag-leonel-fernandez","tag-peravia","tag-pld","tag-presidente-intermedio","tag-regidor","tag-vocal"],"jetpack_featured_media_url":"https:\/\/lasprimeras.com.do\/wp-content\/uploads\/2025\/07\/Leonel.jpg","jetpack-related-posts":[{"id":103989,"url":"https:\/\/lasprimeras.com.do\/index.php\/2025\/07\/21\/leonel-juramenta-2-regidores-y-mas-dirigentes-del-pld-prm-y-otras-organizaciones-en-san-cristobal\/","url_meta":{"origin":104714,"position":0},"title":"Leonel juramenta 2 regidores y m\u00e1s dirigentes del PLD, PRM y otras organizaciones en San Crist\u00f3bal","author":"Nelson Feliz","date":"21 de julio de 2025","format":false,"excerpt":"En un acto multitudinario celebrado este domingo 20 de julio en el Club Deportivo Ciro P\u00e9rez, el presidente de la Fuerza del Pueblo (FP), Leonel Fern\u00e1ndez, jurament\u00f3 a dos regidores y decenas de dirigentes provenientes del Partido de la Liberaci\u00f3n Dominicana (PLD), del Partido Revolucionario Moderno (PRM) y de otras\u2026","rel":"","context":"En \u00abPOLITICA\u00bb","block_context":{"text":"POLITICA","link":"https:\/\/lasprimeras.com.do\/index.php\/category\/politica\/"},"img":{"alt_text":"Leonel Fern\u00e1ndez","src":"https:\/\/i0.wp.com\/lasprimeras.com.do\/wp-content\/uploads\/2025\/07\/Leonel-Fernandez-4.jpg?resize=350%2C200&ssl=1","width":350,"height":200,"srcset":"https:\/\/i0.wp.com\/lasprimeras.com.do\/wp-content\/uploads\/2025\/07\/Leonel-Fernandez-4.jpg?resize=350%2C200&ssl=1 1x, https:\/\/i0.wp.com\/lasprimeras.com.do\/wp-content\/uploads\/2025\/07\/Leonel-Fernandez-4.jpg?resize=525%2C300&ssl=1 1.5x, https:\/\/i0.wp.com\/lasprimeras.com.do\/wp-content\/uploads\/2025\/07\/Leonel-Fernandez-4.jpg?resize=700%2C400&ssl=1 2x"},"classes":[]},{"id":121686,"url":"https:\/\/lasprimeras.com.do\/index.php\/2026\/02\/09\/importantes-dirigentes-del-pld-en-santiago-pasan-a-la-fuerza-del-pueblo\/","url_meta":{"origin":104714,"position":1},"title":"Importantes dirigentes del PLD en Santiago pasan a la Fuerza del Pueblo","author":"Nelson Feliz","date":"9 de febrero de 2026","format":false,"excerpt":"Un exdiputado, regidores, exregidores y una exgobernadora. El presidente del partido Fuerza del Pueblo (FP), Leonel Fern\u00e1ndez, jurament\u00f3 este domingo en Santiago a un grupo de alto perfil pol\u00edtico proveniente del Partido de la Liberaci\u00f3n Dominicana (PLD), integrado por exdiputados, regidores, exregidores y una exgobernadora. Entre los nuevos integrantes de\u2026","rel":"","context":"En \u00abPOLITICA\u00bb","block_context":{"text":"POLITICA","link":"https:\/\/lasprimeras.com.do\/index.php\/category\/politica\/"},"img":{"alt_text":"","src":"https:\/\/i0.wp.com\/lasprimeras.com.do\/wp-content\/uploads\/2026\/02\/Leonel-Fernandez-4.jpg?resize=350%2C200&ssl=1","width":350,"height":200,"srcset":"https:\/\/i0.wp.com\/lasprimeras.com.do\/wp-content\/uploads\/2026\/02\/Leonel-Fernandez-4.jpg?resize=350%2C200&ssl=1 1x, https:\/\/i0.wp.com\/lasprimeras.com.do\/wp-content\/uploads\/2026\/02\/Leonel-Fernandez-4.jpg?resize=525%2C300&ssl=1 1.5x, https:\/\/i0.wp.com\/lasprimeras.com.do\/wp-content\/uploads\/2026\/02\/Leonel-Fernandez-4.jpg?resize=700%2C400&ssl=1 2x"},"classes":[]},{"id":115603,"url":"https:\/\/lasprimeras.com.do\/index.php\/2025\/11\/24\/regidor-del-pld-y-dirigentes-del-prm-se-juramentan-en-la-fuerza-del-pueblo\/","url_meta":{"origin":104714,"position":2},"title":"Regidor del PLD y dirigentes del PRM se juramentan en la Fuerza del Pueblo","author":"Nelson Feliz","date":"24 de noviembre de 2025","format":false,"excerpt":"En un acto encabezado por Radham\u00e9s Jim\u00e9nez Pe\u00f1a, l\u00edderes comunitarios, pastores y exdirigentes de varios partidos pol\u00edticos oficializaron su paso a las filas de la Fuerza del Pueblo. En una muestra de reconfiguraci\u00f3n pol\u00edtica en Santo Domingo Norte, un importante grupo de dirigentes y l\u00edderes comunitarios de distintas fuerzas pol\u00edticas\u2026","rel":"","context":"En \u00abPOLITICA\u00bb","block_context":{"text":"POLITICA","link":"https:\/\/lasprimeras.com.do\/index.php\/category\/politica\/"},"img":{"alt_text":"Radham\u00e9s Jim\u00e9nez Pe\u00f1a","src":"https:\/\/i0.wp.com\/lasprimeras.com.do\/wp-content\/uploads\/2025\/11\/Radhames-Jimenez-Pena-1.jpg?resize=350%2C200&ssl=1","width":350,"height":200,"srcset":"https:\/\/i0.wp.com\/lasprimeras.com.do\/wp-content\/uploads\/2025\/11\/Radhames-Jimenez-Pena-1.jpg?resize=350%2C200&ssl=1 1x, https:\/\/i0.wp.com\/lasprimeras.com.do\/wp-content\/uploads\/2025\/11\/Radhames-Jimenez-Pena-1.jpg?resize=525%2C300&ssl=1 1.5x, https:\/\/i0.wp.com\/lasprimeras.com.do\/wp-content\/uploads\/2025\/11\/Radhames-Jimenez-Pena-1.jpg?resize=700%2C400&ssl=1 2x"},"classes":[]},{"id":121683,"url":"https:\/\/lasprimeras.com.do\/index.php\/2026\/02\/08\/leonel-juramenta-en-la-fp-al-expresidente-del-pld-y-decenas-de-dirigentes-en-licey-al-medio\/","url_meta":{"origin":104714,"position":3},"title":"Leonel juramenta en la FP al expresidente del PLD y decenas de dirigentes en Licey al Medio","author":"Nelson Feliz","date":"8 de febrero de 2026","format":false,"excerpt":"El presidente del partido Fuerza del Pueblo (FP), Leonel Fern\u00e1ndez, encabez\u00f3 la tarde de este s\u00e1bado un acto de juramentaci\u00f3n en el municipio de Licey al Medio, donde formaliz\u00f3 la incorporaci\u00f3n a esa organizaci\u00f3n del dirigente pol\u00edtico Jos\u00e9 Dur\u00e1n L\u00f3pez, expresidente del Partido de la Liberaci\u00f3n Dominicana (PLD) en esa\u2026","rel":"","context":"En \u00abPOLITICA\u00bb","block_context":{"text":"POLITICA","link":"https:\/\/lasprimeras.com.do\/index.php\/category\/politica\/"},"img":{"alt_text":"Leonel Fern\u00e1ndez","src":"https:\/\/i0.wp.com\/lasprimeras.com.do\/wp-content\/uploads\/2026\/02\/Leonel-Fernandez-3.jpg?resize=350%2C200&ssl=1","width":350,"height":200,"srcset":"https:\/\/i0.wp.com\/lasprimeras.com.do\/wp-content\/uploads\/2026\/02\/Leonel-Fernandez-3.jpg?resize=350%2C200&ssl=1 1x, https:\/\/i0.wp.com\/lasprimeras.com.do\/wp-content\/uploads\/2026\/02\/Leonel-Fernandez-3.jpg?resize=525%2C300&ssl=1 1.5x, https:\/\/i0.wp.com\/lasprimeras.com.do\/wp-content\/uploads\/2026\/02\/Leonel-Fernandez-3.jpg?resize=700%2C400&ssl=1 2x"},"classes":[]},{"id":49829,"url":"https:\/\/lasprimeras.com.do\/index.php\/2023\/05\/14\/leonel-afirma-este-es-un-gobierno-que-da-picazo-y-no-construye-nada\/","url_meta":{"origin":104714,"position":4},"title":"Leonel afirma este es un gobierno que da picazo y no construye nada","author":"prenxa100","date":"14 de mayo de 2023","format":false,"excerpt":"Juramenta en la FP a ex dirigentes de varios partidos, incluyendo empresarios y al ex pelotero Juan Uribe BANI, Peravia.- El presidente del partido Fuerza del Pueblo, Leonel Fern\u00e1ndez, jurament\u00f3 aqu\u00ed a un enorme grupo de dirigentes de diferentes organizaciones pol\u00edticos, que ingresaron a la entidad que lidera, entre ellos\u2026","rel":"","context":"En \u00abPORTADA\u00bb","block_context":{"text":"PORTADA","link":"https:\/\/lasprimeras.com.do\/index.php\/category\/portada\/"},"img":{"alt_text":"","src":"","width":0,"height":0},"classes":[]},{"id":106464,"url":"https:\/\/lasprimeras.com.do\/index.php\/2025\/08\/15\/regidor-del-prm-se-une-a-la-fuerza-del-pueblo-y-es-juramentado-por-leonel-fernandez\/","url_meta":{"origin":104714,"position":5},"title":"Regidor del PRM se une a la Fuerza del Pueblo y es juramentado por Leonel Fern\u00e1ndez","author":"Nelson Feliz","date":"15 de agosto de 2025","format":false,"excerpt":"En el marco de su visita a la Ciudad Coraz\u00f3n, el presidente del partido Fuerza del Pueblo (FP), Leonel Fern\u00e1ndez, jurament\u00f3 al regidor del Partido Revolucionario Moderno (PRM) de Hatillo Palma, provincia Montecristi, Dany Torres, quien formaliz\u00f3 su ingreso a las filas de la organizaci\u00f3n pol\u00edtica liderada por el exmandatario.\u2026","rel":"","context":"En \u00abPOLITICA\u00bb","block_context":{"text":"POLITICA","link":"https:\/\/lasprimeras.com.do\/index.php\/category\/politica\/"},"img":{"alt_text":"","src":"https:\/\/i0.wp.com\/lasprimeras.com.do\/wp-content\/uploads\/2025\/08\/Dany-Torres.jpg?resize=350%2C200&ssl=1","width":350,"height":200,"srcset":"https:\/\/i0.wp.com\/lasprimeras.com.do\/wp-content\/uploads\/2025\/08\/Dany-Torres.jpg?resize=350%2C200&ssl=1 1x, https:\/\/i0.wp.com\/lasprimeras.com.do\/wp-content\/uploads\/2025\/08\/Dany-Torres.jpg?resize=525%2C300&ssl=1 1.5x, https:\/\/i0.wp.com\/lasprimeras.com.do\/wp-content\/uploads\/2025\/08\/Dany-Torres.jpg?resize=700%2C400&ssl=1 2x"},"classes":[]}],"jetpack_sharing_enabled":true,"_links":{"self":[{"href":"https:\/\/lasprimeras.com.do\/index.php\/wp-json\/wp\/v2\/posts\/104714","targetHints":{"allow":["GET"]}}],"collection":[{"href":"https:\/\/lasprimeras.com.do\/index.php\/wp-json\/wp\/v2\/posts"}],"about":[{"href":"https:\/\/lasprimeras.com.do\/index.php\/wp-json\/wp\/v2\/types\/post"}],"author":[{"embeddable":true,"href":"https:\/\/lasprimeras.com.do\/index.php\/wp-json\/wp\/v2\/users\/10"}],"replies":[{"embeddable":true,"href":"https:\/\/lasprimeras.com.do\/index.php\/wp-json\/wp\/v2\/comments?post=104714"}],"version-history":[{"count":1,"href":"https:\/\/lasprimeras.com.do\/index.php\/wp-json\/wp\/v2\/posts\/104714\/revisions"}],"predecessor-version":[{"id":104717,"href":"https:\/\/lasprimeras.com.do\/index.php\/wp-json\/wp\/v2\/posts\/104714\/revisions\/104717"}],"wp:featuredmedia":[{"embeddable":true,"href":"https:\/\/lasprimeras.com.do\/index.php\/wp-json\/wp\/v2\/media\/104715"}],"wp:attachment":[{"href":"https:\/\/lasprimeras.com.do\/index.php\/wp-json\/wp\/v2\/media?parent=104714"}],"wp:term":[{"taxonomy":"category","embeddable":true,"href":"https:\/\/lasprimeras.com.do\/index.php\/wp-json\/wp\/v2\/categories?post=104714"},{"taxonomy":"post_tag","embeddable":true,"href":"https:\/\/lasprimeras.com.do\/index.php\/wp-json\/wp\/v2\/tags?post=104714"}],"curies":[{"name":"wp","href":"https:\/\/api.w.org\/{rel}","templated":true}]}}