{"id":104718,"date":"2025-07-26T22:03:07","date_gmt":"2025-07-27T02:03:07","guid":{"rendered":"https:\/\/lasprimeras.com.do\/?p=104718"},"modified":"2025-07-26T22:03:09","modified_gmt":"2025-07-27T02:03:09","slug":"muere-la-madre-del-excandidato-presidencial-del-pld-gonzalo-castillo","status":"publish","type":"post","link":"https:\/\/lasprimeras.com.do\/index.php\/2025\/07\/26\/muere-la-madre-del-excandidato-presidencial-del-pld-gonzalo-castillo\/","title":{"rendered":"Muere la madre del excandidato presidencial del PLD Gonzalo Castillo"},"content":{"rendered":"\n<p><strong>Los restos de la se\u00f1ora Terrero ser\u00e1n velados este s\u00e1bado en el Jard\u00edn Memorial.<\/strong><\/p>\n\n\n\n<p>Falleci\u00f3 anoche la se\u00f1ora Miriam Terrero, madre del excandidato presidencial del Partido de la Liberaci\u00f3n Dominicana (PLD), Gonzalo Castillo.<\/p>\n\n\n\n<p>&#8220;Con profundo dolor, informo el fallecimiento de mi madre, Miriam Terrero, la noche del 25 de julio&#8221;, inform\u00f3 Castillo este s\u00e1bado, a trav\u00e9s de su cuenta oficial de X.<\/p>\n\n\n\n<p>En su mensaje, el dirigente pol\u00edtico record\u00f3 a su madre como una mujer &#8220;fuerte, solidaria y luminosa, una fuente inagotable de alegr\u00eda&#8221;, destacando su profundo amor por la familia y los valores inquebrantables que, seg\u00fan dijo, marcaron la vida de todos quienes la conocieron.<\/p>\n\n\n\n<p>Castillo tambi\u00e9n agradeci\u00f3 las muestras de apoyo recibidas: &#8220;Agradezco de coraz\u00f3n a todos los amigos, compa\u00f1eros y personas cercanas por sus oraciones, sus palabras de aliento y su apoyo en este momento tan dif\u00edcil. Su cari\u00f1o nos reconforta profundamente&#8221;.<\/p>\n\n\n\n<p>Concluy\u00f3 el mensaje afirmando que las ense\u00f1anzas de su madre perdurar\u00e1n. &#8220;Sus ense\u00f1anzas y valores vivir\u00e1n siempre con nosotros&#8221;.<\/p>\n\n\n\n<p>Velatorio<\/p>\n\n\n\n<p>Los restos de la se\u00f1ora Terrero, quien ten\u00eda varios meses atravesando problemas de salud, ser\u00e1n velados este s\u00e1bado en el Jard\u00edn Memorial, en la avenida Jacobo Majluta.<\/p>\n\n\n\n<p>Las honras f\u00fanebres se iniciar\u00e1n a partir de las 2:30 de la tarde hasta las 4:30, cuando se proceder\u00e1 con el sepelio.<\/p>\n\n\n\n<p>Con profundo dolor, informo el fallecimiento de mi madre, Mirian Terrero, la noche del 25 de julio.<\/p>\n\n\n\n<p>Mi madre fue una mujer fuerte, solidaria y luminosa, una fuente inagotable de alegr\u00eda, cuyo amor por la familia y sus valores inquebrantables marcaron la vida de todos los que la\u2026 pic.twitter.com\/g9kw8dr8lF<\/p>\n\n\n\n<figure class=\"wp-block-image size-full is-resized\"><img decoding=\"async\" width=\"598\" height=\"655\" src=\"https:\/\/lasprimeras.com.do\/wp-content\/uploads\/2025\/07\/gonzalo.jpg\" alt=\"\" class=\"wp-image-104719\" style=\"width:840px;height:auto\" srcset=\"https:\/\/lasprimeras.com.do\/wp-content\/uploads\/2025\/07\/gonzalo.jpg 598w, https:\/\/lasprimeras.com.do\/wp-content\/uploads\/2025\/07\/gonzalo-274x300.jpg 274w\" sizes=\"(max-width: 598px) 100vw, 598px\" \/><\/figure>\n\n\n\n<p>\u2014 Gonzalo Castillo Terrero (@GonzaloCastillo) July 26, 2025<\/p>\n","protected":false},"excerpt":{"rendered":"<p>Los restos de la se\u00f1ora Terrero ser\u00e1n velados este s\u00e1bado en el Jard\u00edn Memorial. Falleci\u00f3 anoche la se\u00f1ora Miriam Terrero, madre del excandidato presidencial del Partido de la Liberaci\u00f3n Dominicana&hellip;<\/p>\n","protected":false},"author":10,"featured_media":0,"comment_status":"open","ping_status":"open","sticky":false,"template":"","format":"standard","meta":{"content-type":"","jetpack_post_was_ever_published":false,"_jetpack_newsletter_access":"","_jetpack_dont_email_post_to_subs":false,"_jetpack_newsletter_tier_id":0,"_jetpack_memberships_contains_paywalled_content":false,"_jetpack_memberships_contains_paid_content":false,"footnotes":""},"categories":[35,25],"tags":[22285,17524,1200,650,269,2588],"class_list":["post-104718","post","type-post","status-publish","format-standard","hentry","category-nacionales","category-portada","tag-excandidato","tag-gonzalo-castillo","tag-madre","tag-muere","tag-pld","tag-presidencial"],"jetpack_featured_media_url":"","jetpack-related-posts":[{"id":116573,"url":"https:\/\/lasprimeras.com.do\/index.php\/2025\/12\/02\/dirigentes-del-pld-lanzaran-formalmente-la-candidatura-presidencial-de-gonzalo-castillo\/","url_meta":{"origin":104718,"position":0},"title":"Dirigentes del PLD lanzar\u00e1n formalmente la candidatura presidencial de Gonzalo Castillo","author":"Nelson Feliz","date":"2 de diciembre de 2025","format":false,"excerpt":"El Partido de la Liberaci\u00f3n Dominicana (PLD) se prepara para un acto de trascendencia pol\u00edtica con el lanzamiento oficial de la candidatura presidencial de Gonzalo Castillo Terrero, conocido popularmente como \"El Penco\". El evento, que se espera congregue a una nutrida representaci\u00f3n de la dirigencia y militancia del partido, busca\u2026","rel":"","context":"En \u00abPOLITICA\u00bb","block_context":{"text":"POLITICA","link":"https:\/\/lasprimeras.com.do\/index.php\/category\/politica\/"},"img":{"alt_text":"Gonzalo Castillo","src":"https:\/\/i0.wp.com\/lasprimeras.com.do\/wp-content\/uploads\/2025\/12\/Gonzalo-Castillo.jpg?resize=350%2C200&ssl=1","width":350,"height":200,"srcset":"https:\/\/i0.wp.com\/lasprimeras.com.do\/wp-content\/uploads\/2025\/12\/Gonzalo-Castillo.jpg?resize=350%2C200&ssl=1 1x, https:\/\/i0.wp.com\/lasprimeras.com.do\/wp-content\/uploads\/2025\/12\/Gonzalo-Castillo.jpg?resize=525%2C300&ssl=1 1.5x, https:\/\/i0.wp.com\/lasprimeras.com.do\/wp-content\/uploads\/2025\/12\/Gonzalo-Castillo.jpg?resize=700%2C400&ssl=1 2x"},"classes":[]},{"id":124781,"url":"https:\/\/lasprimeras.com.do\/index.php\/2026\/03\/17\/victor-terrero-pld-moviliza-dirigencia-por-la-contundente-victoria-de-gonzalo\/","url_meta":{"origin":104718,"position":1},"title":"V\u00edctor Terrero: PLD moviliza dirigencia por la contundente victoria de Gonzalo","author":"Nelson Feliz","date":"17 de marzo de 2026","format":false,"excerpt":"El miembro del Comit\u00e9 Central y Asesor de la secretaria de Salud del Partido de la Liberaci\u00f3n Dominicana (PLD), doctor V\u00edctor Manuel Terrero, manifest\u00f3 su firme respaldo a la candidatura presidencial de Gonzalo Castillo, destacando la importancia de consolidar la unidad partidaria de cara a los pr\u00f3ximos compromisos electorales. El\u2026","rel":"","context":"En \u00abPOLITICA\u00bb","block_context":{"text":"POLITICA","link":"https:\/\/lasprimeras.com.do\/index.php\/category\/politica\/"},"img":{"alt_text":"V\u00edctor Manuel Terrero","src":"https:\/\/i0.wp.com\/lasprimeras.com.do\/wp-content\/uploads\/2024\/04\/Victor-Manuel-Terrero.jpg?resize=350%2C200&ssl=1","width":350,"height":200,"srcset":"https:\/\/i0.wp.com\/lasprimeras.com.do\/wp-content\/uploads\/2024\/04\/Victor-Manuel-Terrero.jpg?resize=350%2C200&ssl=1 1x, https:\/\/i0.wp.com\/lasprimeras.com.do\/wp-content\/uploads\/2024\/04\/Victor-Manuel-Terrero.jpg?resize=525%2C300&ssl=1 1.5x"},"classes":[]},{"id":105369,"url":"https:\/\/lasprimeras.com.do\/index.php\/2025\/08\/03\/gonzalo-castillo-valida-su-comite-de-base\/","url_meta":{"origin":104718,"position":2},"title":"Gonzalo Castillo valida su Comit\u00e9 de Base","author":"Nelson Feliz","date":"3 de agosto de 2025","format":false,"excerpt":"\u201cLa mayor parte de mi vida ha estado dedicada a militar en este partido\u201d. El excandidato presidencial del Partido de la Liberaci\u00f3n Dominicana (PLD), Gonzalo Castillo, realiz\u00f3 la validaci\u00f3n de su Comit\u00e9 de Base, en un acto celebrado en la Casa Nacional del PLD. Durante su intervenci\u00f3n, Castillo agradeci\u00f3 el\u2026","rel":"","context":"En \u00abPOLITICA\u00bb","block_context":{"text":"POLITICA","link":"https:\/\/lasprimeras.com.do\/index.php\/category\/politica\/"},"img":{"alt_text":"","src":"https:\/\/i0.wp.com\/lasprimeras.com.do\/wp-content\/uploads\/2025\/08\/gonzalo.jpg?resize=350%2C200&ssl=1","width":350,"height":200,"srcset":"https:\/\/i0.wp.com\/lasprimeras.com.do\/wp-content\/uploads\/2025\/08\/gonzalo.jpg?resize=350%2C200&ssl=1 1x, https:\/\/i0.wp.com\/lasprimeras.com.do\/wp-content\/uploads\/2025\/08\/gonzalo.jpg?resize=525%2C300&ssl=1 1.5x, https:\/\/i0.wp.com\/lasprimeras.com.do\/wp-content\/uploads\/2025\/08\/gonzalo.jpg?resize=700%2C400&ssl=1 2x"},"classes":[]},{"id":105859,"url":"https:\/\/lasprimeras.com.do\/index.php\/2025\/08\/07\/diaspora-dominicana-respalda-precandidatura-presidencial-de-gonzalo-castillo\/","url_meta":{"origin":104718,"position":3},"title":"Di\u00e1spora dominicana respalda precandidatura presidencial de Gonzalo Castillo","author":"Nelson Feliz","date":"7 de agosto de 2025","format":false,"excerpt":"La voz de la di\u00e1spora dominicana se suma al clamor nacional por el regreso de una propuesta presidencial que represente esperanza y desarrollo para el pa\u00eds. As\u00ed lo expresa el se\u00f1or Jos\u00e9 Pandelo, quien desde Espa\u00f1a dirigi\u00f3 una carta al miembro del Comit\u00e9 Pol\u00edtico del Partido de la Liberaci\u00f3n Dominicana\u2026","rel":"","context":"En \u00abPOLITICA\u00bb","block_context":{"text":"POLITICA","link":"https:\/\/lasprimeras.com.do\/index.php\/category\/politica\/"},"img":{"alt_text":"","src":"https:\/\/i0.wp.com\/lasprimeras.com.do\/wp-content\/uploads\/2025\/02\/gonzalo-castilloa-EDICION.jpg?resize=350%2C200&ssl=1","width":350,"height":200,"srcset":"https:\/\/i0.wp.com\/lasprimeras.com.do\/wp-content\/uploads\/2025\/02\/gonzalo-castilloa-EDICION.jpg?resize=350%2C200&ssl=1 1x, https:\/\/i0.wp.com\/lasprimeras.com.do\/wp-content\/uploads\/2025\/02\/gonzalo-castilloa-EDICION.jpg?resize=525%2C300&ssl=1 1.5x"},"classes":[]},{"id":111101,"url":"https:\/\/lasprimeras.com.do\/index.php\/2025\/10\/05\/gonzalo-castillo-el-pld-aporta-soluciones-serias-y-realistas-frente-a-la-crisis-nacional\/","url_meta":{"origin":104718,"position":4},"title":"Gonzalo Castillo: \u00abEl PLD aporta soluciones serias y realistas frente a la crisis nacional\u00bb","author":"Nelson Feliz","date":"5 de octubre de 2025","format":false,"excerpt":"El excandidato presidencial del Partido de la Liberaci\u00f3n Dominicana (PLD), Gonzalo Castillo, afirm\u00f3 que la Rep\u00fablica Dominicana enfrenta crisis profundas en sectores estrat\u00e9gicos como el sistema el\u00e9ctrico, la salud y la educaci\u00f3n. Castillo se\u00f1al\u00f3 que la organizaci\u00f3n morada mantiene firme su compromiso con la naci\u00f3n, asumiendo la pol\u00edtica no como\u2026","rel":"","context":"En \u00abPOLITICA\u00bb","block_context":{"text":"POLITICA","link":"https:\/\/lasprimeras.com.do\/index.php\/category\/politica\/"},"img":{"alt_text":"","src":"https:\/\/i0.wp.com\/lasprimeras.com.do\/wp-content\/uploads\/2025\/02\/gonzalo-castilloa-EDICION.jpg?resize=350%2C200&ssl=1","width":350,"height":200,"srcset":"https:\/\/i0.wp.com\/lasprimeras.com.do\/wp-content\/uploads\/2025\/02\/gonzalo-castilloa-EDICION.jpg?resize=350%2C200&ssl=1 1x, https:\/\/i0.wp.com\/lasprimeras.com.do\/wp-content\/uploads\/2025\/02\/gonzalo-castilloa-EDICION.jpg?resize=525%2C300&ssl=1 1.5x"},"classes":[]},{"id":125414,"url":"https:\/\/lasprimeras.com.do\/index.php\/2026\/03\/23\/miembros-de-la-dirigencia-del-pld-que-respaldan-a-gonzalo-castillo-se-unifican-en-barahona\/","url_meta":{"origin":104718,"position":5},"title":"Miembros de la dirigencia del PLD que respaldan a Gonzalo Castillo se unifican en Barahona","author":"Nelson Feliz","date":"23 de marzo de 2026","format":false,"excerpt":"Miembros de la dirigencia del Partido de la Liberaci\u00f3n Dominicana (PLD) en Barahona que apoyan la precandidatura presidencial de Gonzalo Castillo se reunieron este domingo en una asamblea celebrada en uno de los salones del Hotel Costa Larimar. Durante el encuentro, los participantes reafirmaron su respaldo al proyecto pol\u00edtico del\u2026","rel":"","context":"En \u00abPOLITICA\u00bb","block_context":{"text":"POLITICA","link":"https:\/\/lasprimeras.com.do\/index.php\/category\/politica\/"},"img":{"alt_text":"","src":"https:\/\/i0.wp.com\/lasprimeras.com.do\/wp-content\/uploads\/2026\/03\/Miembros-de-la-dirigencia-del-PLD-que-respaldan-a-Gonzalo-Castillo-1.jpeg?resize=350%2C200&ssl=1","width":350,"height":200,"srcset":"https:\/\/i0.wp.com\/lasprimeras.com.do\/wp-content\/uploads\/2026\/03\/Miembros-de-la-dirigencia-del-PLD-que-respaldan-a-Gonzalo-Castillo-1.jpeg?resize=350%2C200&ssl=1 1x, https:\/\/i0.wp.com\/lasprimeras.com.do\/wp-content\/uploads\/2026\/03\/Miembros-de-la-dirigencia-del-PLD-que-respaldan-a-Gonzalo-Castillo-1.jpeg?resize=525%2C300&ssl=1 1.5x"},"classes":[]}],"jetpack_sharing_enabled":true,"_links":{"self":[{"href":"https:\/\/lasprimeras.com.do\/index.php\/wp-json\/wp\/v2\/posts\/104718","targetHints":{"allow":["GET"]}}],"collection":[{"href":"https:\/\/lasprimeras.com.do\/index.php\/wp-json\/wp\/v2\/posts"}],"about":[{"href":"https:\/\/lasprimeras.com.do\/index.php\/wp-json\/wp\/v2\/types\/post"}],"author":[{"embeddable":true,"href":"https:\/\/lasprimeras.com.do\/index.php\/wp-json\/wp\/v2\/users\/10"}],"replies":[{"embeddable":true,"href":"https:\/\/lasprimeras.com.do\/index.php\/wp-json\/wp\/v2\/comments?post=104718"}],"version-history":[{"count":1,"href":"https:\/\/lasprimeras.com.do\/index.php\/wp-json\/wp\/v2\/posts\/104718\/revisions"}],"predecessor-version":[{"id":104720,"href":"https:\/\/lasprimeras.com.do\/index.php\/wp-json\/wp\/v2\/posts\/104718\/revisions\/104720"}],"wp:attachment":[{"href":"https:\/\/lasprimeras.com.do\/index.php\/wp-json\/wp\/v2\/media?parent=104718"}],"wp:term":[{"taxonomy":"category","embeddable":true,"href":"https:\/\/lasprimeras.com.do\/index.php\/wp-json\/wp\/v2\/categories?post=104718"},{"taxonomy":"post_tag","embeddable":true,"href":"https:\/\/lasprimeras.com.do\/index.php\/wp-json\/wp\/v2\/tags?post=104718"}],"curies":[{"name":"wp","href":"https:\/\/api.w.org\/{rel}","templated":true}]}}