{"id":104721,"date":"2025-07-26T22:10:53","date_gmt":"2025-07-27T02:10:53","guid":{"rendered":"https:\/\/lasprimeras.com.do\/?p=104721"},"modified":"2025-07-26T22:10:55","modified_gmt":"2025-07-27T02:10:55","slug":"record-guinness-logrado-la-bola-de-platano-verde-mas-grande-del-mundo-esta-en-republica-dominicana","status":"publish","type":"post","link":"https:\/\/lasprimeras.com.do\/index.php\/2025\/07\/26\/record-guinness-logrado-la-bola-de-platano-verde-mas-grande-del-mundo-esta-en-republica-dominicana\/","title":{"rendered":"R\u00e9cord Guinness logrado: La bola de pl\u00e1tano verde m\u00e1s grande del mundo est\u00e1 en Rep\u00fablica Dominicana"},"content":{"rendered":"\n<p><strong>La haza\u00f1a gastron\u00f3mica tom\u00f3 forma con un gigantesco mofongo de 560 kilogramos y se logr\u00f3 en Santiago-<\/strong><\/p>\n\n\n\n<p>Rep\u00fablica Dominicana logr\u00f3 este s\u00e1bado un nuevo t\u00edtulo mundial al obtener el R\u00e9cord Guinness por la bola de pl\u00e1tano verde m\u00e1s grande del mundo, una haza\u00f1a gastron\u00f3mica que tom\u00f3 forma con un gigantesco mofongo de 560 kilogramos, preparado en el parque central de Santiago de los Caballeros,<\/p>\n\n\n\n<p>La haza\u00f1a fue lograda bajo la mirada atenta de cientos de personas y la evaluaci\u00f3n oficial de Susana Reyes, adjudicadora internacional de Guinness World Records.<\/p>\n\n\n\n<p>&#8220;Puedo confirmar que este es el platillo de mofongo con la bola de pl\u00e1tano m\u00e1s grande del mundo&#8221;, declar\u00f3 Reyes tras anunciar el resultado del pesaje oficial, que arroj\u00f3 560 kilos, equivalentes a 1,234 libras, superando ampliamente el m\u00ednimo de 200 kilogramos requerido por Guinness para esta categor\u00eda.<\/p>\n\n\n\n<p>La representante de Guinness, procedente de M\u00e9xico, explic\u00f3 que el t\u00edtulo adjudicado se denomina de forma general &#8220;La bola de pl\u00e1tano verde m\u00e1s grande del mundo&#8221;, para permitir que otros pa\u00edses tambi\u00e9n puedan competir en igualdad de condiciones, independientemente del nombre local del platillo.<\/p>\n\n\n\n<p>&#8220;Yo s\u00e9 que esta receta es para el mofongo; sin embargo, nuestra misi\u00f3n en Guinness es inspirar a las personas de todas partes del mundo a alcanzar su m\u00e1ximo potencial&#8221;, expres\u00f3 Reyes durante el acto.<\/p>\n\n\n\n<p>A\u00f1adi\u00f3 que se verificaron cuidadosamente aspectos clave como la forma redonda y compacta del platillo, que deb\u00eda mantenerse en una sola pieza sin desmoronarse, y cumplir con estrictas normas de inocuidad e higiene para garantizar que el alimento pudiera ser consumido por el p\u00fablico.<\/p>\n\n\n\n<p>El proceso incluy\u00f3 la colaboraci\u00f3n con los organizadores locales, chefs, autoridades sanitarias y testigos acreditados, adem\u00e1s de una revisi\u00f3n previa de la documentaci\u00f3n t\u00e9cnica y los insumos utilizados.<\/p>\n\n\n\n<p>Reyes destac\u00f3 que este nuevo t\u00edtulo mundial se une a otros r\u00e9cords dominicanos ya vigentes, como el del merengue y la bachata m\u00e1s grandes del mundo.<\/p>\n\n\n\n<p>&#8220;Es bastante el trabajo que todo este equipo realiz\u00f3: los chefs, los futbolistas y toda la gente involucrada. Muchas gracias tambi\u00e9n a ustedes, el p\u00fablico, por su paciencia&#8221;, se\u00f1al\u00f3 la jueza al inicio de su intervenci\u00f3n.<\/p>\n\n\n\n<p>La preparaci\u00f3n de la bola de mofongo inici\u00f3 a las 3:00 de la tarde y concluy\u00f3 casi a las 8:00 de la noche, tras m\u00e1s de cinco horas de arduo trabajo y vigilancia constante, en medio de gran expectativa.<\/p>\n\n\n\n<p>Este es el primer r\u00e9cord mundial reconocido oficialmente para &#8220;una bola de pl\u00e1tano verde (mofongo)&#8221;, lo que convierte al emblem\u00e1tico platillo criollo a base de pl\u00e1tano verde majado, chicharr\u00f3n y ajo en una nueva insignia de orgullo para la gastronom\u00eda dominicana.<\/p>\n\n\n\n<p>Se recuerda que el pa\u00eds tambi\u00e9n fue galardonado con otro R\u00e9cord Guinness por el majarete m\u00e1s grande del mundo, consolidando as\u00ed su creatividad culinaria y capacidad organizativa.<\/p>\n\n\n\n<p>Como parte del cierre, los organizadores anunciaron que el pr\u00f3ximo gran reto ser\u00e1 romper el r\u00e9cord del sancocho m\u00e1s grande del mundo, en una nueva jornada que promete unir sabor, identidad y trabajo en equipo.<\/p>\n","protected":false},"excerpt":{"rendered":"<p>La haza\u00f1a gastron\u00f3mica tom\u00f3 forma con un gigantesco mofongo de 560 kilogramos y se logr\u00f3 en Santiago- Rep\u00fablica Dominicana logr\u00f3 este s\u00e1bado un nuevo t\u00edtulo mundial al obtener el R\u00e9cord&hellip;<\/p>\n","protected":false},"author":10,"featured_media":104722,"comment_status":"open","ping_status":"open","sticky":false,"template":"","format":"standard","meta":{"content-type":"","jetpack_post_was_ever_published":false,"_jetpack_newsletter_access":"","_jetpack_dont_email_post_to_subs":false,"_jetpack_newsletter_tier_id":0,"_jetpack_memberships_contains_paywalled_content":false,"_jetpack_memberships_contains_paid_content":false,"footnotes":""},"categories":[35,25],"tags":[22287,22288,22286,1226],"class_list":["post-104721","post","type-post","status-publish","format-standard","has-post-thumbnail","hentry","category-nacionales","category-portada","tag-la-bola-de-platano-verde","tag-mas-grande-del-mundo","tag-record-guinness-logrado","tag-republica-dominicana"],"jetpack_featured_media_url":"https:\/\/lasprimeras.com.do\/wp-content\/uploads\/2025\/07\/guinnes.jpg","jetpack-related-posts":[{"id":64224,"url":"https:\/\/lasprimeras.com.do\/index.php\/2023\/10\/18\/republica-dominicana-buscara-record-guinness-para-el-sancocho-mas-grande-de-la-historia\/","url_meta":{"origin":104721,"position":0},"title":"Rep\u00fablica Dominicana buscar\u00e1 r\u00e9cord Guinness para el sancocho m\u00e1s grande de la historia","author":"Nelson Feliz","date":"18 de octubre de 2023","format":false,"excerpt":"El Flavor Fusi\u00f3n Fest se llevar\u00e1 a cabo el 25 de noviembre en el parque Mirador del Este. La Rep\u00fablica Dominicana buscar\u00e1 establecer el r\u00e9cord Guinness del sancocho dominicano m\u00e1s grande de la historia, durante la celebraci\u00f3n del Flavor Fusion Fest, que ser\u00e1 realizado el s\u00e1bado 25 de noviembre, en\u2026","rel":"","context":"En \u00abTURISMO\u00bb","block_context":{"text":"TURISMO","link":"https:\/\/lasprimeras.com.do\/index.php\/category\/turismo\/"},"img":{"alt_text":"R\u00e9cord Guinness","src":"https:\/\/i0.wp.com\/lasprimeras.com.do\/wp-content\/uploads\/2023\/10\/Record-Guinness.jpg?resize=350%2C200&ssl=1","width":350,"height":200,"srcset":"https:\/\/i0.wp.com\/lasprimeras.com.do\/wp-content\/uploads\/2023\/10\/Record-Guinness.jpg?resize=350%2C200&ssl=1 1x, https:\/\/i0.wp.com\/lasprimeras.com.do\/wp-content\/uploads\/2023\/10\/Record-Guinness.jpg?resize=525%2C300&ssl=1 1.5x, https:\/\/i0.wp.com\/lasprimeras.com.do\/wp-content\/uploads\/2023\/10\/Record-Guinness.jpg?resize=700%2C400&ssl=1 2x"},"classes":[]},{"id":70503,"url":"https:\/\/lasprimeras.com.do\/index.php\/2023\/12\/12\/rd-celebra-2-anos-de-un-record-pa-la-bachata\/","url_meta":{"origin":104721,"position":1},"title":"RD celebra 2 a\u00f1os de \u201cUn R\u00e9cord pa\u2019 la Bachata\u201d","author":"BIMARY DE JES\u00daS Matos","date":"12 de diciembre de 2023","format":false,"excerpt":"Santo Domingo.- La bachata, g\u00e9nero aut\u00f3ctono dominicano, tiene una p\u00e1gina en la historia del afamado R\u00e9cord Guinness. \u201cUn R\u00e9cord pa\u2019 la Bachata\u201d, fue la haza\u00f1a que logr\u00f3 reunir un 11 de diciembre de 2021 a 600 parejas, unas 1,200 personas en total, en el baile de bachata sincronizado m\u00e1s grande\u2026","rel":"","context":"En \u00abENTRETENIMIENTO\u00bb","block_context":{"text":"ENTRETENIMIENTO","link":"https:\/\/lasprimeras.com.do\/index.php\/category\/entretenimiento\/"},"img":{"alt_text":"","src":"https:\/\/i0.wp.com\/lasprimeras.com.do\/wp-content\/uploads\/2023\/12\/juegos-sde-8.jpg?resize=350%2C200&ssl=1","width":350,"height":200,"srcset":"https:\/\/i0.wp.com\/lasprimeras.com.do\/wp-content\/uploads\/2023\/12\/juegos-sde-8.jpg?resize=350%2C200&ssl=1 1x, https:\/\/i0.wp.com\/lasprimeras.com.do\/wp-content\/uploads\/2023\/12\/juegos-sde-8.jpg?resize=525%2C300&ssl=1 1.5x"},"classes":[]},{"id":95260,"url":"https:\/\/lasprimeras.com.do\/index.php\/2025\/03\/11\/ciudad-destino-cap-cana-fue-sede-del-nuevo-record-guinness-en-rd\/","url_meta":{"origin":104721,"position":2},"title":"Ciudad Destino Cap Cana fue sede del nuevo R\u00e9cord Guinness en RD","author":"Nelson Feliz","date":"11 de marzo de 2025","format":false,"excerpt":"Av\u00e9le hizo historia con la presentaci\u00f3n de la \u201d imagen en mosaico de un cubo giratorio de doble cara m\u00e1s grande del mundo \u201d con un evento certificado por Guinnes World Record, en presencia de Erno Rubik creador de dicho cubo en el marco de su 50.\u00ba aniversario. La Galer\u00eda\u2026","rel":"","context":"En \u00abENTRETENIMIENTO\u00bb","block_context":{"text":"ENTRETENIMIENTO","link":"https:\/\/lasprimeras.com.do\/index.php\/category\/entretenimiento\/"},"img":{"alt_text":"","src":"https:\/\/i0.wp.com\/lasprimeras.com.do\/wp-content\/uploads\/2025\/03\/Ricardo-Hazoury-Jorge-Abraham-Hazoury-y-Abraham-Hazoury-Jr.jpg?resize=350%2C200&ssl=1","width":350,"height":200,"srcset":"https:\/\/i0.wp.com\/lasprimeras.com.do\/wp-content\/uploads\/2025\/03\/Ricardo-Hazoury-Jorge-Abraham-Hazoury-y-Abraham-Hazoury-Jr.jpg?resize=350%2C200&ssl=1 1x, https:\/\/i0.wp.com\/lasprimeras.com.do\/wp-content\/uploads\/2025\/03\/Ricardo-Hazoury-Jorge-Abraham-Hazoury-y-Abraham-Hazoury-Jr.jpg?resize=525%2C300&ssl=1 1.5x, https:\/\/i0.wp.com\/lasprimeras.com.do\/wp-content\/uploads\/2025\/03\/Ricardo-Hazoury-Jorge-Abraham-Hazoury-y-Abraham-Hazoury-Jr.jpg?resize=700%2C400&ssl=1 2x"},"classes":[]},{"id":68459,"url":"https:\/\/lasprimeras.com.do\/index.php\/2023\/11\/24\/ayuntamiento-de-santo-domingo-este-invita-al-sancocho-mas-grande-del-mundo\/","url_meta":{"origin":104721,"position":3},"title":"Ayuntamiento de Santo Domingo Este invita al sancocho m\u00e1s grande del mundo","author":"Nelson Feliz","date":"24 de noviembre de 2023","format":false,"excerpt":"ESTE S\u00c1BADO BUSCAR\u00c1N R\u00c9CORD GUINNESS AL SANCOCHO M\u00c1S GRANDE DE LA HISTORIA, CON 36 MIL LIBRAS. El Ayuntamiento de Santo Domingo Este invita a todos los mun\u00edcipes a ser parte de uno de los eventos culinarios m\u00e1s importante que se ha desarrollado en la demarcaci\u00f3n, donde este s\u00e1bado Rep\u00fablica Dominicana\u2026","rel":"","context":"En \u00abENTRETENIMIENTO\u00bb","block_context":{"text":"ENTRETENIMIENTO","link":"https:\/\/lasprimeras.com.do\/index.php\/category\/entretenimiento\/"},"img":{"alt_text":"sancocho","src":"https:\/\/i0.wp.com\/lasprimeras.com.do\/wp-content\/uploads\/2023\/11\/sancocho.jpg?resize=350%2C200&ssl=1","width":350,"height":200,"srcset":"https:\/\/i0.wp.com\/lasprimeras.com.do\/wp-content\/uploads\/2023\/11\/sancocho.jpg?resize=350%2C200&ssl=1 1x, https:\/\/i0.wp.com\/lasprimeras.com.do\/wp-content\/uploads\/2023\/11\/sancocho.jpg?resize=525%2C300&ssl=1 1.5x, https:\/\/i0.wp.com\/lasprimeras.com.do\/wp-content\/uploads\/2023\/11\/sancocho.jpg?resize=700%2C400&ssl=1 2x"},"classes":[]},{"id":73576,"url":"https:\/\/lasprimeras.com.do\/index.php\/2024\/01\/13\/dominicano-que-gano-record-guinness-revela-lo-intentaron-matar\/","url_meta":{"origin":104721,"position":4},"title":"Dominicano que gan\u00f3 R\u00e9cord Guinness revela lo intentaron matar","author":"BIMARY DE JES\u00daS Matos","date":"13 de enero de 2024","format":false,"excerpt":"Esperanza.-El reconocido comunicador y ganador del R\u00e9cord Guinness de lectura colectiva en julio de 2011, Randolfo Ariosto Jim\u00e9nez P\u00e9rez, denunci\u00f3 que la madrugada de este mi\u00e9rcoles fue v\u00edctima de un atentado en su residencia, ubicada en el Barrio Sur del municipio Esperanza, en la provincia Valverde. En un video difundido\u2026","rel":"","context":"En \u00abNACIONALES\u00bb","block_context":{"text":"NACIONALES","link":"https:\/\/lasprimeras.com.do\/index.php\/category\/nacionales\/"},"img":{"alt_text":"","src":"https:\/\/i0.wp.com\/lasprimeras.com.do\/wp-content\/uploads\/2024\/01\/ASDE-conmemora-52-aniversario-caida-de-Los-Palmeros-4.jpg?resize=350%2C200&ssl=1","width":350,"height":200,"srcset":"https:\/\/i0.wp.com\/lasprimeras.com.do\/wp-content\/uploads\/2024\/01\/ASDE-conmemora-52-aniversario-caida-de-Los-Palmeros-4.jpg?resize=350%2C200&ssl=1 1x, https:\/\/i0.wp.com\/lasprimeras.com.do\/wp-content\/uploads\/2024\/01\/ASDE-conmemora-52-aniversario-caida-de-Los-Palmeros-4.jpg?resize=525%2C300&ssl=1 1.5x, https:\/\/i0.wp.com\/lasprimeras.com.do\/wp-content\/uploads\/2024\/01\/ASDE-conmemora-52-aniversario-caida-de-Los-Palmeros-4.jpg?resize=700%2C400&ssl=1 2x"},"classes":[]},{"id":51525,"url":"https:\/\/lasprimeras.com.do\/index.php\/2023\/06\/01\/como-reaccionan-los-bateadores-a-la-velocidad\/","url_meta":{"origin":104721,"position":5},"title":"\u00bfC\u00f3mo reaccionan los bateadores a la velocidad?","author":"prenxa100","date":"1 de junio de 2023","format":false,"excerpt":"CARLOS MORETA Santo Domingo, RD.-.La conquista de un nuevo mundo empez\u00f3 para Ben Joyce cuando los Angelinos de Los \u00c1ngeles abrieron las puertas del bullpen en el s\u00e9ptimo episodio del lunes. Enfrascado en contener la tanda baja de los Medias Blancas de Chicago, entr\u00f3 al campo de batalla y super\u00f3\u2026","rel":"","context":"En \u00abSin categor\u00eda\u00bb","block_context":{"text":"Sin categor\u00eda","link":"https:\/\/lasprimeras.com.do\/index.php\/category\/sin-categoria\/"},"img":{"alt_text":"","src":"","width":0,"height":0},"classes":[]}],"jetpack_sharing_enabled":true,"_links":{"self":[{"href":"https:\/\/lasprimeras.com.do\/index.php\/wp-json\/wp\/v2\/posts\/104721","targetHints":{"allow":["GET"]}}],"collection":[{"href":"https:\/\/lasprimeras.com.do\/index.php\/wp-json\/wp\/v2\/posts"}],"about":[{"href":"https:\/\/lasprimeras.com.do\/index.php\/wp-json\/wp\/v2\/types\/post"}],"author":[{"embeddable":true,"href":"https:\/\/lasprimeras.com.do\/index.php\/wp-json\/wp\/v2\/users\/10"}],"replies":[{"embeddable":true,"href":"https:\/\/lasprimeras.com.do\/index.php\/wp-json\/wp\/v2\/comments?post=104721"}],"version-history":[{"count":1,"href":"https:\/\/lasprimeras.com.do\/index.php\/wp-json\/wp\/v2\/posts\/104721\/revisions"}],"predecessor-version":[{"id":104723,"href":"https:\/\/lasprimeras.com.do\/index.php\/wp-json\/wp\/v2\/posts\/104721\/revisions\/104723"}],"wp:featuredmedia":[{"embeddable":true,"href":"https:\/\/lasprimeras.com.do\/index.php\/wp-json\/wp\/v2\/media\/104722"}],"wp:attachment":[{"href":"https:\/\/lasprimeras.com.do\/index.php\/wp-json\/wp\/v2\/media?parent=104721"}],"wp:term":[{"taxonomy":"category","embeddable":true,"href":"https:\/\/lasprimeras.com.do\/index.php\/wp-json\/wp\/v2\/categories?post=104721"},{"taxonomy":"post_tag","embeddable":true,"href":"https:\/\/lasprimeras.com.do\/index.php\/wp-json\/wp\/v2\/tags?post=104721"}],"curies":[{"name":"wp","href":"https:\/\/api.w.org\/{rel}","templated":true}]}}