{"id":104726,"date":"2025-07-26T22:20:00","date_gmt":"2025-07-27T02:20:00","guid":{"rendered":"https:\/\/lasprimeras.com.do\/?p=104726"},"modified":"2025-07-26T22:20:01","modified_gmt":"2025-07-27T02:20:01","slug":"comerciantes-de-la-zona-colonial-quiebran-por-la-falta-de-agua-potable","status":"publish","type":"post","link":"https:\/\/lasprimeras.com.do\/index.php\/2025\/07\/26\/comerciantes-de-la-zona-colonial-quiebran-por-la-falta-de-agua-potable\/","title":{"rendered":"Comerciantes de la Zona Colonial quiebran por la falta de agua potable"},"content":{"rendered":"\n<p><strong>Piden a la CAASD ir en su auxilio.<\/strong><\/p>\n\n\n\n<p>Comerciantes de la Zona Colonial denunciaron que desde hace varios meses confrontan dificultades para recibir el servicio de agua potable, lo que les impide bridar un servicio eficiente y de calidad a sus clientes, as\u00ed como realizar sus actividades diarias por la ausencia del preciado l\u00edquido.<\/p>\n\n\n\n<p>Dicen que el l\u00edquido llega unas pocas horas, dos d\u00edas por semana y con baja presi\u00f3n, lo que les impide abastecerse.<\/p>\n\n\n\n<p>\u201cEsta situaci\u00f3n tiene m\u00e1s de dos meses, y est\u00e1 llevando a la quiebra a decenas de comerciantes , el agua que llega es poca, con baja presi\u00f3n y permanece por muy poco tiempo, nosotros le estamos haciendo un llamado a la CAASD, para que venga en nuestro auxilio, porque de verdad esta situaci\u00f3n nos est\u00e1 afectado bastante y no resistimos m\u00e1s \u201d, sostuvo Gerson Ferrer, propietario de un peque\u00f1o hotel de la zona.<\/p>\n\n\n\n<p>Dijeron que esa situaci\u00f3n lleva m\u00e1s de dos meses , y los ingresos que obtienen de sus actividades comerciales lo est\u00e1n utilizando para comprar camiones de agua y eso les impide proseguir con la sostenibilidad de sus negocios.<\/p>\n\n\n\n<p>Otro punto denunciado, que provoca la ausencia de agua son las situaciones de salud, porque las \u00e1reas comunes no pueden ser saneadas de manera oportuna, provocando suciedad y malos olores en la zona, lo que incide en que los turistas y visitantes se alejen y vivan una muy mala experiencia, que afecta la imagen del pa\u00eds en todas sus generalidades.<\/p>\n\n\n\n<p>Calles afectadas<\/p>\n\n\n\n<p>La situaci\u00f3n persiste en las calles: Mella, Fernando de Grull\u00f3n, S\u00e1nchez, San Tom\u00e9, las Mercedes, Polvor\u00edn, Juan Isidro P\u00e9rez, entre otras.<\/p>\n","protected":false},"excerpt":{"rendered":"<p>Piden a la CAASD ir en su auxilio. Comerciantes de la Zona Colonial denunciaron que desde hace varios meses confrontan dificultades para recibir el servicio de agua potable, lo que&hellip;<\/p>\n","protected":false},"author":10,"featured_media":104727,"comment_status":"open","ping_status":"open","sticky":false,"template":"","format":"standard","meta":{"content-type":"","jetpack_post_was_ever_published":false,"_jetpack_newsletter_access":"","_jetpack_dont_email_post_to_subs":false,"_jetpack_newsletter_tier_id":0,"_jetpack_memberships_contains_paywalled_content":false,"_jetpack_memberships_contains_paid_content":false,"footnotes":""},"categories":[35],"tags":[696,1449,894,10418,8012],"class_list":["post-104726","post","type-post","status-publish","format-standard","has-post-thumbnail","hentry","category-nacionales","tag-agua-potable","tag-comerciantes","tag-falta","tag-quiebran","tag-zona-colonial"],"jetpack_featured_media_url":"https:\/\/lasprimeras.com.do\/wp-content\/uploads\/2025\/07\/agua-1.jpg","jetpack-related-posts":[{"id":93879,"url":"https:\/\/lasprimeras.com.do\/index.php\/2025\/02\/21\/caasd-informa-trabajos-en-infraestructuras-limitan-servicio-de-agua-potable-en-gascue-y-ciudad-colonial\/","url_meta":{"origin":104726,"position":0},"title":"CAASD informa trabajos en infraestructuras limitan servicio de agua potable en Gascue y Ciudad Colonial","author":"Nelson Feliz","date":"21 de febrero de 2025","format":false,"excerpt":"_La CAASD inform\u00f3 que al finalizar las labores que ejecuta el Ministerio de Turismo en la localidad el servicio quedar\u00e1 restablecido de manera habitual el pr\u00f3ximo domingo. La Corporaci\u00f3n del Acueducto y Alcantarillado de Santo Domingo (CAASD) inform\u00f3 que debido a los trabajos que realiza el Ministerio de Turismo en\u2026","rel":"","context":"En \u00abNACIONALES\u00bb","block_context":{"text":"NACIONALES","link":"https:\/\/lasprimeras.com.do\/index.php\/category\/nacionales\/"},"img":{"alt_text":"","src":"https:\/\/i0.wp.com\/lasprimeras.com.do\/wp-content\/uploads\/2025\/02\/caasd-1.jpg?resize=350%2C200&ssl=1","width":350,"height":200,"srcset":"https:\/\/i0.wp.com\/lasprimeras.com.do\/wp-content\/uploads\/2025\/02\/caasd-1.jpg?resize=350%2C200&ssl=1 1x, https:\/\/i0.wp.com\/lasprimeras.com.do\/wp-content\/uploads\/2025\/02\/caasd-1.jpg?resize=525%2C300&ssl=1 1.5x, https:\/\/i0.wp.com\/lasprimeras.com.do\/wp-content\/uploads\/2025\/02\/caasd-1.jpg?resize=700%2C400&ssl=1 2x"},"classes":[]},{"id":107802,"url":"https:\/\/lasprimeras.com.do\/index.php\/2025\/08\/31\/caasd-trabaja-en-la-solucion-de-averia-en-linea-de-abastecimiento-del-acueducto-haina-manoguayabo\/","url_meta":{"origin":104726,"position":1},"title":"CAASD trabaja en la soluci\u00f3n de aver\u00eda en l\u00ednea de abastecimiento del acueducto Haina-Manoguayabo","author":"Nelson Feliz","date":"31 de agosto de 2025","format":false,"excerpt":"La instituci\u00f3n explic\u00f3 que t\u00e9cnicos de la Direcci\u00f3n de Operaciones laboran de manera acelerada para restablecer suministro en el menor tiempo posible. La Corporaci\u00f3n del Acueducto y Alcantarillado de Santo Domingo (CAASD) inform\u00f3 que trabaja de manera acelerada en la soluci\u00f3n de una aver\u00eda en la l\u00ednea de abastecimiento del\u2026","rel":"","context":"En \u00abNACIONALES\u00bb","block_context":{"text":"NACIONALES","link":"https:\/\/lasprimeras.com.do\/index.php\/category\/nacionales\/"},"img":{"alt_text":"","src":"https:\/\/i0.wp.com\/lasprimeras.com.do\/wp-content\/uploads\/2025\/08\/FELLITO-1.jpg?resize=350%2C200&ssl=1","width":350,"height":200,"srcset":"https:\/\/i0.wp.com\/lasprimeras.com.do\/wp-content\/uploads\/2025\/08\/FELLITO-1.jpg?resize=350%2C200&ssl=1 1x, https:\/\/i0.wp.com\/lasprimeras.com.do\/wp-content\/uploads\/2025\/08\/FELLITO-1.jpg?resize=525%2C300&ssl=1 1.5x, https:\/\/i0.wp.com\/lasprimeras.com.do\/wp-content\/uploads\/2025\/08\/FELLITO-1.jpg?resize=700%2C400&ssl=1 2x"},"classes":[]},{"id":110324,"url":"https:\/\/lasprimeras.com.do\/index.php\/2025\/09\/27\/caasd-trabaja-para-solucionar-averia-causada-por-lluvias-que-limita-suministro-de-agua-potable-en-las-praderas\/","url_meta":{"origin":104726,"position":2},"title":"CAASD trabaja para solucionar aver\u00eda causada por lluvias que limita suministro de agua potable en Las Praderas","author":"Nelson Feliz","date":"27 de septiembre de 2025","format":false,"excerpt":"La Corporaci\u00f3n del Acueducto y Alcantarillado de Santo Domingo (CAASD) inform\u00f3 que se encuentra trabajando de manera continua para corregir una aver\u00eda que limita el servicio de agua potable en el sector Las Praderas, del Distrito Nacional, producto de las fuertes lluvias registradas recientemente por una activa onda tropical. La\u2026","rel":"","context":"En \u00abNACIONALES\u00bb","block_context":{"text":"NACIONALES","link":"https:\/\/lasprimeras.com.do\/index.php\/category\/nacionales\/"},"img":{"alt_text":"","src":"https:\/\/i0.wp.com\/lasprimeras.com.do\/wp-content\/uploads\/2025\/09\/caasd-3.jpg?resize=350%2C200&ssl=1","width":350,"height":200,"srcset":"https:\/\/i0.wp.com\/lasprimeras.com.do\/wp-content\/uploads\/2025\/09\/caasd-3.jpg?resize=350%2C200&ssl=1 1x, https:\/\/i0.wp.com\/lasprimeras.com.do\/wp-content\/uploads\/2025\/09\/caasd-3.jpg?resize=525%2C300&ssl=1 1.5x, https:\/\/i0.wp.com\/lasprimeras.com.do\/wp-content\/uploads\/2025\/09\/caasd-3.jpg?resize=700%2C400&ssl=1 2x"},"classes":[]},{"id":100342,"url":"https:\/\/lasprimeras.com.do\/index.php\/2025\/06\/05\/caasd-concluye-trabajos-en-el-km-8-para-optimizar-servicio-de-agua\/","url_meta":{"origin":104726,"position":3},"title":"CAASD concluye trabajos en el KM 8 para optimizar servicio de agua","author":"Nelson Feliz","date":"5 de junio de 2025","format":false,"excerpt":"La Corporaci\u00f3n del Acueducto y Alcantarillado de Santo Domingo (CAASD) inform\u00f3 fue restablecido el servicio de agua potable en el sector del Kil\u00f3metro 8, tras concluir con los trabajos de reparaci\u00f3n y optimizaci\u00f3n realizados en la avenida Cayetano Germos\u00e9n, esquina Antonio \u00c1lvarez, del Distrito Nacional. La instituci\u00f3n explic\u00f3 que el\u2026","rel":"","context":"En \u00abNACIONALES\u00bb","block_context":{"text":"NACIONALES","link":"https:\/\/lasprimeras.com.do\/index.php\/category\/nacionales\/"},"img":{"alt_text":"","src":"https:\/\/i0.wp.com\/lasprimeras.com.do\/wp-content\/uploads\/2025\/06\/CAASD.jpg?resize=350%2C200&ssl=1","width":350,"height":200,"srcset":"https:\/\/i0.wp.com\/lasprimeras.com.do\/wp-content\/uploads\/2025\/06\/CAASD.jpg?resize=350%2C200&ssl=1 1x, https:\/\/i0.wp.com\/lasprimeras.com.do\/wp-content\/uploads\/2025\/06\/CAASD.jpg?resize=525%2C300&ssl=1 1.5x, https:\/\/i0.wp.com\/lasprimeras.com.do\/wp-content\/uploads\/2025\/06\/CAASD.jpg?resize=700%2C400&ssl=1 2x"},"classes":[]},{"id":120619,"url":"https:\/\/lasprimeras.com.do\/index.php\/2026\/01\/26\/caasd-informa-sobre-operativos-de-drenado-en-la-avenida-luperon-para-optimizar-el-suministro-de-agua-potable\/","url_meta":{"origin":104726,"position":4},"title":"CAASD informa sobre operativos de drenado en la avenida Luper\u00f3n para optimizar el suministro de agua potable","author":"Nelson Feliz","date":"26 de enero de 2026","format":false,"excerpt":"La Corporaci\u00f3n del Acueducto y Alcantarillado de Santo Domingo (CAASD) inform\u00f3 este lunes 26 de enero de 2026 que brigadas t\u00e9cnicas realizan el drenado de una l\u00ednea de distribuci\u00f3n de 36 pulgadas de di\u00e1metro en la avenida General Gregorio Luper\u00f3n. Estos trabajos son fundamentales para garantizar la operatividad del sistema\u2026","rel":"","context":"En \u00abNACIONALES\u00bb","block_context":{"text":"NACIONALES","link":"https:\/\/lasprimeras.com.do\/index.php\/category\/nacionales\/"},"img":{"alt_text":"Felipe \u201cFellito\u201d Suberv\u00ed","src":"https:\/\/i0.wp.com\/lasprimeras.com.do\/wp-content\/uploads\/2026\/01\/Felipe-Fellito-Subervi-1.jpg?resize=350%2C200&ssl=1","width":350,"height":200,"srcset":"https:\/\/i0.wp.com\/lasprimeras.com.do\/wp-content\/uploads\/2026\/01\/Felipe-Fellito-Subervi-1.jpg?resize=350%2C200&ssl=1 1x, https:\/\/i0.wp.com\/lasprimeras.com.do\/wp-content\/uploads\/2026\/01\/Felipe-Fellito-Subervi-1.jpg?resize=525%2C300&ssl=1 1.5x, https:\/\/i0.wp.com\/lasprimeras.com.do\/wp-content\/uploads\/2026\/01\/Felipe-Fellito-Subervi-1.jpg?resize=700%2C400&ssl=1 2x"},"classes":[]},{"id":107899,"url":"https:\/\/lasprimeras.com.do\/index.php\/2025\/09\/01\/caasd-soluciona-en-tiempo-record-averia-en-acueducto-haina-manoguayabo\/","url_meta":{"origin":104726,"position":5},"title":"CAASD soluciona en tiempo r\u00e9cord aver\u00eda en acueducto Haina-Manoguayabo","author":"Nelson Feliz","date":"1 de septiembre de 2025","format":false,"excerpt":"La direcci\u00f3n de operaciones explic\u00f3 que las brigadas laboraron continuamente para reestablecer el servicio de agua potable en el menor tiempo posible La Corporaci\u00f3n del Acueducto y Alcantarillado de Santo Domingo (CAASD) inform\u00f3 que fue solucionada en tiempo r\u00e9cord la aver\u00eda en la l\u00ednea de abastecimiento del Acueducto Haina-Manoguayabo, la\u2026","rel":"","context":"En \u00abNACIONALES\u00bb","block_context":{"text":"NACIONALES","link":"https:\/\/lasprimeras.com.do\/index.php\/category\/nacionales\/"},"img":{"alt_text":"","src":"https:\/\/i0.wp.com\/lasprimeras.com.do\/wp-content\/uploads\/2025\/09\/CAASD.jpg?resize=350%2C200&ssl=1","width":350,"height":200,"srcset":"https:\/\/i0.wp.com\/lasprimeras.com.do\/wp-content\/uploads\/2025\/09\/CAASD.jpg?resize=350%2C200&ssl=1 1x, https:\/\/i0.wp.com\/lasprimeras.com.do\/wp-content\/uploads\/2025\/09\/CAASD.jpg?resize=525%2C300&ssl=1 1.5x, https:\/\/i0.wp.com\/lasprimeras.com.do\/wp-content\/uploads\/2025\/09\/CAASD.jpg?resize=700%2C400&ssl=1 2x"},"classes":[]}],"jetpack_sharing_enabled":true,"_links":{"self":[{"href":"https:\/\/lasprimeras.com.do\/index.php\/wp-json\/wp\/v2\/posts\/104726","targetHints":{"allow":["GET"]}}],"collection":[{"href":"https:\/\/lasprimeras.com.do\/index.php\/wp-json\/wp\/v2\/posts"}],"about":[{"href":"https:\/\/lasprimeras.com.do\/index.php\/wp-json\/wp\/v2\/types\/post"}],"author":[{"embeddable":true,"href":"https:\/\/lasprimeras.com.do\/index.php\/wp-json\/wp\/v2\/users\/10"}],"replies":[{"embeddable":true,"href":"https:\/\/lasprimeras.com.do\/index.php\/wp-json\/wp\/v2\/comments?post=104726"}],"version-history":[{"count":1,"href":"https:\/\/lasprimeras.com.do\/index.php\/wp-json\/wp\/v2\/posts\/104726\/revisions"}],"predecessor-version":[{"id":104728,"href":"https:\/\/lasprimeras.com.do\/index.php\/wp-json\/wp\/v2\/posts\/104726\/revisions\/104728"}],"wp:featuredmedia":[{"embeddable":true,"href":"https:\/\/lasprimeras.com.do\/index.php\/wp-json\/wp\/v2\/media\/104727"}],"wp:attachment":[{"href":"https:\/\/lasprimeras.com.do\/index.php\/wp-json\/wp\/v2\/media?parent=104726"}],"wp:term":[{"taxonomy":"category","embeddable":true,"href":"https:\/\/lasprimeras.com.do\/index.php\/wp-json\/wp\/v2\/categories?post=104726"},{"taxonomy":"post_tag","embeddable":true,"href":"https:\/\/lasprimeras.com.do\/index.php\/wp-json\/wp\/v2\/tags?post=104726"}],"curies":[{"name":"wp","href":"https:\/\/api.w.org\/{rel}","templated":true}]}}