{"id":104729,"date":"2025-07-27T11:52:28","date_gmt":"2025-07-27T15:52:28","guid":{"rendered":"https:\/\/lasprimeras.com.do\/?p=104729"},"modified":"2025-07-27T12:06:19","modified_gmt":"2025-07-27T16:06:19","slug":"autoridades-indiferentes-antes-derrame-de-combustible-de-una-bomba-nativa-en-los-tres-brazos","status":"publish","type":"post","link":"https:\/\/lasprimeras.com.do\/index.php\/2025\/07\/27\/autoridades-indiferentes-antes-derrame-de-combustible-de-una-bomba-nativa-en-los-tres-brazos\/","title":{"rendered":"Autoridades indiferentes antes derrame de combustible de una &#8220;Bomba Nativa&#8221; en Los Tres Brazos \u00a0\u00a0\u00a0\u00a0\u00a0\u00a0\u00a0\u00a0\u00a0\u00a0\u00a0\u00a0\u00a0\u00a0\u00a0\u00a0\u00a0\u00a0\u00a0\u00a0\u00a0\u00a0"},"content":{"rendered":"\n<p><strong>Comunitarios piden cierre hasta que solucionen problema.<\/strong><\/p>\n\n\n\n<p>Con el fin de que las autoridades gubernamentales atiendan sus reclamos, residentes de los sectores Mil Flores y Mar\u00eda Trinidad S\u00e1nchez (MATRISA), en el municipio Santo Domingo Este, se apostaron al frente de la \u201cEstaci\u00f3n de Combustible Nativa\u201d, para reclamar el cierre inmediato de la bomba, hasta que corrijan el derramamiento de combustibles de sus dep\u00f3sitos, porque est\u00e1&nbsp; contaminando los \u201cpozos sumergibles que utilizan para abastecerse de agua\u201d.<\/p>\n\n\n\n<p>Al conversar con los medios de comunicaci\u00f3n, los querellantes han solicitado han solicitado al Ministerio de Medio Ambiente, Ayuntamiento de Santo Domingo Este, \u00a0la Corporaci\u00f3n del Acueducto y Alcantarillado de Santo Domingo (CAASD) y al mismo presidente de la Rep\u00fablica Luis Abinader, que acudan en su auxilio, hay alrededor de 100 familias afectadas.<\/p>\n\n\n\n<p>Manifestaron, que han llevado comunicaciones a las autoridades gubernamentales antes mencionadas, para que intervengan en el conflicto, y no han hecho nada al respecto.<\/p>\n\n\n\n<figure class=\"wp-block-image size-large\"><img decoding=\"async\" width=\"1024\" height=\"461\" src=\"https:\/\/lasprimeras.com.do\/wp-content\/uploads\/2025\/07\/todos-1024x461.jpg\" alt=\"\" class=\"wp-image-104736\" srcset=\"https:\/\/lasprimeras.com.do\/wp-content\/uploads\/2025\/07\/todos-1024x461.jpg 1024w, https:\/\/lasprimeras.com.do\/wp-content\/uploads\/2025\/07\/todos-300x135.jpg 300w, https:\/\/lasprimeras.com.do\/wp-content\/uploads\/2025\/07\/todos-768x346.jpg 768w, https:\/\/lasprimeras.com.do\/wp-content\/uploads\/2025\/07\/todos-1536x691.jpg 1536w, https:\/\/lasprimeras.com.do\/wp-content\/uploads\/2025\/07\/todos.jpg 1600w\" sizes=\"(max-width: 1024px) 100vw, 1024px\" \/><\/figure>\n\n\n\n<p>\u201cHay un tanque pinchado en la \u201cEstaci\u00f3n de Combustible Nativa\u201d y eso est\u00e1 da\u00f1ando las bombas sumergibles y contaminando las aguas del subsuelo, a tal punto que no pueden ser utilizarla para ba\u00f1arse, porque le irrita la piel, ni para lavar y mucho menos para limpiar en sus hogares, y estamos alertando a las autoridades para que vayan en su auxilio, nadie se ha presentado al lugar.<\/p>\n\n\n\n<p>Se\u00f1alan que los comunitarios y presidentes de la Junta de Vecinos de los sectores Mil Flores y Mar\u00eda Trinidad S\u00e1nchez se han reunidos con los ejecutivos de Credigas que son los mismo propietarios de la Bomba Nativa, para que corrijan el derramamiento de gasolina, pero a ellos no les interesa resolver el problema.<\/p>\n\n\n\n<p>De su lado, el presidente de la Junta de Vecinos de MATRISA, Lorenzo Acosta, se\u00f1ala que el Ministerio de Medio Ambiente, el Ayuntamiento de Santo Domingo Este y la CAASD tienen conocimiento del caso, ellos pasaron a recoger una muestra del agua contaminada con gasolina y todav\u00eda no le han dado respuesta.<\/p>\n\n\n\n<figure class=\"wp-block-image size-full is-resized\"><img decoding=\"async\" width=\"763\" height=\"541\" src=\"https:\/\/lasprimeras.com.do\/wp-content\/uploads\/2025\/07\/lorenso.jpg\" alt=\"\" class=\"wp-image-104731\" style=\"width:840px;height:auto\" srcset=\"https:\/\/lasprimeras.com.do\/wp-content\/uploads\/2025\/07\/lorenso.jpg 763w, https:\/\/lasprimeras.com.do\/wp-content\/uploads\/2025\/07\/lorenso-300x213.jpg 300w\" sizes=\"(max-width: 763px) 100vw, 763px\" \/><\/figure>\n\n\n\n<p>\u201cEse problema tiene alrededor de un a\u00f1o, aunque la denuncia la hicieron recientemente y ellos saben que hay un problema, sin embargo las autoridades no han cerrado la estaci\u00f3n de combustible Nativa, hasta que se investigue el caso\u201d , asever\u00f3.&nbsp;<\/p>\n\n\n\n<p>En tanto que, \u00c1ngel Ortiz, quien es el presidente de la Junta de Vecino de Mil Flores, sostuvo que el problema se fue descubriendo poco a poco; el agua que se estaba extrayendo del subsuelo estaba llegando contaminada de combustible, y a medida que fue pasando el tiempo el problema fue empeorando, al punto que el agua no sirve para nada, las mujeres no pueden utilizarla siquiera para limpiar en sus hogares, ni para lavar sus ropas.<\/p>\n\n\n\n<p>Los ejecutivos de la \u201cEstaci\u00f3n de Combustible Nativa\u201d \u00a0hacen caso omiso al problema, inclusive, nos tratan como si estuvieran pidi\u00e9ndoles un favor y no es as\u00ed, estamos hablando de la salud de la poblaci\u00f3n, ellos saben que hay que hacer una prueba, y esa prueba cuesta dinero y ellos no quieren hacerla.<\/p>\n\n\n\n<figure class=\"wp-block-image size-full\"><img decoding=\"async\" width=\"896\" height=\"537\" src=\"https:\/\/lasprimeras.com.do\/wp-content\/uploads\/2025\/07\/aracelis.jpg\" alt=\"\" class=\"wp-image-104732\" srcset=\"https:\/\/lasprimeras.com.do\/wp-content\/uploads\/2025\/07\/aracelis.jpg 896w, https:\/\/lasprimeras.com.do\/wp-content\/uploads\/2025\/07\/aracelis-300x180.jpg 300w, https:\/\/lasprimeras.com.do\/wp-content\/uploads\/2025\/07\/aracelis-768x460.jpg 768w\" sizes=\"(max-width: 896px) 100vw, 896px\" \/><\/figure>\n\n\n\n<p>Mientras que, Aracelis Ram\u00edrez, residente en el sector Mil Flores, hizo un llamado a las autoridades para que tomen cartas en el asunto, porque el agua contaminada le est\u00e1 causando irritaciones en la piel y m\u00e1s a las mujeres que est\u00e1n m\u00e1s delicadas.<\/p>\n\n\n\n<figure class=\"wp-block-image size-full\"><img decoding=\"async\" width=\"971\" height=\"540\" src=\"https:\/\/lasprimeras.com.do\/wp-content\/uploads\/2025\/07\/amparo.jpg\" alt=\"\" class=\"wp-image-104733\" srcset=\"https:\/\/lasprimeras.com.do\/wp-content\/uploads\/2025\/07\/amparo.jpg 971w, https:\/\/lasprimeras.com.do\/wp-content\/uploads\/2025\/07\/amparo-300x167.jpg 300w, https:\/\/lasprimeras.com.do\/wp-content\/uploads\/2025\/07\/amparo-768x427.jpg 768w\" sizes=\"(max-width: 971px) 100vw, 971px\" \/><\/figure>\n\n\n\n<p>Por otro lado, Amparo Lacai, manifest\u00f3 que el derramamiento de gasolina ha contaminando las aguas; nosotras no podemos continuar con una situaci\u00f3n de esa naturaleza, donde nos vemos obligados a comprar camiones de agua a \u201cdos mil pesos $2,000.00\u201d, eso no es posible la CAASD deber\u00eda estar suministrarnos agua potable de calidad, sin embargo los residentes de Mil Flores y MATRISA han tenido que hacer pozos para conseguir el preciado l\u00edquido.<\/p>\n\n\n\n<figure class=\"wp-block-image size-full\"><img decoding=\"async\" width=\"900\" height=\"506\" src=\"https:\/\/lasprimeras.com.do\/wp-content\/uploads\/2025\/07\/agua-1-1.jpg\" alt=\"\" class=\"wp-image-104734\" srcset=\"https:\/\/lasprimeras.com.do\/wp-content\/uploads\/2025\/07\/agua-1-1.jpg 900w, https:\/\/lasprimeras.com.do\/wp-content\/uploads\/2025\/07\/agua-1-1-300x169.jpg 300w, https:\/\/lasprimeras.com.do\/wp-content\/uploads\/2025\/07\/agua-1-1-768x432.jpg 768w\" sizes=\"(max-width: 900px) 100vw, 900px\" \/><\/figure>\n\n\n\n<p>Tambi\u00e9n, se\u00f1ala que t\u00e9cnicos de la Corporaci\u00f3n del Acueducto y Alcantarillado de Santo Domingo (CAASD),&nbsp;&nbsp; la han llamado en dos ocasiones, con el fin de reunirse con los mun\u00edcipes y las Juntas de Vecinos de esos sectores, y siempre la dejan esperando.<\/p>\n\n\n\n<p>\u201cNosotros queremos que haya un compromiso, porque realmente esa circunstancias no afecta a los que tienen \u201cbombas sumergibles\u201d, sino que est\u00e1 afectando a dos comunidades y queremos evitar una desgracia,&nbsp; record\u00f3 la explosi\u00f3n que ocurri\u00f3 en San Crist\u00f3bal y lo que pas\u00f3 en Jet Set, eso fue por la indiferencia de nuestras autoridades\u201d, enfatiz\u00f3 Amparo.<\/p>\n\n\n\n<figure class=\"wp-block-image size-full is-resized\"><img decoding=\"async\" width=\"489\" height=\"538\" src=\"https:\/\/lasprimeras.com.do\/wp-content\/uploads\/2025\/07\/francis.jpg\" alt=\"\" class=\"wp-image-104735\" style=\"width:840px;height:auto\" srcset=\"https:\/\/lasprimeras.com.do\/wp-content\/uploads\/2025\/07\/francis.jpg 489w, https:\/\/lasprimeras.com.do\/wp-content\/uploads\/2025\/07\/francis-273x300.jpg 273w\" sizes=\"(max-width: 489px) 100vw, 489px\" \/><\/figure>\n\n\n\n<p>Finalmente, Francis Graciano, se\u00f1ala que los empleados y la direcci\u00f3n de la \u201cEstaci\u00f3n de Combustible Nativa\u201d tienen conocimiento del problema espec\u00edficamente (de la contaminaci\u00f3n del agua subterr\u00e1nea con el derrame de combustible), desde hace m\u00e1s de nueve meses y no han hecho el m\u00ednimo esfuerzo para resolverlo.\u00a0<\/p>\n\n\n\n<figure class=\"wp-block-image size-full\"><img decoding=\"async\" width=\"900\" height=\"518\" src=\"https:\/\/lasprimeras.com.do\/wp-content\/uploads\/2025\/07\/nativa-3.jpg\" alt=\"\" class=\"wp-image-104737\" srcset=\"https:\/\/lasprimeras.com.do\/wp-content\/uploads\/2025\/07\/nativa-3.jpg 900w, https:\/\/lasprimeras.com.do\/wp-content\/uploads\/2025\/07\/nativa-3-300x173.jpg 300w, https:\/\/lasprimeras.com.do\/wp-content\/uploads\/2025\/07\/nativa-3-768x442.jpg 768w\" sizes=\"(max-width: 900px) 100vw, 900px\" \/><\/figure>\n\n\n\n<p>En Mil Flores hay m\u00e1s de seis hoyos contaminados y en MATRISA por igual, en la actualidad existen m\u00e1s de cien familias afectadas directamente por esta situaci\u00f3n y ellos tienen pleno conocimiento del problema y no quieren investigar; ya estamos cansados de comprar camiones de agua.\u00a0<\/p>\n\n\n\n<figure class=\"wp-block-embed is-type-video is-provider-youtube wp-block-embed-youtube wp-embed-aspect-16-9 wp-has-aspect-ratio\"><div class=\"wp-block-embed__wrapper\">\n<iframe title=\"Comunitarios SDE denuncia agua llega ligada con gasolina\" width=\"500\" height=\"281\" src=\"https:\/\/www.youtube.com\/embed\/dWOpKWpgUKs?feature=oembed\" frameborder=\"0\" allow=\"accelerometer; autoplay; clipboard-write; encrypted-media; gyroscope; picture-in-picture; web-share\" referrerpolicy=\"strict-origin-when-cross-origin\" allowfullscreen><\/iframe>\n<\/div><\/figure>\n","protected":false},"excerpt":{"rendered":"<p>Comunitarios piden cierre hasta que solucionen problema. Con el fin de que las autoridades gubernamentales atiendan sus reclamos, residentes de los sectores Mil Flores y Mar\u00eda Trinidad S\u00e1nchez (MATRISA), en&hellip;<\/p>\n","protected":false},"author":10,"featured_media":104730,"comment_status":"open","ping_status":"open","sticky":false,"template":"","format":"standard","meta":{"content-type":"","jetpack_post_was_ever_published":false,"_jetpack_newsletter_access":"","_jetpack_dont_email_post_to_subs":false,"_jetpack_newsletter_tier_id":0,"_jetpack_memberships_contains_paywalled_content":false,"_jetpack_memberships_contains_paid_content":false,"footnotes":""},"categories":[35,25],"tags":[949,22290,508,6953,22291,1528],"class_list":["post-104729","post","type-post","status-publish","format-standard","has-post-thumbnail","hentry","category-nacionales","category-portada","tag-autoridades","tag-bomba-nativa","tag-combustible","tag-derrame","tag-indiferentes","tag-los-tres-brazos"],"jetpack_featured_media_url":"https:\/\/lasprimeras.com.do\/wp-content\/uploads\/2025\/07\/nativa-2.jpg","jetpack-related-posts":[{"id":104647,"url":"https:\/\/lasprimeras.com.do\/index.php\/2025\/07\/25\/lideres-comunitarios-y-juntas-de-vecinos-de-sde-piden-a-medio-ambiente-cierre-estacion-de-combustibles-nativa\/","url_meta":{"origin":104729,"position":0},"title":"L\u00edderes comunitarios y Juntas de Vecinos de SDE piden a Medio Ambiente cierre Estaci\u00f3n de combustibles Nativa","author":"Nelson Feliz","date":"25 de julio de 2025","format":false,"excerpt":"L\u00edderes comunitarios y Juntas de Vecinos de los sectores Mar\u00eda Trinidad S\u00e1nchez (MATRISA), Brisas del Ozama y Mil Flores , hacen un llamado al Ministerio de Medio Ambiente, la Corporaci\u00f3n del Acueducto y Alcantarillado de Santo Domingo (CAASD), \u00a0y al presidente de la Rep\u00fablica Luis Abinader, para ordenen el cierre\u2026","rel":"","context":"En \u00abNACIONALES\u00bb","block_context":{"text":"NACIONALES","link":"https:\/\/lasprimeras.com.do\/index.php\/category\/nacionales\/"},"img":{"alt_text":"","src":"https:\/\/i0.wp.com\/lasprimeras.com.do\/wp-content\/uploads\/2025\/07\/dona-y-nativa.jpg?resize=350%2C200&ssl=1","width":350,"height":200,"srcset":"https:\/\/i0.wp.com\/lasprimeras.com.do\/wp-content\/uploads\/2025\/07\/dona-y-nativa.jpg?resize=350%2C200&ssl=1 1x, https:\/\/i0.wp.com\/lasprimeras.com.do\/wp-content\/uploads\/2025\/07\/dona-y-nativa.jpg?resize=525%2C300&ssl=1 1.5x, https:\/\/i0.wp.com\/lasprimeras.com.do\/wp-content\/uploads\/2025\/07\/dona-y-nativa.jpg?resize=700%2C400&ssl=1 2x"},"classes":[]},{"id":59181,"url":"https:\/\/lasprimeras.com.do\/index.php\/2023\/08\/31\/medio-ambiente-investiga-derrame-de-combustible-en-la-planta-electrica-que-opera-en-azua\/","url_meta":{"origin":104729,"position":1},"title":"Medio Ambiente investiga derrame de combustible en la planta el\u00e9ctrica que opera en Azua","author":"Nelson Feliz","date":"31 de agosto de 2023","format":false,"excerpt":"Un equipo t\u00e9cnico del Ministerio de Medio Ambiente y Recursos Naturales realiz\u00f3 una inspecci\u00f3n a la barcaza de la empresa Karpowership que opera en Puerto Viejo de Azua, luego que la dependencia oficial recibiera una denuncia sobre un derrame de combustible. \u201cNuestros t\u00e9cnicos realizan una evaluaci\u00f3n de la situaci\u00f3n. Medio\u2026","rel":"","context":"En \u00abNACIONALES\u00bb","block_context":{"text":"NACIONALES","link":"https:\/\/lasprimeras.com.do\/index.php\/category\/nacionales\/"},"img":{"alt_text":"Barcaza en Los Negros, provincia Azua","src":"https:\/\/i0.wp.com\/lasprimeras.com.do\/wp-content\/uploads\/2023\/08\/Barcaza-en-Los-Negros-provincia-Azua.jpg?resize=350%2C200&ssl=1","width":350,"height":200,"srcset":"https:\/\/i0.wp.com\/lasprimeras.com.do\/wp-content\/uploads\/2023\/08\/Barcaza-en-Los-Negros-provincia-Azua.jpg?resize=350%2C200&ssl=1 1x, https:\/\/i0.wp.com\/lasprimeras.com.do\/wp-content\/uploads\/2023\/08\/Barcaza-en-Los-Negros-provincia-Azua.jpg?resize=525%2C300&ssl=1 1.5x, https:\/\/i0.wp.com\/lasprimeras.com.do\/wp-content\/uploads\/2023\/08\/Barcaza-en-Los-Negros-provincia-Azua.jpg?resize=700%2C400&ssl=1 2x"},"classes":[]},{"id":48577,"url":"https:\/\/lasprimeras.com.do\/index.php\/2023\/05\/02\/evacuan-pasajeros-de-avion-que-derramo-combustible-antes-de-despegar-del-aila\/","url_meta":{"origin":104729,"position":2},"title":"Evac\u00faan pasajeros de avi\u00f3n que derram\u00f3 combustible antes de despegar del AILA","author":"prenxa100","date":"2 de mayo de 2023","format":false,"excerpt":"SANTO DOMNGO, ESTE.-. Un avi\u00f3n que se dispon\u00eda a despegar este martes desde el Aeropuerto Internacional de Las Am\u00e9ricas tuvo que ser evacuado por un derramamiento de combustible en una de sus alas. Se trata del vuelo n\u00famero 1472 que partir\u00eda a las 6:00 de la ma\u00f1ana con destino a\u2026","rel":"","context":"En \u00abNACIONALES\u00bb","block_context":{"text":"NACIONALES","link":"https:\/\/lasprimeras.com.do\/index.php\/category\/nacionales\/"},"img":{"alt_text":"","src":"","width":0,"height":0},"classes":[]},{"id":52507,"url":"https:\/\/lasprimeras.com.do\/index.php\/2023\/06\/10\/exploto-deposito-de-combustible-clandestino-entre-nanawa-y-clorinda\/","url_meta":{"origin":104729,"position":3},"title":"Explot\u00f3 dep\u00f3sito de combustible clandestino entre Nanawa y Clorinda","author":"prenxa100","date":"10 de junio de 2023","format":false,"excerpt":"El momento fue viralizado a trav\u00e9s de un video y ocurri\u00f3 en el barrio 25 de Mayo. Se presume que siete tanques de combustibles estaban en una camioneta cuando se produjo la explosi\u00f3n. La explosi\u00f3n provoc\u00f3 un incendio de gran magnitud que afect\u00f3 a tres casas aleda\u00f1as, no se reportaron\u2026","rel":"","context":"En \u00abSin categor\u00eda\u00bb","block_context":{"text":"Sin categor\u00eda","link":"https:\/\/lasprimeras.com.do\/index.php\/category\/sin-categoria\/"},"img":{"alt_text":"","src":"","width":0,"height":0},"classes":[]},{"id":59830,"url":"https:\/\/lasprimeras.com.do\/index.php\/2023\/09\/07\/mpresa-dice-implementa-medidas-adicionales-tras-derrame-en-barcazas-de-azua\/","url_meta":{"origin":104729,"position":4},"title":"mpresa dice implementa &#8220;medidas adicionales&#8221; tras derrame en barcazas de Azua","author":"Nelson Feliz","date":"7 de septiembre de 2023","format":false,"excerpt":"La empresa Karadeniz Powership, encargada de las operaciones de las barcazas ubicadas en Los Negros, provincia Azua, inform\u00f3 que ha implementado medidas adicionales en sus instalaciones, tras el derrame registrado la semana pasada en la planta. \"Tras realizar un detallado an\u00e1lisis del incidente, hemos implementado medidas adicionales en nuestras instalaciones.\u2026","rel":"","context":"En \u00abNACIONALES\u00bb","block_context":{"text":"NACIONALES","link":"https:\/\/lasprimeras.com.do\/index.php\/category\/nacionales\/"},"img":{"alt_text":"","src":"https:\/\/i0.wp.com\/lasprimeras.com.do\/wp-content\/uploads\/2023\/09\/barcaza.jpg?resize=350%2C200&ssl=1","width":350,"height":200,"srcset":"https:\/\/i0.wp.com\/lasprimeras.com.do\/wp-content\/uploads\/2023\/09\/barcaza.jpg?resize=350%2C200&ssl=1 1x, https:\/\/i0.wp.com\/lasprimeras.com.do\/wp-content\/uploads\/2023\/09\/barcaza.jpg?resize=525%2C300&ssl=1 1.5x, https:\/\/i0.wp.com\/lasprimeras.com.do\/wp-content\/uploads\/2023\/09\/barcaza.jpg?resize=700%2C400&ssl=1 2x"},"classes":[]},{"id":103877,"url":"https:\/\/lasprimeras.com.do\/index.php\/2025\/07\/19\/buscan-contener-derrame-de-combustible-en-rio-en-washington-tras-volcadura-de-camion-cisterna\/","url_meta":{"origin":104729,"position":5},"title":"Buscan contener derrame de combustible en r\u00edo en Washington tras volcadura de cami\u00f3n cisterna","author":"Nelson Feliz","date":"19 de julio de 2025","format":false,"excerpt":"POR MARTHA BELLISLE and HALLIE GOLDEN Las cuadrillas de limpieza intentan contener el s\u00e1bado el combustible que se filtr\u00f3 de un cami\u00f3n cisterna que se estrell\u00f3 y volc\u00f3 en la Pen\u00ednsula Ol\u00edmpica de Washington, derramando el combustible en un afluente de un r\u00edo que hab\u00eda sido restaurado recientemente para el\u2026","rel":"","context":"En \u00abINTERNACIONALES\u00bb","block_context":{"text":"INTERNACIONALES","link":"https:\/\/lasprimeras.com.do\/index.php\/category\/sin-categoria\/internacionales\/"},"img":{"alt_text":"","src":"https:\/\/i0.wp.com\/lasprimeras.com.do\/wp-content\/uploads\/2025\/07\/combustibles.jpg?resize=350%2C200&ssl=1","width":350,"height":200,"srcset":"https:\/\/i0.wp.com\/lasprimeras.com.do\/wp-content\/uploads\/2025\/07\/combustibles.jpg?resize=350%2C200&ssl=1 1x, https:\/\/i0.wp.com\/lasprimeras.com.do\/wp-content\/uploads\/2025\/07\/combustibles.jpg?resize=525%2C300&ssl=1 1.5x, https:\/\/i0.wp.com\/lasprimeras.com.do\/wp-content\/uploads\/2025\/07\/combustibles.jpg?resize=700%2C400&ssl=1 2x"},"classes":[]}],"jetpack_sharing_enabled":true,"_links":{"self":[{"href":"https:\/\/lasprimeras.com.do\/index.php\/wp-json\/wp\/v2\/posts\/104729","targetHints":{"allow":["GET"]}}],"collection":[{"href":"https:\/\/lasprimeras.com.do\/index.php\/wp-json\/wp\/v2\/posts"}],"about":[{"href":"https:\/\/lasprimeras.com.do\/index.php\/wp-json\/wp\/v2\/types\/post"}],"author":[{"embeddable":true,"href":"https:\/\/lasprimeras.com.do\/index.php\/wp-json\/wp\/v2\/users\/10"}],"replies":[{"embeddable":true,"href":"https:\/\/lasprimeras.com.do\/index.php\/wp-json\/wp\/v2\/comments?post=104729"}],"version-history":[{"count":2,"href":"https:\/\/lasprimeras.com.do\/index.php\/wp-json\/wp\/v2\/posts\/104729\/revisions"}],"predecessor-version":[{"id":104740,"href":"https:\/\/lasprimeras.com.do\/index.php\/wp-json\/wp\/v2\/posts\/104729\/revisions\/104740"}],"wp:featuredmedia":[{"embeddable":true,"href":"https:\/\/lasprimeras.com.do\/index.php\/wp-json\/wp\/v2\/media\/104730"}],"wp:attachment":[{"href":"https:\/\/lasprimeras.com.do\/index.php\/wp-json\/wp\/v2\/media?parent=104729"}],"wp:term":[{"taxonomy":"category","embeddable":true,"href":"https:\/\/lasprimeras.com.do\/index.php\/wp-json\/wp\/v2\/categories?post=104729"},{"taxonomy":"post_tag","embeddable":true,"href":"https:\/\/lasprimeras.com.do\/index.php\/wp-json\/wp\/v2\/tags?post=104729"}],"curies":[{"name":"wp","href":"https:\/\/api.w.org\/{rel}","templated":true}]}}