{"id":104744,"date":"2025-07-27T14:26:43","date_gmt":"2025-07-27T18:26:43","guid":{"rendered":"https:\/\/lasprimeras.com.do\/?p=104744"},"modified":"2025-07-27T14:26:46","modified_gmt":"2025-07-27T18:26:46","slug":"jce-celebra-elecciones-infantiles-en-el-campamento-exploradores-de-la-democracia-en-santiago-gana-el-valor-justicia","status":"publish","type":"post","link":"https:\/\/lasprimeras.com.do\/index.php\/2025\/07\/27\/jce-celebra-elecciones-infantiles-en-el-campamento-exploradores-de-la-democracia-en-santiago-gana-el-valor-justicia\/","title":{"rendered":"JCE celebra elecciones infantiles en el campamento \u201cExploradores de la Democracia\u201d en Santiago; gana el valor \u201cJusticia\u201d"},"content":{"rendered":"\n<p>Como parte de las actividades que se desarrollan en la tercera edici\u00f3n del \u201cCampamento de Verano Infantil Exploradores de la Democracia\u201d, los miembros titulares de la Junta Central Electoral (JCE), Dolores Altagracia Fern\u00e1ndez y Rafael Armando Vallejo Santelises, encabezaron este jueves la celebraci\u00f3n de las elecciones infantiles, en el Country Club de Santiago de los Caballeros.<\/p>\n\n\n\n<p>Acompa\u00f1aron a los miembros titulares los directores de Gesti\u00f3n Humana, Ariel Liranzo; de Elecciones, Mario N\u00fa\u00f1ez; de Comunicaciones, Suedi Le\u00f3n y otros funcionarios de la JCE.<\/p>\n\n\n\n<p>Para las elecciones infantiles de este jueves fueron asignados simb\u00f3licamente como \u201ccandidatos y candidatas\u201d los valores representados en \u201cla Justicia\u201d, que qued\u00f3 en primer lugar con un 44 %; \u201cResponsabilidad\u201d, obtuvo un 20 %; \u201cHonestidad\u201d, un 19%; e \u201cIgualdad\u201d, un 17 %.<\/p>\n\n\n\n<p>Previo al escrutinio, la miembro titular del Pleno, Dolores Fern\u00e1ndez S\u00e1nchez, dirigi\u00f3 las palabras de inicio de la actividad, quien expres\u00f3 a los ni\u00f1os y ni\u00f1as que iban a participar en unas elecciones especiales para elegir valores, \u201cque son los que nos hacen ser mejores personas\u201d.<\/p>\n\n\n\n<p>Fern\u00e1ndez indic\u00f3 que la JCE, a trav\u00e9s de estas elecciones infantiles, busca una cultura de paz y para que estos ni\u00f1os y ni\u00f1as, cuando tengan 18 a\u00f1os, puedan ejercer su derecho al voto con plena conciencia de su importancia.<\/p>\n\n\n\n<p>De su lado, el director nacional de Elecciones, Mario N\u00fa\u00f1ez, interactu\u00f3 con los ni\u00f1os a quienes explic\u00f3 en qu\u00e9 consist\u00eda el proceso de votaci\u00f3n electoral, espacio en donde tambi\u00e9n se puso en pr\u00e1ctica el registro y firma que indica cuando el ciudadano se verifica en el padr\u00f3n para las elecciones.<\/p>\n\n\n\n<p>Esta din\u00e1mica se realiza con el objetivo de incentivar la importancia de la democracia en los ni\u00f1os participantes y que estos tengan la oportunidad de aprender que este es un tipo de instituci\u00f3n del Estado en la cual las decisiones colectivas son adoptadas por el pueblo mediante herramientas de participaci\u00f3n directa o indirecta que confieren legitimidad a sus representantes.<\/p>\n\n\n\n<p>El campamento de verano fue inaugurado este domingo 21 donde las jornadas diarias se desarrollan de 8:30 de la ma\u00f1ana a 3:30 de la tarde.<\/p>\n","protected":false},"excerpt":{"rendered":"<p>Como parte de las actividades que se desarrollan en la tercera edici\u00f3n del \u201cCampamento de Verano Infantil Exploradores de la Democracia\u201d, los miembros titulares de la Junta Central Electoral (JCE),&hellip;<\/p>\n","protected":false},"author":10,"featured_media":104745,"comment_status":"open","ping_status":"open","sticky":false,"template":"","format":"standard","meta":{"content-type":"","jetpack_post_was_ever_published":false,"_jetpack_newsletter_access":"","_jetpack_dont_email_post_to_subs":false,"_jetpack_newsletter_tier_id":0,"_jetpack_memberships_contains_paywalled_content":false,"_jetpack_memberships_contains_paid_content":false,"footnotes":""},"categories":[35],"tags":[5252,1304,182,22293,223,4715,183,443,1049,22294],"class_list":["post-104744","post","type-post","status-publish","format-standard","has-post-thumbnail","hentry","category-nacionales","tag-campamento","tag-celebra","tag-elecciones","tag-exploradores-de-la-democracia","tag-gana","tag-infantiles","tag-jce","tag-justicia","tag-santiago","tag-valor"],"jetpack_featured_media_url":"https:\/\/lasprimeras.com.do\/wp-content\/uploads\/2025\/07\/Elecciones-C-2.jpg","jetpack-related-posts":[{"id":86489,"url":"https:\/\/lasprimeras.com.do\/index.php\/2024\/07\/26\/jce-celebra-elecciones-infantiles-durante-campamento-de-verano\/","url_meta":{"origin":104744,"position":0},"title":"JCE celebra elecciones infantiles durante campamento de verano","author":"Nelson Feliz","date":"26 de julio de 2024","format":false,"excerpt":"Gan\u00f3 nueva vez el valor \u201cJusticia\u201d con un 45 % La Junta Central Electoral (JCE) realiz\u00f3 por segunda ocasi\u00f3n las elecciones infantiles durante la celebraci\u00f3n del campamento de verano \"Exploradores de la Democracia 2024\", dirigido a los hijos e hijas de los colaboradores y colaboradoras de la instituci\u00f3n. Estas elecciones\u2026","rel":"","context":"En \u00abNACIONALES\u00bb","block_context":{"text":"NACIONALES","link":"https:\/\/lasprimeras.com.do\/index.php\/category\/nacionales\/"},"img":{"alt_text":"JCE","src":"https:\/\/i0.wp.com\/lasprimeras.com.do\/wp-content\/uploads\/2024\/07\/JCE-1-1.jpg?resize=350%2C200&ssl=1","width":350,"height":200,"srcset":"https:\/\/i0.wp.com\/lasprimeras.com.do\/wp-content\/uploads\/2024\/07\/JCE-1-1.jpg?resize=350%2C200&ssl=1 1x, https:\/\/i0.wp.com\/lasprimeras.com.do\/wp-content\/uploads\/2024\/07\/JCE-1-1.jpg?resize=525%2C300&ssl=1 1.5x, https:\/\/i0.wp.com\/lasprimeras.com.do\/wp-content\/uploads\/2024\/07\/JCE-1-1.jpg?resize=700%2C400&ssl=1 2x"},"classes":[]},{"id":55588,"url":"https:\/\/lasprimeras.com.do\/index.php\/2023\/07\/23\/jce-realiza-primeras-elecciones-infantiles-donde-resulto-ganador-el-valor-justicia\/","url_meta":{"origin":104744,"position":1},"title":"JCE realiza primeras elecciones infantiles donde result\u00f3 ganador el valor &#8220;Justicia&#8221;","author":"Nelson Feliz","date":"23 de julio de 2023","format":false,"excerpt":"La Junta Central Electoral (JCE) realiz\u00f3 las primeras elecciones infantiles en el marco del desarrollo de su primer campamento de verano \"Exploradores de la Democracia\", dirigido a los hijos e hijas de los colaboradores y colaboradoras de la instituci\u00f3n. Este ejercicio se realiz\u00f3 con el objetivo de que los menores,\u2026","rel":"","context":"En \u00abNACIONALES\u00bb","block_context":{"text":"NACIONALES","link":"https:\/\/lasprimeras.com.do\/index.php\/category\/nacionales\/"},"img":{"alt_text":"","src":"https:\/\/i0.wp.com\/lasprimeras.com.do\/wp-content\/uploads\/2023\/07\/Elecciones-Infantiles-1.jpg?resize=350%2C200&ssl=1","width":350,"height":200,"srcset":"https:\/\/i0.wp.com\/lasprimeras.com.do\/wp-content\/uploads\/2023\/07\/Elecciones-Infantiles-1.jpg?resize=350%2C200&ssl=1 1x, https:\/\/i0.wp.com\/lasprimeras.com.do\/wp-content\/uploads\/2023\/07\/Elecciones-Infantiles-1.jpg?resize=525%2C300&ssl=1 1.5x, https:\/\/i0.wp.com\/lasprimeras.com.do\/wp-content\/uploads\/2023\/07\/Elecciones-Infantiles-1.jpg?resize=700%2C400&ssl=1 2x"},"classes":[]},{"id":108429,"url":"https:\/\/lasprimeras.com.do\/index.php\/2025\/09\/05\/pleno-jce-recibe-propuestas-para-aspirantes-a-miembros-de-juntas-electorales-en-santiago-la-vega-y-sfm\/","url_meta":{"origin":104744,"position":2},"title":"Pleno JCE recibe propuestas para aspirantes a miembros de Juntas Electorales en Santiago, La Vega y SFM","author":"Nelson Feliz","date":"5 de septiembre de 2025","format":false,"excerpt":"El Pleno de la Junta Central Electoral (JCE) recibi\u00f3 esta semana las propuestas de aspirantes a miembros de Juntas Electorales en los municipios de Santiago, La Vega y San Francisco de Macor\u00eds, con miras a las elecciones de 2028. Este proceso forma parte de los esfuerzos de la JCE para\u2026","rel":"","context":"En \u00abNACIONALES\u00bb","block_context":{"text":"NACIONALES","link":"https:\/\/lasprimeras.com.do\/index.php\/category\/nacionales\/"},"img":{"alt_text":"","src":"https:\/\/i0.wp.com\/lasprimeras.com.do\/wp-content\/uploads\/2025\/09\/ROMAN-JAQUEZ.jpg?resize=350%2C200&ssl=1","width":350,"height":200,"srcset":"https:\/\/i0.wp.com\/lasprimeras.com.do\/wp-content\/uploads\/2025\/09\/ROMAN-JAQUEZ.jpg?resize=350%2C200&ssl=1 1x, https:\/\/i0.wp.com\/lasprimeras.com.do\/wp-content\/uploads\/2025\/09\/ROMAN-JAQUEZ.jpg?resize=525%2C300&ssl=1 1.5x, https:\/\/i0.wp.com\/lasprimeras.com.do\/wp-content\/uploads\/2025\/09\/ROMAN-JAQUEZ.jpg?resize=700%2C400&ssl=1 2x"},"classes":[]},{"id":102537,"url":"https:\/\/lasprimeras.com.do\/index.php\/2025\/07\/06\/jce-iespec-gradua-en-administracion-electoral-a-200-miembros-de-organizaciones-politicas\/","url_meta":{"origin":104744,"position":3},"title":"JCE-IESPEC grad\u00faa en Administraci\u00f3n Electoral a 200 miembros de organizaciones pol\u00edticas","author":"Nelson Feliz","date":"6 de julio de 2025","format":false,"excerpt":"Anuncian Licenciatura en Administraci\u00f3n Electoral para el a\u00f1o 2026. La Junta Central Electoral (JCE), a trav\u00e9s del Instituto Especializado Superior en Formaci\u00f3n Pol\u00edtica Electoral y del Estado Civil (IESPEC), celebr\u00f3 este s\u00e1bado en el Auditorio de la instituci\u00f3n, la graduaci\u00f3n de 200 miembros de partidos, agrupaciones y movimientos pol\u00edticos, quienes\u2026","rel":"","context":"En \u00abNACIONALES\u00bb","block_context":{"text":"NACIONALES","link":"https:\/\/lasprimeras.com.do\/index.php\/category\/nacionales\/"},"img":{"alt_text":"","src":"https:\/\/i0.wp.com\/lasprimeras.com.do\/wp-content\/uploads\/2025\/07\/JCE-1.jpg?resize=350%2C200&ssl=1","width":350,"height":200,"srcset":"https:\/\/i0.wp.com\/lasprimeras.com.do\/wp-content\/uploads\/2025\/07\/JCE-1.jpg?resize=350%2C200&ssl=1 1x, https:\/\/i0.wp.com\/lasprimeras.com.do\/wp-content\/uploads\/2025\/07\/JCE-1.jpg?resize=525%2C300&ssl=1 1.5x, https:\/\/i0.wp.com\/lasprimeras.com.do\/wp-content\/uploads\/2025\/07\/JCE-1.jpg?resize=700%2C400&ssl=1 2x"},"classes":[]},{"id":123087,"url":"https:\/\/lasprimeras.com.do\/index.php\/2026\/02\/25\/jce-presenta-calendario-electoral-para-las-elecciones-de-2028\/","url_meta":{"origin":104744,"position":4},"title":"JCE presenta calendario electoral para las elecciones de 2028","author":"Nelson Feliz","date":"25 de febrero de 2026","format":false,"excerpt":"La Junta Central Electoral,tambi\u00e9n presento el Libro de Resultados Electorales 2024 La Junta Central Electoral (JCE), a trav\u00e9s de su Direcci\u00f3n Nacional de Elecciones, present\u00f3 este mi\u00e9rcoles a los partidos, agrupaciones y movimientos pol\u00edticos reconocidos ante la instituci\u00f3n, la sociedad civil y medios de comunicaci\u00f3n, el calendario de actividades administrativas\u2026","rel":"","context":"En \u00abNACIONALES\u00bb","block_context":{"text":"NACIONALES","link":"https:\/\/lasprimeras.com.do\/index.php\/category\/nacionales\/"},"img":{"alt_text":"","src":"https:\/\/i0.wp.com\/lasprimeras.com.do\/wp-content\/uploads\/2026\/02\/Calendario-03.jpg?resize=350%2C200&ssl=1","width":350,"height":200,"srcset":"https:\/\/i0.wp.com\/lasprimeras.com.do\/wp-content\/uploads\/2026\/02\/Calendario-03.jpg?resize=350%2C200&ssl=1 1x, https:\/\/i0.wp.com\/lasprimeras.com.do\/wp-content\/uploads\/2026\/02\/Calendario-03.jpg?resize=525%2C300&ssl=1 1.5x, https:\/\/i0.wp.com\/lasprimeras.com.do\/wp-content\/uploads\/2026\/02\/Calendario-03.jpg?resize=700%2C400&ssl=1 2x"},"classes":[]},{"id":110962,"url":"https:\/\/lasprimeras.com.do\/index.php\/2025\/10\/02\/jce-recibe-propuestas-para-aspirantes-a-miembros-de-la-junta-electoral-del-dn\/","url_meta":{"origin":104744,"position":5},"title":"JCE recibe propuestas para aspirantes a miembros de la Junta Electoral del DN","author":"Nelson Feliz","date":"2 de octubre de 2025","format":false,"excerpt":"La Junta Central Electoral (JCE) recibi\u00f3 el mi\u00e9rcoles 177 propuestas de aspirantes a miembros de la Junta Electoral en el Distrito Nacional con miras a las elecciones de 2028, de los cuales 110 mujeres aspiran a formar parte de la misma. El \u00f3rgano electoral se encuentra en la sexta semana\u2026","rel":"","context":"En \u00abNACIONALES\u00bb","block_context":{"text":"NACIONALES","link":"https:\/\/lasprimeras.com.do\/index.php\/category\/nacionales\/"},"img":{"alt_text":"","src":"https:\/\/i0.wp.com\/lasprimeras.com.do\/wp-content\/uploads\/2025\/10\/JCE.jpg?resize=350%2C200&ssl=1","width":350,"height":200,"srcset":"https:\/\/i0.wp.com\/lasprimeras.com.do\/wp-content\/uploads\/2025\/10\/JCE.jpg?resize=350%2C200&ssl=1 1x, https:\/\/i0.wp.com\/lasprimeras.com.do\/wp-content\/uploads\/2025\/10\/JCE.jpg?resize=525%2C300&ssl=1 1.5x, https:\/\/i0.wp.com\/lasprimeras.com.do\/wp-content\/uploads\/2025\/10\/JCE.jpg?resize=700%2C400&ssl=1 2x"},"classes":[]}],"jetpack_sharing_enabled":true,"_links":{"self":[{"href":"https:\/\/lasprimeras.com.do\/index.php\/wp-json\/wp\/v2\/posts\/104744","targetHints":{"allow":["GET"]}}],"collection":[{"href":"https:\/\/lasprimeras.com.do\/index.php\/wp-json\/wp\/v2\/posts"}],"about":[{"href":"https:\/\/lasprimeras.com.do\/index.php\/wp-json\/wp\/v2\/types\/post"}],"author":[{"embeddable":true,"href":"https:\/\/lasprimeras.com.do\/index.php\/wp-json\/wp\/v2\/users\/10"}],"replies":[{"embeddable":true,"href":"https:\/\/lasprimeras.com.do\/index.php\/wp-json\/wp\/v2\/comments?post=104744"}],"version-history":[{"count":1,"href":"https:\/\/lasprimeras.com.do\/index.php\/wp-json\/wp\/v2\/posts\/104744\/revisions"}],"predecessor-version":[{"id":104746,"href":"https:\/\/lasprimeras.com.do\/index.php\/wp-json\/wp\/v2\/posts\/104744\/revisions\/104746"}],"wp:featuredmedia":[{"embeddable":true,"href":"https:\/\/lasprimeras.com.do\/index.php\/wp-json\/wp\/v2\/media\/104745"}],"wp:attachment":[{"href":"https:\/\/lasprimeras.com.do\/index.php\/wp-json\/wp\/v2\/media?parent=104744"}],"wp:term":[{"taxonomy":"category","embeddable":true,"href":"https:\/\/lasprimeras.com.do\/index.php\/wp-json\/wp\/v2\/categories?post=104744"},{"taxonomy":"post_tag","embeddable":true,"href":"https:\/\/lasprimeras.com.do\/index.php\/wp-json\/wp\/v2\/tags?post=104744"}],"curies":[{"name":"wp","href":"https:\/\/api.w.org\/{rel}","templated":true}]}}