{"id":104747,"date":"2025-07-27T14:34:37","date_gmt":"2025-07-27T18:34:37","guid":{"rendered":"https:\/\/lasprimeras.com.do\/?p=104747"},"modified":"2025-07-27T14:34:39","modified_gmt":"2025-07-27T18:34:39","slug":"por-talento-promueve-inclusion-laboral-de-personas-con-discapacidad-en-la-zona-fronteriza","status":"publish","type":"post","link":"https:\/\/lasprimeras.com.do\/index.php\/2025\/07\/27\/por-talento-promueve-inclusion-laboral-de-personas-con-discapacidad-en-la-zona-fronteriza\/","title":{"rendered":"&#8220;Por Talento&#8221; promueve inclusi\u00f3n laboral de personas con discapacidad en la zona fronteriza"},"content":{"rendered":"\n<p>Medio centenar de personas participaron en jornadas de capacitaci\u00f3n orientadas a promover un trato digno hacia las personas con discapacidad y a fortalecer sus habilidades para la inserci\u00f3n laboral, en el marco del proyecto Por Talento, una iniciativa que impulsa la inclusi\u00f3n laboral en Rep\u00fablica Dominicana.<\/p>\n\n\n\n<p>Promovido por la Fundaci\u00f3n ONCE y el BID Lab, Por Talento es ejecutado en el pa\u00eds por Programa de las Naciones Unidas para el Desarrollo (PNUD), en colaboraci\u00f3n con el Consejo Nacional de Discapacidad (CONADIS), y el Ministerio de Trabajo.<\/p>\n\n\n\n<p>Este esfuerzo compartido busca mejorar las capacidades y oportunidades de las personas con discapacidad y tambi\u00e9n generar espacios de empleabilidad dentro del tejido productivo. Los talleres realizados en la regi\u00f3n norte tambi\u00e9n contaron con el apoyo de la Asociaci\u00f3n de Personas con Discapacidad de Dajab\u00f3n (ASOPEDIDA).<\/p>\n\n\n\n<p>En las jornadas, celebradas los d\u00edas 16 y 17 de julio, se impartieron dos formaciones: \u201cSensibilizaci\u00f3n y trato digno hacia las personas con discapacidad\u201d, dirigido a empresas locales; y \u201cT\u00e9cnicas para la b\u00fasqueda de empleo\u201d, dirigido a personas con discapacidad de ambas provincias.<\/p>\n\n\n\n<p>Los talleres ofrecieron herramientas pr\u00e1cticas para fomentar la igualdad de oportunidades, mejorar la empleabilidad y promover espacios laborales inclusivos, generando un impacto positivo tanto para los participantes como para las comunidades locales.<\/p>\n\n\n\n<p>\u201cEl verdadero desarrollo se logra cuando nadie queda atr\u00e1s. La inclusi\u00f3n laboral de las personas con discapacidad es un paso esencial hacia una sociedad m\u00e1s equitativa y resiliente,\u201d expres\u00f3 Pedro Reyes, coordinador de Salud, Inclusi\u00f3n y Derechos Humanos del Programa de las Naciones Unidas para el Desarrollo (PNUD) en la Rep\u00fablica Dominicana.<\/p>\n\n\n\n<p>Como parte de las acciones del proyecto Por Talento en la regi\u00f3n noroeste de Rep\u00fablica Dominicana, tambi\u00e9n se lleva a cabo en Dajab\u00f3n un curso de Alfabetizaci\u00f3n Digital dirigido a personas con discapacidad, con el objetivo de fortalecer sus competencias tecnol\u00f3gicas y ampliar sus oportunidades de empleo. La capacitaci\u00f3n, que se desarrolla en el aula del INFRONTEC beneficia a 22 participantes con discapacidad.<\/p>\n\n\n\n<p>Esta iniciativa ha sido posible gracias a la colaboraci\u00f3n ASOPEDIDA, demostrando el poder de las alianzas locales para avanzar hacia una inclusi\u00f3n laboral efectiva.<\/p>\n","protected":false},"excerpt":{"rendered":"<p>Medio centenar de personas participaron en jornadas de capacitaci\u00f3n orientadas a promover un trato digno hacia las personas con discapacidad y a fortalecer sus habilidades para la inserci\u00f3n laboral, en&hellip;<\/p>\n","protected":false},"author":10,"featured_media":104748,"comment_status":"open","ping_status":"open","sticky":false,"template":"","format":"standard","meta":{"content-type":"","jetpack_post_was_ever_published":false,"_jetpack_newsletter_access":"","_jetpack_dont_email_post_to_subs":false,"_jetpack_newsletter_tier_id":0,"_jetpack_memberships_contains_paywalled_content":false,"_jetpack_memberships_contains_paid_content":false,"footnotes":""},"categories":[35],"tags":[4191,22296,412,22295,3518],"class_list":["post-104747","post","type-post","status-publish","format-standard","has-post-thumbnail","hentry","category-nacionales","tag-discapacidad","tag-inclusion-laboral","tag-personas","tag-por-talento","tag-zona-fronteriza"],"jetpack_featured_media_url":"https:\/\/lasprimeras.com.do\/wp-content\/uploads\/2025\/07\/discapacidad.jpg","jetpack-related-posts":[{"id":96473,"url":"https:\/\/lasprimeras.com.do\/index.php\/2025\/04\/01\/ministro-de-trabajo-ferias-de-empleo-para-personas-con-discapacidad\/","url_meta":{"origin":104747,"position":0},"title":"Ministro de Trabajo: \u201cFerias de empleo para personas con Discapacidad\u201d","author":"Nelson Feliz","date":"1 de abril de 2025","format":false,"excerpt":"El Ministro de Trabajo, Eddy Olivares Ortega, manifest\u00f3 que la realizaci\u00f3n de ferias de empleo para personas con discapacidad reafirma el compromiso de la igualdad de oportunidades y no discriminaci\u00f3n. Olivares Ortega, asegur\u00f3 que estas iniciativas no solo representan un paso firme hacia una sociedad m\u00e1s equitativa, sino que tambi\u00e9n\u2026","rel":"","context":"En \u00abECONOM\u00cdA\u00bb","block_context":{"text":"ECONOM\u00cdA","link":"https:\/\/lasprimeras.com.do\/index.php\/category\/economia\/"},"img":{"alt_text":"","src":"https:\/\/i0.wp.com\/lasprimeras.com.do\/wp-content\/uploads\/2025\/04\/ferias.jpg?resize=350%2C200&ssl=1","width":350,"height":200,"srcset":"https:\/\/i0.wp.com\/lasprimeras.com.do\/wp-content\/uploads\/2025\/04\/ferias.jpg?resize=350%2C200&ssl=1 1x, https:\/\/i0.wp.com\/lasprimeras.com.do\/wp-content\/uploads\/2025\/04\/ferias.jpg?resize=525%2C300&ssl=1 1.5x, https:\/\/i0.wp.com\/lasprimeras.com.do\/wp-content\/uploads\/2025\/04\/ferias.jpg?resize=700%2C400&ssl=1 2x"},"classes":[]},{"id":60780,"url":"https:\/\/lasprimeras.com.do\/index.php\/2023\/09\/18\/ministerio-de-trabajo-fortalecera-insercion-laboral-inclusiva-dentro-del-programa-rd-trabaja\/","url_meta":{"origin":104747,"position":1},"title":"Ministerio de Trabajo fortalecer\u00e1 inserci\u00f3n laboral inclusiva dentro del programa RD Trabaja","author":"Nelson Feliz","date":"18 de septiembre de 2023","format":false,"excerpt":"Luis Miguel De Camps Garc\u00eda destaca que RD Trabaja entra en una segunda etapa con reforzamiento de inclusi\u00f3n laboral, con acciones concretas para continuar el acceso al empleo sin discriminaci\u00f3n. El Ministerio de Trabajo a trav\u00e9s de la Direcci\u00f3n de Igualdad de Oportunidades y No Discriminaci\u00f3n, as\u00ed como del Servicio\u2026","rel":"","context":"En \u00abECONOM\u00cdA\u00bb","block_context":{"text":"ECONOM\u00cdA","link":"https:\/\/lasprimeras.com.do\/index.php\/category\/economia\/"},"img":{"alt_text":"Luis Miguel De Camps Garc\u00eda","src":"https:\/\/i0.wp.com\/lasprimeras.com.do\/wp-content\/uploads\/2023\/09\/Luis-Miguel-De-Camps-Garcia.jpg?resize=350%2C200&ssl=1","width":350,"height":200},"classes":[]},{"id":96467,"url":"https:\/\/lasprimeras.com.do\/index.php\/2025\/04\/01\/abinader-dice-gobierno-prioriza-politicas-dirigidas-a-la-poblacion-con-discapacidad\/","url_meta":{"origin":104747,"position":2},"title":"Abinader dice Gobierno prioriza pol\u00edticas dirigidas a la poblaci\u00f3n con discapacidad","author":"Nelson Feliz","date":"1 de abril de 2025","format":false,"excerpt":"El presidente Luis Abinader expres\u00f3 este lunes que el Gobierno ha intensificado sus esfuerzos en favor de la inclusi\u00f3n de personas con discapacidad, logrando la inserci\u00f3n de m\u00e1s de 400 ciudadanos en el mercado laboral y que adem\u00e1s el Fondo Nacional para la Ni\u00f1ez y Adolescencia con Discapacidad ha beneficiado\u2026","rel":"","context":"En \u00abECONOM\u00cdA\u00bb","block_context":{"text":"ECONOM\u00cdA","link":"https:\/\/lasprimeras.com.do\/index.php\/category\/economia\/"},"img":{"alt_text":"","src":"https:\/\/i0.wp.com\/lasprimeras.com.do\/wp-content\/uploads\/2025\/04\/Luis-Abinader-2.jpg?resize=350%2C200&ssl=1","width":350,"height":200,"srcset":"https:\/\/i0.wp.com\/lasprimeras.com.do\/wp-content\/uploads\/2025\/04\/Luis-Abinader-2.jpg?resize=350%2C200&ssl=1 1x, https:\/\/i0.wp.com\/lasprimeras.com.do\/wp-content\/uploads\/2025\/04\/Luis-Abinader-2.jpg?resize=525%2C300&ssl=1 1.5x, https:\/\/i0.wp.com\/lasprimeras.com.do\/wp-content\/uploads\/2025\/04\/Luis-Abinader-2.jpg?resize=700%2C400&ssl=1 2x"},"classes":[]},{"id":90228,"url":"https:\/\/lasprimeras.com.do\/index.php\/2024\/10\/15\/dia-internacional-del-baston-blanco-promoviendo-la-inclusion-y-la-no-discriminacion\/","url_meta":{"origin":104747,"position":3},"title":"D\u00eda Internacional del Bast\u00f3n Blanco: Promoviendo la Inclusi\u00f3n y la No Discriminaci\u00f3n","author":"Nelson Feliz","date":"15 de octubre de 2024","format":false,"excerpt":"El Centro de Capacitaci\u00f3n para Ciegos, Cecapci, se une a la conmemoraci\u00f3n del D\u00eda Internacional del Bast\u00f3n Blanco, un s\u00edmbolo de independencia y movilidad para las personas con discapacidad visual. Este d\u00eda nos recuerda la importancia de la inclusi\u00f3n y el respeto hacia todos, sin importar sus capacidades. A menudo,\u2026","rel":"","context":"En \u00abNACIONALES\u00bb","block_context":{"text":"NACIONALES","link":"https:\/\/lasprimeras.com.do\/index.php\/category\/nacionales\/"},"img":{"alt_text":"","src":"https:\/\/i0.wp.com\/lasprimeras.com.do\/wp-content\/uploads\/2024\/10\/WhatsApp-Image-2024-10-15-at-10.20.52-AM.jpeg?resize=350%2C200&ssl=1","width":350,"height":200,"srcset":"https:\/\/i0.wp.com\/lasprimeras.com.do\/wp-content\/uploads\/2024\/10\/WhatsApp-Image-2024-10-15-at-10.20.52-AM.jpeg?resize=350%2C200&ssl=1 1x, https:\/\/i0.wp.com\/lasprimeras.com.do\/wp-content\/uploads\/2024\/10\/WhatsApp-Image-2024-10-15-at-10.20.52-AM.jpeg?resize=525%2C300&ssl=1 1.5x, https:\/\/i0.wp.com\/lasprimeras.com.do\/wp-content\/uploads\/2024\/10\/WhatsApp-Image-2024-10-15-at-10.20.52-AM.jpeg?resize=700%2C400&ssl=1 2x, https:\/\/i0.wp.com\/lasprimeras.com.do\/wp-content\/uploads\/2024\/10\/WhatsApp-Image-2024-10-15-at-10.20.52-AM.jpeg?resize=1050%2C600&ssl=1 3x"},"classes":[]},{"id":94062,"url":"https:\/\/lasprimeras.com.do\/index.php\/2025\/02\/24\/la-jce-y-el-centro-de-atencion-integral-para-la-discapacidad\/","url_meta":{"origin":104747,"position":4},"title":"La JCE y el Centro de Atenci\u00f3n Integral para la Discapacidad","author":"Nelson Feliz","date":"24 de febrero de 2025","format":false,"excerpt":"La miembro titular del Pleno de la Junta Central Electoral, Dolores Altagracia Fern\u00e1ndez S\u00e1nchez, se reuni\u00f3 con la directiva del Centro de Atenci\u00f3n Integral a la Discapacidad (CAIDRDO), con el fin de conocer en detalle los servicios que ofrece el centro y tratar temas relacionados con la colaboraci\u00f3n interinstitucional y\u2026","rel":"","context":"En \u00abNACIONALES\u00bb","block_context":{"text":"NACIONALES","link":"https:\/\/lasprimeras.com.do\/index.php\/category\/nacionales\/"},"img":{"alt_text":"","src":"https:\/\/i0.wp.com\/lasprimeras.com.do\/wp-content\/uploads\/2025\/02\/la-jce-y-el-centro-de-atencion-integral-para-la-discapacidad.jpg?resize=350%2C200&ssl=1","width":350,"height":200,"srcset":"https:\/\/i0.wp.com\/lasprimeras.com.do\/wp-content\/uploads\/2025\/02\/la-jce-y-el-centro-de-atencion-integral-para-la-discapacidad.jpg?resize=350%2C200&ssl=1 1x, https:\/\/i0.wp.com\/lasprimeras.com.do\/wp-content\/uploads\/2025\/02\/la-jce-y-el-centro-de-atencion-integral-para-la-discapacidad.jpg?resize=525%2C300&ssl=1 1.5x, https:\/\/i0.wp.com\/lasprimeras.com.do\/wp-content\/uploads\/2025\/02\/la-jce-y-el-centro-de-atencion-integral-para-la-discapacidad.jpg?resize=700%2C400&ssl=1 2x"},"classes":[]},{"id":57040,"url":"https:\/\/lasprimeras.com.do\/index.php\/2023\/08\/07\/cipesa-y-fundaciones-inician-curso-lengua-de-senas\/","url_meta":{"origin":104747,"position":5},"title":"Cipesa y fundaciones inician curso lengua de se\u00f1as","author":"Nelson Feliz","date":"7 de agosto de 2023","format":false,"excerpt":"Persiguen fomentar en los comunicadores la inclusi\u00f3n social de las personas con discapacidad auditiva. El C\u00edrculo de Periodistas de la Salud (Cipesa), la Fundaci\u00f3n de Discapacidad Manos Abiertas (Fundismaabi), y la Federaci\u00f3n Nacional de Discapacidad Dominicana (Fenadid), dejaron iniciado este s\u00e1bado el curso Lengua de Se\u00f1as, con el objetivo de\u2026","rel":"","context":"En \u00abSin categor\u00eda\u00bb","block_context":{"text":"Sin categor\u00eda","link":"https:\/\/lasprimeras.com.do\/index.php\/category\/sin-categoria\/"},"img":{"alt_text":"cipesa","src":"https:\/\/i0.wp.com\/lasprimeras.com.do\/wp-content\/uploads\/2023\/08\/cipesa.jpg?resize=350%2C200&ssl=1","width":350,"height":200,"srcset":"https:\/\/i0.wp.com\/lasprimeras.com.do\/wp-content\/uploads\/2023\/08\/cipesa.jpg?resize=350%2C200&ssl=1 1x, https:\/\/i0.wp.com\/lasprimeras.com.do\/wp-content\/uploads\/2023\/08\/cipesa.jpg?resize=525%2C300&ssl=1 1.5x, https:\/\/i0.wp.com\/lasprimeras.com.do\/wp-content\/uploads\/2023\/08\/cipesa.jpg?resize=700%2C400&ssl=1 2x"},"classes":[]}],"jetpack_sharing_enabled":true,"_links":{"self":[{"href":"https:\/\/lasprimeras.com.do\/index.php\/wp-json\/wp\/v2\/posts\/104747","targetHints":{"allow":["GET"]}}],"collection":[{"href":"https:\/\/lasprimeras.com.do\/index.php\/wp-json\/wp\/v2\/posts"}],"about":[{"href":"https:\/\/lasprimeras.com.do\/index.php\/wp-json\/wp\/v2\/types\/post"}],"author":[{"embeddable":true,"href":"https:\/\/lasprimeras.com.do\/index.php\/wp-json\/wp\/v2\/users\/10"}],"replies":[{"embeddable":true,"href":"https:\/\/lasprimeras.com.do\/index.php\/wp-json\/wp\/v2\/comments?post=104747"}],"version-history":[{"count":1,"href":"https:\/\/lasprimeras.com.do\/index.php\/wp-json\/wp\/v2\/posts\/104747\/revisions"}],"predecessor-version":[{"id":104749,"href":"https:\/\/lasprimeras.com.do\/index.php\/wp-json\/wp\/v2\/posts\/104747\/revisions\/104749"}],"wp:featuredmedia":[{"embeddable":true,"href":"https:\/\/lasprimeras.com.do\/index.php\/wp-json\/wp\/v2\/media\/104748"}],"wp:attachment":[{"href":"https:\/\/lasprimeras.com.do\/index.php\/wp-json\/wp\/v2\/media?parent=104747"}],"wp:term":[{"taxonomy":"category","embeddable":true,"href":"https:\/\/lasprimeras.com.do\/index.php\/wp-json\/wp\/v2\/categories?post=104747"},{"taxonomy":"post_tag","embeddable":true,"href":"https:\/\/lasprimeras.com.do\/index.php\/wp-json\/wp\/v2\/tags?post=104747"}],"curies":[{"name":"wp","href":"https:\/\/api.w.org\/{rel}","templated":true}]}}