{"id":104753,"date":"2025-07-27T14:50:40","date_gmt":"2025-07-27T18:50:40","guid":{"rendered":"https:\/\/lasprimeras.com.do\/?p=104753"},"modified":"2025-07-27T14:50:42","modified_gmt":"2025-07-27T18:50:42","slug":"fundacion-vida-azul-elimina-mas-de-129000-libras-de-basura-de-las-costas-dominicanas","status":"publish","type":"post","link":"https:\/\/lasprimeras.com.do\/index.php\/2025\/07\/27\/fundacion-vida-azul-elimina-mas-de-129000-libras-de-basura-de-las-costas-dominicanas\/","title":{"rendered":"&#8220;Fundaci\u00f3n Vida Azul&#8221; elimina m\u00e1s de 129,000 libras de basura de las Costas Dominicanas"},"content":{"rendered":"\n<p>La Fundaci\u00f3n Vida Azul anuncia con orgullo los resultados de sus jornadas de concienciaci\u00f3n y limpieza de costas realizadas durante el primer semestre del a\u00f1o, logrando la eliminaci\u00f3n de m\u00e1s de 129,000 libras de basura acumulada en playas y zonas costeras, evitando que estos residuos llegan al mar y afectar\u00e1n nuestros ecosistemas marinos.<\/p>\n\n\n\n<p>Este esfuerzo preventivo, realizado de manera continua en distintos puntos del pa\u00eds, evidencia el poder de la acci\u00f3n ciudadana para proteger el medio ambiente. La cifra exacta de residuos recolectados asciende a 129,009.58 libras, lo que refleja tanto la magnitud del reto ambiental como el compromiso de los cientos de voluntarios que se suman a cada jornada de forma activa y solidaria.<\/p>\n\n\n\n<p>La Fundaci\u00f3n Vida Azul agradece profundamente el apoyo de instituciones educativas, organizaciones comunitarias, empresas privadas y entidades gubernamentales. <\/p>\n\n\n\n<p>Entre los aliados clave se destacan: Ministerio de Educaci\u00f3n, ITSC, ISFODOSU, Juventud Progresista, Pollo Cibao, ERC, Deloitte, Profit, \u00c1gape, Crecer, Phoenix, Sofratesa, Colegio Saint Thomas, Colegio San Mart\u00edn de Porres, Compa\u00f1\u00eda Operadora Agua Tecca, Centro Educativo Profesor Luis Nolasco, Procompetencia, Ministerio de Medio Ambiente, Defensa Civil, Serviport y Oc\u00e9ano Limpio, entre otros.<\/p>\n\n\n\n<p>\u201cNos llena de esperanza ver c\u00f3mo cada vez m\u00e1s personas se suman a esta causa con pasi\u00f3n y compromiso,\u201d afirm\u00f3 \u00d3scar Oviedo, Presidente de Fundaci\u00f3n Vida Azul. <\/p>\n\n\n\n<p>\u201cCada libra de basura retirada representa una amenaza menos para nuestros r\u00edos, playas y oc\u00e9anos. Pero m\u00e1s all\u00e1 del n\u00famero, lo que realmente celebramos es la conciencia ambiental que sigue creciendo en nuestro pa\u00eds.\u201d<\/p>\n\n\n\n<p>Con la mirada puesta en el segundo semestre del a\u00f1o, la Fundaci\u00f3n reafirma su compromiso de seguir sumando esfuerzos para lograr un entorno m\u00e1s limpio, saludable y resiliente.<\/p>\n\n\n\n<p>Para conocer c\u00f3mo participar en las pr\u00f3ximas jornadas y formar parte del voluntariado, visita www.vidaazul.org y s\u00edguenos en Instagram (@fundacionvidaazul). \u00a1S\u00famate al movimiento por costas limpias y sostenibles!<\/p>\n","protected":false},"excerpt":{"rendered":"<p>La Fundaci\u00f3n Vida Azul anuncia con orgullo los resultados de sus jornadas de concienciaci\u00f3n y limpieza de costas realizadas durante el primer semestre del a\u00f1o, logrando la eliminaci\u00f3n de m\u00e1s&hellip;<\/p>\n","protected":false},"author":10,"featured_media":104754,"comment_status":"open","ping_status":"open","sticky":false,"template":"","format":"standard","meta":{"content-type":"","jetpack_post_was_ever_published":false,"_jetpack_newsletter_access":"","_jetpack_dont_email_post_to_subs":false,"_jetpack_newsletter_tier_id":0,"_jetpack_memberships_contains_paywalled_content":false,"_jetpack_memberships_contains_paid_content":false,"footnotes":""},"categories":[35],"tags":[22298,22299,22297],"class_list":["post-104753","post","type-post","status-publish","format-standard","has-post-thumbnail","hentry","category-nacionales","tag-129000-libras-de-basura","tag-costas-dominicanas","tag-fundacion-vida-azul"],"jetpack_featured_media_url":"https:\/\/lasprimeras.com.do\/wp-content\/uploads\/2025\/07\/basura-costas.jpg","jetpack-related-posts":[{"id":89310,"url":"https:\/\/lasprimeras.com.do\/index.php\/2024\/09\/21\/asde-y-acuario-nacional-realizan-jornada-de-limpieza-de-costas-en-el-dia-mundial-de-limpieza-de-playas\/","url_meta":{"origin":104753,"position":0},"title":"ASDE y Acuario Nacional realizan jornada de limpieza de costas en el \u201cD\u00eda Mundial de Limpieza de Playas\u201d","author":"Nelson Feliz","date":"21 de septiembre de 2024","format":false,"excerpt":"El Ayuntamiento de Santo Domingo Este, en coordinaci\u00f3n con el Acuario Nacional y el Ministerio de Medio Ambiente llev\u00f3 a cabo una exitosa jornada de limpieza de costas. La actividad se realiz\u00f3 en conmemoraci\u00f3n del D\u00eda Mundial de Limpieza de Playas, y cont\u00f3 con la participaci\u00f3n de cientos de j\u00f3venes\u2026","rel":"","context":"En \u00abNACIONALES\u00bb","block_context":{"text":"NACIONALES","link":"https:\/\/lasprimeras.com.do\/index.php\/category\/nacionales\/"},"img":{"alt_text":"jornada de limpieza de costas","src":"https:\/\/i0.wp.com\/lasprimeras.com.do\/wp-content\/uploads\/2024\/09\/jornada-de-limpieza-de-costas-1.jpg?resize=350%2C200&ssl=1","width":350,"height":200,"srcset":"https:\/\/i0.wp.com\/lasprimeras.com.do\/wp-content\/uploads\/2024\/09\/jornada-de-limpieza-de-costas-1.jpg?resize=350%2C200&ssl=1 1x, https:\/\/i0.wp.com\/lasprimeras.com.do\/wp-content\/uploads\/2024\/09\/jornada-de-limpieza-de-costas-1.jpg?resize=525%2C300&ssl=1 1.5x"},"classes":[]},{"id":60690,"url":"https:\/\/lasprimeras.com.do\/index.php\/2023\/09\/17\/retiran-mas-de-2000-kilos-de-basura-de-playa-el-gringo-en-haina\/","url_meta":{"origin":104753,"position":1},"title":"Retiran m\u00e1s de 2,000 kilos de basura de Playa El Gringo en Haina","author":"Nelson Feliz","date":"17 de septiembre de 2023","format":false,"excerpt":"Este fin de semana fueron retirados 2,000 kilos de residuos s\u00f3lidos de la playa El Gringo, en el municipio de Haina durante su XI Jornada de Limpieza de Playas de la empresa Trans Diesel del Caribe (TDC), la cual forma parte de su programa de responsabilidad social \u201cYo me sumo\u201d.\u2026","rel":"","context":"En \u00abNACIONALES\u00bb","block_context":{"text":"NACIONALES","link":"https:\/\/lasprimeras.com.do\/index.php\/category\/nacionales\/"},"img":{"alt_text":"BASURA","src":"https:\/\/i0.wp.com\/lasprimeras.com.do\/wp-content\/uploads\/2023\/09\/BASURA.jpeg?resize=350%2C200&ssl=1","width":350,"height":200,"srcset":"https:\/\/i0.wp.com\/lasprimeras.com.do\/wp-content\/uploads\/2023\/09\/BASURA.jpeg?resize=350%2C200&ssl=1 1x, https:\/\/i0.wp.com\/lasprimeras.com.do\/wp-content\/uploads\/2023\/09\/BASURA.jpeg?resize=525%2C300&ssl=1 1.5x, https:\/\/i0.wp.com\/lasprimeras.com.do\/wp-content\/uploads\/2023\/09\/BASURA.jpeg?resize=700%2C400&ssl=1 2x"},"classes":[]},{"id":94561,"url":"https:\/\/lasprimeras.com.do\/index.php\/2025\/03\/02\/pedro-richardson-modificacion-a-la-ley-de-residuos-solidos-es-fundamental-para-la-sostenibilidad-economica-del-pais\/","url_meta":{"origin":104753,"position":2},"title":"Pedro Richardson: Modificaci\u00f3n a la ley de residuos s\u00f3lidos es fundamental para la sostenibilidad econ\u00f3mica del pa\u00eds","author":"Nelson Feliz","date":"2 de marzo de 2025","format":false,"excerpt":"El director ejecutivo de la Federaci\u00f3n Dominicana de Distritos Municipales (FEDODIM), Pedro Richardson, destac\u00f3 la urgencia de modificar la Ley 225-20 de Gesti\u00f3n Integral y Coprocesamiento de Residuos S\u00f3lidos, se\u00f1alando que la reforma es fundamental para garantizar la sostenibilidad econ\u00f3mica y lograr un pa\u00eds limpio y libre de basura. Richardson\u2026","rel":"","context":"En \u00abPOLITICA\u00bb","block_context":{"text":"POLITICA","link":"https:\/\/lasprimeras.com.do\/index.php\/category\/politica\/"},"img":{"alt_text":"","src":"https:\/\/i0.wp.com\/lasprimeras.com.do\/wp-content\/uploads\/2025\/03\/Pedro-Richardson-1.jpg?resize=350%2C200&ssl=1","width":350,"height":200,"srcset":"https:\/\/i0.wp.com\/lasprimeras.com.do\/wp-content\/uploads\/2025\/03\/Pedro-Richardson-1.jpg?resize=350%2C200&ssl=1 1x, https:\/\/i0.wp.com\/lasprimeras.com.do\/wp-content\/uploads\/2025\/03\/Pedro-Richardson-1.jpg?resize=525%2C300&ssl=1 1.5x, https:\/\/i0.wp.com\/lasprimeras.com.do\/wp-content\/uploads\/2025\/03\/Pedro-Richardson-1.jpg?resize=700%2C400&ssl=1 2x"},"classes":[]},{"id":87470,"url":"https:\/\/lasprimeras.com.do\/index.php\/2024\/08\/09\/alcalde-dio-astacio-presenta-logros-en-los-primeros-100-dias-de-gestion\/","url_meta":{"origin":104753,"position":3},"title":"Alcalde D\u00edo Astacio presenta logros en los primeros 100 D\u00edas de Gesti\u00f3n","author":"Nelson Feliz","date":"9 de agosto de 2024","format":false,"excerpt":"Por Martin Restituyo En sus primeros 100 d\u00edas de gesti\u00f3n, el alcalde, D\u00edo Astacio, ha logrado avances significativos en el municipio de Santo Domingo Este, destac\u00e1ndose en la recogida de residuos s\u00f3lidos, control de inundaciones y seguridad. Estos esfuerzos son parte del ambicioso plan de gesti\u00f3n que present\u00f3 desde su\u2026","rel":"","context":"En \u00abNACIONALES\u00bb","block_context":{"text":"NACIONALES","link":"https:\/\/lasprimeras.com.do\/index.php\/category\/nacionales\/"},"img":{"alt_text":"D\u00edo Astacio","src":"https:\/\/i0.wp.com\/lasprimeras.com.do\/wp-content\/uploads\/2024\/08\/Dio-Astacio.jpg?resize=350%2C200&ssl=1","width":350,"height":200,"srcset":"https:\/\/i0.wp.com\/lasprimeras.com.do\/wp-content\/uploads\/2024\/08\/Dio-Astacio.jpg?resize=350%2C200&ssl=1 1x, https:\/\/i0.wp.com\/lasprimeras.com.do\/wp-content\/uploads\/2024\/08\/Dio-Astacio.jpg?resize=525%2C300&ssl=1 1.5x"},"classes":[]},{"id":87885,"url":"https:\/\/lasprimeras.com.do\/index.php\/2024\/08\/19\/la-mision-para-limpiar-uno-de-los-rios-mas-contaminados-de-centroamerica\/","url_meta":{"origin":104753,"position":4},"title":"La misi\u00f3n para limpiar uno de los r\u00edos m\u00e1s contaminados de Centroam\u00e9rica","author":"Nelson Feliz","date":"19 de agosto de 2024","format":false,"excerpt":"Katie Guenthner Guatemala, (CNN) -- En la desembocadura del Motagua, el r\u00edo m\u00e1s largo de Guatemala, 40 millones de libras (18 millones de kilogramos) de basura se vierten al oc\u00e9ano cada a\u00f1o. Es uno de los r\u00edos m\u00e1s contaminados de Am\u00e9rica Central, y recorre 486 kil\u00f3metros a trav\u00e9s de Guatemala\u2026","rel":"","context":"En \u00abSin categor\u00eda\u00bb","block_context":{"text":"Sin categor\u00eda","link":"https:\/\/lasprimeras.com.do\/index.php\/category\/sin-categoria\/"},"img":{"alt_text":"La barrera de contenci\u00f3n de 4ocean recoge desechos en el r\u00edo Motagua. (Cr\u00e9dito: 4ocean\/Clynton Guzm\u00e1n)","src":"https:\/\/i0.wp.com\/lasprimeras.com.do\/wp-content\/uploads\/2024\/08\/una.jpg?resize=350%2C200&ssl=1","width":350,"height":200,"srcset":"https:\/\/i0.wp.com\/lasprimeras.com.do\/wp-content\/uploads\/2024\/08\/una.jpg?resize=350%2C200&ssl=1 1x, https:\/\/i0.wp.com\/lasprimeras.com.do\/wp-content\/uploads\/2024\/08\/una.jpg?resize=525%2C300&ssl=1 1.5x"},"classes":[]},{"id":122579,"url":"https:\/\/lasprimeras.com.do\/index.php\/2026\/02\/19\/fundacion-manos-que-ayudan-favorece-a-mas-de-65-personas-en-la-jornada-de-audiometria\/","url_meta":{"origin":104753,"position":5},"title":"Fundaci\u00f3n Manos que Ayudan favorece a m\u00e1s de 65 personas en la Jornada de Audiometr\u00eda","author":"Nelson Feliz","date":"19 de febrero de 2026","format":false,"excerpt":"La Fundaci\u00f3n Manos que Ayudan (MANSAYADA) reafirm\u00f3 su compromiso con las comunidades m\u00e1s vulnerables del pa\u00eds durante una exitosa jornada de audiometr\u00eda realizada en Santo Domingo, Distrito Nacional, en su sede ubicada en la calle Santiago, No. 800, Gazcue. En la actividad fueron beneficiadas m\u00e1s de 65 personas con problemas\u2026","rel":"","context":"En \u00abNACIONALES\u00bb","block_context":{"text":"NACIONALES","link":"https:\/\/lasprimeras.com.do\/index.php\/category\/nacionales\/"},"img":{"alt_text":"","src":"","width":0,"height":0},"classes":[]}],"jetpack_sharing_enabled":true,"_links":{"self":[{"href":"https:\/\/lasprimeras.com.do\/index.php\/wp-json\/wp\/v2\/posts\/104753","targetHints":{"allow":["GET"]}}],"collection":[{"href":"https:\/\/lasprimeras.com.do\/index.php\/wp-json\/wp\/v2\/posts"}],"about":[{"href":"https:\/\/lasprimeras.com.do\/index.php\/wp-json\/wp\/v2\/types\/post"}],"author":[{"embeddable":true,"href":"https:\/\/lasprimeras.com.do\/index.php\/wp-json\/wp\/v2\/users\/10"}],"replies":[{"embeddable":true,"href":"https:\/\/lasprimeras.com.do\/index.php\/wp-json\/wp\/v2\/comments?post=104753"}],"version-history":[{"count":1,"href":"https:\/\/lasprimeras.com.do\/index.php\/wp-json\/wp\/v2\/posts\/104753\/revisions"}],"predecessor-version":[{"id":104755,"href":"https:\/\/lasprimeras.com.do\/index.php\/wp-json\/wp\/v2\/posts\/104753\/revisions\/104755"}],"wp:featuredmedia":[{"embeddable":true,"href":"https:\/\/lasprimeras.com.do\/index.php\/wp-json\/wp\/v2\/media\/104754"}],"wp:attachment":[{"href":"https:\/\/lasprimeras.com.do\/index.php\/wp-json\/wp\/v2\/media?parent=104753"}],"wp:term":[{"taxonomy":"category","embeddable":true,"href":"https:\/\/lasprimeras.com.do\/index.php\/wp-json\/wp\/v2\/categories?post=104753"},{"taxonomy":"post_tag","embeddable":true,"href":"https:\/\/lasprimeras.com.do\/index.php\/wp-json\/wp\/v2\/tags?post=104753"}],"curies":[{"name":"wp","href":"https:\/\/api.w.org\/{rel}","templated":true}]}}