{"id":104781,"date":"2025-07-27T16:28:20","date_gmt":"2025-07-27T20:28:20","guid":{"rendered":"https:\/\/lasprimeras.com.do\/?p=104781"},"modified":"2025-07-27T16:28:22","modified_gmt":"2025-07-27T20:28:22","slug":"muere-joven-padre-que-rescato-a-sus-hijos-de-un-incendio-en-santiago-oeste","status":"publish","type":"post","link":"https:\/\/lasprimeras.com.do\/index.php\/2025\/07\/27\/muere-joven-padre-que-rescato-a-sus-hijos-de-un-incendio-en-santiago-oeste\/","title":{"rendered":"Muere joven padre que rescat\u00f3 a sus hijos de un incendio en Santiago Oeste"},"content":{"rendered":"\n<p><strong>Willy Beltr\u00e9, de 25 a\u00f1os, ten\u00eda el 85 % de su cuerpo quemado; su esposa y sus dos hijos peque\u00f1os contin\u00faan ingresados en centros de salud.<\/strong><\/p>\n\n\n\n<p>Falleci\u00f3 anoche el joven padre Willy Beltr\u00e9, de 25 a\u00f1os, quien result\u00f3 gravemente herido mientras intentaba salvar a sus hijos durante un incendio que el pasado lunes destruy\u00f3 su vivienda en el sector El Semillero 2, en el distrito municipal Santiago Oeste.<\/p>\n\n\n\n<p>Beltr\u00e9 estaba ingresado en la Unidad de Cuidados Intensivos del Hospital Regional Jos\u00e9 Mar\u00eda Cabral y B\u00e1ez, conectado a ventilaci\u00f3n mec\u00e1nica, debido a las quemaduras de tercer grado que afectaron el 85 % de su cuerpo.<\/p>\n\n\n\n<p>Su estado fue cr\u00edtico desde el momento del siniestro, ocurrido el pasado jueves, y su fallecimiento ha causado profundo pesar en la comunidad.<\/p>\n\n\n\n<p>La tragedia tambi\u00e9n alcanz\u00f3 a su esposa, Elaine Canela, de la misma edad, quien sufri\u00f3 quemaduras en un 25 % de su cuerpo.<\/p>\n\n\n\n<p>Fue trasladada al Hospital Ney Arias Lora, en Santo Domingo, donde contin\u00faa recibiendo atenci\u00f3n especializada.<\/p>\n\n\n\n<p>Los hijos de la pareja, una beb\u00e9 de apenas un mes y un ni\u00f1o de tres a\u00f1os, permanecen ingresados en el Centro Infantil de Quemados Dra. Thelma Rosario (Ceniquem).<\/p>\n\n\n\n<p>La reci\u00e9n nacida presenta quemaduras de segundo grado en un 16 % de su cuerpo y posible lesi\u00f3n inhalatoria, mientras que el ni\u00f1o tiene quemaduras similares en un 10 %. Ambos se encuentran estables, bajo vigilancia m\u00e9dica.<\/p>\n\n\n\n<p>El incendio se habr\u00eda originado por la explosi\u00f3n de un cilindro de gas cuya v\u00e1lvula, seg\u00fan versiones preliminares, fall\u00f3.<\/p>\n","protected":false},"excerpt":{"rendered":"<p>Willy Beltr\u00e9, de 25 a\u00f1os, ten\u00eda el 85 % de su cuerpo quemado; su esposa y sus dos hijos peque\u00f1os contin\u00faan ingresados en centros de salud. Falleci\u00f3 anoche el joven&hellip;<\/p>\n","protected":false},"author":10,"featured_media":104782,"comment_status":"open","ping_status":"open","sticky":false,"template":"","format":"standard","meta":{"content-type":"","jetpack_post_was_ever_published":false,"_jetpack_newsletter_access":"","_jetpack_dont_email_post_to_subs":false,"_jetpack_newsletter_tier_id":0,"_jetpack_memberships_contains_paywalled_content":false,"_jetpack_memberships_contains_paid_content":false,"footnotes":""},"categories":[35],"tags":[1127,650,6446,22317,8755],"class_list":["post-104781","post","type-post","status-publish","format-standard","has-post-thumbnail","hentry","category-nacionales","tag-joven","tag-muere","tag-padre","tag-rescato-a-sus-hijos-de-un-incendio","tag-santiago-oeste"],"jetpack_featured_media_url":"https:\/\/lasprimeras.com.do\/wp-content\/uploads\/2025\/07\/willy.jpg","jetpack-related-posts":[{"id":104473,"url":"https:\/\/lasprimeras.com.do\/index.php\/2025\/07\/24\/trasladaran-a-santo-domingo-a-una-de-las-victimas-del-incendio-en-santiago\/","url_meta":{"origin":104781,"position":0},"title":"Trasladar\u00e1n a Santo Domingo a una de las v\u00edctimas del incendio en Santiago","author":"Nelson Feliz","date":"24 de julio de 2025","format":false,"excerpt":"Una de las v\u00edctimas del incendio ocurrido el pasado lunes 21 de julio en el sector Semillero 2, en Cienfuegos, distrito municipal Santiago Oeste, ser\u00e1 trasladada en las pr\u00f3ximas horas a un centro especializado para quemados en Santo Domingo, mientras que su pareja contin\u00faa en estado cr\u00edtico. As\u00ed lo inform\u00f3\u2026","rel":"","context":"En \u00abNACIONALES\u00bb","block_context":{"text":"NACIONALES","link":"https:\/\/lasprimeras.com.do\/index.php\/category\/nacionales\/"},"img":{"alt_text":"","src":"https:\/\/i0.wp.com\/lasprimeras.com.do\/wp-content\/uploads\/2025\/07\/una-5.jpg?resize=350%2C200&ssl=1","width":350,"height":200},"classes":[]},{"id":98907,"url":"https:\/\/lasprimeras.com.do\/index.php\/2025\/05\/14\/joven-muere-al-intentar-salvar-a-dos-ninos-arrastrados-por-la-corriente-del-rio-haina\/","url_meta":{"origin":104781,"position":1},"title":"Joven muere al intentar salvar a dos ni\u00f1os arrastrados por la corriente del r\u00edo Haina","author":"Nelson Feliz","date":"14 de mayo de 2025","format":false,"excerpt":"Una tragedia sacudi\u00f3 la comunidad de Lecher\u00eda, en el municipio de Los Alcarrizos, el pasado lunes, cuando el joven Juan Ernesto Santiago perdi\u00f3 la vida, mientras intentaba rescatar a dos menores que eran arrastrados por la fuerte corriente del r\u00edo Haina. De los dos ni\u00f1os involucrados en el incidente, solo\u2026","rel":"","context":"En \u00abNACIONALES\u00bb","block_context":{"text":"NACIONALES","link":"https:\/\/lasprimeras.com.do\/index.php\/category\/nacionales\/"},"img":{"alt_text":"","src":"","width":0,"height":0},"classes":[]},{"id":80257,"url":"https:\/\/lasprimeras.com.do\/index.php\/2024\/04\/05\/nino-de-12-anos-muere-calcinado-al-incendiarse-vivienda-en-monte-plata\/","url_meta":{"origin":104781,"position":2},"title":"Ni\u00f1o de 12 a\u00f1os muere calcinado al incendiarse vivienda en Monte Plata","author":"BIMARY DE JES\u00daS Matos","date":"5 de abril de 2024","format":false,"excerpt":"Yamas\u00e1.- Monte Plata.-Un ni\u00f1o de 12 a\u00f1os muri\u00f3 calcinado la ma\u00f1ana de este viernes, al incendiarse su vivienda en el sector El Mango del distrito municipal de Los Botados, perteneciente al municipio Yamas\u00e1, en la provincia Monte Plata. El fallecido fue identificado como Fabi\u00e1n Bello Ram\u00edrez, de 12 a\u00f1os. Seg\u00fan\u2026","rel":"","context":"En \u00abPORTADA\u00bb","block_context":{"text":"PORTADA","link":"https:\/\/lasprimeras.com.do\/index.php\/category\/portada\/"},"img":{"alt_text":"","src":"https:\/\/i0.wp.com\/lasprimeras.com.do\/wp-content\/uploads\/2024\/04\/WhatsApp-Image-2024-01-26-at-12.10.49-PM-10.jpeg?resize=350%2C200&ssl=1","width":350,"height":200,"srcset":"https:\/\/i0.wp.com\/lasprimeras.com.do\/wp-content\/uploads\/2024\/04\/WhatsApp-Image-2024-01-26-at-12.10.49-PM-10.jpeg?resize=350%2C200&ssl=1 1x, https:\/\/i0.wp.com\/lasprimeras.com.do\/wp-content\/uploads\/2024\/04\/WhatsApp-Image-2024-01-26-at-12.10.49-PM-10.jpeg?resize=525%2C300&ssl=1 1.5x, https:\/\/i0.wp.com\/lasprimeras.com.do\/wp-content\/uploads\/2024\/04\/WhatsApp-Image-2024-01-26-at-12.10.49-PM-10.jpeg?resize=700%2C400&ssl=1 2x"},"classes":[]},{"id":78487,"url":"https:\/\/lasprimeras.com.do\/index.php\/2024\/03\/17\/denuncian-familiares-abandonan-joven-que-padece-de-trastornos-mentales\/","url_meta":{"origin":104781,"position":3},"title":"Denuncian familiares abandonan joven que padece de trastornos mentales","author":"Nelson Feliz","date":"17 de marzo de 2024","format":false,"excerpt":"Los familiares tienen m\u00e1s de un a\u00f1o que no visitan a la joven, ni aportan para su manutenci\u00f3n. La joven Yesenia Encarnaci\u00f3n Cabrera, quien padece de problemas mentales fue abandonada por sus familiares. \u00c9stos tienen m\u00e1s de un a\u00f1o que no la visitan, ni ayudan con su manutenci\u00f3n. La denuncia\u2026","rel":"","context":"En \u00abNACIONALES\u00bb","block_context":{"text":"NACIONALES","link":"https:\/\/lasprimeras.com.do\/index.php\/category\/nacionales\/"},"img":{"alt_text":"Yesenia Encarnaci\u00f3n Cabrera","src":"https:\/\/i0.wp.com\/lasprimeras.com.do\/wp-content\/uploads\/2024\/03\/Yesenia-Encarnacion-Cabrera.jpg?resize=350%2C200&ssl=1","width":350,"height":200,"srcset":"https:\/\/i0.wp.com\/lasprimeras.com.do\/wp-content\/uploads\/2024\/03\/Yesenia-Encarnacion-Cabrera.jpg?resize=350%2C200&ssl=1 1x, https:\/\/i0.wp.com\/lasprimeras.com.do\/wp-content\/uploads\/2024\/03\/Yesenia-Encarnacion-Cabrera.jpg?resize=525%2C300&ssl=1 1.5x"},"classes":[]},{"id":82084,"url":"https:\/\/lasprimeras.com.do\/index.php\/2024\/04\/28\/mueren-dos-ninos-y-un-adulto-un-incendio-en-villa-mella\/","url_meta":{"origin":104781,"position":4},"title":"Mueren dos ni\u00f1os y un adulto un incendio en Villa Mella","author":"Nelson Feliz","date":"28 de abril de 2024","format":false,"excerpt":"Los ni\u00f1os viv\u00edan en Estados Unidos y estaban en el pa\u00eds de vacaciones, bajo el cuidado de una vecina que sali\u00f3 ilesa junto a su hijo, seg\u00fan se inform\u00f3. La madrugada de este domingo dos menores de edad, de 3 y 4 a\u00f1os, fallecieron en un incendio ocurrido en el\u2026","rel":"","context":"En \u00abSin categor\u00eda\u00bb","block_context":{"text":"Sin categor\u00eda","link":"https:\/\/lasprimeras.com.do\/index.php\/category\/sin-categoria\/"},"img":{"alt_text":"Incedio en el residencial Sol de Luz en Santo Domingo Norte","src":"https:\/\/i0.wp.com\/lasprimeras.com.do\/wp-content\/uploads\/2024\/04\/Incedio-en-el-residencial-Sol-de-Luz-en-Santo-Domingo-Norte.jpeg?resize=350%2C200&ssl=1","width":350,"height":200,"srcset":"https:\/\/i0.wp.com\/lasprimeras.com.do\/wp-content\/uploads\/2024\/04\/Incedio-en-el-residencial-Sol-de-Luz-en-Santo-Domingo-Norte.jpeg?resize=350%2C200&ssl=1 1x, https:\/\/i0.wp.com\/lasprimeras.com.do\/wp-content\/uploads\/2024\/04\/Incedio-en-el-residencial-Sol-de-Luz-en-Santo-Domingo-Norte.jpeg?resize=525%2C300&ssl=1 1.5x, https:\/\/i0.wp.com\/lasprimeras.com.do\/wp-content\/uploads\/2024\/04\/Incedio-en-el-residencial-Sol-de-Luz-en-Santo-Domingo-Norte.jpeg?resize=700%2C400&ssl=1 2x"},"classes":[]},{"id":68912,"url":"https:\/\/lasprimeras.com.do\/index.php\/2023\/11\/28\/muere-la-mujer-que-comio-sopa-envenenada-en-santiago\/","url_meta":{"origin":104781,"position":5},"title":"Muere la mujer que comi\u00f3 sopa envenenada en Santiago","author":"Nelson Feliz","date":"28 de noviembre de 2023","format":false,"excerpt":"Evelyn Contreras, la mujer que se encontraba ingresada en la Unidad de Cuidados intensivos de la Cl\u00ednica Corominas de Santiago tras haber ingerido una sopa con una sustancia venenosa, falleci\u00f3 esta tarde. Contreras, de 46 a\u00f1os de edad, muri\u00f3 a ra\u00edz del incidente, que se produjo el lunes en la\u2026","rel":"","context":"En \u00abNACIONALES\u00bb","block_context":{"text":"NACIONALES","link":"https:\/\/lasprimeras.com.do\/index.php\/category\/nacionales\/"},"img":{"alt_text":"MUERE NUJER","src":"https:\/\/i0.wp.com\/lasprimeras.com.do\/wp-content\/uploads\/2023\/11\/MUERE-NUJER.jpg?resize=350%2C200&ssl=1","width":350,"height":200,"srcset":"https:\/\/i0.wp.com\/lasprimeras.com.do\/wp-content\/uploads\/2023\/11\/MUERE-NUJER.jpg?resize=350%2C200&ssl=1 1x, https:\/\/i0.wp.com\/lasprimeras.com.do\/wp-content\/uploads\/2023\/11\/MUERE-NUJER.jpg?resize=525%2C300&ssl=1 1.5x, https:\/\/i0.wp.com\/lasprimeras.com.do\/wp-content\/uploads\/2023\/11\/MUERE-NUJER.jpg?resize=700%2C400&ssl=1 2x"},"classes":[]}],"jetpack_sharing_enabled":true,"_links":{"self":[{"href":"https:\/\/lasprimeras.com.do\/index.php\/wp-json\/wp\/v2\/posts\/104781","targetHints":{"allow":["GET"]}}],"collection":[{"href":"https:\/\/lasprimeras.com.do\/index.php\/wp-json\/wp\/v2\/posts"}],"about":[{"href":"https:\/\/lasprimeras.com.do\/index.php\/wp-json\/wp\/v2\/types\/post"}],"author":[{"embeddable":true,"href":"https:\/\/lasprimeras.com.do\/index.php\/wp-json\/wp\/v2\/users\/10"}],"replies":[{"embeddable":true,"href":"https:\/\/lasprimeras.com.do\/index.php\/wp-json\/wp\/v2\/comments?post=104781"}],"version-history":[{"count":1,"href":"https:\/\/lasprimeras.com.do\/index.php\/wp-json\/wp\/v2\/posts\/104781\/revisions"}],"predecessor-version":[{"id":104783,"href":"https:\/\/lasprimeras.com.do\/index.php\/wp-json\/wp\/v2\/posts\/104781\/revisions\/104783"}],"wp:featuredmedia":[{"embeddable":true,"href":"https:\/\/lasprimeras.com.do\/index.php\/wp-json\/wp\/v2\/media\/104782"}],"wp:attachment":[{"href":"https:\/\/lasprimeras.com.do\/index.php\/wp-json\/wp\/v2\/media?parent=104781"}],"wp:term":[{"taxonomy":"category","embeddable":true,"href":"https:\/\/lasprimeras.com.do\/index.php\/wp-json\/wp\/v2\/categories?post=104781"},{"taxonomy":"post_tag","embeddable":true,"href":"https:\/\/lasprimeras.com.do\/index.php\/wp-json\/wp\/v2\/tags?post=104781"}],"curies":[{"name":"wp","href":"https:\/\/api.w.org\/{rel}","templated":true}]}}