{"id":104787,"date":"2025-07-27T23:57:43","date_gmt":"2025-07-28T03:57:43","guid":{"rendered":"https:\/\/lasprimeras.com.do\/?p=104787"},"modified":"2025-07-27T23:57:45","modified_gmt":"2025-07-28T03:57:45","slug":"un-muerto-en-un-accidente-en-la-virgencita-en-jarabacoa-la-vega","status":"publish","type":"post","link":"https:\/\/lasprimeras.com.do\/index.php\/2025\/07\/27\/un-muerto-en-un-accidente-en-la-virgencita-en-jarabacoa-la-vega\/","title":{"rendered":"Un muerto en un accidente en La Virgencita en Jarabacoa-La Vega"},"content":{"rendered":"\n<p>Un veh\u00edculo se precipit\u00f3 en la zona conocida como La Virgencita, ubicado en la carretera Jarabacoa-La Vega, resultando muerta la persona que lo conduc\u00eda, informaron las autoridades.<\/p>\n\n\n\n<p>El fallecido fue identificado como Alberto Antonio Solano Marmolejos, residente en Santo Domingo.<\/p>\n\n\n\n<p>Su cad\u00e1ver fue rescatado por miembros del Cuerpo de Bomberos y trasladado a la oficina local del INACIF.<\/p>\n","protected":false},"excerpt":{"rendered":"<p>Un veh\u00edculo se precipit\u00f3 en la zona conocida como La Virgencita, ubicado en la carretera Jarabacoa-La Vega, resultando muerta la persona que lo conduc\u00eda, informaron las autoridades. El fallecido fue&hellip;<\/p>\n","protected":false},"author":10,"featured_media":104788,"comment_status":"open","ping_status":"open","sticky":false,"template":"","format":"standard","meta":{"content-type":"","jetpack_post_was_ever_published":false,"_jetpack_newsletter_access":"","_jetpack_dont_email_post_to_subs":false,"_jetpack_newsletter_tier_id":0,"_jetpack_memberships_contains_paywalled_content":false,"_jetpack_memberships_contains_paid_content":false,"footnotes":""},"categories":[35],"tags":[2211,3792,940,22320,309],"class_list":["post-104787","post","type-post","status-publish","format-standard","has-post-thumbnail","hentry","category-nacionales","tag-accidente","tag-jarabacoa","tag-la-vega","tag-la-virgencita","tag-muerto"],"jetpack_featured_media_url":"https:\/\/lasprimeras.com.do\/wp-content\/uploads\/2025\/07\/accid.jpg","jetpack-related-posts":[{"id":112063,"url":"https:\/\/lasprimeras.com.do\/index.php\/2025\/10\/17\/deslizamiento-de-rocas-afecta-tramo-la-virgen-en-la-carretera-la-vega-jarabacoa\/","url_meta":{"origin":104787,"position":0},"title":"Deslizamiento de rocas afecta tramo La Virgen en la carretera La Vega\u2013Jarabacoa","author":"Nelson Feliz","date":"17 de octubre de 2025","format":false,"excerpt":"Edward Fern\u00e1ndez Un nuevo deslizamiento de rocas se registr\u00f3 este jueves en el tramo La Virgen de la carretera que comunica a La Vega con Jarabacoa, provocando la obstrucci\u00f3n parcial del tr\u00e1nsito vehicular. Seg\u00fan los reportes de las autoridades, no se han registrado personas heridas. Las piedras ocupan m\u00e1s de\u2026","rel":"","context":"En \u00abNACIONALES\u00bb","block_context":{"text":"NACIONALES","link":"https:\/\/lasprimeras.com.do\/index.php\/category\/nacionales\/"},"img":{"alt_text":"","src":"https:\/\/i0.wp.com\/lasprimeras.com.do\/wp-content\/uploads\/2025\/10\/DERRUMBE.jpg?resize=350%2C200&ssl=1","width":350,"height":200},"classes":[]},{"id":56656,"url":"https:\/\/lasprimeras.com.do\/index.php\/2023\/08\/03\/tres-muertos-y-un-herido-al-caer-camion-por-un-precipicio-en-carretera-de-jarabacoa\/","url_meta":{"origin":104787,"position":1},"title":"Tres muertos y un herido al caer cami\u00f3n por un precipicio en carretera de Jarabacoa","author":"Nelson Feliz","date":"3 de agosto de 2023","format":false,"excerpt":"Tres personas murieron y otra result\u00f3 gravemente herida la madrugada de este jueves en un accidente en la carretera que comunica Jarabacoa con la ciudad de La Vega. Entre los muertos figuran Silvio Alexander Alc\u00e1ntara, de 26 a\u00f1os, y Jos\u00e9 Altagracia Carrasco S\u00e1nchez, de 51, quienes resid\u00edan en Azua. Mientra\u2026","rel":"","context":"En \u00abNACIONALES\u00bb","block_context":{"text":"NACIONALES","link":"https:\/\/lasprimeras.com.do\/index.php\/category\/nacionales\/"},"img":{"alt_text":"","src":"https:\/\/i0.wp.com\/lasprimeras.com.do\/wp-content\/uploads\/2023\/08\/ACCIDENTE.jpg?resize=350%2C200&ssl=1","width":350,"height":200,"srcset":"https:\/\/i0.wp.com\/lasprimeras.com.do\/wp-content\/uploads\/2023\/08\/ACCIDENTE.jpg?resize=350%2C200&ssl=1 1x, https:\/\/i0.wp.com\/lasprimeras.com.do\/wp-content\/uploads\/2023\/08\/ACCIDENTE.jpg?resize=525%2C300&ssl=1 1.5x"},"classes":[]},{"id":120330,"url":"https:\/\/lasprimeras.com.do\/index.php\/2026\/01\/22\/rescatan-adolescente-reportado-como-ausente-en-jarabacoa\/","url_meta":{"origin":104787,"position":2},"title":"Rescatan adolescente reportado como ausente en Jarabacoa","author":"Nelson Feliz","date":"22 de enero de 2026","format":false,"excerpt":"Agentes policiales, adscritos a la Direcci\u00f3n Central de Investigaciones (DICRIM), rescataron a un adolescente de 13 a\u00f1os que hab\u00eda sido reportado como ausente por su madre desde el 21 de enero del 2026, en el municipio de Jarabacoa, La Vega. El menor, cuya edad se hace reservas, fue localizado en\u2026","rel":"","context":"En \u00abMILITARES\u00bb","block_context":{"text":"MILITARES","link":"https:\/\/lasprimeras.com.do\/index.php\/category\/militares\/"},"img":{"alt_text":"dicrim","src":"https:\/\/i0.wp.com\/lasprimeras.com.do\/wp-content\/uploads\/2023\/12\/dicrim.jpeg?resize=350%2C200&ssl=1","width":350,"height":200,"srcset":"https:\/\/i0.wp.com\/lasprimeras.com.do\/wp-content\/uploads\/2023\/12\/dicrim.jpeg?resize=350%2C200&ssl=1 1x, https:\/\/i0.wp.com\/lasprimeras.com.do\/wp-content\/uploads\/2023\/12\/dicrim.jpeg?resize=525%2C300&ssl=1 1.5x, https:\/\/i0.wp.com\/lasprimeras.com.do\/wp-content\/uploads\/2023\/12\/dicrim.jpeg?resize=700%2C400&ssl=1 2x"},"classes":[]},{"id":101471,"url":"https:\/\/lasprimeras.com.do\/index.php\/2025\/06\/22\/propeep-lleva-soluciones-integrales-a-comunidades-vulnerables-de-tireo-y-jarabacoa-en-la-vega\/","url_meta":{"origin":104787,"position":3},"title":"Propeep lleva soluciones integrales a comunidades vulnerables de Tireo y Jarabacoa, en La Vega","author":"Nelson Feliz","date":"22 de junio de 2025","format":false,"excerpt":"Las jornadas sociales \u201cPrimero T\u00fa\u201d, encabezadas por Robert Polanco, impactaron positivamente a m\u00e1s de 3 mil personas de escasos recursos en la regi\u00f3n. La Direcci\u00f3n General de Proyectos Estrat\u00e9gicos y Especiales de la Presidencia (Propeep), continu\u00f3 este domingo acercando soluciones reales a quienes m\u00e1s lo necesitan, al llevar su jornada\u2026","rel":"","context":"En \u00abNACIONALES\u00bb","block_context":{"text":"NACIONALES","link":"https:\/\/lasprimeras.com.do\/index.php\/category\/nacionales\/"},"img":{"alt_text":"","src":"https:\/\/i0.wp.com\/lasprimeras.com.do\/wp-content\/uploads\/2025\/06\/robert.jpg?resize=350%2C200&ssl=1","width":350,"height":200,"srcset":"https:\/\/i0.wp.com\/lasprimeras.com.do\/wp-content\/uploads\/2025\/06\/robert.jpg?resize=350%2C200&ssl=1 1x, https:\/\/i0.wp.com\/lasprimeras.com.do\/wp-content\/uploads\/2025\/06\/robert.jpg?resize=525%2C300&ssl=1 1.5x, https:\/\/i0.wp.com\/lasprimeras.com.do\/wp-content\/uploads\/2025\/06\/robert.jpg?resize=700%2C400&ssl=1 2x"},"classes":[]},{"id":122756,"url":"https:\/\/lasprimeras.com.do\/index.php\/2026\/02\/21\/pld-juramenta-coordinaciones-municipales-y-provincial-de-la-vega\/","url_meta":{"origin":104787,"position":4},"title":"PLD juramenta coordinaciones municipales y provincial de La Vega","author":"Nelson Feliz","date":"21 de febrero de 2026","format":false,"excerpt":"El Partido de la Liberaci\u00f3n Dominicana (PLD) jurament\u00f3 y dej\u00f3 en funcionamiento los equipos magisteriales de la provincia La Vega , que incluye las direcciones municipales en la Concepci\u00f3n de La Vega, Jima, Jarabacoa , Constanza y la del distrito Juan Rodr\u00edguez (de Barranca)de la corriente Magisterial Eugenio Mar\u00eda de\u2026","rel":"","context":"En \u00abPOLITICA\u00bb","block_context":{"text":"POLITICA","link":"https:\/\/lasprimeras.com.do\/index.php\/category\/politica\/"},"img":{"alt_text":"","src":"https:\/\/i0.wp.com\/lasprimeras.com.do\/wp-content\/uploads\/2026\/02\/emh-la-vega-3.jpg?resize=350%2C200&ssl=1","width":350,"height":200,"srcset":"https:\/\/i0.wp.com\/lasprimeras.com.do\/wp-content\/uploads\/2026\/02\/emh-la-vega-3.jpg?resize=350%2C200&ssl=1 1x, https:\/\/i0.wp.com\/lasprimeras.com.do\/wp-content\/uploads\/2026\/02\/emh-la-vega-3.jpg?resize=525%2C300&ssl=1 1.5x, https:\/\/i0.wp.com\/lasprimeras.com.do\/wp-content\/uploads\/2026\/02\/emh-la-vega-3.jpg?resize=700%2C400&ssl=1 2x, https:\/\/i0.wp.com\/lasprimeras.com.do\/wp-content\/uploads\/2026\/02\/emh-la-vega-3.jpg?resize=1050%2C600&ssl=1 3x"},"classes":[]},{"id":56670,"url":"https:\/\/lasprimeras.com.do\/index.php\/2023\/08\/03\/9-1-1-coordina-asistencia-de-rescate-de-personas-en-accidente-de-transito-en-jarabacoa\/","url_meta":{"origin":104787,"position":5},"title":"9-1-1 coordina asistencia de rescate de personas en accidente de tr\u00e1nsito en Jarabacoa","author":"Nelson Feliz","date":"3 de agosto de 2023","format":false,"excerpt":"Una persona result\u00f3 con vida y fue trasladada al hospital. Tres personas fallecieron. El 9-1-1 coordin\u00f3 la asistencia a un accidente de tr\u00e1nsito reportado por la llamada de un ciudadano, donde un cami\u00f3n se precipit\u00f3 por un barranco, ocurrido en la carretera de Jarabacoa, El Puerto, provincia La Vega. El\u2026","rel":"","context":"En \u00abNACIONALES\u00bb","block_context":{"text":"NACIONALES","link":"https:\/\/lasprimeras.com.do\/index.php\/category\/nacionales\/"},"img":{"alt_text":"9-1-1 en accidente de Jarabacoa. Fuente externa.","src":"https:\/\/i0.wp.com\/lasprimeras.com.do\/wp-content\/uploads\/2023\/08\/9-1-1-en-accidente-de-Jarabacoa.-Fuente-externa.jpg?resize=350%2C200&ssl=1","width":350,"height":200,"srcset":"https:\/\/i0.wp.com\/lasprimeras.com.do\/wp-content\/uploads\/2023\/08\/9-1-1-en-accidente-de-Jarabacoa.-Fuente-externa.jpg?resize=350%2C200&ssl=1 1x, https:\/\/i0.wp.com\/lasprimeras.com.do\/wp-content\/uploads\/2023\/08\/9-1-1-en-accidente-de-Jarabacoa.-Fuente-externa.jpg?resize=525%2C300&ssl=1 1.5x, https:\/\/i0.wp.com\/lasprimeras.com.do\/wp-content\/uploads\/2023\/08\/9-1-1-en-accidente-de-Jarabacoa.-Fuente-externa.jpg?resize=700%2C400&ssl=1 2x"},"classes":[]}],"jetpack_sharing_enabled":true,"_links":{"self":[{"href":"https:\/\/lasprimeras.com.do\/index.php\/wp-json\/wp\/v2\/posts\/104787","targetHints":{"allow":["GET"]}}],"collection":[{"href":"https:\/\/lasprimeras.com.do\/index.php\/wp-json\/wp\/v2\/posts"}],"about":[{"href":"https:\/\/lasprimeras.com.do\/index.php\/wp-json\/wp\/v2\/types\/post"}],"author":[{"embeddable":true,"href":"https:\/\/lasprimeras.com.do\/index.php\/wp-json\/wp\/v2\/users\/10"}],"replies":[{"embeddable":true,"href":"https:\/\/lasprimeras.com.do\/index.php\/wp-json\/wp\/v2\/comments?post=104787"}],"version-history":[{"count":1,"href":"https:\/\/lasprimeras.com.do\/index.php\/wp-json\/wp\/v2\/posts\/104787\/revisions"}],"predecessor-version":[{"id":104789,"href":"https:\/\/lasprimeras.com.do\/index.php\/wp-json\/wp\/v2\/posts\/104787\/revisions\/104789"}],"wp:featuredmedia":[{"embeddable":true,"href":"https:\/\/lasprimeras.com.do\/index.php\/wp-json\/wp\/v2\/media\/104788"}],"wp:attachment":[{"href":"https:\/\/lasprimeras.com.do\/index.php\/wp-json\/wp\/v2\/media?parent=104787"}],"wp:term":[{"taxonomy":"category","embeddable":true,"href":"https:\/\/lasprimeras.com.do\/index.php\/wp-json\/wp\/v2\/categories?post=104787"},{"taxonomy":"post_tag","embeddable":true,"href":"https:\/\/lasprimeras.com.do\/index.php\/wp-json\/wp\/v2\/tags?post=104787"}],"curies":[{"name":"wp","href":"https:\/\/api.w.org\/{rel}","templated":true}]}}