{"id":104820,"date":"2025-07-28T11:01:29","date_gmt":"2025-07-28T15:01:29","guid":{"rendered":"https:\/\/lasprimeras.com.do\/?p=104820"},"modified":"2025-07-28T11:01:30","modified_gmt":"2025-07-28T15:01:30","slug":"trump-dice-que-acortara-el-plazo-de-50-dias-para-que-rusia-ponga-fin-a-la-guerra-en-ucrania","status":"publish","type":"post","link":"https:\/\/lasprimeras.com.do\/index.php\/2025\/07\/28\/trump-dice-que-acortara-el-plazo-de-50-dias-para-que-rusia-ponga-fin-a-la-guerra-en-ucrania\/","title":{"rendered":"Trump dice que acortar\u00e1 el plazo de 50 d\u00edas para que Rusia ponga fin a la guerra en Ucrania"},"content":{"rendered":"\n<p>Por WILL WEISSERT<\/p>\n\n\n\n<p>EDIMBURGO, Escocia (AP) \u2014 El presidente de Estados Unidos, Donald Trump, dijo el lunes que pretende acortar el plazo de 50 d\u00edas que le dio al presidente ruso, Vladimir Putin, para alcanzar un acuerdo que ponga fin a la guerra de tres a\u00f1os en Ucrania, despu\u00e9s de que Rusia continu\u00f3 bombardeando ciudades ucranianas.<\/p>\n\n\n\n<p>Rusia dispar\u00f3 durante la noche una andanada de m\u00e1s de 300 drones, cuatro misiles de crucero y tres misiles bal\u00edsticos, dijo la fuerza a\u00e9rea ucraniana.<\/p>\n\n\n\n<p>Trump dijo hace dos semanas que implementar\u00eda \u201caranceles severos\u201d contra Rusia a menos que se alcance un acuerdo de paz a principios de septiembre, mientras expresaba su exasperaci\u00f3n con Putin por el bombardeo de ciudades ucranianas en medio de los intentos del presidente republicano de detener los combates .<\/p>\n\n\n\n<p>El presidente de Estados Unidos, dijo que ahora le dar\u00eda a Putin de 10 a 12 d\u00edas a partir del lunes, lo que significa que quiere que los esfuerzos de paz avancen entre el 7 y el 9 de agosto.<\/p>\n\n\n\n<p>El plan incluye posibles sanciones y aranceles secundarios contra los socios comerciales de Rusia. El anuncio formal se har\u00eda m\u00e1s tarde el lunes o el martes, indic\u00f3.<\/p>\n\n\n\n<p>&#8220;No hay raz\u00f3n para esperar&#8221;, dijo Trump sobre el plazo m\u00e1s corto. &#8220;Simplemente no vemos ning\u00fan progreso&#8221;.<\/p>\n\n\n\n<p>Putin tiene que llegar a un acuerdo. Demasiada gente est\u00e1 muriendo, dijo Trump durante una visita a Escocia.<\/p>\n\n\n\n<p>Trump repiti\u00f3 sus cr\u00edticas a Putin por hablar de poner fin a la guerra pero seguir bombardeando a civiles ucranianos.<\/p>\n\n\n\n<p>&#8220;Y yo digo que esa no es la manera de hacerlo&#8221;, dijo Trump. A\u00f1adi\u00f3: &#8220;Estoy decepcionado del presidente Putin&#8221;.<\/p>\n\n\n\n<p>Cuando se le pregunt\u00f3 en una conferencia de prensa sobre una posible reuni\u00f3n con el l\u00edder ruso, Trump dijo: &#8220;No estoy tan interesado en hablar m\u00e1s&#8221;.<\/p>\n\n\n\n<p>Aun as\u00ed, expres\u00f3 cierta reticencia a imponer sanciones al Kremlin, afirmando que ama al pueblo ruso. &#8220;No quiero hacerle eso a Rusia&#8221;, dijo, pero se\u00f1al\u00f3 cu\u00e1ntos rusos, adem\u00e1s de ucranianos, est\u00e1n muriendo en la guerra.<\/p>\n\n\n\n<p>Ucrania ha instado a los pa\u00edses occidentales a adoptar una postura m\u00e1s firme con Putin. Andrii Yermak, jefe de la oficina presidencial ucraniana, agradeci\u00f3 a Trump por acortar el plazo.<\/p>\n\n\n\n<p>\u201cPutin solo entiende de fuerza, y eso se ha transmitido clara y ruidosamente\u201d, dijo Yermak en Telegram, a\u00f1adiendo que el presidente ucraniano, Volodymyr Zelenskyy, compart\u00eda el sentimiento.<\/p>\n\n\n\n<p>\u00daltimos ataques en Ucrania<\/p>\n\n\n\n<p>Un dron ruso destroz\u00f3 las ventanas de un edificio residencial de 25 plantas en el distrito de Darnytskyi de Kiev, seg\u00fan escribi\u00f3 en Telegram el jefe de la administraci\u00f3n militar de la ciudad, Tymur Tkachenko. Ocho personas resultaron heridas, incluida una ni\u00f1a de 4 a\u00f1os, a\u00f1adi\u00f3.<\/p>\n\n\n\n<p>El ataque tambi\u00e9n provoc\u00f3 un incendio en Kropyvnytskyi, en el centro de Ucrania, dijeron funcionarios locales, pero no se reportaron heridos.<\/p>\n\n\n\n<p>El objetivo principal del ataque ruso fue Starokostiantyniv, en la regi\u00f3n de Jmelnitski, al oeste de Ucrania, seg\u00fan inform\u00f3 la Fuerza A\u00e9rea. Las autoridades regionales no reportaron da\u00f1os ni v\u00edctimas.<\/p>\n\n\n\n<p>El oeste de Ucrania est\u00e1 al otro lado del pa\u00eds desde la l\u00ednea del frente, y se cree que el ej\u00e9rcito ucraniano tiene all\u00ed importantes aer\u00f3dromos, as\u00ed como arsenales y dep\u00f3sitos.<\/p>\n\n\n\n<p>El Ministerio de Defensa ruso dijo que sus fuerzas llevaron a cabo un ataque nocturno con armas de largo alcance lanzadas desde el aire, impactando una base a\u00e9rea ucraniana junto con un dep\u00f3sito de municiones que conten\u00eda reservas de misiles y componentes para la producci\u00f3n de drones.<\/p>\n","protected":false},"excerpt":{"rendered":"<p>Por WILL WEISSERT EDIMBURGO, Escocia (AP) \u2014 El presidente de Estados Unidos, Donald Trump, dijo el lunes que pretende acortar el plazo de 50 d\u00edas que le dio al presidente&hellip;<\/p>\n","protected":false},"author":10,"featured_media":104821,"comment_status":"open","ping_status":"open","sticky":false,"template":"","format":"standard","meta":{"content-type":"","jetpack_post_was_ever_published":false,"_jetpack_newsletter_access":"","_jetpack_dont_email_post_to_subs":false,"_jetpack_newsletter_tier_id":0,"_jetpack_memberships_contains_paywalled_content":false,"_jetpack_memberships_contains_paid_content":false,"footnotes":""},"categories":[16289],"tags":[22339,978,98,2060,2708,1119,1108],"class_list":["post-104820","post","type-post","status-publish","format-standard","has-post-thumbnail","hentry","category-internacionales","tag-50-dias","tag-donald-trump","tag-estados-unidos","tag-guerra","tag-plazo","tag-rusia","tag-ucrania"],"jetpack_featured_media_url":"https:\/\/lasprimeras.com.do\/wp-content\/uploads\/2025\/07\/Donald-Trump-5.jpg","jetpack-related-posts":[{"id":93539,"url":"https:\/\/lasprimeras.com.do\/index.php\/2025\/02\/13\/rusia-celebra-llamada-entre-trump-y-putin-zelenskyy-advierte-que-no-aceptara-acuerdo-sin-consulta\/","url_meta":{"origin":104820,"position":0},"title":"Rusia celebra llamada entre Trump y Putin; Zelenskyy advierte que no aceptar\u00e1 acuerdo sin consulta","author":"Nelson Feliz","date":"13 de febrero de 2025","format":false,"excerpt":"KHMELNYTSKI, Ucrania (AP) \u2014 Funcionarios rusos y medios estatales adoptaron un tono triunfante el jueves despu\u00e9s que el presidente de Estados Unidos, Donald Trump, desechara tres a\u00f1os de pol\u00edtica estadounidense y anunciara que probablemente se reunir\u00e1 pronto con el presidente ruso Vlad\u00edmir Putin para negociar un acuerdo de paz en\u2026","rel":"","context":"En \u00abINTERNACIONALES\u00bb","block_context":{"text":"INTERNACIONALES","link":"https:\/\/lasprimeras.com.do\/index.php\/category\/sin-categoria\/internacionales\/"},"img":{"alt_text":"","src":"https:\/\/i0.wp.com\/lasprimeras.com.do\/wp-content\/uploads\/2025\/02\/PUTIN.jpg?resize=350%2C200&ssl=1","width":350,"height":200,"srcset":"https:\/\/i0.wp.com\/lasprimeras.com.do\/wp-content\/uploads\/2025\/02\/PUTIN.jpg?resize=350%2C200&ssl=1 1x, https:\/\/i0.wp.com\/lasprimeras.com.do\/wp-content\/uploads\/2025\/02\/PUTIN.jpg?resize=525%2C300&ssl=1 1.5x, https:\/\/i0.wp.com\/lasprimeras.com.do\/wp-content\/uploads\/2025\/02\/PUTIN.jpg?resize=700%2C400&ssl=1 2x"},"classes":[]},{"id":93719,"url":"https:\/\/lasprimeras.com.do\/index.php\/2025\/02\/19\/trump-advierte-a-zelenskyy-que-debe-negociar-rapidamente-el-fin-de-la-guerra-con-rusia\/","url_meta":{"origin":104820,"position":1},"title":"Trump advierte a Zelenskyy que debe negociar r\u00e1pidamente el fin de la guerra con Rusia","author":"Nelson Feliz","date":"19 de febrero de 2025","format":false,"excerpt":"POR AAMER MADHANI, MIKE PESOLI and STEPHANY MATAT MIAMI (AP) \u2014 El presidente Donald Trump advirti\u00f3 el mi\u00e9rcoles al presidente ucraniano Volodymyr Zelenskyy que \u201cmejor act\u00fae r\u00e1pido\u201d para negociar el fin de la invasi\u00f3n de Rusia a Ucrania, o se arriesga a no tener una naci\u00f3n que liderar. La ret\u00f3rica\u2026","rel":"","context":"En \u00abINTERNACIONALES\u00bb","block_context":{"text":"INTERNACIONALES","link":"https:\/\/lasprimeras.com.do\/index.php\/category\/sin-categoria\/internacionales\/"},"img":{"alt_text":"Volodymyr Zelenskyy","src":"https:\/\/i0.wp.com\/lasprimeras.com.do\/wp-content\/uploads\/2025\/02\/Volodymyr-Zelenskyy-1.jpg?resize=350%2C200&ssl=1","width":350,"height":200,"srcset":"https:\/\/i0.wp.com\/lasprimeras.com.do\/wp-content\/uploads\/2025\/02\/Volodymyr-Zelenskyy-1.jpg?resize=350%2C200&ssl=1 1x, https:\/\/i0.wp.com\/lasprimeras.com.do\/wp-content\/uploads\/2025\/02\/Volodymyr-Zelenskyy-1.jpg?resize=525%2C300&ssl=1 1.5x"},"classes":[]},{"id":99197,"url":"https:\/\/lasprimeras.com.do\/index.php\/2025\/05\/19\/trump-espera-avanzar-en-un-alto-el-fuego-en-ucrania-en-llamadas-con-putin-y-zelenskyy\/","url_meta":{"origin":104820,"position":2},"title":"Trump espera avanzar en un alto el fuego en Ucrania en llamadas con Putin y Zelenskyy","author":"Nelson Feliz","date":"19 de mayo de 2025","format":false,"excerpt":"POR JOSH BOAK WASHINGTON (AP) \u2014 El presidente de Estados Unidos, Donald Trump, espera que las llamadas telef\u00f3nicas separadas el lunes con el l\u00edder ruso, Vlad\u00edmir Putin, y el presidente ucraniano, Volodymyr Zelenskyy, logren avances hacia un alto el fuego en la guerra en Ucrania. Trump expres\u00f3 sus esperanzas de\u2026","rel":"","context":"En \u00abINTERNACIONALES\u00bb","block_context":{"text":"INTERNACIONALES","link":"https:\/\/lasprimeras.com.do\/index.php\/category\/sin-categoria\/internacionales\/"},"img":{"alt_text":"Donald Trump vs Vlad\u00edmir Putin","src":"https:\/\/i0.wp.com\/lasprimeras.com.do\/wp-content\/uploads\/2025\/05\/Donald-Trump-vs-Vladimir-Putin.jpg?resize=350%2C200&ssl=1","width":350,"height":200,"srcset":"https:\/\/i0.wp.com\/lasprimeras.com.do\/wp-content\/uploads\/2025\/05\/Donald-Trump-vs-Vladimir-Putin.jpg?resize=350%2C200&ssl=1 1x, https:\/\/i0.wp.com\/lasprimeras.com.do\/wp-content\/uploads\/2025\/05\/Donald-Trump-vs-Vladimir-Putin.jpg?resize=525%2C300&ssl=1 1.5x, https:\/\/i0.wp.com\/lasprimeras.com.do\/wp-content\/uploads\/2025\/05\/Donald-Trump-vs-Vladimir-Putin.jpg?resize=700%2C400&ssl=1 2x"},"classes":[]},{"id":95724,"url":"https:\/\/lasprimeras.com.do\/index.php\/2025\/03\/18\/trump-y-putin-hablaran-por-telefono-sobre-alto-el-fuego-pero-zelenskyy-se-muestra-esceptico\/","url_meta":{"origin":104820,"position":3},"title":"Trump y Putin hablar\u00e1n por tel\u00e9fono sobre alto el fuego, pero Zelenskyy se muestra esc\u00e9ptico","author":"Nelson Feliz","date":"18 de marzo de 2025","format":false,"excerpt":"POR AAMER MADHANI WASHINGTON (AP) \u2014 Donald Trump, mantendr\u00e1 conversaciones el martes con su hom\u00f3logo ruso, Vlad\u00edmir Putin, en su intento por obtener apoyos para la propuesta de alto el fuego de Estados Unidos que espera que pueda crear una v\u00eda para poner fin a la devastadora guerra de Rusia\u2026","rel":"","context":"En \u00abINTERNACIONALES\u00bb","block_context":{"text":"INTERNACIONALES","link":"https:\/\/lasprimeras.com.do\/index.php\/category\/sin-categoria\/internacionales\/"},"img":{"alt_text":"Vlad\u00edmir Putin y Donald Trump","src":"https:\/\/i0.wp.com\/lasprimeras.com.do\/wp-content\/uploads\/2025\/03\/Vladimir-Putin-y-Donald-Trump.jpg?resize=350%2C200&ssl=1","width":350,"height":200,"srcset":"https:\/\/i0.wp.com\/lasprimeras.com.do\/wp-content\/uploads\/2025\/03\/Vladimir-Putin-y-Donald-Trump.jpg?resize=350%2C200&ssl=1 1x, https:\/\/i0.wp.com\/lasprimeras.com.do\/wp-content\/uploads\/2025\/03\/Vladimir-Putin-y-Donald-Trump.jpg?resize=525%2C300&ssl=1 1.5x, https:\/\/i0.wp.com\/lasprimeras.com.do\/wp-content\/uploads\/2025\/03\/Vladimir-Putin-y-Donald-Trump.jpg?resize=700%2C400&ssl=1 2x"},"classes":[]},{"id":95553,"url":"https:\/\/lasprimeras.com.do\/index.php\/2025\/03\/14\/putin-esta-de-acuerdo-en-principio-con-la-propuesta-de-alto-el-fuego-en-ucrania-y-dice-que-se-necesitan-mas-discusiones\/","url_meta":{"origin":104820,"position":4},"title":"Putin est\u00e1 de acuerdo en principio con la propuesta de alto el fuego en Ucrania y dice que se necesitan m\u00e1s discusiones","author":"Nelson Feliz","date":"14 de marzo de 2025","format":false,"excerpt":"El presidente ruso, Vladimir Putin, dijo el jueves que est\u00e1 de acuerdo en principio con la propuesta estadounidense de un alto el fuego de 30 d\u00edas en Ucrania, pero enfatiz\u00f3 que los t\u00e9rminos a\u00fan est\u00e1n por definirse y agreg\u00f3 que cualquier tregua debe allanar el camino hacia una paz duradera\u2026","rel":"","context":"En \u00abINTERNACIONALES\u00bb","block_context":{"text":"INTERNACIONALES","link":"https:\/\/lasprimeras.com.do\/index.php\/category\/sin-categoria\/internacionales\/"},"img":{"alt_text":"Vladimir Putin","src":"https:\/\/i0.wp.com\/lasprimeras.com.do\/wp-content\/uploads\/2025\/03\/Vladimir-Putin.png?resize=350%2C200&ssl=1","width":350,"height":200,"srcset":"https:\/\/i0.wp.com\/lasprimeras.com.do\/wp-content\/uploads\/2025\/03\/Vladimir-Putin.png?resize=350%2C200&ssl=1 1x, https:\/\/i0.wp.com\/lasprimeras.com.do\/wp-content\/uploads\/2025\/03\/Vladimir-Putin.png?resize=525%2C300&ssl=1 1.5x, https:\/\/i0.wp.com\/lasprimeras.com.do\/wp-content\/uploads\/2025\/03\/Vladimir-Putin.png?resize=700%2C400&ssl=1 2x"},"classes":[]},{"id":97649,"url":"https:\/\/lasprimeras.com.do\/index.php\/2025\/04\/25\/ucrania-reporta-3-muertos-en-otro-ataque-ruso-con-drones-tras-las-criticas-de-trump-a-putin\/","url_meta":{"origin":104820,"position":5},"title":"Ucrania reporta 3 muertos en otro ataque ruso con drones tras las cr\u00edticas de Trump a Putin","author":"Nelson Feliz","date":"25 de abril de 2025","format":false,"excerpt":"POR ILLIA NOVIKOV KIEV, Ucrania (AP) \u2014 Un dron ruso alcanz\u00f3 un edificio de apartamentos en una ciudad del sureste de Ucrania y caus\u00f3 tres muertos y 10 heridos, dijeron funcionarios el viernes, un d\u00eda despu\u00e9s de que el presidente de Estados Unidos, Donald Trump, reprendi\u00f3 a su hom\u00f3logo en\u2026","rel":"","context":"En \u00abINTERNACIONALES\u00bb","block_context":{"text":"INTERNACIONALES","link":"https:\/\/lasprimeras.com.do\/index.php\/category\/sin-categoria\/internacionales\/"},"img":{"alt_text":"","src":"https:\/\/i0.wp.com\/lasprimeras.com.do\/wp-content\/uploads\/2025\/04\/muertos-1.jpg?resize=350%2C200&ssl=1","width":350,"height":200,"srcset":"https:\/\/i0.wp.com\/lasprimeras.com.do\/wp-content\/uploads\/2025\/04\/muertos-1.jpg?resize=350%2C200&ssl=1 1x, https:\/\/i0.wp.com\/lasprimeras.com.do\/wp-content\/uploads\/2025\/04\/muertos-1.jpg?resize=525%2C300&ssl=1 1.5x, https:\/\/i0.wp.com\/lasprimeras.com.do\/wp-content\/uploads\/2025\/04\/muertos-1.jpg?resize=700%2C400&ssl=1 2x"},"classes":[]}],"jetpack_sharing_enabled":true,"_links":{"self":[{"href":"https:\/\/lasprimeras.com.do\/index.php\/wp-json\/wp\/v2\/posts\/104820","targetHints":{"allow":["GET"]}}],"collection":[{"href":"https:\/\/lasprimeras.com.do\/index.php\/wp-json\/wp\/v2\/posts"}],"about":[{"href":"https:\/\/lasprimeras.com.do\/index.php\/wp-json\/wp\/v2\/types\/post"}],"author":[{"embeddable":true,"href":"https:\/\/lasprimeras.com.do\/index.php\/wp-json\/wp\/v2\/users\/10"}],"replies":[{"embeddable":true,"href":"https:\/\/lasprimeras.com.do\/index.php\/wp-json\/wp\/v2\/comments?post=104820"}],"version-history":[{"count":1,"href":"https:\/\/lasprimeras.com.do\/index.php\/wp-json\/wp\/v2\/posts\/104820\/revisions"}],"predecessor-version":[{"id":104822,"href":"https:\/\/lasprimeras.com.do\/index.php\/wp-json\/wp\/v2\/posts\/104820\/revisions\/104822"}],"wp:featuredmedia":[{"embeddable":true,"href":"https:\/\/lasprimeras.com.do\/index.php\/wp-json\/wp\/v2\/media\/104821"}],"wp:attachment":[{"href":"https:\/\/lasprimeras.com.do\/index.php\/wp-json\/wp\/v2\/media?parent=104820"}],"wp:term":[{"taxonomy":"category","embeddable":true,"href":"https:\/\/lasprimeras.com.do\/index.php\/wp-json\/wp\/v2\/categories?post=104820"},{"taxonomy":"post_tag","embeddable":true,"href":"https:\/\/lasprimeras.com.do\/index.php\/wp-json\/wp\/v2\/tags?post=104820"}],"curies":[{"name":"wp","href":"https:\/\/api.w.org\/{rel}","templated":true}]}}